{"id":34511,"date":"2022-11-09T12:50:18","date_gmt":"2022-11-09T11:50:18","guid":{"rendered":"https:\/\/poblenouurbandistrict.com\/?p=34511"},"modified":"2022-11-09T12:50:54","modified_gmt":"2022-11-09T11:50:54","slug":"et-vas-perdre-les-ultimes-urban-talks-del-2022","status":"publish","type":"post","link":"https:\/\/poblenouurbandistrict.com\/ca\/et-vas-perdre-les-ultimes-urban-talks-del-2022\/","title":{"rendered":"Et vas perdre les \u00faltimes Urban Talks del 2022?"},"content":{"rendered":"<p>El cinc de novembre passat va tenir lloc la cinquena edici\u00f3 de les Urban Talks, un cicle de xerrades itinerants que tenen com a objectiu obrir un debat amb la ciutadania sobre la cultura i la creativitat en relaci\u00f3 amb l&#8217;entorn urb\u00e0.<\/p>\n<p>En aquesta ocasi\u00f3 la trobada va transc\u00f3rrer cap al seu eix habitual amb temes que van buscar cartografiar els elements clau sobre els l\u00edmits espacials de la cultura, del que queda fora dels murs i encara est\u00e0 per definir; revisant la figura del <em>curator,<\/em> analitzant l\u2019espai postmedi\u00e0tic i dialogant sobre la descentralitzaci\u00f3 de les noves criptocooperatives de l\u2019art.<\/p>\n<p>La jornada va comen\u00e7ar a l\u2019auditori del Disseny Hub Barcelona sota l\u2019atenta mirada dels nombrosos espectadors que van assistir aquesta edici\u00f3.<\/p>\n<p>Vam tenir el plaer de presentar la primera Taula sota el t\u00edtol: <strong>WEB3 Autonomia creativa? <\/strong>Moderada per Frankie Piz\u00e1, i que va comptar amb la participaci\u00f3 de Frankie Piz\u00e1 (Moderador), amb la fundadora de Cripto Es Cultura, <strong>Sabrina Bonini<\/strong> i la Directora Creativa\u00a0<strong>Isabelita Virtual<\/strong>.<\/p>\n<p>Podeu escoltar-la de nou en aquest v\u00eddeo:<\/p>\n<p><div class=\"flex-video\"><iframe loading=\"lazy\" title=\"Talk #1 WEB3 \u00bfAutonom\u00eda creativa?\" width=\"896\" height=\"504\" src=\"https:\/\/www.youtube.com\/embed\/pB-IbM9q5Vk?start=114&#038;feature=oembed\" frameborder=\"0\" allow=\"accelerometer; autoplay; clipboard-write; encrypted-media; gyroscope; picture-in-picture\" allowfullscreen><\/iframe><\/div><\/p>\n<p>&nbsp;<\/p>\n<p>&nbsp;<\/p>\n<p>A la segona taula, sota el t\u00edtol: <strong>Conversaci\u00f3 amb \u2018la nueva carne\u2019<\/strong> va comptar amb <strong>Samuel Valiente, <\/strong>editor de \u2018la nueva carne\u2019 i novament moderada per <strong>Frankie Piz\u00e1.<\/strong><\/p>\n<p>&nbsp;<\/p>\n<p>Podeu escoltar-la novament en aquest v\u00eddeo:<\/p>\n<p><div class=\"flex-video\"><div class=\"flex-video\"><iframe loading=\"lazy\" title=\"Talk #2 Post-medios: Conversaci\u00f3n con \u2018la nueva carne\u2019\" width=\"896\" height=\"504\" src=\"https:\/\/www.youtube.com\/embed\/rja4dGUt3nY?feature=oembed\" frameborder=\"0\" allow=\"accelerometer; autoplay; clipboard-write; encrypted-media; gyroscope; picture-in-picture\" allowfullscreen><\/iframe><\/div><\/div><\/p>\n<p>&nbsp;<\/p>\n<p>Per finalitzar el mat\u00ed, la tercera taula va tractar de respondre al t\u00edtol <em>Curators<\/em> en Context, novament amb Frankie Piz\u00e1, com a moderador, amb Jorge Rodr\u00edguez Gerada i\u00a0Enrique Radigales \u00a0com Artistes i Curadors.<\/p>\n<p>Podeu escoltar-la novament en aquest v\u00eddeo:<\/p>\n<p><div class=\"flex-video\"><div class=\"flex-video\"><iframe loading=\"lazy\" title=\"Talk #3 Curators en contexto\" width=\"896\" height=\"504\" src=\"https:\/\/www.youtube.com\/embed\/ZdYLQXD96Kw?feature=oembed\" frameborder=\"0\" allow=\"accelerometer; autoplay; clipboard-write; encrypted-media; gyroscope; picture-in-picture\" allowfullscreen><\/iframe><\/div><\/div><\/p>\n<p>&nbsp;<\/p>\n<p>Les Urban Talks s\u00f3n un projecte que parteix de l&#8217;Urban District Arts Festival (UDAF). Aquesta cinquena edici\u00f3 va comptar amb el Poblenou Urban District, La Plataforma i Life In The Woods com a organitzadors. El projecte va comptar a m\u00e9s, amb el Disseny Hub com a venue partner.<\/p>\n<p>Volem agrair a tots els moderadors, ponents, entitats organitzadores, equip t\u00e8cnic i participants (tant en directe com des de casa en streaming), el suport en un projecte que cerca obrir el di\u00e0leg sobre el futur de les ciutats des de la perspectiva de la cultura i la creativitat.<\/p>\n<p><strong>\u00a0<\/strong><\/p>\n<p>&nbsp;<\/p>\n<p>&nbsp;<\/p>\n<p>&nbsp;<\/p>","protected":false},"excerpt":{"rendered":"<p>El cinc de novembre passat va tenir lloc la cinquena edici\u00f3 de les Urban Talks, un cicle de xerrades itinerants&#8230; <a href=\"https:\/\/poblenouurbandistrict.com\/ca\/et-vas-perdre-les-ultimes-urban-talks-del-2022\/\">M\u00e9s  \u2192<\/a><\/p>\n","protected":false},"author":5,"featured_media":34449,"comment_status":"closed","ping_status":"closed","sticky":false,"template":"","format":"standard","meta":{"_acf_changed":false,"footnotes":""},"categories":[3429,3364],"tags":[],"class_list":["post-34511","post","type-post","status-publish","format-standard","has-post-thumbnail","hentry","category-urban-talks","category-poblenou-urban-district"],"acf":[],"yoast_head":"<!-- This site is optimized with the Yoast SEO plugin v27.4 - https:\/\/yoast.com\/product\/yoast-seo-wordpress\/ -->\n<title>Et vas perdre les \u00faltimes Urban Talks del 2022? &#8211;<\/title>\n<meta name=\"description\" content=\"El cinco de noviembre pasado tuvo lugar la quinta edici\u00f3n de las Urban Talks, un ciclo de charlas itinerantes que tienen como objetivo abrir un debate con la ciudadan\u00eda sobre la cultura y la creatividad en relaci\u00f3n con la cultura. con el entorno urbano.\" \/>\n<meta name=\"robots\" content=\"index, follow, max-snippet:-1, max-image-preview:large, max-video-preview:-1\" \/>\n<link rel=\"canonical\" href=\"https:\/\/poblenouurbandistrict.com\/ca\/et-vas-perdre-les-ultimes-urban-talks-del-2022\/\" \/>\n<meta property=\"og:locale\" content=\"ca_ES\" \/>\n<meta property=\"og:type\" content=\"article\" \/>\n<meta property=\"og:title\" content=\"Et vas perdre les \u00faltimes Urban Talks del 2022? &#8211;\" \/>\n<meta property=\"og:description\" content=\"El cinco de noviembre pasado tuvo lugar la quinta edici\u00f3n de las Urban Talks, un ciclo de charlas itinerantes que tienen como objetivo abrir un debate con la ciudadan\u00eda sobre la cultura y la creatividad en relaci\u00f3n con la cultura. con el entorno urbano.\" \/>\n<meta property=\"og:url\" content=\"https:\/\/poblenouurbandistrict.com\/ca\/et-vas-perdre-les-ultimes-urban-talks-del-2022\/\" \/>\n<meta property=\"og:site_name\" content=\"Poblenou Urban District\" \/>\n<meta property=\"article:published_time\" content=\"2022-11-09T11:50:18+00:00\" \/>\n<meta property=\"article:modified_time\" content=\"2022-11-09T11:50:54+00:00\" \/>\n<meta property=\"og:image\" content=\"https:\/\/poblenouurbandistrict.com\/wp-content\/uploads\/2022\/10\/untitled-1-2.jpg\" \/>\n\t<meta property=\"og:image:width\" content=\"1600\" \/>\n\t<meta property=\"og:image:height\" content=\"1000\" \/>\n\t<meta property=\"og:image:type\" content=\"image\/jpeg\" \/>\n<meta name=\"author\" content=\"pnud\" \/>\n<meta name=\"twitter:card\" content=\"summary_large_image\" \/>\n<meta name=\"twitter:label1\" content=\"Escrit per\" \/>\n\t<meta name=\"twitter:data1\" content=\"pnud\" \/>\n\t<meta name=\"twitter:label2\" content=\"Temps estimat de lectura\" \/>\n\t<meta name=\"twitter:data2\" content=\"2 minuts\" \/>\n<script type=\"application\/ld+json\" class=\"yoast-schema-graph\">{\"@context\":\"https:\\\/\\\/schema.org\",\"@graph\":[{\"@type\":\"Article\",\"@id\":\"https:\\\/\\\/poblenouurbandistrict.com\\\/et-vas-perdre-les-ultimes-urban-talks-del-2022\\\/#article\",\"isPartOf\":{\"@id\":\"https:\\\/\\\/poblenouurbandistrict.com\\\/et-vas-perdre-les-ultimes-urban-talks-del-2022\\\/\"},\"author\":{\"name\":\"pnud\",\"@id\":\"https:\\\/\\\/poblenouurbandistrict.com\\\/#\\\/schema\\\/person\\\/980a2cf34b399d5218205730acd54a7e\"},\"headline\":\"Et vas perdre les \u00faltimes Urban Talks del 2022?\",\"datePublished\":\"2022-11-09T11:50:18+00:00\",\"dateModified\":\"2022-11-09T11:50:54+00:00\",\"mainEntityOfPage\":{\"@id\":\"https:\\\/\\\/poblenouurbandistrict.com\\\/et-vas-perdre-les-ultimes-urban-talks-del-2022\\\/\"},\"wordCount\":813,\"image\":{\"@id\":\"https:\\\/\\\/poblenouurbandistrict.com\\\/et-vas-perdre-les-ultimes-urban-talks-del-2022\\\/#primaryimage\"},\"thumbnailUrl\":\"https:\\\/\\\/media.poblenouurbandistrict.com\\\/2022\\\/10\\\/25054813\\\/untitled-1-2.jpg\",\"articleSection\":[\"Urban Talks\",\"Poblenou Urban District\"],\"inLanguage\":\"ca\"},{\"@type\":\"WebPage\",\"@id\":\"https:\\\/\\\/poblenouurbandistrict.com\\\/ca\\\/et-vas-perdre-les-ultimes-urban-talks-del-2022\\\/\",\"url\":\"https:\\\/\\\/poblenouurbandistrict.com\\\/ca\\\/et-vas-perdre-les-ultimes-urban-talks-del-2022\\\/\",\"name\":\"Et vas perdre les \u00faltimes Urban Talks del 2022? &#8211;\",\"isPartOf\":{\"@id\":\"https:\\\/\\\/poblenouurbandistrict.com\\\/ca\\\/#website\"},\"primaryImageOfPage\":{\"@id\":\"https:\\\/\\\/poblenouurbandistrict.com\\\/ca\\\/et-vas-perdre-les-ultimes-urban-talks-del-2022\\\/#primaryimage\"},\"image\":{\"@id\":\"https:\\\/\\\/poblenouurbandistrict.com\\\/et-vas-perdre-les-ultimes-urban-talks-del-2022\\\/#primaryimage\"},\"thumbnailUrl\":\"https:\\\/\\\/media.poblenouurbandistrict.com\\\/2022\\\/10\\\/25054813\\\/untitled-1-2.jpg\",\"datePublished\":\"2022-11-09T11:50:18+00:00\",\"dateModified\":\"2022-11-09T11:50:54+00:00\",\"author\":{\"@id\":\"https:\\\/\\\/poblenouurbandistrict.com\\\/#\\\/schema\\\/person\\\/980a2cf34b399d5218205730acd54a7e\"},\"description\":\"El cinco de noviembre pasado tuvo lugar la quinta edici\u00f3n de las Urban Talks, un ciclo de charlas itinerantes que tienen como objetivo abrir un debate con la ciudadan\u00eda sobre la cultura y la creatividad en relaci\u00f3n con la cultura. con el entorno urbano.\",\"breadcrumb\":{\"@id\":\"https:\\\/\\\/poblenouurbandistrict.com\\\/ca\\\/et-vas-perdre-les-ultimes-urban-talks-del-2022\\\/#breadcrumb\"},\"inLanguage\":\"ca\",\"potentialAction\":[{\"@type\":\"ReadAction\",\"target\":[[\"https:\\\/\\\/poblenouurbandistrict.com\\\/ca\\\/et-vas-perdre-les-ultimes-urban-talks-del-2022\\\/\"]]}]},{\"@type\":\"ImageObject\",\"inLanguage\":\"ca\",\"@id\":\"https:\\\/\\\/poblenouurbandistrict.com\\\/ca\\\/et-vas-perdre-les-ultimes-urban-talks-del-2022\\\/#primaryimage\",\"url\":\"https:\\\/\\\/media.poblenouurbandistrict.com\\\/2022\\\/10\\\/25054813\\\/untitled-1-2.jpg\",\"contentUrl\":\"https:\\\/\\\/media.poblenouurbandistrict.com\\\/2022\\\/10\\\/25054813\\\/untitled-1-2.jpg\",\"width\":1600,\"height\":1000},{\"@type\":\"BreadcrumbList\",\"@id\":\"https:\\\/\\\/poblenouurbandistrict.com\\\/ca\\\/et-vas-perdre-les-ultimes-urban-talks-del-2022\\\/#breadcrumb\",\"itemListElement\":[{\"@type\":\"ListItem\",\"position\":1,\"name\":\"Home\",\"item\":\"https:\\\/\\\/poblenouurbandistrict.com\\\/ca\\\/\"},{\"@type\":\"ListItem\",\"position\":2,\"name\":\"Et vas perdre les \u00faltimes Urban Talks del 2022?\"}]},{\"@type\":\"WebSite\",\"@id\":\"https:\\\/\\\/poblenouurbandistrict.com\\\/ca\\\/#website\",\"url\":\"https:\\\/\\\/poblenouurbandistrict.com\\\/ca\\\/\",\"name\":\"Poblenou Urban District\",\"description\":\"Comunitat Creativa\",\"potentialAction\":[{\"@type\":\"SearchAction\",\"target\":{\"@type\":\"EntryPoint\",\"urlTemplate\":\"https:\\\/\\\/poblenouurbandistrict.com\\\/ca\\\/?s={search_term_string}\"},\"query-input\":{\"@type\":\"PropertyValueSpecification\",\"valueRequired\":true,\"valueName\":\"search_term_string\"}}],\"inLanguage\":\"ca\"},{\"@type\":\"Person\",\"@id\":\"https:\\\/\\\/poblenouurbandistrict.com\\\/#\\\/schema\\\/person\\\/980a2cf34b399d5218205730acd54a7e\",\"name\":\"pnud\",\"image\":{\"@type\":\"ImageObject\",\"inLanguage\":\"ca\",\"@id\":\"https:\\\/\\\/secure.gravatar.com\\\/avatar\\\/67146597b405ee077a24e519f75c3e2031736596d6ce35af3a34c122c93d0d7b?s=96&d=retro&r=g\",\"url\":\"https:\\\/\\\/secure.gravatar.com\\\/avatar\\\/67146597b405ee077a24e519f75c3e2031736596d6ce35af3a34c122c93d0d7b?s=96&d=retro&r=g\",\"contentUrl\":\"https:\\\/\\\/secure.gravatar.com\\\/avatar\\\/67146597b405ee077a24e519f75c3e2031736596d6ce35af3a34c122c93d0d7b?s=96&d=retro&r=g\",\"caption\":\"pnud\"}}]}<\/script>\n<!-- \/ Yoast SEO plugin. -->","yoast_head_json":{"title":"Et vas perdre les \u00faltimes Urban Talks del 2022? &#8211;","description":"El cinco de noviembre pasado tuvo lugar la quinta edici\u00f3n de las Urban Talks, un ciclo de charlas itinerantes que tienen como objetivo abrir un debate con la ciudadan\u00eda sobre la cultura y la creatividad en relaci\u00f3n con la cultura. con el entorno urbano.","robots":{"index":"index","follow":"follow","max-snippet":"max-snippet:-1","max-image-preview":"max-image-preview:large","max-video-preview":"max-video-preview:-1"},"canonical":"https:\/\/poblenouurbandistrict.com\/ca\/et-vas-perdre-les-ultimes-urban-talks-del-2022\/","og_locale":"ca_ES","og_type":"article","og_title":"Et vas perdre les \u00faltimes Urban Talks del 2022? &#8211;","og_description":"El cinco de noviembre pasado tuvo lugar la quinta edici\u00f3n de las Urban Talks, un ciclo de charlas itinerantes que tienen como objetivo abrir un debate con la ciudadan\u00eda sobre la cultura y la creatividad en relaci\u00f3n con la cultura. con el entorno urbano.","og_url":"https:\/\/poblenouurbandistrict.com\/ca\/et-vas-perdre-les-ultimes-urban-talks-del-2022\/","og_site_name":"Poblenou Urban District","article_published_time":"2022-11-09T11:50:18+00:00","article_modified_time":"2022-11-09T11:50:54+00:00","og_image":[{"width":1600,"height":1000,"url":"https:\/\/poblenouurbandistrict.com\/wp-content\/uploads\/2022\/10\/untitled-1-2.jpg","type":"image\/jpeg"}],"author":"pnud","twitter_card":"summary_large_image","twitter_misc":{"Escrit per":"pnud","Temps estimat de lectura":"2 minuts"},"schema":{"@context":"https:\/\/schema.org","@graph":[{"@type":"Article","@id":"https:\/\/poblenouurbandistrict.com\/et-vas-perdre-les-ultimes-urban-talks-del-2022\/#article","isPartOf":{"@id":"https:\/\/poblenouurbandistrict.com\/et-vas-perdre-les-ultimes-urban-talks-del-2022\/"},"author":{"name":"pnud","@id":"https:\/\/poblenouurbandistrict.com\/#\/schema\/person\/980a2cf34b399d5218205730acd54a7e"},"headline":"Et vas perdre les \u00faltimes Urban Talks del 2022?","datePublished":"2022-11-09T11:50:18+00:00","dateModified":"2022-11-09T11:50:54+00:00","mainEntityOfPage":{"@id":"https:\/\/poblenouurbandistrict.com\/et-vas-perdre-les-ultimes-urban-talks-del-2022\/"},"wordCount":813,"image":{"@id":"https:\/\/poblenouurbandistrict.com\/et-vas-perdre-les-ultimes-urban-talks-del-2022\/#primaryimage"},"thumbnailUrl":"https:\/\/media.poblenouurbandistrict.com\/2022\/10\/25054813\/untitled-1-2.jpg","articleSection":["Urban Talks","Poblenou Urban District"],"inLanguage":"ca"},{"@type":"WebPage","@id":"https:\/\/poblenouurbandistrict.com\/ca\/et-vas-perdre-les-ultimes-urban-talks-del-2022\/","url":"https:\/\/poblenouurbandistrict.com\/ca\/et-vas-perdre-les-ultimes-urban-talks-del-2022\/","name":"Et vas perdre les \u00faltimes Urban Talks del 2022? &#8211;","isPartOf":{"@id":"https:\/\/poblenouurbandistrict.com\/ca\/#website"},"primaryImageOfPage":{"@id":"https:\/\/poblenouurbandistrict.com\/ca\/et-vas-perdre-les-ultimes-urban-talks-del-2022\/#primaryimage"},"image":{"@id":"https:\/\/poblenouurbandistrict.com\/et-vas-perdre-les-ultimes-urban-talks-del-2022\/#primaryimage"},"thumbnailUrl":"https:\/\/media.poblenouurbandistrict.com\/2022\/10\/25054813\/untitled-1-2.jpg","datePublished":"2022-11-09T11:50:18+00:00","dateModified":"2022-11-09T11:50:54+00:00","author":{"@id":"https:\/\/poblenouurbandistrict.com\/#\/schema\/person\/980a2cf34b399d5218205730acd54a7e"},"description":"El cinco de noviembre pasado tuvo lugar la quinta edici\u00f3n de las Urban Talks, un ciclo de charlas itinerantes que tienen como objetivo abrir un debate con la ciudadan\u00eda sobre la cultura y la creatividad en relaci\u00f3n con la cultura. con el entorno urbano.","breadcrumb":{"@id":"https:\/\/poblenouurbandistrict.com\/ca\/et-vas-perdre-les-ultimes-urban-talks-del-2022\/#breadcrumb"},"inLanguage":"ca","potentialAction":[{"@type":"ReadAction","target":[["https:\/\/poblenouurbandistrict.com\/ca\/et-vas-perdre-les-ultimes-urban-talks-del-2022\/"]]}]},{"@type":"ImageObject","inLanguage":"ca","@id":"https:\/\/poblenouurbandistrict.com\/ca\/et-vas-perdre-les-ultimes-urban-talks-del-2022\/#primaryimage","url":"https:\/\/media.poblenouurbandistrict.com\/2022\/10\/25054813\/untitled-1-2.jpg","contentUrl":"https:\/\/media.poblenouurbandistrict.com\/2022\/10\/25054813\/untitled-1-2.jpg","width":1600,"height":1000},{"@type":"BreadcrumbList","@id":"https:\/\/poblenouurbandistrict.com\/ca\/et-vas-perdre-les-ultimes-urban-talks-del-2022\/#breadcrumb","itemListElement":[{"@type":"ListItem","position":1,"name":"Home","item":"https:\/\/poblenouurbandistrict.com\/ca\/"},{"@type":"ListItem","position":2,"name":"Et vas perdre les \u00faltimes Urban Talks del 2022?"}]},{"@type":"WebSite","@id":"https:\/\/poblenouurbandistrict.com\/ca\/#website","url":"https:\/\/poblenouurbandistrict.com\/ca\/","name":"Poblenou Urban District","description":"Comunitat Creativa","potentialAction":[{"@type":"SearchAction","target":{"@type":"EntryPoint","urlTemplate":"https:\/\/poblenouurbandistrict.com\/ca\/?s={search_term_string}"},"query-input":{"@type":"PropertyValueSpecification","valueRequired":true,"valueName":"search_term_string"}}],"inLanguage":"ca"},{"@type":"Person","@id":"https:\/\/poblenouurbandistrict.com\/#\/schema\/person\/980a2cf34b399d5218205730acd54a7e","name":"pnud","image":{"@type":"ImageObject","inLanguage":"ca","@id":"https:\/\/secure.gravatar.com\/avatar\/67146597b405ee077a24e519f75c3e2031736596d6ce35af3a34c122c93d0d7b?s=96&d=retro&r=g","url":"https:\/\/secure.gravatar.com\/avatar\/67146597b405ee077a24e519f75c3e2031736596d6ce35af3a34c122c93d0d7b?s=96&d=retro&r=g","contentUrl":"https:\/\/secure.gravatar.com\/avatar\/67146597b405ee077a24e519f75c3e2031736596d6ce35af3a34c122c93d0d7b?s=96&d=retro&r=g","caption":"pnud"}}]}},"_links":{"self":[{"href":"https:\/\/poblenouurbandistrict.com\/ca\/wp-json\/wp\/v2\/posts\/34511","targetHints":{"allow":["GET"]}}],"collection":[{"href":"https:\/\/poblenouurbandistrict.com\/ca\/wp-json\/wp\/v2\/posts"}],"about":[{"href":"https:\/\/poblenouurbandistrict.com\/ca\/wp-json\/wp\/v2\/types\/post"}],"author":[{"embeddable":true,"href":"https:\/\/poblenouurbandistrict.com\/ca\/wp-json\/wp\/v2\/users\/5"}],"replies":[{"embeddable":true,"href":"https:\/\/poblenouurbandistrict.com\/ca\/wp-json\/wp\/v2\/comments?post=34511"}],"version-history":[{"count":4,"href":"https:\/\/poblenouurbandistrict.com\/ca\/wp-json\/wp\/v2\/posts\/34511\/revisions"}],"predecessor-version":[{"id":34539,"href":"https:\/\/poblenouurbandistrict.com\/ca\/wp-json\/wp\/v2\/posts\/34511\/revisions\/34539"}],"wp:featuredmedia":[{"embeddable":true,"href":"https:\/\/poblenouurbandistrict.com\/ca\/wp-json\/wp\/v2\/media\/34449"}],"wp:attachment":[{"href":"https:\/\/poblenouurbandistrict.com\/ca\/wp-json\/wp\/v2\/media?parent=34511"}],"wp:term":[{"taxonomy":"category","embeddable":true,"href":"https:\/\/poblenouurbandistrict.com\/ca\/wp-json\/wp\/v2\/categories?post=34511"},{"taxonomy":"post_tag","embeddable":true,"href":"https:\/\/poblenouurbandistrict.com\/ca\/wp-json\/wp\/v2\/tags?post=34511"}],"curies":[{"name":"wp","href":"https:\/\/api.w.org\/{rel}","templated":true}]}}