{"id":34759,"date":"2022-11-21T17:35:39","date_gmt":"2022-11-21T16:35:39","guid":{"rendered":"https:\/\/poblenouurbandistrict.com\/?p=34759"},"modified":"2022-11-25T16:21:46","modified_gmt":"2022-11-25T15:21:46","slug":"laposta-de-la-barcelona-school-of-creativity-per-al-poblenou-open-night-creativitat-inside-out","status":"publish","type":"post","link":"https:\/\/poblenouurbandistrict.com\/ca\/laposta-de-la-barcelona-school-of-creativity-per-al-poblenou-open-night-creativitat-inside-out\/","title":{"rendered":"L&#8217;aposta de la Barcelona School of Creativity per al Poblenou Open Night: Creativitat inside-out"},"content":{"rendered":"<p>&nbsp;<\/p>\n<h1 style=\"text-align: center;\"><span style=\"color: #ff0000;\">Cancel\u00b7lat<\/span><\/h1>\n<p>Fa moltes edicions que la Barcelona School of Creativity participa en els Poblenou Open Night&#8217;s i Poblenou Open Day&#8217;s per potenciar el talent emergent del barri. Com que l&#8217;escola est\u00e0 especialitzada en <a href=\"https:\/\/barcelonaschoolofcreativity.com\/\" target=\"_blank\" rel=\"noopener\">Programes d&#8217;Alt Rendiment Creatiu<\/a>, d&#8217;un any de durada, les proposta per aquesta tarda-nit \u00e9s un workshops de 3 hores a potenciar i desbloquejar la teva creativitat a trav\u00e9s del moviment, l&#8217;exploraci\u00f3 sorpresa i l&#8217;escriptura autom\u00e0tica .<\/p>\n<p><img loading=\"lazy\" decoding=\"async\" class=\"aligncenter size-medium wp-image-34760\" src=\"https:\/\/media.poblenouurbandistrict.com\/2022\/11\/25055030\/dsc-1538-copia-620x413.jpg\" alt=\"\" width=\"620\" height=\"413\" \/><\/p>\n<p>Com en totes les activitats de <a href=\"https:\/\/www.instagram.com\/creatividadinsideout\" target=\"_blank\" rel=\"noopener\">Creativitat Inside-Out<\/a>, us acompanyar\u00e0 Anna Guasch, una creativa publicit\u00e0ria especialitzada en aquesta disciplina del despertar corporal i creatiu. Ella ho defineix aix\u00ed:<\/p>\n<p>&#8220;Creativitat Inside-Out \u00e9s un entrenament per a totes aquelles persones que els apassiona la creativitat i volen estimular el seu benestar personal com a eix transformador de la seva capacitat de producci\u00f3 creativa.&#8221;<\/p>\n<p><img loading=\"lazy\" decoding=\"async\" class=\"aligncenter size-medium wp-image-34761\" src=\"https:\/\/media.poblenouurbandistrict.com\/2022\/11\/25055032\/dsc-1459-copia-620x413.jpg\" alt=\"\" width=\"620\" height=\"413\" \/><\/p>\n<p>Si et dediques a una professi\u00f3 en la qual interv\u00e9 la creativitat (sigui publicitat, cinema, poesia o biologia, educaci\u00f3&#8230; , segur que vius processos en qu\u00e8 et sents sota molta pressi\u00f3. Els <strong><em>timings<\/em><\/strong> de les entregues, les exig\u00e8ncies de clients, alumnes, consumidors, la<strong> compet\u00e8ncia<\/strong><strong> i<\/strong> la <strong>\u00a0nostra pr\u00f2pia autoexig\u00e8ncia<\/strong>, <strong>fan de la nostra tasca creativa una cosa apassionant, s\u00ed, per\u00f2 alhora complexa i estressant<\/strong>. Sempre depenem d&#8217;un s\u00ed extern que aprova, compra, avalua. I en aquest punt, Anna insisteix sobre la necessitat de mantenir una estructura mental, f\u00edsica i emocional prou flexible i equilibrada. \u00a0<strong>Necessitem desenvolupar la nostra resili\u00e8ncia, superar la frustraci\u00f3, gestionar l&#8217;estr\u00e8s, autoregular-nos&#8230;<\/strong> <strong>\u00a0Si no som capa\u00e7os d&#8217;alimentar aquesta faceta, crear es converteix en una cosa menys estimulant.<\/strong> \u00a0I amb els anys, es converteix en una in\u00e8rcia. Anem directament a la fase de crear o creem de forma mec\u00e0nica, m\u00e9s basada en el resultat que en l&#8217;activitat creativa que es vulgui manifestar. <strong>Ens saltem la fase d&#8217;explorar, jugar, observar, deixar-nos sorprendre.<\/strong><\/p>\n<p>&nbsp;<\/p>\n<p>D&#8217;aqu\u00ed neix Creativitat Inside-Out, amb una clara premissa:<\/p>\n<h2>\u00ab<em>Primer sent, despr\u00e9s dones forma a les teves idees&#8221;.<\/em><\/h2>\n<p>Per fer-ho hi ha alguns principis fonamentals.\u00a0<strong>El primer \u00e9s sentir que habites el cos, d&#8217;aqu\u00ed les propostes de moviment i experi\u00e8ncies sensorials.<\/strong> \u00a0Per <strong>connectar amb la curiositat, per despertar l&#8217;actitud de descobrir i deixar-se sorprendre<\/strong>. \u00c9s una cosa imprescindible per iniciar el proc\u00e9s creatiu.\u00a0<strong>Despr\u00e9s, l&#8217;escriptura autom\u00e0tica<\/strong>, sense jutjar, sense parar, sense esborrar, sense corregir, sense rellegir. I <strong>per \u00faltim representem conceptualment all\u00f2 que ha sorgit<\/strong>. Aquella genu\u00efnitat que nom\u00e9s passa a trav\u00e9s de l&#8217;experi\u00e8ncia.<\/p>\n<p>El proper <strong>divendres 25 de novembre<\/strong>, dins del marc de\u00a0 <strong>Poblenou Open Night <\/strong>que organitza <a href=\"https:\/\/www.poblenouurbandistrict.com\/es\/\"><strong>Poblenou Urban District<\/strong><\/a> imparteixen un workshop obert (preu per cobrir el material i la neteja).<\/p>\n<p>Tant si tens curiositat, com si busques potenciar la teva creativitat o vols desbloquejar-la, veuen provar un workshop de Creativitat Inside-Out. I veuen disposat\/a sorprendre&#8217;t, a moure, reviure, jugar, explorar, escriure, dibuixar, ballar, expressar, sacsejar-te, tra\u00e7ar i crear.<\/p>\n<p>Hi haur\u00e0 treball corporal dirigit, cos en moviment i expressi\u00f3 creativa amb l&#8217;acompanyament d&#8217;Anna Guasch.<\/p>\n<p>Pots saber m\u00e9s en el seu perfil d&#8217;<a href=\"https:\/\/www.instagram.com\/creatividadinsideout\" target=\"_blank\" rel=\"noopener\">Instagram<\/a><\/p>\n<p style=\"text-align: center;\"><a href=\"https:\/\/www.eventbrite.es\/e\/entradas-workshop-de-creatividad-inside-out-en-el-open-night-poblenou-urban-district-465140837767\" target=\"_blank\" rel=\"noopener\"><strong>Pots comprar la teva entrada aqu\u00ed<\/strong><\/a><\/p>\n<p>&nbsp;<\/p>","protected":false},"excerpt":{"rendered":"<p>&nbsp; Cancel\u00b7lat Fa moltes edicions que la Barcelona School of Creativity participa en els Poblenou Open Night&#8217;s i Poblenou Open&#8230; <a href=\"https:\/\/poblenouurbandistrict.com\/ca\/laposta-de-la-barcelona-school-of-creativity-per-al-poblenou-open-night-creativitat-inside-out\/\">M\u00e9s  \u2192<\/a><\/p>\n","protected":false},"author":5,"featured_media":34761,"comment_status":"closed","ping_status":"closed","sticky":false,"template":"","format":"standard","meta":{"_acf_changed":false,"footnotes":""},"categories":[1],"tags":[],"class_list":["post-34759","post","type-post","status-publish","format-standard","has-post-thumbnail","hentry","category-noticias"],"acf":[],"yoast_head":"<!-- This site is optimized with the Yoast SEO plugin v27.5 - https:\/\/yoast.com\/product\/yoast-seo-wordpress\/ -->\n<title>L&#039;aposta de la Barcelona School of Creativity per al Poblenou Open Night: Creativitat inside-out &#8211; Poblenou Urban District<\/title>\n<meta name=\"robots\" content=\"index, follow, max-snippet:-1, max-image-preview:large, max-video-preview:-1\" \/>\n<link rel=\"canonical\" href=\"https:\/\/poblenouurbandistrict.com\/ca\/laposta-de-la-barcelona-school-of-creativity-per-al-poblenou-open-night-creativitat-inside-out\/\" \/>\n<meta property=\"og:locale\" content=\"ca_ES\" \/>\n<meta property=\"og:type\" content=\"article\" \/>\n<meta property=\"og:title\" content=\"L&#039;aposta de la Barcelona School of Creativity per al Poblenou Open Night: Creativitat inside-out &#8211; Poblenou Urban District\" \/>\n<meta property=\"og:description\" content=\"&nbsp; Cancel\u00b7lat Fa moltes edicions que la Barcelona School of Creativity participa en els Poblenou Open Night&#8217;s i Poblenou Open... M\u00e9s \u2192\" \/>\n<meta property=\"og:url\" content=\"https:\/\/poblenouurbandistrict.com\/ca\/laposta-de-la-barcelona-school-of-creativity-per-al-poblenou-open-night-creativitat-inside-out\/\" \/>\n<meta property=\"og:site_name\" content=\"Poblenou Urban District\" \/>\n<meta property=\"article:published_time\" content=\"2022-11-21T16:35:39+00:00\" \/>\n<meta property=\"article:modified_time\" content=\"2022-11-25T15:21:46+00:00\" \/>\n<meta property=\"og:image\" content=\"https:\/\/poblenouurbandistrict.com\/wp-content\/uploads\/2022\/11\/dsc-1459-copia-scaled.jpg\" \/>\n\t<meta property=\"og:image:width\" content=\"2560\" \/>\n\t<meta property=\"og:image:height\" content=\"1707\" \/>\n\t<meta property=\"og:image:type\" content=\"image\/jpeg\" \/>\n<meta name=\"author\" content=\"pnud\" \/>\n<meta name=\"twitter:card\" content=\"summary_large_image\" \/>\n<meta name=\"twitter:label1\" content=\"Escrit per\" \/>\n\t<meta name=\"twitter:data1\" content=\"pnud\" \/>\n\t<meta name=\"twitter:label2\" content=\"Temps estimat de lectura\" \/>\n\t<meta name=\"twitter:data2\" content=\"3 minuts\" \/>\n<script type=\"application\/ld+json\" class=\"yoast-schema-graph\">{\"@context\":\"https:\\\/\\\/schema.org\",\"@graph\":[{\"@type\":\"Article\",\"@id\":\"https:\\\/\\\/poblenouurbandistrict.com\\\/laposta-de-la-barcelona-school-of-creativity-per-al-poblenou-open-night-creativitat-inside-out\\\/#article\",\"isPartOf\":{\"@id\":\"https:\\\/\\\/poblenouurbandistrict.com\\\/laposta-de-la-barcelona-school-of-creativity-per-al-poblenou-open-night-creativitat-inside-out\\\/\"},\"author\":{\"name\":\"pnud\",\"@id\":\"https:\\\/\\\/poblenouurbandistrict.com\\\/#\\\/schema\\\/person\\\/980a2cf34b399d5218205730acd54a7e\"},\"headline\":\"L&#8217;aposta de la Barcelona School of Creativity per al Poblenou Open Night: Creativitat inside-out\",\"datePublished\":\"2022-11-21T16:35:39+00:00\",\"dateModified\":\"2022-11-25T15:21:46+00:00\",\"mainEntityOfPage\":{\"@id\":\"https:\\\/\\\/poblenouurbandistrict.com\\\/laposta-de-la-barcelona-school-of-creativity-per-al-poblenou-open-night-creativitat-inside-out\\\/\"},\"wordCount\":1078,\"image\":{\"@id\":\"https:\\\/\\\/poblenouurbandistrict.com\\\/laposta-de-la-barcelona-school-of-creativity-per-al-poblenou-open-night-creativitat-inside-out\\\/#primaryimage\"},\"thumbnailUrl\":\"https:\\\/\\\/media.poblenouurbandistrict.com\\\/2022\\\/11\\\/25055032\\\/dsc-1459-copia-scaled.jpg\",\"articleSection\":[\"Est\u00e0 passant\"],\"inLanguage\":\"ca\"},{\"@type\":\"WebPage\",\"@id\":\"https:\\\/\\\/poblenouurbandistrict.com\\\/ca\\\/laposta-de-la-barcelona-school-of-creativity-per-al-poblenou-open-night-creativitat-inside-out\\\/\",\"url\":\"https:\\\/\\\/poblenouurbandistrict.com\\\/ca\\\/laposta-de-la-barcelona-school-of-creativity-per-al-poblenou-open-night-creativitat-inside-out\\\/\",\"name\":\"L'aposta de la Barcelona School of Creativity per al Poblenou Open Night: Creativitat inside-out &#8211; Poblenou Urban District\",\"isPartOf\":{\"@id\":\"https:\\\/\\\/poblenouurbandistrict.com\\\/ca\\\/#website\"},\"primaryImageOfPage\":{\"@id\":\"https:\\\/\\\/poblenouurbandistrict.com\\\/ca\\\/laposta-de-la-barcelona-school-of-creativity-per-al-poblenou-open-night-creativitat-inside-out\\\/#primaryimage\"},\"image\":{\"@id\":\"https:\\\/\\\/poblenouurbandistrict.com\\\/laposta-de-la-barcelona-school-of-creativity-per-al-poblenou-open-night-creativitat-inside-out\\\/#primaryimage\"},\"thumbnailUrl\":\"https:\\\/\\\/media.poblenouurbandistrict.com\\\/2022\\\/11\\\/25055032\\\/dsc-1459-copia-scaled.jpg\",\"datePublished\":\"2022-11-21T16:35:39+00:00\",\"dateModified\":\"2022-11-25T15:21:46+00:00\",\"author\":{\"@id\":\"https:\\\/\\\/poblenouurbandistrict.com\\\/#\\\/schema\\\/person\\\/980a2cf34b399d5218205730acd54a7e\"},\"breadcrumb\":{\"@id\":\"https:\\\/\\\/poblenouurbandistrict.com\\\/ca\\\/laposta-de-la-barcelona-school-of-creativity-per-al-poblenou-open-night-creativitat-inside-out\\\/#breadcrumb\"},\"inLanguage\":\"ca\",\"potentialAction\":[{\"@type\":\"ReadAction\",\"target\":[[\"https:\\\/\\\/poblenouurbandistrict.com\\\/ca\\\/laposta-de-la-barcelona-school-of-creativity-per-al-poblenou-open-night-creativitat-inside-out\\\/\"]]}]},{\"@type\":\"ImageObject\",\"inLanguage\":\"ca\",\"@id\":\"https:\\\/\\\/poblenouurbandistrict.com\\\/ca\\\/laposta-de-la-barcelona-school-of-creativity-per-al-poblenou-open-night-creativitat-inside-out\\\/#primaryimage\",\"url\":\"https:\\\/\\\/media.poblenouurbandistrict.com\\\/2022\\\/11\\\/25055032\\\/dsc-1459-copia-scaled.jpg\",\"contentUrl\":\"https:\\\/\\\/media.poblenouurbandistrict.com\\\/2022\\\/11\\\/25055032\\\/dsc-1459-copia-scaled.jpg\",\"width\":2560,\"height\":1707},{\"@type\":\"BreadcrumbList\",\"@id\":\"https:\\\/\\\/poblenouurbandistrict.com\\\/ca\\\/laposta-de-la-barcelona-school-of-creativity-per-al-poblenou-open-night-creativitat-inside-out\\\/#breadcrumb\",\"itemListElement\":[{\"@type\":\"ListItem\",\"position\":1,\"name\":\"Home\",\"item\":\"https:\\\/\\\/poblenouurbandistrict.com\\\/ca\\\/\"},{\"@type\":\"ListItem\",\"position\":2,\"name\":\"La apuesta de la Barcelona School of Creativity para el Poblenou Open Night: creatividad inside-out\"}]},{\"@type\":\"WebSite\",\"@id\":\"https:\\\/\\\/poblenouurbandistrict.com\\\/ca\\\/#website\",\"url\":\"https:\\\/\\\/poblenouurbandistrict.com\\\/ca\\\/\",\"name\":\"Poblenou Urban District\",\"description\":\"Comunitat Creativa\",\"potentialAction\":[{\"@type\":\"SearchAction\",\"target\":{\"@type\":\"EntryPoint\",\"urlTemplate\":\"https:\\\/\\\/poblenouurbandistrict.com\\\/ca\\\/?s={search_term_string}\"},\"query-input\":{\"@type\":\"PropertyValueSpecification\",\"valueRequired\":true,\"valueName\":\"search_term_string\"}}],\"inLanguage\":\"ca\"},{\"@type\":\"Person\",\"@id\":\"https:\\\/\\\/poblenouurbandistrict.com\\\/#\\\/schema\\\/person\\\/980a2cf34b399d5218205730acd54a7e\",\"name\":\"pnud\",\"image\":{\"@type\":\"ImageObject\",\"inLanguage\":\"ca\",\"@id\":\"https:\\\/\\\/secure.gravatar.com\\\/avatar\\\/67146597b405ee077a24e519f75c3e2031736596d6ce35af3a34c122c93d0d7b?s=96&d=retro&r=g\",\"url\":\"https:\\\/\\\/secure.gravatar.com\\\/avatar\\\/67146597b405ee077a24e519f75c3e2031736596d6ce35af3a34c122c93d0d7b?s=96&d=retro&r=g\",\"contentUrl\":\"https:\\\/\\\/secure.gravatar.com\\\/avatar\\\/67146597b405ee077a24e519f75c3e2031736596d6ce35af3a34c122c93d0d7b?s=96&d=retro&r=g\",\"caption\":\"pnud\"}}]}<\/script>\n<!-- \/ Yoast SEO plugin. -->","yoast_head_json":{"title":"L'aposta de la Barcelona School of Creativity per al Poblenou Open Night: Creativitat inside-out &#8211; Poblenou Urban District","robots":{"index":"index","follow":"follow","max-snippet":"max-snippet:-1","max-image-preview":"max-image-preview:large","max-video-preview":"max-video-preview:-1"},"canonical":"https:\/\/poblenouurbandistrict.com\/ca\/laposta-de-la-barcelona-school-of-creativity-per-al-poblenou-open-night-creativitat-inside-out\/","og_locale":"ca_ES","og_type":"article","og_title":"L'aposta de la Barcelona School of Creativity per al Poblenou Open Night: Creativitat inside-out &#8211; Poblenou Urban District","og_description":"&nbsp; Cancel\u00b7lat Fa moltes edicions que la Barcelona School of Creativity participa en els Poblenou Open Night&#8217;s i Poblenou Open... M\u00e9s \u2192","og_url":"https:\/\/poblenouurbandistrict.com\/ca\/laposta-de-la-barcelona-school-of-creativity-per-al-poblenou-open-night-creativitat-inside-out\/","og_site_name":"Poblenou Urban District","article_published_time":"2022-11-21T16:35:39+00:00","article_modified_time":"2022-11-25T15:21:46+00:00","og_image":[{"width":2560,"height":1707,"url":"https:\/\/poblenouurbandistrict.com\/wp-content\/uploads\/2022\/11\/dsc-1459-copia-scaled.jpg","type":"image\/jpeg"}],"author":"pnud","twitter_card":"summary_large_image","twitter_misc":{"Escrit per":"pnud","Temps estimat de lectura":"3 minuts"},"schema":{"@context":"https:\/\/schema.org","@graph":[{"@type":"Article","@id":"https:\/\/poblenouurbandistrict.com\/laposta-de-la-barcelona-school-of-creativity-per-al-poblenou-open-night-creativitat-inside-out\/#article","isPartOf":{"@id":"https:\/\/poblenouurbandistrict.com\/laposta-de-la-barcelona-school-of-creativity-per-al-poblenou-open-night-creativitat-inside-out\/"},"author":{"name":"pnud","@id":"https:\/\/poblenouurbandistrict.com\/#\/schema\/person\/980a2cf34b399d5218205730acd54a7e"},"headline":"L&#8217;aposta de la Barcelona School of Creativity per al Poblenou Open Night: Creativitat inside-out","datePublished":"2022-11-21T16:35:39+00:00","dateModified":"2022-11-25T15:21:46+00:00","mainEntityOfPage":{"@id":"https:\/\/poblenouurbandistrict.com\/laposta-de-la-barcelona-school-of-creativity-per-al-poblenou-open-night-creativitat-inside-out\/"},"wordCount":1078,"image":{"@id":"https:\/\/poblenouurbandistrict.com\/laposta-de-la-barcelona-school-of-creativity-per-al-poblenou-open-night-creativitat-inside-out\/#primaryimage"},"thumbnailUrl":"https:\/\/media.poblenouurbandistrict.com\/2022\/11\/25055032\/dsc-1459-copia-scaled.jpg","articleSection":["Est\u00e0 passant"],"inLanguage":"ca"},{"@type":"WebPage","@id":"https:\/\/poblenouurbandistrict.com\/ca\/laposta-de-la-barcelona-school-of-creativity-per-al-poblenou-open-night-creativitat-inside-out\/","url":"https:\/\/poblenouurbandistrict.com\/ca\/laposta-de-la-barcelona-school-of-creativity-per-al-poblenou-open-night-creativitat-inside-out\/","name":"L'aposta de la Barcelona School of Creativity per al Poblenou Open Night: Creativitat inside-out &#8211; Poblenou Urban District","isPartOf":{"@id":"https:\/\/poblenouurbandistrict.com\/ca\/#website"},"primaryImageOfPage":{"@id":"https:\/\/poblenouurbandistrict.com\/ca\/laposta-de-la-barcelona-school-of-creativity-per-al-poblenou-open-night-creativitat-inside-out\/#primaryimage"},"image":{"@id":"https:\/\/poblenouurbandistrict.com\/laposta-de-la-barcelona-school-of-creativity-per-al-poblenou-open-night-creativitat-inside-out\/#primaryimage"},"thumbnailUrl":"https:\/\/media.poblenouurbandistrict.com\/2022\/11\/25055032\/dsc-1459-copia-scaled.jpg","datePublished":"2022-11-21T16:35:39+00:00","dateModified":"2022-11-25T15:21:46+00:00","author":{"@id":"https:\/\/poblenouurbandistrict.com\/#\/schema\/person\/980a2cf34b399d5218205730acd54a7e"},"breadcrumb":{"@id":"https:\/\/poblenouurbandistrict.com\/ca\/laposta-de-la-barcelona-school-of-creativity-per-al-poblenou-open-night-creativitat-inside-out\/#breadcrumb"},"inLanguage":"ca","potentialAction":[{"@type":"ReadAction","target":[["https:\/\/poblenouurbandistrict.com\/ca\/laposta-de-la-barcelona-school-of-creativity-per-al-poblenou-open-night-creativitat-inside-out\/"]]}]},{"@type":"ImageObject","inLanguage":"ca","@id":"https:\/\/poblenouurbandistrict.com\/ca\/laposta-de-la-barcelona-school-of-creativity-per-al-poblenou-open-night-creativitat-inside-out\/#primaryimage","url":"https:\/\/media.poblenouurbandistrict.com\/2022\/11\/25055032\/dsc-1459-copia-scaled.jpg","contentUrl":"https:\/\/media.poblenouurbandistrict.com\/2022\/11\/25055032\/dsc-1459-copia-scaled.jpg","width":2560,"height":1707},{"@type":"BreadcrumbList","@id":"https:\/\/poblenouurbandistrict.com\/ca\/laposta-de-la-barcelona-school-of-creativity-per-al-poblenou-open-night-creativitat-inside-out\/#breadcrumb","itemListElement":[{"@type":"ListItem","position":1,"name":"Home","item":"https:\/\/poblenouurbandistrict.com\/ca\/"},{"@type":"ListItem","position":2,"name":"La apuesta de la Barcelona School of Creativity para el Poblenou Open Night: creatividad inside-out"}]},{"@type":"WebSite","@id":"https:\/\/poblenouurbandistrict.com\/ca\/#website","url":"https:\/\/poblenouurbandistrict.com\/ca\/","name":"Poblenou Urban District","description":"Comunitat Creativa","potentialAction":[{"@type":"SearchAction","target":{"@type":"EntryPoint","urlTemplate":"https:\/\/poblenouurbandistrict.com\/ca\/?s={search_term_string}"},"query-input":{"@type":"PropertyValueSpecification","valueRequired":true,"valueName":"search_term_string"}}],"inLanguage":"ca"},{"@type":"Person","@id":"https:\/\/poblenouurbandistrict.com\/#\/schema\/person\/980a2cf34b399d5218205730acd54a7e","name":"pnud","image":{"@type":"ImageObject","inLanguage":"ca","@id":"https:\/\/secure.gravatar.com\/avatar\/67146597b405ee077a24e519f75c3e2031736596d6ce35af3a34c122c93d0d7b?s=96&d=retro&r=g","url":"https:\/\/secure.gravatar.com\/avatar\/67146597b405ee077a24e519f75c3e2031736596d6ce35af3a34c122c93d0d7b?s=96&d=retro&r=g","contentUrl":"https:\/\/secure.gravatar.com\/avatar\/67146597b405ee077a24e519f75c3e2031736596d6ce35af3a34c122c93d0d7b?s=96&d=retro&r=g","caption":"pnud"}}]}},"_links":{"self":[{"href":"https:\/\/poblenouurbandistrict.com\/ca\/wp-json\/wp\/v2\/posts\/34759","targetHints":{"allow":["GET"]}}],"collection":[{"href":"https:\/\/poblenouurbandistrict.com\/ca\/wp-json\/wp\/v2\/posts"}],"about":[{"href":"https:\/\/poblenouurbandistrict.com\/ca\/wp-json\/wp\/v2\/types\/post"}],"author":[{"embeddable":true,"href":"https:\/\/poblenouurbandistrict.com\/ca\/wp-json\/wp\/v2\/users\/5"}],"replies":[{"embeddable":true,"href":"https:\/\/poblenouurbandistrict.com\/ca\/wp-json\/wp\/v2\/comments?post=34759"}],"version-history":[{"count":2,"href":"https:\/\/poblenouurbandistrict.com\/ca\/wp-json\/wp\/v2\/posts\/34759\/revisions"}],"predecessor-version":[{"id":35897,"href":"https:\/\/poblenouurbandistrict.com\/ca\/wp-json\/wp\/v2\/posts\/34759\/revisions\/35897"}],"wp:featuredmedia":[{"embeddable":true,"href":"https:\/\/poblenouurbandistrict.com\/ca\/wp-json\/wp\/v2\/media\/34761"}],"wp:attachment":[{"href":"https:\/\/poblenouurbandistrict.com\/ca\/wp-json\/wp\/v2\/media?parent=34759"}],"wp:term":[{"taxonomy":"category","embeddable":true,"href":"https:\/\/poblenouurbandistrict.com\/ca\/wp-json\/wp\/v2\/categories?post=34759"},{"taxonomy":"post_tag","embeddable":true,"href":"https:\/\/poblenouurbandistrict.com\/ca\/wp-json\/wp\/v2\/tags?post=34759"}],"curies":[{"name":"wp","href":"https:\/\/api.w.org\/{rel}","templated":true}]}}