{"id":34893,"date":"2022-11-23T11:05:09","date_gmt":"2022-11-23T10:05:09","guid":{"rendered":"https:\/\/poblenouurbandistrict.com\/?p=34893"},"modified":"2022-11-25T11:07:05","modified_gmt":"2022-11-25T10:07:05","slug":"onair-participa-al-open-night-amb-bendito-reset","status":"publish","type":"post","link":"https:\/\/poblenouurbandistrict.com\/ca\/onair-participa-al-open-night-amb-bendito-reset\/","title":{"rendered":"L\u2019escola de dansa a\u00e8ria Onair participa al Open Night amb Bendito Reset"},"content":{"rendered":"<p>Onair presenta per el Poblenou Open Night una obra emmarcada dins la <em>Catedral del Cel<\/em>, amb l&#8217;espectacle <strong>Bendito Reset.<\/strong><\/p>\n<p>Dansa A\u00e9rea en estat pur aquest 25 de noviembre a les instal\u00b7lacions d&#8217;Onair per reiniciar i renovar.<\/p>\n<p>Es coneix com a reset a la posada en condicions inicials del nostre sistema. Normalment es realitza en connectar amb una mateixa, encara que, habitualment, hi ha un mecanisme, normalment un polsador, que serveix per real\u00e7ar la posada en condicions inicials.<\/p>\n<p><strong>Onair<\/strong>\u00a0\u00e9s una escola dedicada a la formaci\u00f3 en Dansa A\u00e8ria: Tela, Aro, Hamaca i Dansa Vertical s\u00f3n l\u2019eix del seu projecte. Afincats a Barcelona, al cor del Districte Creatiu de la ciutat,\u00a0<strong>Onair<\/strong>\u00a0forma, crea i participa en diversos festivals culturals per poder introduir els seus alumnes en l\u2019\u00e0mbit professional de les arts esc\u00e8niques.<\/p>\n<p><strong>Onair<\/strong>\u00a0\u00e9s subtilesa i control, no hi ha espai per a moviments superflus, \u00e9s l\u2019art de ballar i volar. T\u2019ofereix experi\u00e8ncies, sensacions noves, on posar\u00e0s el teu cos i la teva ment al l\u00edmit, \u00fanicament pel plaer de fer alguna cosa diferent i cuidar-se a un mateix.<\/p>\n<p>&nbsp;<\/p>\n<p>Durada de l&#8217;espectacle: 30min<\/p>\n<p>No recomanat per a menors de 12 anys<\/p>\n<p>Entrades a la venda en <a href=\"https:\/\/www.eventbrite.com\/e\/entradas-onair-bendito-reset-470961337037?aff=ebdsoporgprofile\">eventbrite<\/a> per les 21:00h<\/p>\n<p>Entrades a la venda en <a href=\"https:\/\/www.eventbrite.com\/e\/entradas-onair-bendito-reset-471010534187?aff=ebdsoporgprofile\">eventbrite<\/a> per les 22:30h<\/p>\n<p>&nbsp;<\/p>\n<p>&nbsp;<\/p>\n<p>&nbsp;<\/p>","protected":false},"excerpt":{"rendered":"<p>Onair presenta per el Poblenou Open Night una obra emmarcada dins la Catedral del Cel, amb l&#8217;espectacle Bendito Reset. Dansa&#8230; <a href=\"https:\/\/poblenouurbandistrict.com\/ca\/onair-participa-al-open-night-amb-bendito-reset\/\">M\u00e9s  \u2192<\/a><\/p>\n","protected":false},"author":5,"featured_media":34923,"comment_status":"closed","ping_status":"closed","sticky":false,"template":"","format":"standard","meta":{"_acf_changed":false,"footnotes":""},"categories":[1],"tags":[],"class_list":["post-34893","post","type-post","status-publish","format-standard","has-post-thumbnail","hentry","category-noticias"],"acf":[],"yoast_head":"<!-- This site is optimized with the Yoast SEO plugin v27.5 - https:\/\/yoast.com\/product\/yoast-seo-wordpress\/ -->\n<title>L\u2019escola de dansa a\u00e8ria Onair participa al Open Night amb Bendito Reset<\/title>\n<meta name=\"robots\" content=\"index, follow, max-snippet:-1, max-image-preview:large, max-video-preview:-1\" \/>\n<link rel=\"canonical\" href=\"https:\/\/poblenouurbandistrict.com\/ca\/onair-participa-al-open-night-amb-bendito-reset\/\" \/>\n<meta property=\"og:locale\" content=\"ca_ES\" \/>\n<meta property=\"og:type\" content=\"article\" \/>\n<meta property=\"og:title\" content=\"L\u2019escola de dansa a\u00e8ria Onair participa al Open Night amb Bendito Reset\" \/>\n<meta property=\"og:description\" content=\"Onair presenta per el Poblenou Open Night una obra emmarcada dins la Catedral del Cel, amb l&#8217;espectacle Bendito Reset. Dansa... M\u00e9s \u2192\" \/>\n<meta property=\"og:url\" content=\"https:\/\/poblenouurbandistrict.com\/ca\/onair-participa-al-open-night-amb-bendito-reset\/\" \/>\n<meta property=\"og:site_name\" content=\"Poblenou Urban District\" \/>\n<meta property=\"article:published_time\" content=\"2022-11-23T10:05:09+00:00\" \/>\n<meta property=\"article:modified_time\" content=\"2022-11-25T10:07:05+00:00\" \/>\n<meta property=\"og:image\" content=\"https:\/\/poblenouurbandistrict.com\/wp-content\/uploads\/2022\/11\/onair.png\" \/>\n\t<meta property=\"og:image:width\" content=\"1500\" \/>\n\t<meta property=\"og:image:height\" content=\"1000\" \/>\n\t<meta property=\"og:image:type\" content=\"image\/png\" \/>\n<meta name=\"author\" content=\"pnud\" \/>\n<meta name=\"twitter:card\" content=\"summary_large_image\" \/>\n<meta name=\"twitter:label1\" content=\"Escrit per\" \/>\n\t<meta name=\"twitter:data1\" content=\"pnud\" \/>\n\t<meta name=\"twitter:label2\" content=\"Temps estimat de lectura\" \/>\n\t<meta name=\"twitter:data2\" content=\"2 minuts\" \/>\n<script type=\"application\/ld+json\" class=\"yoast-schema-graph\">{\"@context\":\"https:\\\/\\\/schema.org\",\"@graph\":[{\"@type\":\"Article\",\"@id\":\"https:\\\/\\\/poblenouurbandistrict.com\\\/onair-participa-al-open-night-amb-bendito-reset\\\/#article\",\"isPartOf\":{\"@id\":\"https:\\\/\\\/poblenouurbandistrict.com\\\/onair-participa-al-open-night-amb-bendito-reset\\\/\"},\"author\":{\"name\":\"pnud\",\"@id\":\"https:\\\/\\\/poblenouurbandistrict.com\\\/#\\\/schema\\\/person\\\/980a2cf34b399d5218205730acd54a7e\"},\"headline\":\"L\u2019escola de dansa a\u00e8ria Onair participa al Open Night amb Bendito Reset\",\"datePublished\":\"2022-11-23T10:05:09+00:00\",\"dateModified\":\"2022-11-25T10:07:05+00:00\",\"mainEntityOfPage\":{\"@id\":\"https:\\\/\\\/poblenouurbandistrict.com\\\/onair-participa-al-open-night-amb-bendito-reset\\\/\"},\"wordCount\":851,\"image\":{\"@id\":\"https:\\\/\\\/poblenouurbandistrict.com\\\/onair-participa-al-open-night-amb-bendito-reset\\\/#primaryimage\"},\"thumbnailUrl\":\"https:\\\/\\\/media.poblenouurbandistrict.com\\\/2022\\\/11\\\/25055139\\\/onair.jpg\",\"articleSection\":[\"Est\u00e0 passant\"],\"inLanguage\":\"ca\"},{\"@type\":\"WebPage\",\"@id\":\"https:\\\/\\\/poblenouurbandistrict.com\\\/ca\\\/onair-participa-al-open-night-amb-bendito-reset\\\/\",\"url\":\"https:\\\/\\\/poblenouurbandistrict.com\\\/ca\\\/onair-participa-al-open-night-amb-bendito-reset\\\/\",\"name\":\"L\u2019escola de dansa a\u00e8ria Onair participa al Open Night amb Bendito Reset\",\"isPartOf\":{\"@id\":\"https:\\\/\\\/poblenouurbandistrict.com\\\/ca\\\/#website\"},\"primaryImageOfPage\":{\"@id\":\"https:\\\/\\\/poblenouurbandistrict.com\\\/ca\\\/onair-participa-al-open-night-amb-bendito-reset\\\/#primaryimage\"},\"image\":{\"@id\":\"https:\\\/\\\/poblenouurbandistrict.com\\\/onair-participa-al-open-night-amb-bendito-reset\\\/#primaryimage\"},\"thumbnailUrl\":\"https:\\\/\\\/media.poblenouurbandistrict.com\\\/2022\\\/11\\\/25055139\\\/onair.jpg\",\"datePublished\":\"2022-11-23T10:05:09+00:00\",\"dateModified\":\"2022-11-25T10:07:05+00:00\",\"author\":{\"@id\":\"https:\\\/\\\/poblenouurbandistrict.com\\\/#\\\/schema\\\/person\\\/980a2cf34b399d5218205730acd54a7e\"},\"breadcrumb\":{\"@id\":\"https:\\\/\\\/poblenouurbandistrict.com\\\/ca\\\/onair-participa-al-open-night-amb-bendito-reset\\\/#breadcrumb\"},\"inLanguage\":\"ca\",\"potentialAction\":[{\"@type\":\"ReadAction\",\"target\":[[\"https:\\\/\\\/poblenouurbandistrict.com\\\/ca\\\/onair-participa-al-open-night-amb-bendito-reset\\\/\"]]}]},{\"@type\":\"ImageObject\",\"inLanguage\":\"ca\",\"@id\":\"https:\\\/\\\/poblenouurbandistrict.com\\\/ca\\\/onair-participa-al-open-night-amb-bendito-reset\\\/#primaryimage\",\"url\":\"https:\\\/\\\/media.poblenouurbandistrict.com\\\/2022\\\/11\\\/25055139\\\/onair.jpg\",\"contentUrl\":\"https:\\\/\\\/media.poblenouurbandistrict.com\\\/2022\\\/11\\\/25055139\\\/onair.jpg\",\"width\":1500,\"height\":1000},{\"@type\":\"BreadcrumbList\",\"@id\":\"https:\\\/\\\/poblenouurbandistrict.com\\\/ca\\\/onair-participa-al-open-night-amb-bendito-reset\\\/#breadcrumb\",\"itemListElement\":[{\"@type\":\"ListItem\",\"position\":1,\"name\":\"Home\",\"item\":\"https:\\\/\\\/poblenouurbandistrict.com\\\/ca\\\/\"},{\"@type\":\"ListItem\",\"position\":2,\"name\":\"La escuela de danza a\u00e9rea Onair participa en el Open Night con Bendito Reset\"}]},{\"@type\":\"WebSite\",\"@id\":\"https:\\\/\\\/poblenouurbandistrict.com\\\/ca\\\/#website\",\"url\":\"https:\\\/\\\/poblenouurbandistrict.com\\\/ca\\\/\",\"name\":\"Poblenou Urban District\",\"description\":\"Comunitat Creativa\",\"potentialAction\":[{\"@type\":\"SearchAction\",\"target\":{\"@type\":\"EntryPoint\",\"urlTemplate\":\"https:\\\/\\\/poblenouurbandistrict.com\\\/ca\\\/?s={search_term_string}\"},\"query-input\":{\"@type\":\"PropertyValueSpecification\",\"valueRequired\":true,\"valueName\":\"search_term_string\"}}],\"inLanguage\":\"ca\"},{\"@type\":\"Person\",\"@id\":\"https:\\\/\\\/poblenouurbandistrict.com\\\/#\\\/schema\\\/person\\\/980a2cf34b399d5218205730acd54a7e\",\"name\":\"pnud\",\"image\":{\"@type\":\"ImageObject\",\"inLanguage\":\"ca\",\"@id\":\"https:\\\/\\\/secure.gravatar.com\\\/avatar\\\/67146597b405ee077a24e519f75c3e2031736596d6ce35af3a34c122c93d0d7b?s=96&d=retro&r=g\",\"url\":\"https:\\\/\\\/secure.gravatar.com\\\/avatar\\\/67146597b405ee077a24e519f75c3e2031736596d6ce35af3a34c122c93d0d7b?s=96&d=retro&r=g\",\"contentUrl\":\"https:\\\/\\\/secure.gravatar.com\\\/avatar\\\/67146597b405ee077a24e519f75c3e2031736596d6ce35af3a34c122c93d0d7b?s=96&d=retro&r=g\",\"caption\":\"pnud\"}}]}<\/script>\n<!-- \/ Yoast SEO plugin. -->","yoast_head_json":{"title":"L\u2019escola de dansa a\u00e8ria Onair participa al Open Night amb Bendito Reset","robots":{"index":"index","follow":"follow","max-snippet":"max-snippet:-1","max-image-preview":"max-image-preview:large","max-video-preview":"max-video-preview:-1"},"canonical":"https:\/\/poblenouurbandistrict.com\/ca\/onair-participa-al-open-night-amb-bendito-reset\/","og_locale":"ca_ES","og_type":"article","og_title":"L\u2019escola de dansa a\u00e8ria Onair participa al Open Night amb Bendito Reset","og_description":"Onair presenta per el Poblenou Open Night una obra emmarcada dins la Catedral del Cel, amb l&#8217;espectacle Bendito Reset. Dansa... M\u00e9s \u2192","og_url":"https:\/\/poblenouurbandistrict.com\/ca\/onair-participa-al-open-night-amb-bendito-reset\/","og_site_name":"Poblenou Urban District","article_published_time":"2022-11-23T10:05:09+00:00","article_modified_time":"2022-11-25T10:07:05+00:00","og_image":[{"width":1500,"height":1000,"url":"https:\/\/poblenouurbandistrict.com\/wp-content\/uploads\/2022\/11\/onair.png","type":"image\/png"}],"author":"pnud","twitter_card":"summary_large_image","twitter_misc":{"Escrit per":"pnud","Temps estimat de lectura":"2 minuts"},"schema":{"@context":"https:\/\/schema.org","@graph":[{"@type":"Article","@id":"https:\/\/poblenouurbandistrict.com\/onair-participa-al-open-night-amb-bendito-reset\/#article","isPartOf":{"@id":"https:\/\/poblenouurbandistrict.com\/onair-participa-al-open-night-amb-bendito-reset\/"},"author":{"name":"pnud","@id":"https:\/\/poblenouurbandistrict.com\/#\/schema\/person\/980a2cf34b399d5218205730acd54a7e"},"headline":"L\u2019escola de dansa a\u00e8ria Onair participa al Open Night amb Bendito Reset","datePublished":"2022-11-23T10:05:09+00:00","dateModified":"2022-11-25T10:07:05+00:00","mainEntityOfPage":{"@id":"https:\/\/poblenouurbandistrict.com\/onair-participa-al-open-night-amb-bendito-reset\/"},"wordCount":851,"image":{"@id":"https:\/\/poblenouurbandistrict.com\/onair-participa-al-open-night-amb-bendito-reset\/#primaryimage"},"thumbnailUrl":"https:\/\/media.poblenouurbandistrict.com\/2022\/11\/25055139\/onair.jpg","articleSection":["Est\u00e0 passant"],"inLanguage":"ca"},{"@type":"WebPage","@id":"https:\/\/poblenouurbandistrict.com\/ca\/onair-participa-al-open-night-amb-bendito-reset\/","url":"https:\/\/poblenouurbandistrict.com\/ca\/onair-participa-al-open-night-amb-bendito-reset\/","name":"L\u2019escola de dansa a\u00e8ria Onair participa al Open Night amb Bendito Reset","isPartOf":{"@id":"https:\/\/poblenouurbandistrict.com\/ca\/#website"},"primaryImageOfPage":{"@id":"https:\/\/poblenouurbandistrict.com\/ca\/onair-participa-al-open-night-amb-bendito-reset\/#primaryimage"},"image":{"@id":"https:\/\/poblenouurbandistrict.com\/onair-participa-al-open-night-amb-bendito-reset\/#primaryimage"},"thumbnailUrl":"https:\/\/media.poblenouurbandistrict.com\/2022\/11\/25055139\/onair.jpg","datePublished":"2022-11-23T10:05:09+00:00","dateModified":"2022-11-25T10:07:05+00:00","author":{"@id":"https:\/\/poblenouurbandistrict.com\/#\/schema\/person\/980a2cf34b399d5218205730acd54a7e"},"breadcrumb":{"@id":"https:\/\/poblenouurbandistrict.com\/ca\/onair-participa-al-open-night-amb-bendito-reset\/#breadcrumb"},"inLanguage":"ca","potentialAction":[{"@type":"ReadAction","target":[["https:\/\/poblenouurbandistrict.com\/ca\/onair-participa-al-open-night-amb-bendito-reset\/"]]}]},{"@type":"ImageObject","inLanguage":"ca","@id":"https:\/\/poblenouurbandistrict.com\/ca\/onair-participa-al-open-night-amb-bendito-reset\/#primaryimage","url":"https:\/\/media.poblenouurbandistrict.com\/2022\/11\/25055139\/onair.jpg","contentUrl":"https:\/\/media.poblenouurbandistrict.com\/2022\/11\/25055139\/onair.jpg","width":1500,"height":1000},{"@type":"BreadcrumbList","@id":"https:\/\/poblenouurbandistrict.com\/ca\/onair-participa-al-open-night-amb-bendito-reset\/#breadcrumb","itemListElement":[{"@type":"ListItem","position":1,"name":"Home","item":"https:\/\/poblenouurbandistrict.com\/ca\/"},{"@type":"ListItem","position":2,"name":"La escuela de danza a\u00e9rea Onair participa en el Open Night con Bendito Reset"}]},{"@type":"WebSite","@id":"https:\/\/poblenouurbandistrict.com\/ca\/#website","url":"https:\/\/poblenouurbandistrict.com\/ca\/","name":"Poblenou Urban District","description":"Comunitat Creativa","potentialAction":[{"@type":"SearchAction","target":{"@type":"EntryPoint","urlTemplate":"https:\/\/poblenouurbandistrict.com\/ca\/?s={search_term_string}"},"query-input":{"@type":"PropertyValueSpecification","valueRequired":true,"valueName":"search_term_string"}}],"inLanguage":"ca"},{"@type":"Person","@id":"https:\/\/poblenouurbandistrict.com\/#\/schema\/person\/980a2cf34b399d5218205730acd54a7e","name":"pnud","image":{"@type":"ImageObject","inLanguage":"ca","@id":"https:\/\/secure.gravatar.com\/avatar\/67146597b405ee077a24e519f75c3e2031736596d6ce35af3a34c122c93d0d7b?s=96&d=retro&r=g","url":"https:\/\/secure.gravatar.com\/avatar\/67146597b405ee077a24e519f75c3e2031736596d6ce35af3a34c122c93d0d7b?s=96&d=retro&r=g","contentUrl":"https:\/\/secure.gravatar.com\/avatar\/67146597b405ee077a24e519f75c3e2031736596d6ce35af3a34c122c93d0d7b?s=96&d=retro&r=g","caption":"pnud"}}]}},"_links":{"self":[{"href":"https:\/\/poblenouurbandistrict.com\/ca\/wp-json\/wp\/v2\/posts\/34893","targetHints":{"allow":["GET"]}}],"collection":[{"href":"https:\/\/poblenouurbandistrict.com\/ca\/wp-json\/wp\/v2\/posts"}],"about":[{"href":"https:\/\/poblenouurbandistrict.com\/ca\/wp-json\/wp\/v2\/types\/post"}],"author":[{"embeddable":true,"href":"https:\/\/poblenouurbandistrict.com\/ca\/wp-json\/wp\/v2\/users\/5"}],"replies":[{"embeddable":true,"href":"https:\/\/poblenouurbandistrict.com\/ca\/wp-json\/wp\/v2\/comments?post=34893"}],"version-history":[{"count":4,"href":"https:\/\/poblenouurbandistrict.com\/ca\/wp-json\/wp\/v2\/posts\/34893\/revisions"}],"predecessor-version":[{"id":35894,"href":"https:\/\/poblenouurbandistrict.com\/ca\/wp-json\/wp\/v2\/posts\/34893\/revisions\/35894"}],"wp:featuredmedia":[{"embeddable":true,"href":"https:\/\/poblenouurbandistrict.com\/ca\/wp-json\/wp\/v2\/media\/34923"}],"wp:attachment":[{"href":"https:\/\/poblenouurbandistrict.com\/ca\/wp-json\/wp\/v2\/media?parent=34893"}],"wp:term":[{"taxonomy":"category","embeddable":true,"href":"https:\/\/poblenouurbandistrict.com\/ca\/wp-json\/wp\/v2\/categories?post=34893"},{"taxonomy":"post_tag","embeddable":true,"href":"https:\/\/poblenouurbandistrict.com\/ca\/wp-json\/wp\/v2\/tags?post=34893"}],"curies":[{"name":"wp","href":"https:\/\/api.w.org\/{rel}","templated":true}]}}