{"id":36221,"date":"2022-11-30T10:35:13","date_gmt":"2022-11-30T09:35:13","guid":{"rendered":"https:\/\/poblenouurbandistrict.com\/?p=36221"},"modified":"2022-12-01T10:38:15","modified_gmt":"2022-12-01T09:38:15","slug":"fundacio-ared-una-de-les-10-entitats-finalistes-del-b-value","status":"publish","type":"post","link":"https:\/\/poblenouurbandistrict.com\/ca\/fundacio-ared-una-de-les-10-entitats-finalistes-del-b-value\/","title":{"rendered":"Fundaci\u00f3 Ared, una de les 10 entitats finalistes del B-Value"},"content":{"rendered":"<p>El programa d&#8217;acceleraci\u00f3 <strong>B-Value<\/strong> \u00e9s una iniciativa per a entitats socials que promou la transformaci\u00f3 del tercer sector a trav\u00e9s de la innovaci\u00f3. De les 40 entitats que van iniciar el programa, 10 d&#8217;elles van ser seleccionades com a finalistes per a la setmana intensiva de mentories que les preparava per a l&#8217;esdeveniment final, el Demo Day.<\/p>\n<p>Entre elles, hi havia <a href=\"https:\/\/www.fundacioared.org\/\" target=\"_blank\" rel=\"noopener\"><strong>Fundaci\u00f3 Ared<\/strong><\/a>, qu\u00e8 va realitzar un <em>pitch<\/em> davant figures clau de l&#8217;\u00e0mbit de la filantropia i el tercer sector, una prova final que culmina nou mesos de treball de les entitats al costat de m\u00e9s de 160 mentors, professionals clau en \u00e0rees estrat\u00e8giques, amb m\u00e9s de 450 hores de mentoria i formaci\u00f3. Durant tot el per\u00edode, els participants han rebut formaci\u00f3 i inspiraci\u00f3, en \u00e0mbits rellevants per als seus projectes com s\u00f3n la sostenibilitat econ\u00f2mica, l&#8217;impacte social i el lideratge, entre d&#8217;altres.<\/p>\n<p><strong>Fundaci\u00f3 Privada Ared<\/strong>, amb el projecte &#8220;<strong>Teixint junts noves oportunitats<\/strong>&#8220;, creen motxilles i complements de disseny sostenible i amb impacte social, per a empreses i particulars, i empoderen i visibilitzen les persones amb discapacitat que les fabriquen posant-les en contacte directe amb el client final, a trav\u00e9s d&#8217;un cat\u00e0leg d&#8217;accions de voluntariat corporatiu per a empreses col\u00b7laboradores.<\/p>\n<p style=\"text-align: center;\"><a href=\"https:\/\/www.fundacioared.org\/com-col%c2%b7laborar\/\" target=\"_blank\" rel=\"noopener\"><strong>Col\u00b7labora amb el projecte\u00a0\u00a0<\/strong><\/a><\/p>\n<p><span style=\"text-decoration: underline;\">Programa B-Value<\/span><\/p>\n<p>B-Value est\u00e0 dirigit a l\u00edders del sector social que treballin en entitats sense \u00e0nim de lucre amb base a Espanya, per ajudar-los a desenvolupar els projectes des d&#8217;una visi\u00f3 estrat\u00e8gica i innovadora, dissenyar nous models de generaci\u00f3 d&#8217;ingressos que permetin professionalitzar la proposta de valor i que s&#8217;allunyin dels esquemes filantr\u00f2pics tradicionals.<\/p>\n<p>El programa est\u00e0 impulsat per <strong>Fundaci\u00f3 Ship2B<\/strong> i <strong>Fundaci\u00f3 Banc Sabadell<\/strong> i co-impulsat per la <strong>Fundaci\u00f3 Juan Entrecanales de Azc\u00e1rate<\/strong>. Tamb\u00e9 compta amb PWC, After i Fundaci\u00f3 ONCE com a socis estrat\u00e8gics, a m\u00e9s de Fundaci\u00f3 Hazloposible, Salt amb Xarxa, l&#8217;Associaci\u00f3 Espanyola de Fundacions, Fundaci\u00f3 Lleialtat i la Coordinadora Catalana de Fundacions com a entitats col\u00b7laboradores.<\/p>\n<p>&nbsp;<\/p>","protected":false},"excerpt":{"rendered":"<p>El programa d&#8217;acceleraci\u00f3 B-Value \u00e9s una iniciativa per a entitats socials que promou la transformaci\u00f3 del tercer sector a trav\u00e9s&#8230; <a href=\"https:\/\/poblenouurbandistrict.com\/ca\/fundacio-ared-una-de-les-10-entitats-finalistes-del-b-value\/\">M\u00e9s  \u2192<\/a><\/p>\n","protected":false},"author":5,"featured_media":36222,"comment_status":"closed","ping_status":"closed","sticky":false,"template":"","format":"standard","meta":{"_acf_changed":false,"footnotes":""},"categories":[3571,3566,3363,1],"tags":[],"class_list":["post-36221","post","type-post","status-publish","format-standard","has-post-thumbnail","hentry","category-sostenibilitat","category-innovacion","category-places","category-noticias"],"acf":[],"yoast_head":"<!-- This site is optimized with the Yoast SEO plugin v27.5 - https:\/\/yoast.com\/product\/yoast-seo-wordpress\/ -->\n<title>Fundaci\u00f3 Ared, una de les 10 entitats finalistes del B-Value &#8211; Poblenou Urban District<\/title>\n<meta name=\"robots\" content=\"index, follow, max-snippet:-1, max-image-preview:large, max-video-preview:-1\" \/>\n<link rel=\"canonical\" href=\"https:\/\/poblenouurbandistrict.com\/ca\/fundacio-ared-una-de-les-10-entitats-finalistes-del-b-value\/\" \/>\n<meta property=\"og:locale\" content=\"ca_ES\" \/>\n<meta property=\"og:type\" content=\"article\" \/>\n<meta property=\"og:title\" content=\"Fundaci\u00f3 Ared, una de les 10 entitats finalistes del B-Value &#8211; Poblenou Urban District\" \/>\n<meta property=\"og:description\" content=\"El programa d&#8217;acceleraci\u00f3 B-Value \u00e9s una iniciativa per a entitats socials que promou la transformaci\u00f3 del tercer sector a trav\u00e9s... M\u00e9s \u2192\" \/>\n<meta property=\"og:url\" content=\"https:\/\/poblenouurbandistrict.com\/ca\/fundacio-ared-una-de-les-10-entitats-finalistes-del-b-value\/\" \/>\n<meta property=\"og:site_name\" content=\"Poblenou Urban District\" \/>\n<meta property=\"article:published_time\" content=\"2022-11-30T09:35:13+00:00\" \/>\n<meta property=\"article:modified_time\" content=\"2022-12-01T09:38:15+00:00\" \/>\n<meta property=\"og:image\" content=\"https:\/\/poblenouurbandistrict.com\/wp-content\/uploads\/2022\/11\/ared.png\" \/>\n\t<meta property=\"og:image:width\" content=\"1500\" \/>\n\t<meta property=\"og:image:height\" content=\"1000\" \/>\n\t<meta property=\"og:image:type\" content=\"image\/png\" \/>\n<meta name=\"author\" content=\"pnud\" \/>\n<meta name=\"twitter:card\" content=\"summary_large_image\" \/>\n<meta name=\"twitter:label1\" content=\"Escrit per\" \/>\n\t<meta name=\"twitter:data1\" content=\"pnud\" \/>\n\t<meta name=\"twitter:label2\" content=\"Temps estimat de lectura\" \/>\n\t<meta name=\"twitter:data2\" content=\"2 minuts\" \/>\n<script type=\"application\/ld+json\" class=\"yoast-schema-graph\">{\"@context\":\"https:\\\/\\\/schema.org\",\"@graph\":[{\"@type\":\"Article\",\"@id\":\"https:\\\/\\\/poblenouurbandistrict.com\\\/fundacio-ared-una-de-les-10-entitats-finalistes-del-b-value\\\/#article\",\"isPartOf\":{\"@id\":\"https:\\\/\\\/poblenouurbandistrict.com\\\/fundacio-ared-una-de-les-10-entitats-finalistes-del-b-value\\\/\"},\"author\":{\"name\":\"pnud\",\"@id\":\"https:\\\/\\\/poblenouurbandistrict.com\\\/#\\\/schema\\\/person\\\/980a2cf34b399d5218205730acd54a7e\"},\"headline\":\"Fundaci\u00f3 Ared, una de les 10 entitats finalistes del B-Value\",\"datePublished\":\"2022-11-30T09:35:13+00:00\",\"dateModified\":\"2022-12-01T09:38:15+00:00\",\"mainEntityOfPage\":{\"@id\":\"https:\\\/\\\/poblenouurbandistrict.com\\\/fundacio-ared-una-de-les-10-entitats-finalistes-del-b-value\\\/\"},\"wordCount\":710,\"image\":{\"@id\":\"https:\\\/\\\/poblenouurbandistrict.com\\\/fundacio-ared-una-de-les-10-entitats-finalistes-del-b-value\\\/#primaryimage\"},\"thumbnailUrl\":\"https:\\\/\\\/media.poblenouurbandistrict.com\\\/2022\\\/11\\\/25055347\\\/ared.jpg\",\"articleSection\":[\"Sostenibilitat\",\"Innovaci\u00f3\",\"Espais\",\"Est\u00e0 passant\"],\"inLanguage\":\"ca\"},{\"@type\":\"WebPage\",\"@id\":\"https:\\\/\\\/poblenouurbandistrict.com\\\/ca\\\/fundacio-ared-una-de-les-10-entitats-finalistes-del-b-value\\\/\",\"url\":\"https:\\\/\\\/poblenouurbandistrict.com\\\/ca\\\/fundacio-ared-una-de-les-10-entitats-finalistes-del-b-value\\\/\",\"name\":\"Fundaci\u00f3 Ared, una de les 10 entitats finalistes del B-Value &#8211; Poblenou Urban District\",\"isPartOf\":{\"@id\":\"https:\\\/\\\/poblenouurbandistrict.com\\\/ca\\\/#website\"},\"primaryImageOfPage\":{\"@id\":\"https:\\\/\\\/poblenouurbandistrict.com\\\/ca\\\/fundacio-ared-una-de-les-10-entitats-finalistes-del-b-value\\\/#primaryimage\"},\"image\":{\"@id\":\"https:\\\/\\\/poblenouurbandistrict.com\\\/fundacio-ared-una-de-les-10-entitats-finalistes-del-b-value\\\/#primaryimage\"},\"thumbnailUrl\":\"https:\\\/\\\/media.poblenouurbandistrict.com\\\/2022\\\/11\\\/25055347\\\/ared.jpg\",\"datePublished\":\"2022-11-30T09:35:13+00:00\",\"dateModified\":\"2022-12-01T09:38:15+00:00\",\"author\":{\"@id\":\"https:\\\/\\\/poblenouurbandistrict.com\\\/#\\\/schema\\\/person\\\/980a2cf34b399d5218205730acd54a7e\"},\"breadcrumb\":{\"@id\":\"https:\\\/\\\/poblenouurbandistrict.com\\\/ca\\\/fundacio-ared-una-de-les-10-entitats-finalistes-del-b-value\\\/#breadcrumb\"},\"inLanguage\":\"ca\",\"potentialAction\":[{\"@type\":\"ReadAction\",\"target\":[[\"https:\\\/\\\/poblenouurbandistrict.com\\\/ca\\\/fundacio-ared-una-de-les-10-entitats-finalistes-del-b-value\\\/\"]]}]},{\"@type\":\"ImageObject\",\"inLanguage\":\"ca\",\"@id\":\"https:\\\/\\\/poblenouurbandistrict.com\\\/ca\\\/fundacio-ared-una-de-les-10-entitats-finalistes-del-b-value\\\/#primaryimage\",\"url\":\"https:\\\/\\\/media.poblenouurbandistrict.com\\\/2022\\\/11\\\/25055347\\\/ared.jpg\",\"contentUrl\":\"https:\\\/\\\/media.poblenouurbandistrict.com\\\/2022\\\/11\\\/25055347\\\/ared.jpg\",\"width\":1500,\"height\":1000},{\"@type\":\"BreadcrumbList\",\"@id\":\"https:\\\/\\\/poblenouurbandistrict.com\\\/ca\\\/fundacio-ared-una-de-les-10-entitats-finalistes-del-b-value\\\/#breadcrumb\",\"itemListElement\":[{\"@type\":\"ListItem\",\"position\":1,\"name\":\"Home\",\"item\":\"https:\\\/\\\/poblenouurbandistrict.com\\\/ca\\\/\"},{\"@type\":\"ListItem\",\"position\":2,\"name\":\"Fundaci\u00f3 Ared, una de las 10 entidades finalistas del B-Value\"}]},{\"@type\":\"WebSite\",\"@id\":\"https:\\\/\\\/poblenouurbandistrict.com\\\/ca\\\/#website\",\"url\":\"https:\\\/\\\/poblenouurbandistrict.com\\\/ca\\\/\",\"name\":\"Poblenou Urban District\",\"description\":\"Comunitat Creativa\",\"potentialAction\":[{\"@type\":\"SearchAction\",\"target\":{\"@type\":\"EntryPoint\",\"urlTemplate\":\"https:\\\/\\\/poblenouurbandistrict.com\\\/ca\\\/?s={search_term_string}\"},\"query-input\":{\"@type\":\"PropertyValueSpecification\",\"valueRequired\":true,\"valueName\":\"search_term_string\"}}],\"inLanguage\":\"ca\"},{\"@type\":\"Person\",\"@id\":\"https:\\\/\\\/poblenouurbandistrict.com\\\/#\\\/schema\\\/person\\\/980a2cf34b399d5218205730acd54a7e\",\"name\":\"pnud\",\"image\":{\"@type\":\"ImageObject\",\"inLanguage\":\"ca\",\"@id\":\"https:\\\/\\\/secure.gravatar.com\\\/avatar\\\/67146597b405ee077a24e519f75c3e2031736596d6ce35af3a34c122c93d0d7b?s=96&d=retro&r=g\",\"url\":\"https:\\\/\\\/secure.gravatar.com\\\/avatar\\\/67146597b405ee077a24e519f75c3e2031736596d6ce35af3a34c122c93d0d7b?s=96&d=retro&r=g\",\"contentUrl\":\"https:\\\/\\\/secure.gravatar.com\\\/avatar\\\/67146597b405ee077a24e519f75c3e2031736596d6ce35af3a34c122c93d0d7b?s=96&d=retro&r=g\",\"caption\":\"pnud\"}}]}<\/script>\n<!-- \/ Yoast SEO plugin. -->","yoast_head_json":{"title":"Fundaci\u00f3 Ared, una de les 10 entitats finalistes del B-Value &#8211; Poblenou Urban District","robots":{"index":"index","follow":"follow","max-snippet":"max-snippet:-1","max-image-preview":"max-image-preview:large","max-video-preview":"max-video-preview:-1"},"canonical":"https:\/\/poblenouurbandistrict.com\/ca\/fundacio-ared-una-de-les-10-entitats-finalistes-del-b-value\/","og_locale":"ca_ES","og_type":"article","og_title":"Fundaci\u00f3 Ared, una de les 10 entitats finalistes del B-Value &#8211; Poblenou Urban District","og_description":"El programa d&#8217;acceleraci\u00f3 B-Value \u00e9s una iniciativa per a entitats socials que promou la transformaci\u00f3 del tercer sector a trav\u00e9s... M\u00e9s \u2192","og_url":"https:\/\/poblenouurbandistrict.com\/ca\/fundacio-ared-una-de-les-10-entitats-finalistes-del-b-value\/","og_site_name":"Poblenou Urban District","article_published_time":"2022-11-30T09:35:13+00:00","article_modified_time":"2022-12-01T09:38:15+00:00","og_image":[{"width":1500,"height":1000,"url":"https:\/\/poblenouurbandistrict.com\/wp-content\/uploads\/2022\/11\/ared.png","type":"image\/png"}],"author":"pnud","twitter_card":"summary_large_image","twitter_misc":{"Escrit per":"pnud","Temps estimat de lectura":"2 minuts"},"schema":{"@context":"https:\/\/schema.org","@graph":[{"@type":"Article","@id":"https:\/\/poblenouurbandistrict.com\/fundacio-ared-una-de-les-10-entitats-finalistes-del-b-value\/#article","isPartOf":{"@id":"https:\/\/poblenouurbandistrict.com\/fundacio-ared-una-de-les-10-entitats-finalistes-del-b-value\/"},"author":{"name":"pnud","@id":"https:\/\/poblenouurbandistrict.com\/#\/schema\/person\/980a2cf34b399d5218205730acd54a7e"},"headline":"Fundaci\u00f3 Ared, una de les 10 entitats finalistes del B-Value","datePublished":"2022-11-30T09:35:13+00:00","dateModified":"2022-12-01T09:38:15+00:00","mainEntityOfPage":{"@id":"https:\/\/poblenouurbandistrict.com\/fundacio-ared-una-de-les-10-entitats-finalistes-del-b-value\/"},"wordCount":710,"image":{"@id":"https:\/\/poblenouurbandistrict.com\/fundacio-ared-una-de-les-10-entitats-finalistes-del-b-value\/#primaryimage"},"thumbnailUrl":"https:\/\/media.poblenouurbandistrict.com\/2022\/11\/25055347\/ared.jpg","articleSection":["Sostenibilitat","Innovaci\u00f3","Espais","Est\u00e0 passant"],"inLanguage":"ca"},{"@type":"WebPage","@id":"https:\/\/poblenouurbandistrict.com\/ca\/fundacio-ared-una-de-les-10-entitats-finalistes-del-b-value\/","url":"https:\/\/poblenouurbandistrict.com\/ca\/fundacio-ared-una-de-les-10-entitats-finalistes-del-b-value\/","name":"Fundaci\u00f3 Ared, una de les 10 entitats finalistes del B-Value &#8211; Poblenou Urban District","isPartOf":{"@id":"https:\/\/poblenouurbandistrict.com\/ca\/#website"},"primaryImageOfPage":{"@id":"https:\/\/poblenouurbandistrict.com\/ca\/fundacio-ared-una-de-les-10-entitats-finalistes-del-b-value\/#primaryimage"},"image":{"@id":"https:\/\/poblenouurbandistrict.com\/fundacio-ared-una-de-les-10-entitats-finalistes-del-b-value\/#primaryimage"},"thumbnailUrl":"https:\/\/media.poblenouurbandistrict.com\/2022\/11\/25055347\/ared.jpg","datePublished":"2022-11-30T09:35:13+00:00","dateModified":"2022-12-01T09:38:15+00:00","author":{"@id":"https:\/\/poblenouurbandistrict.com\/#\/schema\/person\/980a2cf34b399d5218205730acd54a7e"},"breadcrumb":{"@id":"https:\/\/poblenouurbandistrict.com\/ca\/fundacio-ared-una-de-les-10-entitats-finalistes-del-b-value\/#breadcrumb"},"inLanguage":"ca","potentialAction":[{"@type":"ReadAction","target":[["https:\/\/poblenouurbandistrict.com\/ca\/fundacio-ared-una-de-les-10-entitats-finalistes-del-b-value\/"]]}]},{"@type":"ImageObject","inLanguage":"ca","@id":"https:\/\/poblenouurbandistrict.com\/ca\/fundacio-ared-una-de-les-10-entitats-finalistes-del-b-value\/#primaryimage","url":"https:\/\/media.poblenouurbandistrict.com\/2022\/11\/25055347\/ared.jpg","contentUrl":"https:\/\/media.poblenouurbandistrict.com\/2022\/11\/25055347\/ared.jpg","width":1500,"height":1000},{"@type":"BreadcrumbList","@id":"https:\/\/poblenouurbandistrict.com\/ca\/fundacio-ared-una-de-les-10-entitats-finalistes-del-b-value\/#breadcrumb","itemListElement":[{"@type":"ListItem","position":1,"name":"Home","item":"https:\/\/poblenouurbandistrict.com\/ca\/"},{"@type":"ListItem","position":2,"name":"Fundaci\u00f3 Ared, una de las 10 entidades finalistas del B-Value"}]},{"@type":"WebSite","@id":"https:\/\/poblenouurbandistrict.com\/ca\/#website","url":"https:\/\/poblenouurbandistrict.com\/ca\/","name":"Poblenou Urban District","description":"Comunitat Creativa","potentialAction":[{"@type":"SearchAction","target":{"@type":"EntryPoint","urlTemplate":"https:\/\/poblenouurbandistrict.com\/ca\/?s={search_term_string}"},"query-input":{"@type":"PropertyValueSpecification","valueRequired":true,"valueName":"search_term_string"}}],"inLanguage":"ca"},{"@type":"Person","@id":"https:\/\/poblenouurbandistrict.com\/#\/schema\/person\/980a2cf34b399d5218205730acd54a7e","name":"pnud","image":{"@type":"ImageObject","inLanguage":"ca","@id":"https:\/\/secure.gravatar.com\/avatar\/67146597b405ee077a24e519f75c3e2031736596d6ce35af3a34c122c93d0d7b?s=96&d=retro&r=g","url":"https:\/\/secure.gravatar.com\/avatar\/67146597b405ee077a24e519f75c3e2031736596d6ce35af3a34c122c93d0d7b?s=96&d=retro&r=g","contentUrl":"https:\/\/secure.gravatar.com\/avatar\/67146597b405ee077a24e519f75c3e2031736596d6ce35af3a34c122c93d0d7b?s=96&d=retro&r=g","caption":"pnud"}}]}},"_links":{"self":[{"href":"https:\/\/poblenouurbandistrict.com\/ca\/wp-json\/wp\/v2\/posts\/36221","targetHints":{"allow":["GET"]}}],"collection":[{"href":"https:\/\/poblenouurbandistrict.com\/ca\/wp-json\/wp\/v2\/posts"}],"about":[{"href":"https:\/\/poblenouurbandistrict.com\/ca\/wp-json\/wp\/v2\/types\/post"}],"author":[{"embeddable":true,"href":"https:\/\/poblenouurbandistrict.com\/ca\/wp-json\/wp\/v2\/users\/5"}],"replies":[{"embeddable":true,"href":"https:\/\/poblenouurbandistrict.com\/ca\/wp-json\/wp\/v2\/comments?post=36221"}],"version-history":[{"count":3,"href":"https:\/\/poblenouurbandistrict.com\/ca\/wp-json\/wp\/v2\/posts\/36221\/revisions"}],"predecessor-version":[{"id":36225,"href":"https:\/\/poblenouurbandistrict.com\/ca\/wp-json\/wp\/v2\/posts\/36221\/revisions\/36225"}],"wp:featuredmedia":[{"embeddable":true,"href":"https:\/\/poblenouurbandistrict.com\/ca\/wp-json\/wp\/v2\/media\/36222"}],"wp:attachment":[{"href":"https:\/\/poblenouurbandistrict.com\/ca\/wp-json\/wp\/v2\/media?parent=36221"}],"wp:term":[{"taxonomy":"category","embeddable":true,"href":"https:\/\/poblenouurbandistrict.com\/ca\/wp-json\/wp\/v2\/categories?post=36221"},{"taxonomy":"post_tag","embeddable":true,"href":"https:\/\/poblenouurbandistrict.com\/ca\/wp-json\/wp\/v2\/tags?post=36221"}],"curies":[{"name":"wp","href":"https:\/\/api.w.org\/{rel}","templated":true}]}}