{"id":36350,"date":"2022-12-22T10:17:24","date_gmt":"2022-12-22T09:17:24","guid":{"rendered":"https:\/\/poblenouurbandistrict.com\/?p=36350"},"modified":"2022-12-22T16:11:41","modified_gmt":"2022-12-22T15:11:41","slug":"el-disseny-hub-inaugura-la-exposicio-temporal-designadal","status":"publish","type":"post","link":"https:\/\/poblenouurbandistrict.com\/ca\/el-disseny-hub-inaugura-la-exposicio-temporal-designadal\/","title":{"rendered":"El Disseny Hub inaugura la exposici\u00f3 temporal &#8220;DesigNadal&#8221;"},"content":{"rendered":"<p><\/p>\n<div class=\"item horari\">\n<p>S\u2019acosten les festes de Nadal, i la ciutat, els carrers i els equipaments es vesteixen per a l\u2019ocasi\u00f3. El Disseny Hub no \u00e9s una excepci\u00f3 i enguany tamb\u00e9 acull una\u00a0<strong>instal\u00b7laci\u00f3 nadalenca<\/strong>.<\/p>\n<p>En aquesta ocasi\u00f3 es tracta de\u00a0<b>DesigNadal<\/b>, una proposta que representa l\u2019<strong>Estel de Nadal<\/strong>\u00a0com a s\u00edmbol d\u2019uni\u00f3, de solidaritat i de voler trobar quelcom que desitgem.<\/p>\n<p>Aix\u00ed, la proposta dissenyada per\u00a0<strong><a href=\"https:\/\/artecstudio.net\/main-works\" target=\"_blank\" rel=\"noopener noreferrer\">Artec Studio<\/a> <\/strong>per aquest Nadal presenta un conjunt d\u2019elements lum\u00ednics en moviment percebuts des del disseny com un is\u00f2tip tridimensional seq\u00fcenciat en el temps, per capes, que, vist en el seu conjunt, conforma una interpretaci\u00f3 de l\u2019Estel dels desitjos. Una nova creaci\u00f3 de Maurici Gin\u00e9s, fundador i Director<br \/>\nCreatiu de l\u2019estudi barcelon\u00ed.<\/p>\n<p>L\u2019objectiu \u00e9s que el visitant, a m\u00e9s de contemplar tot el conjunt, alci la vista i, en veure\u2019l, demani el seu desig per Nadal.<\/p>\n<\/div>\n<p>&nbsp;<\/p>\n<div class=\"item data\"><label>Dates: <\/label>Del dimecres, 21 de desembre de 2022, al divendres, 3 de febrer de 2023<\/div>\n<div class=\"item horari\"><label>Horari: <\/label>De 10:00 fins 20:00<\/div>\n<div class=\"item\"><\/div>\n<div class=\"item\"><\/div>\n<p><\/p>","protected":false},"excerpt":{"rendered":"<p>S\u2019acosten les festes de Nadal, i la ciutat, els carrers i els equipaments es vesteixen per a l\u2019ocasi\u00f3. El Disseny&#8230; <a href=\"https:\/\/poblenouurbandistrict.com\/ca\/el-disseny-hub-inaugura-la-exposicio-temporal-designadal\/\">M\u00e9s  \u2192<\/a><\/p>\n","protected":false},"author":5,"featured_media":36396,"comment_status":"closed","ping_status":"closed","sticky":false,"template":"","format":"standard","meta":{"_acf_changed":false,"footnotes":""},"categories":[3532,1],"tags":[],"class_list":["post-36350","post","type-post","status-publish","format-standard","has-post-thumbnail","hentry","category-disseny-hub-barcelona","category-noticias"],"acf":[],"yoast_head":"<!-- This site is optimized with the Yoast SEO plugin v27.5 - https:\/\/yoast.com\/product\/yoast-seo-wordpress\/ -->\n<title>El Disseny Hub inaugura la exposici\u00f3 temporal &quot;DesigNadal&quot; &#8211; Poblenou Urban District<\/title>\n<meta name=\"robots\" content=\"index, follow, max-snippet:-1, max-image-preview:large, max-video-preview:-1\" \/>\n<link rel=\"canonical\" href=\"https:\/\/poblenouurbandistrict.com\/ca\/el-disseny-hub-inaugura-la-exposicio-temporal-designadal\/\" \/>\n<meta property=\"og:locale\" content=\"ca_ES\" \/>\n<meta property=\"og:type\" content=\"article\" \/>\n<meta property=\"og:title\" content=\"El Disseny Hub inaugura la exposici\u00f3 temporal &quot;DesigNadal&quot; &#8211; Poblenou Urban District\" \/>\n<meta property=\"og:description\" content=\"S\u2019acosten les festes de Nadal, i la ciutat, els carrers i els equipaments es vesteixen per a l\u2019ocasi\u00f3. El Disseny... M\u00e9s \u2192\" \/>\n<meta property=\"og:url\" content=\"https:\/\/poblenouurbandistrict.com\/ca\/el-disseny-hub-inaugura-la-exposicio-temporal-designadal\/\" \/>\n<meta property=\"og:site_name\" content=\"Poblenou Urban District\" \/>\n<meta property=\"article:published_time\" content=\"2022-12-22T09:17:24+00:00\" \/>\n<meta property=\"article:modified_time\" content=\"2022-12-22T15:11:41+00:00\" \/>\n<meta property=\"og:image\" content=\"https:\/\/poblenouurbandistrict.com\/wp-content\/uploads\/2022\/12\/foto-principal-designadal-1500x1000-1.jpg\" \/>\n\t<meta property=\"og:image:width\" content=\"750\" \/>\n\t<meta property=\"og:image:height\" content=\"500\" \/>\n\t<meta property=\"og:image:type\" content=\"image\/jpeg\" \/>\n<meta name=\"author\" content=\"pnud\" \/>\n<meta name=\"twitter:card\" content=\"summary_large_image\" \/>\n<meta name=\"twitter:label1\" content=\"Escrit per\" \/>\n\t<meta name=\"twitter:data1\" content=\"pnud\" \/>\n\t<meta name=\"twitter:label2\" content=\"Temps estimat de lectura\" \/>\n\t<meta name=\"twitter:data2\" content=\"1 minut\" \/>\n<script type=\"application\/ld+json\" class=\"yoast-schema-graph\">{\"@context\":\"https:\\\/\\\/schema.org\",\"@graph\":[{\"@type\":\"Article\",\"@id\":\"https:\\\/\\\/poblenouurbandistrict.com\\\/el-disseny-hub-inaugura-la-exposicio-temporal-designadal\\\/#article\",\"isPartOf\":{\"@id\":\"https:\\\/\\\/poblenouurbandistrict.com\\\/el-disseny-hub-inaugura-la-exposicio-temporal-designadal\\\/\"},\"author\":{\"name\":\"pnud\",\"@id\":\"https:\\\/\\\/poblenouurbandistrict.com\\\/#\\\/schema\\\/person\\\/980a2cf34b399d5218205730acd54a7e\"},\"headline\":\"El Disseny Hub inaugura la exposici\u00f3 temporal &#8220;DesigNadal&#8221;\",\"datePublished\":\"2022-12-22T09:17:24+00:00\",\"dateModified\":\"2022-12-22T15:11:41+00:00\",\"mainEntityOfPage\":{\"@id\":\"https:\\\/\\\/poblenouurbandistrict.com\\\/el-disseny-hub-inaugura-la-exposicio-temporal-designadal\\\/\"},\"wordCount\":369,\"image\":{\"@id\":\"https:\\\/\\\/poblenouurbandistrict.com\\\/el-disseny-hub-inaugura-la-exposicio-temporal-designadal\\\/#primaryimage\"},\"thumbnailUrl\":\"https:\\\/\\\/media.poblenouurbandistrict.com\\\/2022\\\/12\\\/25055546\\\/foto-principal-designadal-1500x1000-1.jpg\",\"articleSection\":[\"Disseny Hub Barcelona\",\"Est\u00e0 passant\"],\"inLanguage\":\"ca\"},{\"@type\":\"WebPage\",\"@id\":\"https:\\\/\\\/poblenouurbandistrict.com\\\/ca\\\/el-disseny-hub-inaugura-la-exposicio-temporal-designadal\\\/\",\"url\":\"https:\\\/\\\/poblenouurbandistrict.com\\\/ca\\\/el-disseny-hub-inaugura-la-exposicio-temporal-designadal\\\/\",\"name\":\"El Disseny Hub inaugura la exposici\u00f3 temporal \\\"DesigNadal\\\" &#8211; Poblenou Urban District\",\"isPartOf\":{\"@id\":\"https:\\\/\\\/poblenouurbandistrict.com\\\/ca\\\/#website\"},\"primaryImageOfPage\":{\"@id\":\"https:\\\/\\\/poblenouurbandistrict.com\\\/ca\\\/el-disseny-hub-inaugura-la-exposicio-temporal-designadal\\\/#primaryimage\"},\"image\":{\"@id\":\"https:\\\/\\\/poblenouurbandistrict.com\\\/el-disseny-hub-inaugura-la-exposicio-temporal-designadal\\\/#primaryimage\"},\"thumbnailUrl\":\"https:\\\/\\\/media.poblenouurbandistrict.com\\\/2022\\\/12\\\/25055546\\\/foto-principal-designadal-1500x1000-1.jpg\",\"datePublished\":\"2022-12-22T09:17:24+00:00\",\"dateModified\":\"2022-12-22T15:11:41+00:00\",\"author\":{\"@id\":\"https:\\\/\\\/poblenouurbandistrict.com\\\/#\\\/schema\\\/person\\\/980a2cf34b399d5218205730acd54a7e\"},\"breadcrumb\":{\"@id\":\"https:\\\/\\\/poblenouurbandistrict.com\\\/ca\\\/el-disseny-hub-inaugura-la-exposicio-temporal-designadal\\\/#breadcrumb\"},\"inLanguage\":\"ca\",\"potentialAction\":[{\"@type\":\"ReadAction\",\"target\":[[\"https:\\\/\\\/poblenouurbandistrict.com\\\/ca\\\/el-disseny-hub-inaugura-la-exposicio-temporal-designadal\\\/\"]]}]},{\"@type\":\"ImageObject\",\"inLanguage\":\"ca\",\"@id\":\"https:\\\/\\\/poblenouurbandistrict.com\\\/ca\\\/el-disseny-hub-inaugura-la-exposicio-temporal-designadal\\\/#primaryimage\",\"url\":\"https:\\\/\\\/media.poblenouurbandistrict.com\\\/2022\\\/12\\\/25055546\\\/foto-principal-designadal-1500x1000-1.jpg\",\"contentUrl\":\"https:\\\/\\\/media.poblenouurbandistrict.com\\\/2022\\\/12\\\/25055546\\\/foto-principal-designadal-1500x1000-1.jpg\",\"width\":750,\"height\":500},{\"@type\":\"BreadcrumbList\",\"@id\":\"https:\\\/\\\/poblenouurbandistrict.com\\\/ca\\\/el-disseny-hub-inaugura-la-exposicio-temporal-designadal\\\/#breadcrumb\",\"itemListElement\":[{\"@type\":\"ListItem\",\"position\":1,\"name\":\"Home\",\"item\":\"https:\\\/\\\/poblenouurbandistrict.com\\\/ca\\\/\"},{\"@type\":\"ListItem\",\"position\":2,\"name\":\"El Disseny Hub inaugura la exposici\u00f3 temporal &#8220;DesigNadal&#8221;\"}]},{\"@type\":\"WebSite\",\"@id\":\"https:\\\/\\\/poblenouurbandistrict.com\\\/ca\\\/#website\",\"url\":\"https:\\\/\\\/poblenouurbandistrict.com\\\/ca\\\/\",\"name\":\"Poblenou Urban District\",\"description\":\"Comunitat Creativa\",\"potentialAction\":[{\"@type\":\"SearchAction\",\"target\":{\"@type\":\"EntryPoint\",\"urlTemplate\":\"https:\\\/\\\/poblenouurbandistrict.com\\\/ca\\\/?s={search_term_string}\"},\"query-input\":{\"@type\":\"PropertyValueSpecification\",\"valueRequired\":true,\"valueName\":\"search_term_string\"}}],\"inLanguage\":\"ca\"},{\"@type\":\"Person\",\"@id\":\"https:\\\/\\\/poblenouurbandistrict.com\\\/#\\\/schema\\\/person\\\/980a2cf34b399d5218205730acd54a7e\",\"name\":\"pnud\",\"image\":{\"@type\":\"ImageObject\",\"inLanguage\":\"ca\",\"@id\":\"https:\\\/\\\/secure.gravatar.com\\\/avatar\\\/67146597b405ee077a24e519f75c3e2031736596d6ce35af3a34c122c93d0d7b?s=96&d=retro&r=g\",\"url\":\"https:\\\/\\\/secure.gravatar.com\\\/avatar\\\/67146597b405ee077a24e519f75c3e2031736596d6ce35af3a34c122c93d0d7b?s=96&d=retro&r=g\",\"contentUrl\":\"https:\\\/\\\/secure.gravatar.com\\\/avatar\\\/67146597b405ee077a24e519f75c3e2031736596d6ce35af3a34c122c93d0d7b?s=96&d=retro&r=g\",\"caption\":\"pnud\"}}]}<\/script>\n<!-- \/ Yoast SEO plugin. -->","yoast_head_json":{"title":"El Disseny Hub inaugura la exposici\u00f3 temporal \"DesigNadal\" &#8211; Poblenou Urban District","robots":{"index":"index","follow":"follow","max-snippet":"max-snippet:-1","max-image-preview":"max-image-preview:large","max-video-preview":"max-video-preview:-1"},"canonical":"https:\/\/poblenouurbandistrict.com\/ca\/el-disseny-hub-inaugura-la-exposicio-temporal-designadal\/","og_locale":"ca_ES","og_type":"article","og_title":"El Disseny Hub inaugura la exposici\u00f3 temporal \"DesigNadal\" &#8211; Poblenou Urban District","og_description":"S\u2019acosten les festes de Nadal, i la ciutat, els carrers i els equipaments es vesteixen per a l\u2019ocasi\u00f3. El Disseny... M\u00e9s \u2192","og_url":"https:\/\/poblenouurbandistrict.com\/ca\/el-disseny-hub-inaugura-la-exposicio-temporal-designadal\/","og_site_name":"Poblenou Urban District","article_published_time":"2022-12-22T09:17:24+00:00","article_modified_time":"2022-12-22T15:11:41+00:00","og_image":[{"width":750,"height":500,"url":"https:\/\/poblenouurbandistrict.com\/wp-content\/uploads\/2022\/12\/foto-principal-designadal-1500x1000-1.jpg","type":"image\/jpeg"}],"author":"pnud","twitter_card":"summary_large_image","twitter_misc":{"Escrit per":"pnud","Temps estimat de lectura":"1 minut"},"schema":{"@context":"https:\/\/schema.org","@graph":[{"@type":"Article","@id":"https:\/\/poblenouurbandistrict.com\/el-disseny-hub-inaugura-la-exposicio-temporal-designadal\/#article","isPartOf":{"@id":"https:\/\/poblenouurbandistrict.com\/el-disseny-hub-inaugura-la-exposicio-temporal-designadal\/"},"author":{"name":"pnud","@id":"https:\/\/poblenouurbandistrict.com\/#\/schema\/person\/980a2cf34b399d5218205730acd54a7e"},"headline":"El Disseny Hub inaugura la exposici\u00f3 temporal &#8220;DesigNadal&#8221;","datePublished":"2022-12-22T09:17:24+00:00","dateModified":"2022-12-22T15:11:41+00:00","mainEntityOfPage":{"@id":"https:\/\/poblenouurbandistrict.com\/el-disseny-hub-inaugura-la-exposicio-temporal-designadal\/"},"wordCount":369,"image":{"@id":"https:\/\/poblenouurbandistrict.com\/el-disseny-hub-inaugura-la-exposicio-temporal-designadal\/#primaryimage"},"thumbnailUrl":"https:\/\/media.poblenouurbandistrict.com\/2022\/12\/25055546\/foto-principal-designadal-1500x1000-1.jpg","articleSection":["Disseny Hub Barcelona","Est\u00e0 passant"],"inLanguage":"ca"},{"@type":"WebPage","@id":"https:\/\/poblenouurbandistrict.com\/ca\/el-disseny-hub-inaugura-la-exposicio-temporal-designadal\/","url":"https:\/\/poblenouurbandistrict.com\/ca\/el-disseny-hub-inaugura-la-exposicio-temporal-designadal\/","name":"El Disseny Hub inaugura la exposici\u00f3 temporal \"DesigNadal\" &#8211; Poblenou Urban District","isPartOf":{"@id":"https:\/\/poblenouurbandistrict.com\/ca\/#website"},"primaryImageOfPage":{"@id":"https:\/\/poblenouurbandistrict.com\/ca\/el-disseny-hub-inaugura-la-exposicio-temporal-designadal\/#primaryimage"},"image":{"@id":"https:\/\/poblenouurbandistrict.com\/el-disseny-hub-inaugura-la-exposicio-temporal-designadal\/#primaryimage"},"thumbnailUrl":"https:\/\/media.poblenouurbandistrict.com\/2022\/12\/25055546\/foto-principal-designadal-1500x1000-1.jpg","datePublished":"2022-12-22T09:17:24+00:00","dateModified":"2022-12-22T15:11:41+00:00","author":{"@id":"https:\/\/poblenouurbandistrict.com\/#\/schema\/person\/980a2cf34b399d5218205730acd54a7e"},"breadcrumb":{"@id":"https:\/\/poblenouurbandistrict.com\/ca\/el-disseny-hub-inaugura-la-exposicio-temporal-designadal\/#breadcrumb"},"inLanguage":"ca","potentialAction":[{"@type":"ReadAction","target":[["https:\/\/poblenouurbandistrict.com\/ca\/el-disseny-hub-inaugura-la-exposicio-temporal-designadal\/"]]}]},{"@type":"ImageObject","inLanguage":"ca","@id":"https:\/\/poblenouurbandistrict.com\/ca\/el-disseny-hub-inaugura-la-exposicio-temporal-designadal\/#primaryimage","url":"https:\/\/media.poblenouurbandistrict.com\/2022\/12\/25055546\/foto-principal-designadal-1500x1000-1.jpg","contentUrl":"https:\/\/media.poblenouurbandistrict.com\/2022\/12\/25055546\/foto-principal-designadal-1500x1000-1.jpg","width":750,"height":500},{"@type":"BreadcrumbList","@id":"https:\/\/poblenouurbandistrict.com\/ca\/el-disseny-hub-inaugura-la-exposicio-temporal-designadal\/#breadcrumb","itemListElement":[{"@type":"ListItem","position":1,"name":"Home","item":"https:\/\/poblenouurbandistrict.com\/ca\/"},{"@type":"ListItem","position":2,"name":"El Disseny Hub inaugura la exposici\u00f3 temporal &#8220;DesigNadal&#8221;"}]},{"@type":"WebSite","@id":"https:\/\/poblenouurbandistrict.com\/ca\/#website","url":"https:\/\/poblenouurbandistrict.com\/ca\/","name":"Poblenou Urban District","description":"Comunitat Creativa","potentialAction":[{"@type":"SearchAction","target":{"@type":"EntryPoint","urlTemplate":"https:\/\/poblenouurbandistrict.com\/ca\/?s={search_term_string}"},"query-input":{"@type":"PropertyValueSpecification","valueRequired":true,"valueName":"search_term_string"}}],"inLanguage":"ca"},{"@type":"Person","@id":"https:\/\/poblenouurbandistrict.com\/#\/schema\/person\/980a2cf34b399d5218205730acd54a7e","name":"pnud","image":{"@type":"ImageObject","inLanguage":"ca","@id":"https:\/\/secure.gravatar.com\/avatar\/67146597b405ee077a24e519f75c3e2031736596d6ce35af3a34c122c93d0d7b?s=96&d=retro&r=g","url":"https:\/\/secure.gravatar.com\/avatar\/67146597b405ee077a24e519f75c3e2031736596d6ce35af3a34c122c93d0d7b?s=96&d=retro&r=g","contentUrl":"https:\/\/secure.gravatar.com\/avatar\/67146597b405ee077a24e519f75c3e2031736596d6ce35af3a34c122c93d0d7b?s=96&d=retro&r=g","caption":"pnud"}}]}},"_links":{"self":[{"href":"https:\/\/poblenouurbandistrict.com\/ca\/wp-json\/wp\/v2\/posts\/36350","targetHints":{"allow":["GET"]}}],"collection":[{"href":"https:\/\/poblenouurbandistrict.com\/ca\/wp-json\/wp\/v2\/posts"}],"about":[{"href":"https:\/\/poblenouurbandistrict.com\/ca\/wp-json\/wp\/v2\/types\/post"}],"author":[{"embeddable":true,"href":"https:\/\/poblenouurbandistrict.com\/ca\/wp-json\/wp\/v2\/users\/5"}],"replies":[{"embeddable":true,"href":"https:\/\/poblenouurbandistrict.com\/ca\/wp-json\/wp\/v2\/comments?post=36350"}],"version-history":[{"count":4,"href":"https:\/\/poblenouurbandistrict.com\/ca\/wp-json\/wp\/v2\/posts\/36350\/revisions"}],"predecessor-version":[{"id":36398,"href":"https:\/\/poblenouurbandistrict.com\/ca\/wp-json\/wp\/v2\/posts\/36350\/revisions\/36398"}],"wp:featuredmedia":[{"embeddable":true,"href":"https:\/\/poblenouurbandistrict.com\/ca\/wp-json\/wp\/v2\/media\/36396"}],"wp:attachment":[{"href":"https:\/\/poblenouurbandistrict.com\/ca\/wp-json\/wp\/v2\/media?parent=36350"}],"wp:term":[{"taxonomy":"category","embeddable":true,"href":"https:\/\/poblenouurbandistrict.com\/ca\/wp-json\/wp\/v2\/categories?post=36350"},{"taxonomy":"post_tag","embeddable":true,"href":"https:\/\/poblenouurbandistrict.com\/ca\/wp-json\/wp\/v2\/tags?post=36350"}],"curies":[{"name":"wp","href":"https:\/\/api.w.org\/{rel}","templated":true}]}}