{"id":36468,"date":"2023-01-19T14:12:12","date_gmt":"2023-01-19T13:12:12","guid":{"rendered":"https:\/\/poblenouurbandistrict.com\/?p=36468"},"modified":"2023-01-27T16:33:30","modified_gmt":"2023-01-27T15:33:30","slug":"off-llum-bcn-nova-edicio-poblenou","status":"publish","type":"post","link":"https:\/\/poblenouurbandistrict.com\/ca\/off-llum-bcn-nova-edicio-poblenou\/","title":{"rendered":"L\u2019Off Llum Bcn celebra la seva 4\u00aa edici\u00f3"},"content":{"rendered":"<p><span style=\"font-weight: 400;\">Del <strong>3 al 5 de febrer<\/strong> arriba la quarta edici\u00f3 de l\u2019<strong>Off Llum Bcn<\/strong>, un recorregut alternatiu al <\/span><strong><a href=\"https:\/\/www.barcelona.cat\/llumbcn\/ca\/\">Festival Llum Bcn<\/a><\/strong><span style=\"font-weight: 400;\">, ideat i produ\u00eft pel Poblenou Urban District en col\u00b7laboraci\u00f3 amb l\u2019Ajuntament de Barcelona, que busca posar el focus a l\u2019art lum\u00ednic a trav\u00e9s de diverses disciplines i donar visibilitat a propostes d\u2019artistes, tant consolidats com experimentals, en els espais de creaci\u00f3 que formen part de la comunitat creativa del Poblenou.<\/span><\/p>\n<p><span style=\"font-weight: 400;\">Aquest any l\u2019Off Llum Bcn compta amb la participaci\u00f3 inestimable de 9<strong>\u00a0espais associats que presentaran 12 instal\u00b7lacions lum\u00edniques<\/strong>, de les quals us podrem donar tots els detalls en els pr\u00f2xims dies.\u00a0<\/span><\/p>\n<p><span style=\"font-weight: 400;\">Per l\u2019associaci\u00f3 \u00e9s un plaer formar part d\u2019aquest esdeveniment clau dins l\u2019agenda anual de la ciutat, ja que ens permet visibilitzar i fer valdre el gran talent innovador i creatiu provinent de les diferents entitats del districte.<\/span><\/p>\n<p><span style=\"font-weight: 400;\">Aix\u00ed doncs, marqueu b\u00e9 les dates a la vostra agenda i estigueu molt atents a les nostres xarxes i newsletter, perqu\u00e8 una nit tan m\u00e0gica i sorprenent com la de l\u2019Off Llum Bcn no us la podeu perdre de cap manera.<\/span><\/p>\n<p>&nbsp;<\/p>","protected":false},"excerpt":{"rendered":"<p>Del 3 al 5 de febrer arriba la quarta edici\u00f3 de l\u2019Off Llum Bcn, un recorregut alternatiu al Festival Llum&#8230; <a href=\"https:\/\/poblenouurbandistrict.com\/ca\/off-llum-bcn-nova-edicio-poblenou\/\">M\u00e9s  \u2192<\/a><\/p>\n","protected":false},"author":5,"featured_media":25630,"comment_status":"closed","ping_status":"closed","sticky":false,"template":"","format":"standard","meta":{"_acf_changed":false,"footnotes":""},"categories":[3548,3364,1],"tags":[],"class_list":["post-36468","post","type-post","status-publish","format-standard","has-post-thumbnail","hentry","category-off-llum-bcn","category-poblenou-urban-district","category-noticias"],"acf":[],"yoast_head":"<!-- This site is optimized with the Yoast SEO plugin v27.5 - https:\/\/yoast.com\/product\/yoast-seo-wordpress\/ -->\n<title>L\u2019Off Llum Bcn celebra la seva 4\u00aa edici\u00f3<\/title>\n<meta name=\"description\" content=\"Del 3 al 5 de febrer arriba la tercera edici\u00f3 de l\u2019Off Llum, un recorregut alternatiu al Festival Llum Bcn.\" \/>\n<meta name=\"robots\" content=\"index, follow, max-snippet:-1, max-image-preview:large, max-video-preview:-1\" \/>\n<link rel=\"canonical\" href=\"https:\/\/poblenouurbandistrict.com\/ca\/off-llum-bcn-nova-edicio-poblenou\/\" \/>\n<meta property=\"og:locale\" content=\"ca_ES\" \/>\n<meta property=\"og:type\" content=\"article\" \/>\n<meta property=\"og:title\" content=\"L\u2019Off Llum Bcn celebra la seva 4\u00aa edici\u00f3\" \/>\n<meta property=\"og:description\" content=\"Del 3 al 5 de febrer arriba la tercera edici\u00f3 de l\u2019Off Llum, un recorregut alternatiu al Festival Llum Bcn.\" \/>\n<meta property=\"og:url\" content=\"https:\/\/poblenouurbandistrict.com\/ca\/off-llum-bcn-nova-edicio-poblenou\/\" \/>\n<meta property=\"og:site_name\" content=\"Poblenou Urban District\" \/>\n<meta property=\"article:published_time\" content=\"2023-01-19T13:12:12+00:00\" \/>\n<meta property=\"article:modified_time\" content=\"2023-01-27T15:33:30+00:00\" \/>\n<meta property=\"og:image\" content=\"https:\/\/poblenouurbandistrict.com\/wp-content\/uploads\/2022\/01\/off-llum-bcnimagen-web.jpg\" \/>\n\t<meta property=\"og:image:width\" content=\"620\" \/>\n\t<meta property=\"og:image:height\" content=\"380\" \/>\n\t<meta property=\"og:image:type\" content=\"image\/jpeg\" \/>\n<meta name=\"author\" content=\"pnud\" \/>\n<meta name=\"twitter:card\" content=\"summary_large_image\" \/>\n<meta name=\"twitter:label1\" content=\"Escrit per\" \/>\n\t<meta name=\"twitter:data1\" content=\"pnud\" \/>\n\t<meta name=\"twitter:label2\" content=\"Temps estimat de lectura\" \/>\n\t<meta name=\"twitter:data2\" content=\"2 minuts\" \/>\n<script type=\"application\/ld+json\" class=\"yoast-schema-graph\">{\"@context\":\"https:\\\/\\\/schema.org\",\"@graph\":[{\"@type\":\"Article\",\"@id\":\"https:\\\/\\\/poblenouurbandistrict.com\\\/off-llum-bcn-nova-edicio-poblenou\\\/#article\",\"isPartOf\":{\"@id\":\"https:\\\/\\\/poblenouurbandistrict.com\\\/off-llum-bcn-nova-edicio-poblenou\\\/\"},\"author\":{\"name\":\"pnud\",\"@id\":\"https:\\\/\\\/poblenouurbandistrict.com\\\/#\\\/schema\\\/person\\\/980a2cf34b399d5218205730acd54a7e\"},\"headline\":\"L\u2019Off Llum Bcn celebra la seva 4\u00aa edici\u00f3\",\"datePublished\":\"2023-01-19T13:12:12+00:00\",\"dateModified\":\"2023-01-27T15:33:30+00:00\",\"mainEntityOfPage\":{\"@id\":\"https:\\\/\\\/poblenouurbandistrict.com\\\/off-llum-bcn-nova-edicio-poblenou\\\/\"},\"wordCount\":411,\"image\":{\"@id\":\"https:\\\/\\\/poblenouurbandistrict.com\\\/off-llum-bcn-nova-edicio-poblenou\\\/#primaryimage\"},\"thumbnailUrl\":\"https:\\\/\\\/media.poblenouurbandistrict.com\\\/2022\\\/01\\\/25044337\\\/off-llum-bcnimagen-web.jpg\",\"articleSection\":[\"Off Llum Bcn\",\"Poblenou Urban District\",\"Est\u00e0 passant\"],\"inLanguage\":\"ca\"},{\"@type\":\"WebPage\",\"@id\":\"https:\\\/\\\/poblenouurbandistrict.com\\\/ca\\\/off-llum-bcn-nova-edicio-poblenou\\\/\",\"url\":\"https:\\\/\\\/poblenouurbandistrict.com\\\/ca\\\/off-llum-bcn-nova-edicio-poblenou\\\/\",\"name\":\"L\u2019Off Llum Bcn celebra la seva 4\u00aa edici\u00f3\",\"isPartOf\":{\"@id\":\"https:\\\/\\\/poblenouurbandistrict.com\\\/ca\\\/#website\"},\"primaryImageOfPage\":{\"@id\":\"https:\\\/\\\/poblenouurbandistrict.com\\\/ca\\\/off-llum-bcn-nova-edicio-poblenou\\\/#primaryimage\"},\"image\":{\"@id\":\"https:\\\/\\\/poblenouurbandistrict.com\\\/off-llum-bcn-nova-edicio-poblenou\\\/#primaryimage\"},\"thumbnailUrl\":\"https:\\\/\\\/media.poblenouurbandistrict.com\\\/2022\\\/01\\\/25044337\\\/off-llum-bcnimagen-web.jpg\",\"datePublished\":\"2023-01-19T13:12:12+00:00\",\"dateModified\":\"2023-01-27T15:33:30+00:00\",\"author\":{\"@id\":\"https:\\\/\\\/poblenouurbandistrict.com\\\/#\\\/schema\\\/person\\\/980a2cf34b399d5218205730acd54a7e\"},\"description\":\"Del 3 al 5 de febrer arriba la tercera edici\u00f3 de l\u2019Off Llum, un recorregut alternatiu al Festival Llum Bcn.\",\"breadcrumb\":{\"@id\":\"https:\\\/\\\/poblenouurbandistrict.com\\\/ca\\\/off-llum-bcn-nova-edicio-poblenou\\\/#breadcrumb\"},\"inLanguage\":\"ca\",\"potentialAction\":[{\"@type\":\"ReadAction\",\"target\":[[\"https:\\\/\\\/poblenouurbandistrict.com\\\/ca\\\/off-llum-bcn-nova-edicio-poblenou\\\/\"]]}]},{\"@type\":\"ImageObject\",\"inLanguage\":\"ca\",\"@id\":\"https:\\\/\\\/poblenouurbandistrict.com\\\/ca\\\/off-llum-bcn-nova-edicio-poblenou\\\/#primaryimage\",\"url\":\"https:\\\/\\\/media.poblenouurbandistrict.com\\\/2022\\\/01\\\/25044337\\\/off-llum-bcnimagen-web.jpg\",\"contentUrl\":\"https:\\\/\\\/media.poblenouurbandistrict.com\\\/2022\\\/01\\\/25044337\\\/off-llum-bcnimagen-web.jpg\",\"width\":620,\"height\":380},{\"@type\":\"BreadcrumbList\",\"@id\":\"https:\\\/\\\/poblenouurbandistrict.com\\\/ca\\\/off-llum-bcn-nova-edicio-poblenou\\\/#breadcrumb\",\"itemListElement\":[{\"@type\":\"ListItem\",\"position\":1,\"name\":\"Home\",\"item\":\"https:\\\/\\\/poblenouurbandistrict.com\\\/ca\\\/\"},{\"@type\":\"ListItem\",\"position\":2,\"name\":\"L\u2019Off Llum Bcn celebra la seva 4\u00aa edici\u00f3\"}]},{\"@type\":\"WebSite\",\"@id\":\"https:\\\/\\\/poblenouurbandistrict.com\\\/ca\\\/#website\",\"url\":\"https:\\\/\\\/poblenouurbandistrict.com\\\/ca\\\/\",\"name\":\"Poblenou Urban District\",\"description\":\"Comunitat Creativa\",\"potentialAction\":[{\"@type\":\"SearchAction\",\"target\":{\"@type\":\"EntryPoint\",\"urlTemplate\":\"https:\\\/\\\/poblenouurbandistrict.com\\\/ca\\\/?s={search_term_string}\"},\"query-input\":{\"@type\":\"PropertyValueSpecification\",\"valueRequired\":true,\"valueName\":\"search_term_string\"}}],\"inLanguage\":\"ca\"},{\"@type\":\"Person\",\"@id\":\"https:\\\/\\\/poblenouurbandistrict.com\\\/#\\\/schema\\\/person\\\/980a2cf34b399d5218205730acd54a7e\",\"name\":\"pnud\",\"image\":{\"@type\":\"ImageObject\",\"inLanguage\":\"ca\",\"@id\":\"https:\\\/\\\/secure.gravatar.com\\\/avatar\\\/67146597b405ee077a24e519f75c3e2031736596d6ce35af3a34c122c93d0d7b?s=96&d=retro&r=g\",\"url\":\"https:\\\/\\\/secure.gravatar.com\\\/avatar\\\/67146597b405ee077a24e519f75c3e2031736596d6ce35af3a34c122c93d0d7b?s=96&d=retro&r=g\",\"contentUrl\":\"https:\\\/\\\/secure.gravatar.com\\\/avatar\\\/67146597b405ee077a24e519f75c3e2031736596d6ce35af3a34c122c93d0d7b?s=96&d=retro&r=g\",\"caption\":\"pnud\"}}]}<\/script>\n<!-- \/ Yoast SEO plugin. -->","yoast_head_json":{"title":"L\u2019Off Llum Bcn celebra la seva 4\u00aa edici\u00f3","description":"Del 3 al 5 de febrer arriba la tercera edici\u00f3 de l\u2019Off Llum, un recorregut alternatiu al Festival Llum Bcn.","robots":{"index":"index","follow":"follow","max-snippet":"max-snippet:-1","max-image-preview":"max-image-preview:large","max-video-preview":"max-video-preview:-1"},"canonical":"https:\/\/poblenouurbandistrict.com\/ca\/off-llum-bcn-nova-edicio-poblenou\/","og_locale":"ca_ES","og_type":"article","og_title":"L\u2019Off Llum Bcn celebra la seva 4\u00aa edici\u00f3","og_description":"Del 3 al 5 de febrer arriba la tercera edici\u00f3 de l\u2019Off Llum, un recorregut alternatiu al Festival Llum Bcn.","og_url":"https:\/\/poblenouurbandistrict.com\/ca\/off-llum-bcn-nova-edicio-poblenou\/","og_site_name":"Poblenou Urban District","article_published_time":"2023-01-19T13:12:12+00:00","article_modified_time":"2023-01-27T15:33:30+00:00","og_image":[{"width":620,"height":380,"url":"https:\/\/poblenouurbandistrict.com\/wp-content\/uploads\/2022\/01\/off-llum-bcnimagen-web.jpg","type":"image\/jpeg"}],"author":"pnud","twitter_card":"summary_large_image","twitter_misc":{"Escrit per":"pnud","Temps estimat de lectura":"2 minuts"},"schema":{"@context":"https:\/\/schema.org","@graph":[{"@type":"Article","@id":"https:\/\/poblenouurbandistrict.com\/off-llum-bcn-nova-edicio-poblenou\/#article","isPartOf":{"@id":"https:\/\/poblenouurbandistrict.com\/off-llum-bcn-nova-edicio-poblenou\/"},"author":{"name":"pnud","@id":"https:\/\/poblenouurbandistrict.com\/#\/schema\/person\/980a2cf34b399d5218205730acd54a7e"},"headline":"L\u2019Off Llum Bcn celebra la seva 4\u00aa edici\u00f3","datePublished":"2023-01-19T13:12:12+00:00","dateModified":"2023-01-27T15:33:30+00:00","mainEntityOfPage":{"@id":"https:\/\/poblenouurbandistrict.com\/off-llum-bcn-nova-edicio-poblenou\/"},"wordCount":411,"image":{"@id":"https:\/\/poblenouurbandistrict.com\/off-llum-bcn-nova-edicio-poblenou\/#primaryimage"},"thumbnailUrl":"https:\/\/media.poblenouurbandistrict.com\/2022\/01\/25044337\/off-llum-bcnimagen-web.jpg","articleSection":["Off Llum Bcn","Poblenou Urban District","Est\u00e0 passant"],"inLanguage":"ca"},{"@type":"WebPage","@id":"https:\/\/poblenouurbandistrict.com\/ca\/off-llum-bcn-nova-edicio-poblenou\/","url":"https:\/\/poblenouurbandistrict.com\/ca\/off-llum-bcn-nova-edicio-poblenou\/","name":"L\u2019Off Llum Bcn celebra la seva 4\u00aa edici\u00f3","isPartOf":{"@id":"https:\/\/poblenouurbandistrict.com\/ca\/#website"},"primaryImageOfPage":{"@id":"https:\/\/poblenouurbandistrict.com\/ca\/off-llum-bcn-nova-edicio-poblenou\/#primaryimage"},"image":{"@id":"https:\/\/poblenouurbandistrict.com\/off-llum-bcn-nova-edicio-poblenou\/#primaryimage"},"thumbnailUrl":"https:\/\/media.poblenouurbandistrict.com\/2022\/01\/25044337\/off-llum-bcnimagen-web.jpg","datePublished":"2023-01-19T13:12:12+00:00","dateModified":"2023-01-27T15:33:30+00:00","author":{"@id":"https:\/\/poblenouurbandistrict.com\/#\/schema\/person\/980a2cf34b399d5218205730acd54a7e"},"description":"Del 3 al 5 de febrer arriba la tercera edici\u00f3 de l\u2019Off Llum, un recorregut alternatiu al Festival Llum Bcn.","breadcrumb":{"@id":"https:\/\/poblenouurbandistrict.com\/ca\/off-llum-bcn-nova-edicio-poblenou\/#breadcrumb"},"inLanguage":"ca","potentialAction":[{"@type":"ReadAction","target":[["https:\/\/poblenouurbandistrict.com\/ca\/off-llum-bcn-nova-edicio-poblenou\/"]]}]},{"@type":"ImageObject","inLanguage":"ca","@id":"https:\/\/poblenouurbandistrict.com\/ca\/off-llum-bcn-nova-edicio-poblenou\/#primaryimage","url":"https:\/\/media.poblenouurbandistrict.com\/2022\/01\/25044337\/off-llum-bcnimagen-web.jpg","contentUrl":"https:\/\/media.poblenouurbandistrict.com\/2022\/01\/25044337\/off-llum-bcnimagen-web.jpg","width":620,"height":380},{"@type":"BreadcrumbList","@id":"https:\/\/poblenouurbandistrict.com\/ca\/off-llum-bcn-nova-edicio-poblenou\/#breadcrumb","itemListElement":[{"@type":"ListItem","position":1,"name":"Home","item":"https:\/\/poblenouurbandistrict.com\/ca\/"},{"@type":"ListItem","position":2,"name":"L\u2019Off Llum Bcn celebra la seva 4\u00aa edici\u00f3"}]},{"@type":"WebSite","@id":"https:\/\/poblenouurbandistrict.com\/ca\/#website","url":"https:\/\/poblenouurbandistrict.com\/ca\/","name":"Poblenou Urban District","description":"Comunitat Creativa","potentialAction":[{"@type":"SearchAction","target":{"@type":"EntryPoint","urlTemplate":"https:\/\/poblenouurbandistrict.com\/ca\/?s={search_term_string}"},"query-input":{"@type":"PropertyValueSpecification","valueRequired":true,"valueName":"search_term_string"}}],"inLanguage":"ca"},{"@type":"Person","@id":"https:\/\/poblenouurbandistrict.com\/#\/schema\/person\/980a2cf34b399d5218205730acd54a7e","name":"pnud","image":{"@type":"ImageObject","inLanguage":"ca","@id":"https:\/\/secure.gravatar.com\/avatar\/67146597b405ee077a24e519f75c3e2031736596d6ce35af3a34c122c93d0d7b?s=96&d=retro&r=g","url":"https:\/\/secure.gravatar.com\/avatar\/67146597b405ee077a24e519f75c3e2031736596d6ce35af3a34c122c93d0d7b?s=96&d=retro&r=g","contentUrl":"https:\/\/secure.gravatar.com\/avatar\/67146597b405ee077a24e519f75c3e2031736596d6ce35af3a34c122c93d0d7b?s=96&d=retro&r=g","caption":"pnud"}}]}},"_links":{"self":[{"href":"https:\/\/poblenouurbandistrict.com\/ca\/wp-json\/wp\/v2\/posts\/36468","targetHints":{"allow":["GET"]}}],"collection":[{"href":"https:\/\/poblenouurbandistrict.com\/ca\/wp-json\/wp\/v2\/posts"}],"about":[{"href":"https:\/\/poblenouurbandistrict.com\/ca\/wp-json\/wp\/v2\/types\/post"}],"author":[{"embeddable":true,"href":"https:\/\/poblenouurbandistrict.com\/ca\/wp-json\/wp\/v2\/users\/5"}],"replies":[{"embeddable":true,"href":"https:\/\/poblenouurbandistrict.com\/ca\/wp-json\/wp\/v2\/comments?post=36468"}],"version-history":[{"count":4,"href":"https:\/\/poblenouurbandistrict.com\/ca\/wp-json\/wp\/v2\/posts\/36468\/revisions"}],"predecessor-version":[{"id":36619,"href":"https:\/\/poblenouurbandistrict.com\/ca\/wp-json\/wp\/v2\/posts\/36468\/revisions\/36619"}],"wp:featuredmedia":[{"embeddable":true,"href":"https:\/\/poblenouurbandistrict.com\/ca\/wp-json\/wp\/v2\/media\/25630"}],"wp:attachment":[{"href":"https:\/\/poblenouurbandistrict.com\/ca\/wp-json\/wp\/v2\/media?parent=36468"}],"wp:term":[{"taxonomy":"category","embeddable":true,"href":"https:\/\/poblenouurbandistrict.com\/ca\/wp-json\/wp\/v2\/categories?post=36468"},{"taxonomy":"post_tag","embeddable":true,"href":"https:\/\/poblenouurbandistrict.com\/ca\/wp-json\/wp\/v2\/tags?post=36468"}],"curies":[{"name":"wp","href":"https:\/\/api.w.org\/{rel}","templated":true}]}}