{"id":36537,"date":"2023-01-23T15:05:27","date_gmt":"2023-01-23T14:05:27","guid":{"rendered":"https:\/\/poblenouurbandistrict.com\/?p=36537"},"modified":"2023-02-01T16:50:19","modified_gmt":"2023-02-01T15:50:19","slug":"fx-animation-tres-installacions-en-un-mateix-espai-off-llum-bcn-2023","status":"publish","type":"post","link":"https:\/\/poblenouurbandistrict.com\/ca\/fx-animation-tres-installacions-en-un-mateix-espai-off-llum-bcn-2023\/","title":{"rendered":"FX Animation, tres instal\u00b7lacions en un mateix espai"},"content":{"rendered":"<p><\/p>\n<p class=\"p1\"><span class=\"s1\">Un dels espais associats que segur es convertir\u00e0 en un punt de trobada imprescindible pels qui facin el recorregut de l\u2019<a href=\"https:\/\/poblenouurbandistrict.com\/ca\/off-llum-bcn\/\"><b>Off Llum Bcn<\/b><\/a>, \u00e9s l\u2019escola de cinema i animaci\u00f3 3D <a href=\"https:\/\/fxanimation.es\/\"><b>FX Animation<\/b><\/a> (<\/span><a href=\"https:\/\/fxanimation.es\/\"><span class=\"s2\">Carrer de Pujades, 112<\/span><\/a><span class=\"s1\">), on s\u2019agruparan tres instal\u00b7lacions de tres artistes diferents.<\/span><\/p>\n<p class=\"p1\"><span class=\"s1\">La plataforma de creaci\u00f3 multidisciplin\u00e0ria <a href=\"https:\/\/www.beatmelab.com\/\"><b>BeatMe Lab<\/b><\/a> centrada en l\u2019art new media, el light design i el m\u00f3n audiovisual, presenta \u2018OracLED &#8211; Hypnotic Radiation\u2019. Aquesta pe\u00e7a busca que el visitant es trobi en un espai d\u2019exploraci\u00f3 on\u00edrica davant d\u2019una instal\u00b7laci\u00f3 que combina projeccions, l\u00e0ser i diferents tipus de llumin\u00e0ries, en sincronia amb un hipn\u00f2tic paisatge sonor que indueix l&#8217;espectador a un estat de somni i reflexi\u00f3.\u00a0<\/span><\/p>\n<p class=\"p1\"><img loading=\"lazy\" decoding=\"async\" class=\"aligncenter wp-image-36538\" src=\"https:\/\/media.poblenouurbandistrict.com\/2023\/01\/25055742\/main.jpeg\" alt=\"\" width=\"651\" height=\"367\" \/><\/p>\n<p class=\"p1\"><span class=\"s1\">La segona pe\u00e7a, que porta el nom \u2018OBJ_H2O\u2019 est\u00e0 representada pel col\u00b7lectiu multidisciplinari <a href=\"https:\/\/www.nab3.es\/\"><b>NAB3 Collective<\/b><\/a>. La seva proposta mostra un estany amb flu\u00efdesa constant a causa del degoteig continu que, no sols dona moviment a l&#8217;aigua estancada, sin\u00f3 que interactua amb un joc de sons computacionals que s&#8217;activen cada vegada que cau la gota a l\u2019estany. Amb aquesta obra s&#8217;interpreta l&#8221;efimeritat&#8217; i distopia del cam\u00ed cap a la s\u00e9quia i la llum agafa el rol del poder i l&#8217;expressi\u00f3 de la naturalesa.<\/span><\/p>\n<p class=\"p1\"><img loading=\"lazy\" decoding=\"async\" class=\"aligncenter wp-image-36539\" src=\"https:\/\/media.poblenouurbandistrict.com\/2023\/01\/25055743\/imagen.jpeg\" alt=\"\" width=\"650\" height=\"372\" \/><\/p>\n<p class=\"p1\"><span class=\"s1\">La tercera instal\u00b7laci\u00f3 porta el nom de \u2018Electrosmog\u2019 i ha estat creada per l\u2019artista visual i sonor nascut al Nepal, <a href=\"https:\/\/www.gabriellecup.com\/\"><b>Gabriel Lecup<\/b><\/a>. <\/span><span class=\"s3\">\u2018<\/span><span class=\"s1\">Electrosmog\u2019 \u00e9s una instal\u00b7laci\u00f3 de v\u00eddeo multicanal realitzada a partir d&#8217;enregistraments de les ones radiof\u00f2niques que travessaven la zona zero en el recent <a href=\"https:\/\/es.wikipedia.org\/wiki\/Estallido_social\">esclat social a Santiago de Xile<\/a>. La proposta explora les relacions entre poder i informaci\u00f3 produ\u00efdes sota la repressi\u00f3 pol\u00edtica contra un moviment social espontani que encara continua inquiet a la recerca de resposta. Tamb\u00e9 q\u00fcestiona l&#8217;impacte dels camps electromagn\u00e8tics antropog\u00e8nics.<\/span><\/p>\n<p><img loading=\"lazy\" decoding=\"async\" class=\"aligncenter size-medium wp-image-36540\" src=\"https:\/\/media.poblenouurbandistrict.com\/2023\/01\/25055743\/871462000hz-620x620.jpeg\" alt=\"\" width=\"620\" height=\"620\" \/><\/p>\n<p>Per accedir-hi a FX Animation reserva la teva pla\u00e7a, de manera gratu\u00efta, <a href=\"https:\/\/www.eventbrite.es\/e\/entradas-off-llum-barcelona-actividades-fx-animation-522967759647\">en el seg\u00fcent enlla\u00e7<\/a>.<\/p>\n<p><span class=\"s1\">Esp\u00f2nsor \u2018OracLED &#8211; Hypnotic Radiation\u2019 de BeatMe Lab: <a href=\"https:\/\/www.microfusa.com\/\"><strong>Microfusa<\/strong><\/a>,\u00a0<a href=\"https:\/\/www.fluge.es\/\"><strong>Fluge<\/strong><\/a>,\u00a0<a href=\"https:\/\/www.carlight.cat\/\"><strong>Carlight<\/strong><\/a>, <a href=\"https:\/\/www.adamhall.com\/es-es\"><strong>Adam Hall Barcelona<\/strong><\/a> i <a href=\"https:\/\/fxanimation.es\/en\/\"><strong>FX Animation<\/strong><\/a>.<br \/>\nEsp\u00f2nsor \u2018OBJ_H2O\u2019: <a href=\"https:\/\/www.microfusa.com\/\"><strong>Microfusa<\/strong><\/a>,\u00a0<a href=\"https:\/\/www.carlight.cat\/\"><strong>Carlight<\/strong><\/a>,\u00a0<a href=\"https:\/\/sonority.es\/\"><strong>Sonority<\/strong><\/a>,\u00a0<a href=\"https:\/\/www.nab3.es\/\"><strong>NAB3 Collective<\/strong><\/a>\u00a0i\u00a0<a href=\"https:\/\/fxanimation.es\/en\/\"><strong>FX Animation<\/strong><\/a><br \/>\nEsp\u00f2nsor \u2018Electrosmog\u2019: <a href=\"https:\/\/fxanimation.es\/en\/\"><strong>FX Animation<\/strong><\/a>\u00a0i\u00a0<a href=\"https:\/\/sonority.es\/\"><strong>Sonority<\/strong><\/a><br \/>\nEspai col\u00b7laborador: <a href=\"https:\/\/fxanimation.es\/en\/\"><strong>FX Animation<\/strong><\/a><\/span><\/p>\n<p>Consulteu m\u00e9s informaci\u00f3 sobre les instal\u00b7lacions de l&#8217;Off Llum <a href=\"https:\/\/poblenouurbandistrict.com\/ca\/off-llum-bcn\/\">en el seg\u00fcent enlla\u00e7<\/a>.<\/p>\n<p>&nbsp;<\/p>","protected":false},"excerpt":{"rendered":"<p>Un dels espais associats que segur es convertir\u00e0 en un punt de trobada imprescindible pels qui facin el recorregut de&#8230; <a href=\"https:\/\/poblenouurbandistrict.com\/ca\/fx-animation-tres-installacions-en-un-mateix-espai-off-llum-bcn-2023\/\">M\u00e9s  \u2192<\/a><\/p>\n","protected":false},"author":5,"featured_media":36539,"comment_status":"closed","ping_status":"closed","sticky":false,"template":"","format":"standard","meta":{"_acf_changed":false,"footnotes":""},"categories":[3548,3364],"tags":[],"class_list":["post-36537","post","type-post","status-publish","format-standard","has-post-thumbnail","hentry","category-off-llum-bcn","category-poblenou-urban-district"],"acf":[],"yoast_head":"<!-- This site is optimized with the Yoast SEO plugin v27.5 - https:\/\/yoast.com\/product\/yoast-seo-wordpress\/ -->\n<title>FX Animation, tres instal\u00b7lacions en un mateix espai<\/title>\n<meta name=\"description\" content=\"Un dels espais associats que ben segur es convertir\u00e0 en un punt de trobada imprescindible per l\u2019Off Llum Bcn \u00e9s FX Animation.\" \/>\n<meta name=\"robots\" content=\"index, follow, max-snippet:-1, max-image-preview:large, max-video-preview:-1\" \/>\n<link rel=\"canonical\" href=\"https:\/\/poblenouurbandistrict.com\/ca\/fx-animation-tres-installacions-en-un-mateix-espai-off-llum-bcn-2023\/\" \/>\n<meta property=\"og:locale\" content=\"ca_ES\" \/>\n<meta property=\"og:type\" content=\"article\" \/>\n<meta property=\"og:title\" content=\"FX Animation, tres instal\u00b7lacions en un mateix espai\" \/>\n<meta property=\"og:description\" content=\"Un dels espais associats que ben segur es convertir\u00e0 en un punt de trobada imprescindible per l\u2019Off Llum Bcn \u00e9s FX Animation.\" \/>\n<meta property=\"og:url\" content=\"https:\/\/poblenouurbandistrict.com\/ca\/fx-animation-tres-installacions-en-un-mateix-espai-off-llum-bcn-2023\/\" \/>\n<meta property=\"og:site_name\" content=\"Poblenou Urban District\" \/>\n<meta property=\"article:published_time\" content=\"2023-01-23T14:05:27+00:00\" \/>\n<meta property=\"article:modified_time\" content=\"2023-02-01T15:50:19+00:00\" \/>\n<meta property=\"og:image\" content=\"https:\/\/poblenouurbandistrict.com\/wp-content\/uploads\/2023\/01\/imagen.jpeg\" \/>\n\t<meta property=\"og:image:width\" content=\"500\" \/>\n\t<meta property=\"og:image:height\" content=\"286\" \/>\n\t<meta property=\"og:image:type\" content=\"image\/jpeg\" \/>\n<meta name=\"author\" content=\"pnud\" \/>\n<meta name=\"twitter:card\" content=\"summary_large_image\" \/>\n<meta name=\"twitter:label1\" content=\"Escrit per\" \/>\n\t<meta name=\"twitter:data1\" content=\"pnud\" \/>\n\t<meta name=\"twitter:label2\" content=\"Temps estimat de lectura\" \/>\n\t<meta name=\"twitter:data2\" content=\"3 minuts\" \/>\n<script type=\"application\/ld+json\" class=\"yoast-schema-graph\">{\"@context\":\"https:\\\/\\\/schema.org\",\"@graph\":[{\"@type\":\"Article\",\"@id\":\"https:\\\/\\\/poblenouurbandistrict.com\\\/fx-animation-tres-installacions-en-un-mateix-espai-off-llum-bcn-2023\\\/#article\",\"isPartOf\":{\"@id\":\"https:\\\/\\\/poblenouurbandistrict.com\\\/fx-animation-tres-installacions-en-un-mateix-espai-off-llum-bcn-2023\\\/\"},\"author\":{\"name\":\"pnud\",\"@id\":\"https:\\\/\\\/poblenouurbandistrict.com\\\/#\\\/schema\\\/person\\\/980a2cf34b399d5218205730acd54a7e\"},\"headline\":\"FX Animation, tres instal\u00b7lacions en un mateix espai\",\"datePublished\":\"2023-01-23T14:05:27+00:00\",\"dateModified\":\"2023-02-01T15:50:19+00:00\",\"mainEntityOfPage\":{\"@id\":\"https:\\\/\\\/poblenouurbandistrict.com\\\/fx-animation-tres-installacions-en-un-mateix-espai-off-llum-bcn-2023\\\/\"},\"wordCount\":813,\"image\":{\"@id\":\"https:\\\/\\\/poblenouurbandistrict.com\\\/fx-animation-tres-installacions-en-un-mateix-espai-off-llum-bcn-2023\\\/#primaryimage\"},\"thumbnailUrl\":\"https:\\\/\\\/media.poblenouurbandistrict.com\\\/2023\\\/01\\\/25055743\\\/imagen.jpeg\",\"articleSection\":[\"Off Llum Bcn\",\"Poblenou Urban District\"],\"inLanguage\":\"ca\"},{\"@type\":\"WebPage\",\"@id\":\"https:\\\/\\\/poblenouurbandistrict.com\\\/ca\\\/fx-animation-tres-installacions-en-un-mateix-espai-off-llum-bcn-2023\\\/\",\"url\":\"https:\\\/\\\/poblenouurbandistrict.com\\\/ca\\\/fx-animation-tres-installacions-en-un-mateix-espai-off-llum-bcn-2023\\\/\",\"name\":\"FX Animation, tres instal\u00b7lacions en un mateix espai\",\"isPartOf\":{\"@id\":\"https:\\\/\\\/poblenouurbandistrict.com\\\/ca\\\/#website\"},\"primaryImageOfPage\":{\"@id\":\"https:\\\/\\\/poblenouurbandistrict.com\\\/ca\\\/fx-animation-tres-installacions-en-un-mateix-espai-off-llum-bcn-2023\\\/#primaryimage\"},\"image\":{\"@id\":\"https:\\\/\\\/poblenouurbandistrict.com\\\/fx-animation-tres-installacions-en-un-mateix-espai-off-llum-bcn-2023\\\/#primaryimage\"},\"thumbnailUrl\":\"https:\\\/\\\/media.poblenouurbandistrict.com\\\/2023\\\/01\\\/25055743\\\/imagen.jpeg\",\"datePublished\":\"2023-01-23T14:05:27+00:00\",\"dateModified\":\"2023-02-01T15:50:19+00:00\",\"author\":{\"@id\":\"https:\\\/\\\/poblenouurbandistrict.com\\\/#\\\/schema\\\/person\\\/980a2cf34b399d5218205730acd54a7e\"},\"description\":\"Un dels espais associats que ben segur es convertir\u00e0 en un punt de trobada imprescindible per l\u2019Off Llum Bcn \u00e9s FX Animation.\",\"breadcrumb\":{\"@id\":\"https:\\\/\\\/poblenouurbandistrict.com\\\/ca\\\/fx-animation-tres-installacions-en-un-mateix-espai-off-llum-bcn-2023\\\/#breadcrumb\"},\"inLanguage\":\"ca\",\"potentialAction\":[{\"@type\":\"ReadAction\",\"target\":[[\"https:\\\/\\\/poblenouurbandistrict.com\\\/ca\\\/fx-animation-tres-installacions-en-un-mateix-espai-off-llum-bcn-2023\\\/\"]]}]},{\"@type\":\"ImageObject\",\"inLanguage\":\"ca\",\"@id\":\"https:\\\/\\\/poblenouurbandistrict.com\\\/ca\\\/fx-animation-tres-installacions-en-un-mateix-espai-off-llum-bcn-2023\\\/#primaryimage\",\"url\":\"https:\\\/\\\/media.poblenouurbandistrict.com\\\/2023\\\/01\\\/25055743\\\/imagen.jpeg\",\"contentUrl\":\"https:\\\/\\\/media.poblenouurbandistrict.com\\\/2023\\\/01\\\/25055743\\\/imagen.jpeg\",\"width\":500,\"height\":286},{\"@type\":\"BreadcrumbList\",\"@id\":\"https:\\\/\\\/poblenouurbandistrict.com\\\/ca\\\/fx-animation-tres-installacions-en-un-mateix-espai-off-llum-bcn-2023\\\/#breadcrumb\",\"itemListElement\":[{\"@type\":\"ListItem\",\"position\":1,\"name\":\"Home\",\"item\":\"https:\\\/\\\/poblenouurbandistrict.com\\\/ca\\\/\"},{\"@type\":\"ListItem\",\"position\":2,\"name\":\"FX Animation, tres instal\u00b7lacions en un mateix espai\"}]},{\"@type\":\"WebSite\",\"@id\":\"https:\\\/\\\/poblenouurbandistrict.com\\\/ca\\\/#website\",\"url\":\"https:\\\/\\\/poblenouurbandistrict.com\\\/ca\\\/\",\"name\":\"Poblenou Urban District\",\"description\":\"Comunitat Creativa\",\"potentialAction\":[{\"@type\":\"SearchAction\",\"target\":{\"@type\":\"EntryPoint\",\"urlTemplate\":\"https:\\\/\\\/poblenouurbandistrict.com\\\/ca\\\/?s={search_term_string}\"},\"query-input\":{\"@type\":\"PropertyValueSpecification\",\"valueRequired\":true,\"valueName\":\"search_term_string\"}}],\"inLanguage\":\"ca\"},{\"@type\":\"Person\",\"@id\":\"https:\\\/\\\/poblenouurbandistrict.com\\\/#\\\/schema\\\/person\\\/980a2cf34b399d5218205730acd54a7e\",\"name\":\"pnud\",\"image\":{\"@type\":\"ImageObject\",\"inLanguage\":\"ca\",\"@id\":\"https:\\\/\\\/secure.gravatar.com\\\/avatar\\\/67146597b405ee077a24e519f75c3e2031736596d6ce35af3a34c122c93d0d7b?s=96&d=retro&r=g\",\"url\":\"https:\\\/\\\/secure.gravatar.com\\\/avatar\\\/67146597b405ee077a24e519f75c3e2031736596d6ce35af3a34c122c93d0d7b?s=96&d=retro&r=g\",\"contentUrl\":\"https:\\\/\\\/secure.gravatar.com\\\/avatar\\\/67146597b405ee077a24e519f75c3e2031736596d6ce35af3a34c122c93d0d7b?s=96&d=retro&r=g\",\"caption\":\"pnud\"}}]}<\/script>\n<!-- \/ Yoast SEO plugin. -->","yoast_head_json":{"title":"FX Animation, tres instal\u00b7lacions en un mateix espai","description":"Un dels espais associats que ben segur es convertir\u00e0 en un punt de trobada imprescindible per l\u2019Off Llum Bcn \u00e9s FX Animation.","robots":{"index":"index","follow":"follow","max-snippet":"max-snippet:-1","max-image-preview":"max-image-preview:large","max-video-preview":"max-video-preview:-1"},"canonical":"https:\/\/poblenouurbandistrict.com\/ca\/fx-animation-tres-installacions-en-un-mateix-espai-off-llum-bcn-2023\/","og_locale":"ca_ES","og_type":"article","og_title":"FX Animation, tres instal\u00b7lacions en un mateix espai","og_description":"Un dels espais associats que ben segur es convertir\u00e0 en un punt de trobada imprescindible per l\u2019Off Llum Bcn \u00e9s FX Animation.","og_url":"https:\/\/poblenouurbandistrict.com\/ca\/fx-animation-tres-installacions-en-un-mateix-espai-off-llum-bcn-2023\/","og_site_name":"Poblenou Urban District","article_published_time":"2023-01-23T14:05:27+00:00","article_modified_time":"2023-02-01T15:50:19+00:00","og_image":[{"width":500,"height":286,"url":"https:\/\/poblenouurbandistrict.com\/wp-content\/uploads\/2023\/01\/imagen.jpeg","type":"image\/jpeg"}],"author":"pnud","twitter_card":"summary_large_image","twitter_misc":{"Escrit per":"pnud","Temps estimat de lectura":"3 minuts"},"schema":{"@context":"https:\/\/schema.org","@graph":[{"@type":"Article","@id":"https:\/\/poblenouurbandistrict.com\/fx-animation-tres-installacions-en-un-mateix-espai-off-llum-bcn-2023\/#article","isPartOf":{"@id":"https:\/\/poblenouurbandistrict.com\/fx-animation-tres-installacions-en-un-mateix-espai-off-llum-bcn-2023\/"},"author":{"name":"pnud","@id":"https:\/\/poblenouurbandistrict.com\/#\/schema\/person\/980a2cf34b399d5218205730acd54a7e"},"headline":"FX Animation, tres instal\u00b7lacions en un mateix espai","datePublished":"2023-01-23T14:05:27+00:00","dateModified":"2023-02-01T15:50:19+00:00","mainEntityOfPage":{"@id":"https:\/\/poblenouurbandistrict.com\/fx-animation-tres-installacions-en-un-mateix-espai-off-llum-bcn-2023\/"},"wordCount":813,"image":{"@id":"https:\/\/poblenouurbandistrict.com\/fx-animation-tres-installacions-en-un-mateix-espai-off-llum-bcn-2023\/#primaryimage"},"thumbnailUrl":"https:\/\/media.poblenouurbandistrict.com\/2023\/01\/25055743\/imagen.jpeg","articleSection":["Off Llum Bcn","Poblenou Urban District"],"inLanguage":"ca"},{"@type":"WebPage","@id":"https:\/\/poblenouurbandistrict.com\/ca\/fx-animation-tres-installacions-en-un-mateix-espai-off-llum-bcn-2023\/","url":"https:\/\/poblenouurbandistrict.com\/ca\/fx-animation-tres-installacions-en-un-mateix-espai-off-llum-bcn-2023\/","name":"FX Animation, tres instal\u00b7lacions en un mateix espai","isPartOf":{"@id":"https:\/\/poblenouurbandistrict.com\/ca\/#website"},"primaryImageOfPage":{"@id":"https:\/\/poblenouurbandistrict.com\/ca\/fx-animation-tres-installacions-en-un-mateix-espai-off-llum-bcn-2023\/#primaryimage"},"image":{"@id":"https:\/\/poblenouurbandistrict.com\/fx-animation-tres-installacions-en-un-mateix-espai-off-llum-bcn-2023\/#primaryimage"},"thumbnailUrl":"https:\/\/media.poblenouurbandistrict.com\/2023\/01\/25055743\/imagen.jpeg","datePublished":"2023-01-23T14:05:27+00:00","dateModified":"2023-02-01T15:50:19+00:00","author":{"@id":"https:\/\/poblenouurbandistrict.com\/#\/schema\/person\/980a2cf34b399d5218205730acd54a7e"},"description":"Un dels espais associats que ben segur es convertir\u00e0 en un punt de trobada imprescindible per l\u2019Off Llum Bcn \u00e9s FX Animation.","breadcrumb":{"@id":"https:\/\/poblenouurbandistrict.com\/ca\/fx-animation-tres-installacions-en-un-mateix-espai-off-llum-bcn-2023\/#breadcrumb"},"inLanguage":"ca","potentialAction":[{"@type":"ReadAction","target":[["https:\/\/poblenouurbandistrict.com\/ca\/fx-animation-tres-installacions-en-un-mateix-espai-off-llum-bcn-2023\/"]]}]},{"@type":"ImageObject","inLanguage":"ca","@id":"https:\/\/poblenouurbandistrict.com\/ca\/fx-animation-tres-installacions-en-un-mateix-espai-off-llum-bcn-2023\/#primaryimage","url":"https:\/\/media.poblenouurbandistrict.com\/2023\/01\/25055743\/imagen.jpeg","contentUrl":"https:\/\/media.poblenouurbandistrict.com\/2023\/01\/25055743\/imagen.jpeg","width":500,"height":286},{"@type":"BreadcrumbList","@id":"https:\/\/poblenouurbandistrict.com\/ca\/fx-animation-tres-installacions-en-un-mateix-espai-off-llum-bcn-2023\/#breadcrumb","itemListElement":[{"@type":"ListItem","position":1,"name":"Home","item":"https:\/\/poblenouurbandistrict.com\/ca\/"},{"@type":"ListItem","position":2,"name":"FX Animation, tres instal\u00b7lacions en un mateix espai"}]},{"@type":"WebSite","@id":"https:\/\/poblenouurbandistrict.com\/ca\/#website","url":"https:\/\/poblenouurbandistrict.com\/ca\/","name":"Poblenou Urban District","description":"Comunitat Creativa","potentialAction":[{"@type":"SearchAction","target":{"@type":"EntryPoint","urlTemplate":"https:\/\/poblenouurbandistrict.com\/ca\/?s={search_term_string}"},"query-input":{"@type":"PropertyValueSpecification","valueRequired":true,"valueName":"search_term_string"}}],"inLanguage":"ca"},{"@type":"Person","@id":"https:\/\/poblenouurbandistrict.com\/#\/schema\/person\/980a2cf34b399d5218205730acd54a7e","name":"pnud","image":{"@type":"ImageObject","inLanguage":"ca","@id":"https:\/\/secure.gravatar.com\/avatar\/67146597b405ee077a24e519f75c3e2031736596d6ce35af3a34c122c93d0d7b?s=96&d=retro&r=g","url":"https:\/\/secure.gravatar.com\/avatar\/67146597b405ee077a24e519f75c3e2031736596d6ce35af3a34c122c93d0d7b?s=96&d=retro&r=g","contentUrl":"https:\/\/secure.gravatar.com\/avatar\/67146597b405ee077a24e519f75c3e2031736596d6ce35af3a34c122c93d0d7b?s=96&d=retro&r=g","caption":"pnud"}}]}},"_links":{"self":[{"href":"https:\/\/poblenouurbandistrict.com\/ca\/wp-json\/wp\/v2\/posts\/36537","targetHints":{"allow":["GET"]}}],"collection":[{"href":"https:\/\/poblenouurbandistrict.com\/ca\/wp-json\/wp\/v2\/posts"}],"about":[{"href":"https:\/\/poblenouurbandistrict.com\/ca\/wp-json\/wp\/v2\/types\/post"}],"author":[{"embeddable":true,"href":"https:\/\/poblenouurbandistrict.com\/ca\/wp-json\/wp\/v2\/users\/5"}],"replies":[{"embeddable":true,"href":"https:\/\/poblenouurbandistrict.com\/ca\/wp-json\/wp\/v2\/comments?post=36537"}],"version-history":[{"count":7,"href":"https:\/\/poblenouurbandistrict.com\/ca\/wp-json\/wp\/v2\/posts\/36537\/revisions"}],"predecessor-version":[{"id":36660,"href":"https:\/\/poblenouurbandistrict.com\/ca\/wp-json\/wp\/v2\/posts\/36537\/revisions\/36660"}],"wp:featuredmedia":[{"embeddable":true,"href":"https:\/\/poblenouurbandistrict.com\/ca\/wp-json\/wp\/v2\/media\/36539"}],"wp:attachment":[{"href":"https:\/\/poblenouurbandistrict.com\/ca\/wp-json\/wp\/v2\/media?parent=36537"}],"wp:term":[{"taxonomy":"category","embeddable":true,"href":"https:\/\/poblenouurbandistrict.com\/ca\/wp-json\/wp\/v2\/categories?post=36537"},{"taxonomy":"post_tag","embeddable":true,"href":"https:\/\/poblenouurbandistrict.com\/ca\/wp-json\/wp\/v2\/tags?post=36537"}],"curies":[{"name":"wp","href":"https:\/\/api.w.org\/{rel}","templated":true}]}}