{"id":36571,"date":"2023-01-25T11:34:47","date_gmt":"2023-01-25T10:34:47","guid":{"rendered":"https:\/\/poblenouurbandistrict.com\/?p=36571"},"modified":"2023-02-02T14:56:16","modified_gmt":"2023-02-02T13:56:16","slug":"menjar-i-beure-a-loff-llum-bcn-2023","status":"publish","type":"post","link":"https:\/\/poblenouurbandistrict.com\/ca\/menjar-i-beure-a-loff-llum-bcn-2023\/","title":{"rendered":"Menjar i beure a l&#8217;Off llum Bcn 2023"},"content":{"rendered":"<p><span style=\"font-weight: 400;\">Torna l\u2019<\/span><a href=\"https:\/\/poblenouurbandistrict.com\/ca\/off-llum-bcn\/\"><b>Off Llum Bcn<\/b><\/a><span style=\"font-weight: 400;\"> els propers 3, 4 i 5 de febrer al <\/span><b>Districte Cultural<\/b> <strong>i Creatiu<\/strong> <b>de Barcelona <\/b><span style=\"font-weight: 400;\">i per a l&#8217;ocasi\u00f3, els restaurants i bars de la comunitat del <\/span><b>Poblenou Urban District <\/b><span style=\"font-weight: 400;\">obriran les portes per oferir un gran ventall de propostes gastron\u00f2miques, per a tots els gustos. <\/span><\/p>\n<p><span style=\"font-weight: 400;\">Ja sigui per parar a prendre alguna cosa i descansar del recorregut o per descobrir els plats d&#8217;aquell restaurant que feia temps que volies tastar, a continuaci\u00f3 et diem tot el que trobar\u00e0s en una de les nits m\u00e9s m\u00e0giques de l&#8217;any.<\/span><\/p>\n<p><img loading=\"lazy\" decoding=\"async\" class=\"aligncenter size-medium wp-image-33362\" src=\"https:\/\/media.poblenouurbandistrict.com\/2022\/08\/25053817\/interior-620x413.jpeg\" alt=\"\" width=\"620\" height=\"413\" \/><\/p>\n<h3><b>Bodega Alaparra &#x1f4cd;<a href=\"https:\/\/goo.gl\/maps\/G5CKxgTuxCjHBshp9\">C. de Pujades, 136<\/a><\/b><\/h3>\n<p>Si vols descobrir un bon vi, un bon cava o uns formatges, pernils i tota mena de productes Gurmet, deixa&#8217;t recomanar pels experts de la Bodega Alaparra. Degustacions de tapes i delicatessen diverses que podr\u00e0s acompanyar amb un bon vermut a la terrassa, cerveses o la selecci\u00f3 de vins del celler. Ho tens tot!<\/p>\n<p>Horaris: Divendres 17:00\u201321:00 \/ Dissabte 12:00\u201322:00 \/ Diumenge tancat<\/p>\n<h3><b>Bodega Marieta &#x1f4cd;<a href=\"https:\/\/goo.gl\/maps\/TEU1FKLkJKohei7w5\">C. de Badajoz, 36<\/a><\/b><\/h3>\n<p>La Bodega Marieta ofereix una cuina de mercat, recuperant sabors tradicionals amb tocs personals i productes de primera qualitat acompanyat dels millors vins de la Bodega Alaparra.<\/p>\n<p>Horaris: Divendres 13:00\u201316:00 i 19:30\u201323:00 \/ Dissabte 13:00\u201315:30 i 20:00\u201322:30\/ Diumenge tancat<\/p>\n<h3><b>Cacho &#x1f4cd;<a href=\"https:\/\/goo.gl\/maps\/XAsGpSt1zdsXZsbv6\">C. de Llull, 27<\/a><\/b><\/h3>\n<p>A CACHO<span style=\"font-weight: 400;\"> podr\u00e0s tastar un dels millors menjars casolans del Poblenou en un ambient genial i amb una de les terrasses m\u00e9s grans del barri. Per l&#8217;Off Llum Bcn no et perdis les seves especialitats, com el sandvitx de roastbeef de picanya, els plats vegetarians o els seus m\u00edtics brunch, no et decebr\u00e0!<\/span><\/p>\n<p>Horaris: Divendres 13:00\u201324:00 \/ Dissabte 12:00\u201324:00 \/ Diumenge 12:00\u201323:00<\/p>\n<h3><b>Camping &#x1f4cd;<a href=\"https:\/\/goo.gl\/maps\/Q4a1eQ6WtBs4ZnhRA\">C. de Carmen Amaya, 18<\/a><\/b><\/h3>\n<p>Si el temps ajuda, al Camping trobar\u00e0s tota mena de productes elaborats amb afecte i qualitat. Des d&#8217;amanides fresques i tota mena de tapes, a una varietat de sucs i refrescos. Un oasi urb\u00e0. Taules de p\u00edcnic a l&#8217;aire lliure, tendals a ratlles, gespa per seure, espai per caminar&#8230; \u00c9s tan desitjable com sembla! Per qu\u00e8 no passar a C\u00e0mping abans del teu recorregut lum\u00ednic?<\/p>\n<p><span style=\"font-weight: 400;\">Horaris: Divendres, dissabte i diumenge 12.00 &#8211; 18.00\u00a0<\/span><\/p>\n<p><img loading=\"lazy\" decoding=\"async\" class=\"aligncenter size-medium wp-image-18277\" src=\"https:\/\/media.poblenouurbandistrict.com\/2019\/11\/25030756\/camping-620x411.jpg\" alt=\"\" width=\"620\" height=\"411\" \/><\/p>\n<h3><b>Carrot Caf\u00e9<\/b><b>&#x1f4cd;<a href=\"https:\/\/goo.gl\/maps\/mGS5jxiaCRBv8DVw6\">C. de T\u00e0nger, 22<\/a><\/b><\/h3>\n<p>A Carrot Caf\u00e9 trobar\u00e0s un espai agradable amb una atmosfera perfecta per delectar-se amb els seus sandvitxos \u00fanics, elaborats amb les seves m\u00e9s de catorze varietats de pans artesanals, hamburgueses Gurmet, el famos\u00edssim Pastrami i com no, les seves m\u00e9s de cent trenta varietats de cheesecake.<\/p>\n<p><span style=\"font-weight: 400;\">Horaris: D<\/span>ivendres 11:00\u20130:00 \/ Dissabte 13:00\u20130:00 \/ Diumenge tancat.<\/p>\n<h3><b>Catacroquet<\/b><b>&#x1f4cd;<\/b><b><\/b><a href=\"https:\/\/goo.gl\/maps\/NF4veVAfaokJEqX47\"><b>C. dels Almog\u00e0vers, 211<\/b><\/a><\/h3>\n<p>A qui no li agraden les croquetes? A Catacroquet trobar\u00e0s les millors que hagis tastat mai. La carta est\u00e0 dividida entre menjar &#8216;croquetable&#8217; i &#8216;no croquetable&#8217;, aix\u00ed de simple. Triar entre una gran varietat de croquetes, platerets i sobretot no et perdis les seves postres!<\/p>\n<p>Horaris: Divendres 13:00\u20130:30 \/ Dissabte 12:30\u20130:30 \/ Diumenge 12:30\u201318:00<\/p>\n<h3><b>Corpen Gin<\/b><b>&#x1f4cd;<a href=\"https:\/\/goo.gl\/maps\/i4chNmSmLjLnwjRN7\">C. de Pujades, 74<\/a><\/b><b><\/b><\/h3>\n<p>Petits lots de gin, destil\u00b7lat a la ciutat de Barcelona. Corpen Gin realitza tasts i visites a la destil\u00b7leria!<\/p>\n<p>Horaris: Divendres 15.00\u201320.30 \/ Dissabte i diumenge tancat<\/p>\n<h3><b>D9<\/b><b>&#x1f4cd;<a href=\"https:\/\/goo.gl\/maps\/tn912Fktn2zig9R6A\">C. de Pallar, 122<\/a><\/b><\/h3>\n<p>Si el que et mou \u00e9s sortir a gaudir amb amics, el D9 \u00e9s el teu nou lloc preferit. Aquest local neix de la il\u00b7lusi\u00f3 i la passi\u00f3 pel barri, per la nit i pels bars. A la seva oferta gastron\u00f2mica no li falta res, la carta \u00e9s un somni per als amants de la bona tapa.<\/p>\n<p><span style=\"font-weight: 400;\">Horaris: Divendres i dissabte 18.00\u201303.00 \/ Diumenge 18.00\u201302.30<\/span><\/p>\n<p><img loading=\"lazy\" decoding=\"async\" class=\"aligncenter size-medium wp-image-22969\" src=\"https:\/\/media.poblenouurbandistrict.com\/2021\/06\/25041043\/120375937-1496295633887911-8362952663994915332-n-620x413.jpeg\" alt=\"D9_4\" width=\"620\" height=\"413\" \/><\/p>\n<h3><b>Desoriente<\/b><b>&#x1f4cd; <a href=\"https:\/\/goo.gl\/maps\/RST5hUEetWLYJJqf6\">C. de Ramon Turr\u00f3, 209<\/a><\/b><\/h3>\n<p>El Desoriente \u00e9s el restaurant on el Taj Mahal, el Mont Fuji i la Rambla del Poblenou es troben a trav\u00e9s dels sabors. Ni l&#8217;ambient ni els plats et deixaran indiferent.<\/p>\n<p>Horaris: Divendres i dissabte\u00a0<span style=\"font-weight: 400;\">13.00\u201301.00 \/ Diumenge 13.00\u201300.00<\/span><b><br \/>\n<\/b><\/p>\n<h3 class=\"DUwDvf fontHeadlineLarge\">Orxateria El Tio Ch\u00e9 <b>&#x1f4cd;<\/b><a href=\"https:\/\/goo.gl\/maps\/it9gvERtLDUAbAzZ9\">Rambla del Poblenou, 44-46<\/a><\/h3>\n<p>L&#8217;Orxateria El Tio Ch\u00e9 necessita poques presentacions, perqu\u00e8 de fet \u00e9s gaireb\u00e9 com un ve\u00ed m\u00e9s del Poblenou. Podr\u00edem dir, sense por a equivocar-nos, que amb m\u00e9s de 100 anys a l&#8217;esquena, El Tio Ch\u00e9 \u00e9s l\u2019orxateria de Barcelona per excel\u00b7l\u00e8ncia.<\/p>\n<p><span style=\"font-weight: 400;\">Horaris: Divendres i dissabte 10.00 \u201323.00 \/ Diumenge 10.00\u201322.00<\/span><\/p>\n<h3><strong>Four-Corners (Restaurant del The Hoxton Poblenou) <\/strong><b>&#x1f4cd; <a href=\"https:\/\/goo.gl\/maps\/UzUBY9ypkq5eS8s2A\">Avinguda Diagonal, 205<\/a><\/b><\/h3>\n<p>Un cop h\u00e0gis visita la <a href=\"https:\/\/poblenouurbandistrict.com\/ca\/instalacions-socis-off-llum-bcn-2023\/\">instal\u00b7laci\u00f3 lum\u00ednica al P\u00e0rquing de l&#8217;Hotel The Hoxton Poblenou de la m\u00e0 d&#8217;Oscila<\/a>, no et pots perdre el restaurant situat a la seva terrassa, el &#8216;Four-Corners&#8217;, una pizzeria Detroit-style amb bodega i unes meravelloses vistes.<\/p>\n<p>Horaris: <span style=\"font-weight: 400;\">Divendres, dissabte i diumenge 07.00\u201323.00<\/span><\/p>\n<h3><span style=\"color: #000000;\"><b>Garage Beer <\/b><\/span><b>&#x1f4cd; <a href=\"https:\/\/goo.gl\/maps\/AzkPMaS2Am5d764z5\">Passeig de Calvell, 45<\/a><\/b><\/h3>\n<p>El Garage Beer Co Poblenou \u00e9s una cerveseria informal que produeix i fabrica les seves pr\u00f2pies cerveses amb una qualitat sorprenent. El local t\u00e9 sof\u00e0s i terrassa perqu\u00e8 et sentis com a casa. A nom\u00e9s 100 metres de la platja de Bogatell, serveixen 20 Garage Beer Co tap lines i pizzette km0, una combinaci\u00f3 senzilla, per\u00f2 amb molt bons resultats al paladar.<\/p>\n<p>Horaris:<span style=\"font-weight: 400;\"> 17.00\u201301.00 \/ Dissabte 12.00\u201301.00 \/ Diumenge 12.00\u201300.00<\/span><\/p>\n<p><img loading=\"lazy\" decoding=\"async\" class=\"aligncenter size-medium wp-image-18268\" src=\"https:\/\/poblenouurbandistrict.com\/wp-content\/uploads\/2019\/11\/neko-sushi-bar-620x465.jpg\" alt=\"\" width=\"620\" height=\"465\" srcset=\"https:\/\/poblenouurbandistrict.com\/wp-content\/uploads\/2019\/11\/neko-sushi-bar-620x465.jpg 620w, https:\/\/poblenouurbandistrict.com\/wp-content\/uploads\/2019\/11\/neko-sushi-bar-600x450.jpg 600w, https:\/\/poblenouurbandistrict.com\/wp-content\/uploads\/2019\/11\/neko-sushi-bar-180x135.jpg 180w, https:\/\/poblenouurbandistrict.com\/wp-content\/uploads\/2019\/11\/neko-sushi-bar-768x576.jpg 768w, https:\/\/poblenouurbandistrict.com\/wp-content\/uploads\/2019\/11\/neko-sushi-bar-640x480.jpg 640w, https:\/\/poblenouurbandistrict.com\/wp-content\/uploads\/2019\/11\/neko-sushi-bar-1400x1050.jpg 1400w, https:\/\/poblenouurbandistrict.com\/wp-content\/uploads\/2019\/11\/neko-sushi-bar-1100x825.jpg 1100w, https:\/\/poblenouurbandistrict.com\/wp-content\/uploads\/2019\/11\/neko-sushi-bar-700x525.jpg 700w, https:\/\/poblenouurbandistrict.com\/wp-content\/uploads\/2019\/11\/neko-sushi-bar-470x353.jpg 470w, https:\/\/poblenouurbandistrict.com\/wp-content\/uploads\/2019\/11\/neko-sushi-bar-350x263.jpg 350w, https:\/\/poblenouurbandistrict.com\/wp-content\/uploads\/2019\/11\/neko-sushi-bar.jpg 2000w\" sizes=\"auto, (max-width: 620px) 100vw, 620px\" \/><\/p>\n<h3>Golden &amp; Smith by Valkiria <b>&#x1f4cd; <a href=\"https:\/\/goo.gl\/maps\/vGW5JrbUPhPmsnho7\">C. de Pujades, 126<\/a><\/b><\/h3>\n<p>Cuina saludable i opcions veggie.<\/p>\n<p>Horaris: Divendres 10:00\u201316:00 \/ Dissabte i diumenge tancat<\/p>\n<h3>Guinizelli <b>&#x1f4cd; <a href=\"https:\/\/goo.gl\/maps\/qQCVvZ3EFZBC5Cca9\">C. de Pere IV, 248-250<\/a><\/b><\/h3>\n<p>Pizza romana &#8216;in teglia&#8217; amb 5 farines i maduraci\u00f3 llarga.<\/p>\n<p>Horaris: Divendres i dissabte <span style=\"font-weight: 400;\">18.30\u201323.30 \/ Diumenge 18.30<\/span><span style=\"font-weight: 400;\">\u201323.00<\/span><span style=\"font-weight: 400;\">\u00a0<\/span><\/p>\n<h3>Hoppines <b>&#x1f4cd; <a href=\"https:\/\/goo.gl\/maps\/5UoW7f34iM7bYGpP7\">C. de Ramon turr\u00f3, 180<\/a><\/b><\/h3>\n<p>Espai cerveser i gastron\u00f2mic que reparteix felicitat des 2017<\/p>\n<p><span style=\"font-weight: 400;\">Horaris: Divendres, dissabte i diumenge 12.30\u201324.00 <\/span><\/p>\n<h3>KIBUKA <b>&#x1f4cd; <a href=\"https:\/\/goo.gl\/maps\/qQCVvZ3EFZBC5Cca9\">C. de Llull, 155<\/a><\/b><\/h3>\n<p>KIBUKA<span style=\"font-weight: 400;\">, el restaurant que et portar\u00e0 directe a T\u00f2quio amb la seva cuina japonesa de qualitat amb horari ininterromput. Sushis, ramen, okonomiyaki, robata, yakimeshis i altres del\u00edcies amb influ\u00e8ncia occidental, &#8230; No dubtis a visitar-los abans, durant o despr\u00e9s del teu recorregut de l&#8217;Off Llum Bcn.<\/span><\/p>\n<p>Horaris: Divendres i dissabte\u00a0<span style=\"font-weight: 400;\">12.30\u201324.00 \/ Diumenge 12.30\u201323.30\u00a0<\/span><\/p>\n<p><img loading=\"lazy\" decoding=\"async\" class=\"aligncenter size-medium wp-image-23465\" src=\"https:\/\/media.poblenouurbandistrict.com\/2021\/10\/25041818\/slider-timesburg-web-800x542px-02-620x420.jpg\" alt=\"\" width=\"620\" height=\"420\" \/><\/p>\n<h3>Koh Barcelona <b>&#x1f4cd; <a href=\"https:\/\/goo.gl\/maps\/nnho2qAid52vEVXF8\">C. de Pujades, 133<\/a><\/b><\/h3>\n<p>Un restaurant asi\u00e0tic diferent, on compartir es converteix en un plaer.<\/p>\n<p><span style=\"font-weight: 400;\">Horaris: Divendres i dissabte 20.30\u201322.30 \/ <\/span><span style=\"font-weight: 400;\">Diumenge 3.00\u201315.30<\/span><span style=\"font-weight: 400;\">\u00a0<\/span><span style=\"font-weight: 400;\"><br \/>\n<\/span><\/p>\n<h3>La Taquer\u00eda de Poblenou <b>&#x1f4cd; <a href=\"https:\/\/goo.gl\/maps\/wJqQCSRscEJYnfDn7\">C. de Pujades, 172<\/a><\/b><\/h3>\n<p><span style=\"font-weight: 400;\">Per als amants del menjar mexic\u00e0 cal passar per <\/span>La Taquer\u00eda<span style=\"font-weight: 400;\">. Un projecte que neix de la idea de donar a con\u00e8ixer i reivindicar, com ho diu el seu esl\u00f2gan, la \u201cgastronomia de carrer mexic\u00e0\u201d i aix\u00ed, per fi, tenir un aut\u00e8ntic <em>cachito<\/em> de M\u00e8xic a Barcelona.<\/span><\/p>\n<p>Horaris: Divendres i dissabte\u00a0<span style=\"font-weight: 400;\">13.00\u201324.00 i diumenge 13.00\u201323.30<\/span><\/p>\n<h3>La Tavern\u00edcola <b>&#x1f4cd; <a href=\"https:\/\/goo.gl\/maps\/1EpJUK1cC4PvQzkf9\">C. de Roc Boronat, 70<\/a><\/b><\/h3>\n<p>Restobar amb encant dedicat a les carns d&#8217;importaci\u00f3.<\/p>\n<p>Horaris: <span style=\"font-weight: 400;\">Divendres i dissabte 12.30\u201300.00 \/ Diumenge 12.30\u201316.30<\/span><\/p>\n<h3>Local 225 Barrio Bar <b>&#x1f4cd; <a href=\"https:\/\/goo.gl\/maps\/fGUo8BwhKxtKWWv28\">C. del Dr. Trueta, 225<\/a><\/b><\/h3>\n<p>No podem oblidar citar el Local 225, Barri Bar, vermuteria i tapes de qualitat, amb una programaci\u00f3 musical i exposicions art\u00edstiques que no pots deixar escapar.<\/p>\n<p>Horaris: <span style=\"font-weight: 400;\">Divendres 17.00\u201321.00 \/ Dissabte 12.00\u201301.00 \/ Diumenge 12.00\u201318.00<\/span><\/p>\n<p><img loading=\"lazy\" decoding=\"async\" class=\"aligncenter size-medium wp-image-22013\" src=\"https:\/\/media.poblenouurbandistrict.com\/2021\/03\/25035449\/warike-porject2-620x494.jpeg\" alt=\"\" width=\"620\" height=\"494\" \/><\/p>\n<h3>Neko Sushi-Bar &amp; Take Away<b>&#x1f4cd; <a href=\"https:\/\/goo.gl\/maps\/jVKcpQgDCZpe5FYPA\">C. de Pujades, 121<\/a><\/b><\/h3>\n<p>Si el que et demana el cos \u00e9s sushi, no ho dubtis: Neko Sushi \u00e9s el teu lloc per emportar. Productes i cuina de primera que delecten a qualsevol.<\/p>\n<p>Horaris: Divendres i dissabte <span style=\"font-weight: 400;\">19.30\u201322.30 \/ Diumenge tancat<\/span><\/p>\n<h3>Petit Bangkok <b>&#x1f4cd; <a href=\"https:\/\/goo.gl\/maps\/2uWsQZ4KQAw1wufB6\">C. d&#8217;\u00c0vila, 87<\/a><\/b><\/h3>\n<p><span style=\"font-weight: 400;\">Encara no hem citat cap restaurant de menjar tailand\u00e8s i aquest no pot ser altre que el <\/span>Petit Bangkok<span style=\"font-weight: 400;\">. Una molt bona elecci\u00f3 per delectar-te amb la seva carta. \u00c9s un secret de domini p\u00fablic.<\/span><\/p>\n<p>Horaris: Divendres i dissabte <span style=\"font-weight: 400;\">20.00\u201323.00 \/<\/span> <span style=\"font-weight: 400;\">Diumenge tancat<\/span><\/p>\n<h3>Sopa Barcelona<b>&#x1f4cd; <a href=\"https:\/\/goo.gl\/maps\/wJca58i5Wdfx76xG8\">C. de Roc Boronat, 114<\/a><\/b><\/h3>\n<p>Hamburgueses i fr\u00e0nkfurts vegans, patates braves, hummus, truita de patates, coca de recapte i m\u00e9s coses per picar que podr\u00e0s menjar al seu espai o endur-te.<\/p>\n<p>Horaris: Divendres\u00a0<span style=\"font-weight: 400;\">8.00\u201323.00 \/ Dissabte 10.00\u201323.00 \/ Diumenge 10.00\u201322.00<\/span><\/p>\n<h3>Timesburg Poblenou<b>&#x1f4cd; <a href=\"https:\/\/goo.gl\/maps\/bymrNHD6TG3x6V4N8\">C. de Pujades, 168<\/a><\/b><\/h3>\n<p>A Timesburg Poblenou podr\u00e0s escollir entre una gran varietat d&#8217;hamburgueses amb carn ecol\u00f2gica, Wagyu, doble carn o vegetariana. A nosaltres ens costa decidir perqu\u00e8 totes estan bon\u00edssimes. Ingredients de primera qualitat i amb un ambient de barri proper.<\/p>\n<p>Horaris: Divendres i dissabte\u00a0<span style=\"font-weight: 400;\">19.30\u201301.00 \/ Diuemnge 19.30\u201300.00<\/span><\/p>\n<h3>Trash Talk <b>&#x1f4cd; <a href=\"https:\/\/goo.gl\/maps\/C13dcGQsj8Uzi9nYA\">C. de Pere IV, 244<\/a><\/b><\/h3>\n<p>C\u00f2ctels i sandvitxos acompanyats de m\u00fasica rap.<\/p>\n<p>Horaris: <span style=\"font-weight: 400;\">Divendres i dissabte 17.30\u20132.30 \/ Diumenge 14.00\u201323.00<\/span><span style=\"font-weight: 400;\">\u00a0<\/span><\/p>\n<p><img loading=\"lazy\" decoding=\"async\" class=\"aligncenter size-medium wp-image-18272\" src=\"https:\/\/media.poblenouurbandistrict.com\/2019\/11\/25030750\/van-van-var-620x413.jpg\" alt=\"\" width=\"620\" height=\"413\" \/><\/p>\n<h3>Van Van VAR <b>&#x1f4cd; <a href=\"https:\/\/goo.gl\/maps\/7zqMMAYRyL1aa6ij9\">C. de Pujades, 27<\/a><\/b><\/h3>\n<p><span style=\"font-weight: 400;\">Especial &#8216;Chicken Call&#8217; amb <a href=\"https:\/\/www.instagram.com\/_vanvanchicken\/\">Van Van Chicken<\/a> als fogons con el wrap, la burger i el crispy chicken.<\/span><\/p>\n<p><span style=\"font-weight: 400;\">Horari especial Off Llum Bcn: Divendres i dissabte 11.30\u201323.00 (amb possibilitats d&#8217;allargar fins a les 00.30) <b>\/ <\/b>Diumenge 11.30\u201319.30<br \/>\n<\/span><\/p>\n<h3>Warike <b>&#x1f4cd; <a href=\"https:\/\/goo.gl\/maps\/6ysmDrrnHcvir2au9\">C. de Bilbao, 24<\/a><\/b><\/h3>\n<p><span style=\"font-weight: 400;\">No podem deixar de mencionar a <\/span>Warike Project<span style=\"font-weight: 400;\">. Un projecte de cuina peruana i de carrer. La seva passi\u00f3 \u00e9s cuinar respectant els sabors aut\u00e8ntics del Per\u00fa i amb la missi\u00f3 de compartir sabors incre\u00efbles. Realment \u00e9s aix\u00ed de simple.<\/span><span style=\"font-weight: 400;\">\u00a0<\/span><\/p>\n<p>Horari:Divendres i dissabte\u00a0<span style=\"font-weight: 400;\">20.00\u201322.30<\/span> <span style=\"font-weight: 400;\">\/ Diumenge 13.00\u201316.00<\/span><\/p>\n<p><img loading=\"lazy\" decoding=\"async\" class=\"aligncenter wp-image-35895\" src=\"https:\/\/media.poblenouurbandistrict.com\/2022\/11\/25055247\/trikini-foto-ok.jpg\" alt=\"\" width=\"637\" height=\"398\" \/><\/p>\n<h3>Trikini <b>&#x1f4cd; <a href=\"https:\/\/goo.gl\/maps\/1XRRCVV6QbvZARKP8\">C. de Pujades, 226<\/a><\/b><\/h3>\n<p>Biquinis d&#8217;autor i c\u00f2ctels al ritme dels 90\u2032 amb una \u201cPicina\u201d interior per ballar de valent.<\/p>\n<p>Horaris: <span style=\"font-weight: 400;\">Divendres i dissabte 18.00\u201303.00 \/ Diumenge 18.00\u201301.00<\/span><b><br \/>\n<\/b><\/p>\n<p>&nbsp;<\/p>\n<p><a href=\"https:\/\/poblenouurbandistrict.com\/ca\/off-llum-bcn\/\">Consulteu la resta de la programaci\u00f3 lum\u00ednica de l&#8217;Off Llum Bcn en el seg\u00fcent enlla\u00e7.<\/a><\/p>\n<p>&nbsp;<\/p>","protected":false},"excerpt":{"rendered":"<p>Torna l\u2019Off Llum Bcn els propers 3, 4 i 5 de febrer al Districte Cultural i Creatiu de Barcelona i&#8230; <a href=\"https:\/\/poblenouurbandistrict.com\/ca\/menjar-i-beure-a-loff-llum-bcn-2023\/\">M\u00e9s  \u2192<\/a><\/p>\n","protected":false},"author":5,"featured_media":25858,"comment_status":"closed","ping_status":"closed","sticky":false,"template":"","format":"standard","meta":{"_acf_changed":false,"footnotes":""},"categories":[3548,1,3353],"tags":[],"class_list":["post-36571","post","type-post","status-publish","format-standard","has-post-thumbnail","hentry","category-off-llum-bcn","category-noticias","category-gastronomia"],"acf":[],"yoast_head":"<!-- This site is optimized with the Yoast SEO plugin v27.4 - https:\/\/yoast.com\/product\/yoast-seo-wordpress\/ -->\n<title>Menjar i beure a l&#039;Off llum Bcn 2023<\/title>\n<meta name=\"description\" content=\"No dubteu en fer una parada als restaurants del Districte Creatiu abans, durant o despr\u00e9s del vostre recorregut per l&#039;Off Llum Bcn 2023.\" \/>\n<meta name=\"robots\" content=\"index, follow, max-snippet:-1, max-image-preview:large, max-video-preview:-1\" \/>\n<link rel=\"canonical\" href=\"https:\/\/poblenouurbandistrict.com\/ca\/menjar-i-beure-a-loff-llum-bcn-2023\/\" \/>\n<meta property=\"og:locale\" content=\"ca_ES\" \/>\n<meta property=\"og:type\" content=\"article\" \/>\n<meta property=\"og:title\" content=\"Menjar i beure a l&#039;Off llum Bcn 2023\" \/>\n<meta property=\"og:description\" content=\"No dubteu en fer una parada als restaurants del Districte Creatiu abans, durant o despr\u00e9s del vostre recorregut per l&#039;Off Llum Bcn 2023.\" \/>\n<meta property=\"og:url\" content=\"https:\/\/poblenouurbandistrict.com\/ca\/menjar-i-beure-a-loff-llum-bcn-2023\/\" \/>\n<meta property=\"og:site_name\" content=\"Poblenou Urban District\" \/>\n<meta property=\"article:published_time\" content=\"2023-01-25T10:34:47+00:00\" \/>\n<meta property=\"article:modified_time\" content=\"2023-02-02T13:56:16+00:00\" \/>\n<meta property=\"og:image\" content=\"https:\/\/poblenouurbandistrict.com\/wp-content\/uploads\/2022\/02\/6-640x427.png\" \/>\n\t<meta property=\"og:image:width\" content=\"640\" \/>\n\t<meta property=\"og:image:height\" content=\"427\" \/>\n\t<meta property=\"og:image:type\" content=\"image\/png\" \/>\n<meta name=\"author\" content=\"pnud\" \/>\n<meta name=\"twitter:card\" content=\"summary_large_image\" \/>\n<meta name=\"twitter:label1\" content=\"Escrit per\" \/>\n\t<meta name=\"twitter:data1\" content=\"pnud\" \/>\n\t<meta name=\"twitter:label2\" content=\"Temps estimat de lectura\" \/>\n\t<meta name=\"twitter:data2\" content=\"10 minuts\" \/>\n<script type=\"application\/ld+json\" class=\"yoast-schema-graph\">{\"@context\":\"https:\\\/\\\/schema.org\",\"@graph\":[{\"@type\":\"Article\",\"@id\":\"https:\\\/\\\/poblenouurbandistrict.com\\\/menjar-i-beure-a-loff-llum-bcn-2023\\\/#article\",\"isPartOf\":{\"@id\":\"https:\\\/\\\/poblenouurbandistrict.com\\\/menjar-i-beure-a-loff-llum-bcn-2023\\\/\"},\"author\":{\"name\":\"pnud\",\"@id\":\"https:\\\/\\\/poblenouurbandistrict.com\\\/#\\\/schema\\\/person\\\/980a2cf34b399d5218205730acd54a7e\"},\"headline\":\"Menjar i beure a l&#8217;Off llum Bcn 2023\",\"datePublished\":\"2023-01-25T10:34:47+00:00\",\"dateModified\":\"2023-02-02T13:56:16+00:00\",\"mainEntityOfPage\":{\"@id\":\"https:\\\/\\\/poblenouurbandistrict.com\\\/menjar-i-beure-a-loff-llum-bcn-2023\\\/\"},\"wordCount\":3030,\"image\":{\"@id\":\"https:\\\/\\\/poblenouurbandistrict.com\\\/menjar-i-beure-a-loff-llum-bcn-2023\\\/#primaryimage\"},\"thumbnailUrl\":\"https:\\\/\\\/poblenouurbandistrict.com\\\/wp-content\\\/uploads\\\/2022\\\/02\\\/6.jpg\",\"articleSection\":[\"Off Llum Bcn\",\"Est\u00e0 passant\",\"Gastronomia\"],\"inLanguage\":\"ca\"},{\"@type\":\"WebPage\",\"@id\":\"https:\\\/\\\/poblenouurbandistrict.com\\\/ca\\\/menjar-i-beure-a-loff-llum-bcn-2023\\\/\",\"url\":\"https:\\\/\\\/poblenouurbandistrict.com\\\/ca\\\/menjar-i-beure-a-loff-llum-bcn-2023\\\/\",\"name\":\"Menjar i beure a l'Off llum Bcn 2023\",\"isPartOf\":{\"@id\":\"https:\\\/\\\/poblenouurbandistrict.com\\\/ca\\\/#website\"},\"primaryImageOfPage\":{\"@id\":\"https:\\\/\\\/poblenouurbandistrict.com\\\/ca\\\/menjar-i-beure-a-loff-llum-bcn-2023\\\/#primaryimage\"},\"image\":{\"@id\":\"https:\\\/\\\/poblenouurbandistrict.com\\\/menjar-i-beure-a-loff-llum-bcn-2023\\\/#primaryimage\"},\"thumbnailUrl\":\"https:\\\/\\\/poblenouurbandistrict.com\\\/wp-content\\\/uploads\\\/2022\\\/02\\\/6.jpg\",\"datePublished\":\"2023-01-25T10:34:47+00:00\",\"dateModified\":\"2023-02-02T13:56:16+00:00\",\"author\":{\"@id\":\"https:\\\/\\\/poblenouurbandistrict.com\\\/#\\\/schema\\\/person\\\/980a2cf34b399d5218205730acd54a7e\"},\"description\":\"No dubteu en fer una parada als restaurants del Districte Creatiu abans, durant o despr\u00e9s del vostre recorregut per l'Off Llum Bcn 2023.\",\"breadcrumb\":{\"@id\":\"https:\\\/\\\/poblenouurbandistrict.com\\\/ca\\\/menjar-i-beure-a-loff-llum-bcn-2023\\\/#breadcrumb\"},\"inLanguage\":\"ca\",\"potentialAction\":[{\"@type\":\"ReadAction\",\"target\":[[\"https:\\\/\\\/poblenouurbandistrict.com\\\/ca\\\/menjar-i-beure-a-loff-llum-bcn-2023\\\/\"]]}]},{\"@type\":\"ImageObject\",\"inLanguage\":\"ca\",\"@id\":\"https:\\\/\\\/poblenouurbandistrict.com\\\/ca\\\/menjar-i-beure-a-loff-llum-bcn-2023\\\/#primaryimage\",\"url\":\"https:\\\/\\\/poblenouurbandistrict.com\\\/wp-content\\\/uploads\\\/2022\\\/02\\\/6.jpg\",\"contentUrl\":\"https:\\\/\\\/poblenouurbandistrict.com\\\/wp-content\\\/uploads\\\/2022\\\/02\\\/6.jpg\",\"width\":1500,\"height\":1000},{\"@type\":\"BreadcrumbList\",\"@id\":\"https:\\\/\\\/poblenouurbandistrict.com\\\/ca\\\/menjar-i-beure-a-loff-llum-bcn-2023\\\/#breadcrumb\",\"itemListElement\":[{\"@type\":\"ListItem\",\"position\":1,\"name\":\"Home\",\"item\":\"https:\\\/\\\/poblenouurbandistrict.com\\\/ca\\\/\"},{\"@type\":\"ListItem\",\"position\":2,\"name\":\"Menjar i beure a l&#8217;Off llum Bcn 2023\"}]},{\"@type\":\"WebSite\",\"@id\":\"https:\\\/\\\/poblenouurbandistrict.com\\\/ca\\\/#website\",\"url\":\"https:\\\/\\\/poblenouurbandistrict.com\\\/ca\\\/\",\"name\":\"Poblenou Urban District\",\"description\":\"Comunitat Creativa\",\"potentialAction\":[{\"@type\":\"SearchAction\",\"target\":{\"@type\":\"EntryPoint\",\"urlTemplate\":\"https:\\\/\\\/poblenouurbandistrict.com\\\/ca\\\/?s={search_term_string}\"},\"query-input\":{\"@type\":\"PropertyValueSpecification\",\"valueRequired\":true,\"valueName\":\"search_term_string\"}}],\"inLanguage\":\"ca\"},{\"@type\":\"Person\",\"@id\":\"https:\\\/\\\/poblenouurbandistrict.com\\\/#\\\/schema\\\/person\\\/980a2cf34b399d5218205730acd54a7e\",\"name\":\"pnud\",\"image\":{\"@type\":\"ImageObject\",\"inLanguage\":\"ca\",\"@id\":\"https:\\\/\\\/secure.gravatar.com\\\/avatar\\\/67146597b405ee077a24e519f75c3e2031736596d6ce35af3a34c122c93d0d7b?s=96&d=retro&r=g\",\"url\":\"https:\\\/\\\/secure.gravatar.com\\\/avatar\\\/67146597b405ee077a24e519f75c3e2031736596d6ce35af3a34c122c93d0d7b?s=96&d=retro&r=g\",\"contentUrl\":\"https:\\\/\\\/secure.gravatar.com\\\/avatar\\\/67146597b405ee077a24e519f75c3e2031736596d6ce35af3a34c122c93d0d7b?s=96&d=retro&r=g\",\"caption\":\"pnud\"}}]}<\/script>\n<!-- \/ Yoast SEO plugin. -->","yoast_head_json":{"title":"Menjar i beure a l'Off llum Bcn 2023","description":"No dubteu en fer una parada als restaurants del Districte Creatiu abans, durant o despr\u00e9s del vostre recorregut per l'Off Llum Bcn 2023.","robots":{"index":"index","follow":"follow","max-snippet":"max-snippet:-1","max-image-preview":"max-image-preview:large","max-video-preview":"max-video-preview:-1"},"canonical":"https:\/\/poblenouurbandistrict.com\/ca\/menjar-i-beure-a-loff-llum-bcn-2023\/","og_locale":"ca_ES","og_type":"article","og_title":"Menjar i beure a l'Off llum Bcn 2023","og_description":"No dubteu en fer una parada als restaurants del Districte Creatiu abans, durant o despr\u00e9s del vostre recorregut per l'Off Llum Bcn 2023.","og_url":"https:\/\/poblenouurbandistrict.com\/ca\/menjar-i-beure-a-loff-llum-bcn-2023\/","og_site_name":"Poblenou Urban District","article_published_time":"2023-01-25T10:34:47+00:00","article_modified_time":"2023-02-02T13:56:16+00:00","og_image":[{"width":640,"height":427,"url":"https:\/\/poblenouurbandistrict.com\/wp-content\/uploads\/2022\/02\/6-640x427.png","type":"image\/png"}],"author":"pnud","twitter_card":"summary_large_image","twitter_misc":{"Escrit per":"pnud","Temps estimat de lectura":"10 minuts"},"schema":{"@context":"https:\/\/schema.org","@graph":[{"@type":"Article","@id":"https:\/\/poblenouurbandistrict.com\/menjar-i-beure-a-loff-llum-bcn-2023\/#article","isPartOf":{"@id":"https:\/\/poblenouurbandistrict.com\/menjar-i-beure-a-loff-llum-bcn-2023\/"},"author":{"name":"pnud","@id":"https:\/\/poblenouurbandistrict.com\/#\/schema\/person\/980a2cf34b399d5218205730acd54a7e"},"headline":"Menjar i beure a l&#8217;Off llum Bcn 2023","datePublished":"2023-01-25T10:34:47+00:00","dateModified":"2023-02-02T13:56:16+00:00","mainEntityOfPage":{"@id":"https:\/\/poblenouurbandistrict.com\/menjar-i-beure-a-loff-llum-bcn-2023\/"},"wordCount":3030,"image":{"@id":"https:\/\/poblenouurbandistrict.com\/menjar-i-beure-a-loff-llum-bcn-2023\/#primaryimage"},"thumbnailUrl":"https:\/\/poblenouurbandistrict.com\/wp-content\/uploads\/2022\/02\/6.jpg","articleSection":["Off Llum Bcn","Est\u00e0 passant","Gastronomia"],"inLanguage":"ca"},{"@type":"WebPage","@id":"https:\/\/poblenouurbandistrict.com\/ca\/menjar-i-beure-a-loff-llum-bcn-2023\/","url":"https:\/\/poblenouurbandistrict.com\/ca\/menjar-i-beure-a-loff-llum-bcn-2023\/","name":"Menjar i beure a l'Off llum Bcn 2023","isPartOf":{"@id":"https:\/\/poblenouurbandistrict.com\/ca\/#website"},"primaryImageOfPage":{"@id":"https:\/\/poblenouurbandistrict.com\/ca\/menjar-i-beure-a-loff-llum-bcn-2023\/#primaryimage"},"image":{"@id":"https:\/\/poblenouurbandistrict.com\/menjar-i-beure-a-loff-llum-bcn-2023\/#primaryimage"},"thumbnailUrl":"https:\/\/poblenouurbandistrict.com\/wp-content\/uploads\/2022\/02\/6.jpg","datePublished":"2023-01-25T10:34:47+00:00","dateModified":"2023-02-02T13:56:16+00:00","author":{"@id":"https:\/\/poblenouurbandistrict.com\/#\/schema\/person\/980a2cf34b399d5218205730acd54a7e"},"description":"No dubteu en fer una parada als restaurants del Districte Creatiu abans, durant o despr\u00e9s del vostre recorregut per l'Off Llum Bcn 2023.","breadcrumb":{"@id":"https:\/\/poblenouurbandistrict.com\/ca\/menjar-i-beure-a-loff-llum-bcn-2023\/#breadcrumb"},"inLanguage":"ca","potentialAction":[{"@type":"ReadAction","target":[["https:\/\/poblenouurbandistrict.com\/ca\/menjar-i-beure-a-loff-llum-bcn-2023\/"]]}]},{"@type":"ImageObject","inLanguage":"ca","@id":"https:\/\/poblenouurbandistrict.com\/ca\/menjar-i-beure-a-loff-llum-bcn-2023\/#primaryimage","url":"https:\/\/poblenouurbandistrict.com\/wp-content\/uploads\/2022\/02\/6.jpg","contentUrl":"https:\/\/poblenouurbandistrict.com\/wp-content\/uploads\/2022\/02\/6.jpg","width":1500,"height":1000},{"@type":"BreadcrumbList","@id":"https:\/\/poblenouurbandistrict.com\/ca\/menjar-i-beure-a-loff-llum-bcn-2023\/#breadcrumb","itemListElement":[{"@type":"ListItem","position":1,"name":"Home","item":"https:\/\/poblenouurbandistrict.com\/ca\/"},{"@type":"ListItem","position":2,"name":"Menjar i beure a l&#8217;Off llum Bcn 2023"}]},{"@type":"WebSite","@id":"https:\/\/poblenouurbandistrict.com\/ca\/#website","url":"https:\/\/poblenouurbandistrict.com\/ca\/","name":"Poblenou Urban District","description":"Comunitat Creativa","potentialAction":[{"@type":"SearchAction","target":{"@type":"EntryPoint","urlTemplate":"https:\/\/poblenouurbandistrict.com\/ca\/?s={search_term_string}"},"query-input":{"@type":"PropertyValueSpecification","valueRequired":true,"valueName":"search_term_string"}}],"inLanguage":"ca"},{"@type":"Person","@id":"https:\/\/poblenouurbandistrict.com\/#\/schema\/person\/980a2cf34b399d5218205730acd54a7e","name":"pnud","image":{"@type":"ImageObject","inLanguage":"ca","@id":"https:\/\/secure.gravatar.com\/avatar\/67146597b405ee077a24e519f75c3e2031736596d6ce35af3a34c122c93d0d7b?s=96&d=retro&r=g","url":"https:\/\/secure.gravatar.com\/avatar\/67146597b405ee077a24e519f75c3e2031736596d6ce35af3a34c122c93d0d7b?s=96&d=retro&r=g","contentUrl":"https:\/\/secure.gravatar.com\/avatar\/67146597b405ee077a24e519f75c3e2031736596d6ce35af3a34c122c93d0d7b?s=96&d=retro&r=g","caption":"pnud"}}]}},"_links":{"self":[{"href":"https:\/\/poblenouurbandistrict.com\/ca\/wp-json\/wp\/v2\/posts\/36571","targetHints":{"allow":["GET"]}}],"collection":[{"href":"https:\/\/poblenouurbandistrict.com\/ca\/wp-json\/wp\/v2\/posts"}],"about":[{"href":"https:\/\/poblenouurbandistrict.com\/ca\/wp-json\/wp\/v2\/types\/post"}],"author":[{"embeddable":true,"href":"https:\/\/poblenouurbandistrict.com\/ca\/wp-json\/wp\/v2\/users\/5"}],"replies":[{"embeddable":true,"href":"https:\/\/poblenouurbandistrict.com\/ca\/wp-json\/wp\/v2\/comments?post=36571"}],"version-history":[{"count":5,"href":"https:\/\/poblenouurbandistrict.com\/ca\/wp-json\/wp\/v2\/posts\/36571\/revisions"}],"predecessor-version":[{"id":36675,"href":"https:\/\/poblenouurbandistrict.com\/ca\/wp-json\/wp\/v2\/posts\/36571\/revisions\/36675"}],"wp:featuredmedia":[{"embeddable":true,"href":"https:\/\/poblenouurbandistrict.com\/ca\/wp-json\/wp\/v2\/media\/25858"}],"wp:attachment":[{"href":"https:\/\/poblenouurbandistrict.com\/ca\/wp-json\/wp\/v2\/media?parent=36571"}],"wp:term":[{"taxonomy":"category","embeddable":true,"href":"https:\/\/poblenouurbandistrict.com\/ca\/wp-json\/wp\/v2\/categories?post=36571"},{"taxonomy":"post_tag","embeddable":true,"href":"https:\/\/poblenouurbandistrict.com\/ca\/wp-json\/wp\/v2\/tags?post=36571"}],"curies":[{"name":"wp","href":"https:\/\/api.w.org\/{rel}","templated":true}]}}