{"id":36601,"date":"2023-01-26T14:05:30","date_gmt":"2023-01-26T13:05:30","guid":{"rendered":"https:\/\/poblenouurbandistrict.com\/?p=36601"},"modified":"2023-02-02T13:15:04","modified_gmt":"2023-02-02T12:15:04","slug":"ruta-pel-circuit-de-off-llum-bcn-2023","status":"publish","type":"post","link":"https:\/\/poblenouurbandistrict.com\/ca\/ruta-pel-circuit-de-off-llum-bcn-2023\/","title":{"rendered":"Fes la teva ruta pel circuit de l&#8217;Off Llum Bcn"},"content":{"rendered":"<p><\/p>\n<p class=\"p1\"><span class=\"s1\">El 3 i el 4 de febrer de 18.30h a 23.30h i el 5 de febrer de 18.30h a 23.00h arriba la quarta edici\u00f3 de l\u2019<strong>Off Llum Bcn<\/strong> al Poblenou, el circuit alternatiu al Festival Llum Bcn, ideat i produ\u00eft per Poblenou Urban District, a trav\u00e9s de dotze instal\u00b7lacions ubicades en nou espais que formen part de la comunitat creativa, concebudes per artistes multidisciplinaris que experimenten amb la llum en diferents formats.<\/span><\/p>\n<p><img loading=\"lazy\" decoding=\"async\" class=\"aligncenter size-medium wp-image-26168\" src=\"https:\/\/media.poblenouurbandistrict.com\/2022\/02\/25044629\/off-llum-portada-620x413.jpg\" alt=\"\" width=\"620\" height=\"413\" \/><\/p>\n<p class=\"p1\"><span class=\"s1\">Un recorregut que busca posar el\u00a0focus en l\u2019art lum\u00ednic amb l\u2019objectiu de qu\u00e8 els visitants descobreixin els espais de creaci\u00f3 i innovaci\u00f3 que formen part de la comunitat creativa de Poblenou Urban District, i que acolliran durant tres dies sota el paraig\u00fces de l\u2019Off Llum Bcn, tota classe d\u2019instal\u00b7lacions que es mouen entre l\u2019art, el disseny i la innovaci\u00f3.<\/span><\/p>\n<p><img loading=\"lazy\" decoding=\"async\" class=\"aligncenter size-medium wp-image-36522\" src=\"https:\/\/media.poblenouurbandistrict.com\/2023\/01\/25055647\/image-6483441-620x349.jpeg\" alt=\"\" width=\"620\" height=\"349\" \/><\/p>\n<p>A continuaci\u00f3, et presentem totes les instal\u00b7lacions que podr\u00e0s trobar al llarg del circuit, i sobretot, no deixis de donar una ullada a tota l&#8217;<a href=\"https:\/\/poblenouurbandistrict.com\/ca\/menjar-i-beure-a-loff-llum-bcn-2023\/\"><strong>oferta de bars i restaurants<\/strong><\/a> que estaran oberts a Poblenou Urban District durant els tres dies.<\/p>\n<h3><a href=\"https:\/\/poblenouurbandistrict.com\/ca\/maurici-gines-presenta-designova-light-of-love-off-llum-2023\/\">Maurici Gin\u00e9s presenta \u2018Designova\u2019 i \u2019Light of Love\u2019<\/a><\/h3>\n<h3><a href=\"https:\/\/poblenouurbandistrict.com\/ca\/wood-wide-web-un-projecte-collectiu-entre-bau-i-protopixel-off-llum-2023\/\">\u2018Wood Wide Web\u2019, un projecte col\u00b7lectiu entre BAU i Protop\u00edxel<\/a><\/h3>\n<h3><a href=\"https:\/\/poblenouurbandistrict.com\/ca\/antoni-arola-presenta-eo-indissoluble-off-llum-bcn-2023\/\">Antoni Arola presenta \u2018E\u00f2\u2019 a Indissoluble<\/a><\/h3>\n<h3><a href=\"https:\/\/poblenouurbandistrict.com\/ca\/fx-animation-tres-installacions-en-un-mateix-espai-off-llum-bcn-2023\/\">FX Animation, tres instal\u00b7lacions en un mateix espai<\/a><\/h3>\n<h3><a href=\"https:\/\/poblenouurbandistrict.com\/ca\/instalacions-socis-off-llum-bcn-2023\/\">I els socis van dir \u2018Que es faci la llum!\u2019<\/a><\/h3>\n<h3><a href=\"https:\/\/poblenouurbandistrict.com\/ca\/menjar-i-beure-a-loff-llum-bcn-2023\/\">Menjar i beure a l\u2019Off llum Bcn 2023<\/a><\/h3>\n<p>&nbsp;<\/p>","protected":false},"excerpt":{"rendered":"<p>El 3 i el 4 de febrer de 18.30h a 23.30h i el 5 de febrer de 18.30h a 23.00h&#8230; <a href=\"https:\/\/poblenouurbandistrict.com\/ca\/ruta-pel-circuit-de-off-llum-bcn-2023\/\">M\u00e9s  \u2192<\/a><\/p>\n","protected":false},"author":5,"featured_media":36650,"comment_status":"closed","ping_status":"closed","sticky":false,"template":"","format":"standard","meta":{"_acf_changed":false,"footnotes":""},"categories":[3548,3363],"tags":[],"class_list":["post-36601","post","type-post","status-publish","format-standard","has-post-thumbnail","hentry","category-off-llum-bcn","category-places"],"acf":[],"yoast_head":"<!-- This site is optimized with the Yoast SEO plugin v27.5 - https:\/\/yoast.com\/product\/yoast-seo-wordpress\/ -->\n<title>Fes la teva ruta pel circuit de l&#039;Off Llum Bcn<\/title>\n<meta name=\"description\" content=\"Presentem totes les instal\u00b7lacions que podreu trobar al llarg del circuit de l&#039;Off Llum Bcn 2023 durant els tres dies.\u00a0\" \/>\n<meta name=\"robots\" content=\"index, follow, max-snippet:-1, max-image-preview:large, max-video-preview:-1\" \/>\n<link rel=\"canonical\" href=\"https:\/\/poblenouurbandistrict.com\/ca\/ruta-pel-circuit-de-off-llum-bcn-2023\/\" \/>\n<meta property=\"og:locale\" content=\"ca_ES\" \/>\n<meta property=\"og:type\" content=\"article\" \/>\n<meta property=\"og:title\" content=\"Fes la teva ruta pel circuit de l&#039;Off Llum Bcn\" \/>\n<meta property=\"og:description\" content=\"Presentem totes les instal\u00b7lacions que podreu trobar al llarg del circuit de l&#039;Off Llum Bcn 2023 durant els tres dies.\u00a0\" \/>\n<meta property=\"og:url\" content=\"https:\/\/poblenouurbandistrict.com\/ca\/ruta-pel-circuit-de-off-llum-bcn-2023\/\" \/>\n<meta property=\"og:site_name\" content=\"Poblenou Urban District\" \/>\n<meta property=\"article:published_time\" content=\"2023-01-26T13:05:30+00:00\" \/>\n<meta property=\"article:modified_time\" content=\"2023-02-02T12:15:04+00:00\" \/>\n<meta property=\"og:image\" content=\"https:\/\/poblenouurbandistrict.com\/wp-content\/uploads\/2023\/01\/news-offllum-01.png\" \/>\n\t<meta property=\"og:image:width\" content=\"1500\" \/>\n\t<meta property=\"og:image:height\" content=\"1000\" \/>\n\t<meta property=\"og:image:type\" content=\"image\/png\" \/>\n<meta name=\"author\" content=\"pnud\" \/>\n<meta name=\"twitter:card\" content=\"summary_large_image\" \/>\n<meta name=\"twitter:label1\" content=\"Escrit per\" \/>\n\t<meta name=\"twitter:data1\" content=\"pnud\" \/>\n\t<meta name=\"twitter:label2\" content=\"Temps estimat de lectura\" \/>\n\t<meta name=\"twitter:data2\" content=\"2 minuts\" \/>\n<script type=\"application\/ld+json\" class=\"yoast-schema-graph\">{\"@context\":\"https:\\\/\\\/schema.org\",\"@graph\":[{\"@type\":\"Article\",\"@id\":\"https:\\\/\\\/poblenouurbandistrict.com\\\/ruta-pel-circuit-de-off-llum-bcn-2023\\\/#article\",\"isPartOf\":{\"@id\":\"https:\\\/\\\/poblenouurbandistrict.com\\\/ruta-pel-circuit-de-off-llum-bcn-2023\\\/\"},\"author\":{\"name\":\"pnud\",\"@id\":\"https:\\\/\\\/poblenouurbandistrict.com\\\/#\\\/schema\\\/person\\\/980a2cf34b399d5218205730acd54a7e\"},\"headline\":\"Fes la teva ruta pel circuit de l&#8217;Off Llum Bcn\",\"datePublished\":\"2023-01-26T13:05:30+00:00\",\"dateModified\":\"2023-02-02T12:15:04+00:00\",\"mainEntityOfPage\":{\"@id\":\"https:\\\/\\\/poblenouurbandistrict.com\\\/ruta-pel-circuit-de-off-llum-bcn-2023\\\/\"},\"wordCount\":505,\"image\":{\"@id\":\"https:\\\/\\\/poblenouurbandistrict.com\\\/ruta-pel-circuit-de-off-llum-bcn-2023\\\/#primaryimage\"},\"thumbnailUrl\":\"https:\\\/\\\/poblenouurbandistrict.com\\\/wp-content\\\/uploads\\\/2023\\\/01\\\/news-offllum-01.jpg\",\"articleSection\":[\"Off Llum Bcn\",\"Espais\"],\"inLanguage\":\"ca\"},{\"@type\":\"WebPage\",\"@id\":\"https:\\\/\\\/poblenouurbandistrict.com\\\/ca\\\/ruta-pel-circuit-de-off-llum-bcn-2023\\\/\",\"url\":\"https:\\\/\\\/poblenouurbandistrict.com\\\/ca\\\/ruta-pel-circuit-de-off-llum-bcn-2023\\\/\",\"name\":\"Fes la teva ruta pel circuit de l'Off Llum Bcn\",\"isPartOf\":{\"@id\":\"https:\\\/\\\/poblenouurbandistrict.com\\\/ca\\\/#website\"},\"primaryImageOfPage\":{\"@id\":\"https:\\\/\\\/poblenouurbandistrict.com\\\/ca\\\/ruta-pel-circuit-de-off-llum-bcn-2023\\\/#primaryimage\"},\"image\":{\"@id\":\"https:\\\/\\\/poblenouurbandistrict.com\\\/ruta-pel-circuit-de-off-llum-bcn-2023\\\/#primaryimage\"},\"thumbnailUrl\":\"https:\\\/\\\/poblenouurbandistrict.com\\\/wp-content\\\/uploads\\\/2023\\\/01\\\/news-offllum-01.jpg\",\"datePublished\":\"2023-01-26T13:05:30+00:00\",\"dateModified\":\"2023-02-02T12:15:04+00:00\",\"author\":{\"@id\":\"https:\\\/\\\/poblenouurbandistrict.com\\\/#\\\/schema\\\/person\\\/980a2cf34b399d5218205730acd54a7e\"},\"description\":\"Presentem totes les instal\u00b7lacions que podreu trobar al llarg del circuit de l'Off Llum Bcn 2023 durant els tres dies.\u00a0\",\"breadcrumb\":{\"@id\":\"https:\\\/\\\/poblenouurbandistrict.com\\\/ca\\\/ruta-pel-circuit-de-off-llum-bcn-2023\\\/#breadcrumb\"},\"inLanguage\":\"ca\",\"potentialAction\":[{\"@type\":\"ReadAction\",\"target\":[[\"https:\\\/\\\/poblenouurbandistrict.com\\\/ca\\\/ruta-pel-circuit-de-off-llum-bcn-2023\\\/\"]]}]},{\"@type\":\"ImageObject\",\"inLanguage\":\"ca\",\"@id\":\"https:\\\/\\\/poblenouurbandistrict.com\\\/ca\\\/ruta-pel-circuit-de-off-llum-bcn-2023\\\/#primaryimage\",\"url\":\"https:\\\/\\\/poblenouurbandistrict.com\\\/wp-content\\\/uploads\\\/2023\\\/01\\\/news-offllum-01.jpg\",\"contentUrl\":\"https:\\\/\\\/poblenouurbandistrict.com\\\/wp-content\\\/uploads\\\/2023\\\/01\\\/news-offllum-01.jpg\",\"width\":1500,\"height\":1000},{\"@type\":\"BreadcrumbList\",\"@id\":\"https:\\\/\\\/poblenouurbandistrict.com\\\/ca\\\/ruta-pel-circuit-de-off-llum-bcn-2023\\\/#breadcrumb\",\"itemListElement\":[{\"@type\":\"ListItem\",\"position\":1,\"name\":\"Home\",\"item\":\"https:\\\/\\\/poblenouurbandistrict.com\\\/ca\\\/\"},{\"@type\":\"ListItem\",\"position\":2,\"name\":\"Fes la teva ruta pel circuit de l&#8217;Off Llum Bcn\"}]},{\"@type\":\"WebSite\",\"@id\":\"https:\\\/\\\/poblenouurbandistrict.com\\\/ca\\\/#website\",\"url\":\"https:\\\/\\\/poblenouurbandistrict.com\\\/ca\\\/\",\"name\":\"Poblenou Urban District\",\"description\":\"Comunitat Creativa\",\"potentialAction\":[{\"@type\":\"SearchAction\",\"target\":{\"@type\":\"EntryPoint\",\"urlTemplate\":\"https:\\\/\\\/poblenouurbandistrict.com\\\/ca\\\/?s={search_term_string}\"},\"query-input\":{\"@type\":\"PropertyValueSpecification\",\"valueRequired\":true,\"valueName\":\"search_term_string\"}}],\"inLanguage\":\"ca\"},{\"@type\":\"Person\",\"@id\":\"https:\\\/\\\/poblenouurbandistrict.com\\\/#\\\/schema\\\/person\\\/980a2cf34b399d5218205730acd54a7e\",\"name\":\"pnud\",\"image\":{\"@type\":\"ImageObject\",\"inLanguage\":\"ca\",\"@id\":\"https:\\\/\\\/secure.gravatar.com\\\/avatar\\\/67146597b405ee077a24e519f75c3e2031736596d6ce35af3a34c122c93d0d7b?s=96&d=retro&r=g\",\"url\":\"https:\\\/\\\/secure.gravatar.com\\\/avatar\\\/67146597b405ee077a24e519f75c3e2031736596d6ce35af3a34c122c93d0d7b?s=96&d=retro&r=g\",\"contentUrl\":\"https:\\\/\\\/secure.gravatar.com\\\/avatar\\\/67146597b405ee077a24e519f75c3e2031736596d6ce35af3a34c122c93d0d7b?s=96&d=retro&r=g\",\"caption\":\"pnud\"}}]}<\/script>\n<!-- \/ Yoast SEO plugin. -->","yoast_head_json":{"title":"Fes la teva ruta pel circuit de l'Off Llum Bcn","description":"Presentem totes les instal\u00b7lacions que podreu trobar al llarg del circuit de l'Off Llum Bcn 2023 durant els tres dies.\u00a0","robots":{"index":"index","follow":"follow","max-snippet":"max-snippet:-1","max-image-preview":"max-image-preview:large","max-video-preview":"max-video-preview:-1"},"canonical":"https:\/\/poblenouurbandistrict.com\/ca\/ruta-pel-circuit-de-off-llum-bcn-2023\/","og_locale":"ca_ES","og_type":"article","og_title":"Fes la teva ruta pel circuit de l'Off Llum Bcn","og_description":"Presentem totes les instal\u00b7lacions que podreu trobar al llarg del circuit de l'Off Llum Bcn 2023 durant els tres dies.\u00a0","og_url":"https:\/\/poblenouurbandistrict.com\/ca\/ruta-pel-circuit-de-off-llum-bcn-2023\/","og_site_name":"Poblenou Urban District","article_published_time":"2023-01-26T13:05:30+00:00","article_modified_time":"2023-02-02T12:15:04+00:00","og_image":[{"width":1500,"height":1000,"url":"https:\/\/poblenouurbandistrict.com\/wp-content\/uploads\/2023\/01\/news-offllum-01.png","type":"image\/png"}],"author":"pnud","twitter_card":"summary_large_image","twitter_misc":{"Escrit per":"pnud","Temps estimat de lectura":"2 minuts"},"schema":{"@context":"https:\/\/schema.org","@graph":[{"@type":"Article","@id":"https:\/\/poblenouurbandistrict.com\/ruta-pel-circuit-de-off-llum-bcn-2023\/#article","isPartOf":{"@id":"https:\/\/poblenouurbandistrict.com\/ruta-pel-circuit-de-off-llum-bcn-2023\/"},"author":{"name":"pnud","@id":"https:\/\/poblenouurbandistrict.com\/#\/schema\/person\/980a2cf34b399d5218205730acd54a7e"},"headline":"Fes la teva ruta pel circuit de l&#8217;Off Llum Bcn","datePublished":"2023-01-26T13:05:30+00:00","dateModified":"2023-02-02T12:15:04+00:00","mainEntityOfPage":{"@id":"https:\/\/poblenouurbandistrict.com\/ruta-pel-circuit-de-off-llum-bcn-2023\/"},"wordCount":505,"image":{"@id":"https:\/\/poblenouurbandistrict.com\/ruta-pel-circuit-de-off-llum-bcn-2023\/#primaryimage"},"thumbnailUrl":"https:\/\/poblenouurbandistrict.com\/wp-content\/uploads\/2023\/01\/news-offllum-01.jpg","articleSection":["Off Llum Bcn","Espais"],"inLanguage":"ca"},{"@type":"WebPage","@id":"https:\/\/poblenouurbandistrict.com\/ca\/ruta-pel-circuit-de-off-llum-bcn-2023\/","url":"https:\/\/poblenouurbandistrict.com\/ca\/ruta-pel-circuit-de-off-llum-bcn-2023\/","name":"Fes la teva ruta pel circuit de l'Off Llum Bcn","isPartOf":{"@id":"https:\/\/poblenouurbandistrict.com\/ca\/#website"},"primaryImageOfPage":{"@id":"https:\/\/poblenouurbandistrict.com\/ca\/ruta-pel-circuit-de-off-llum-bcn-2023\/#primaryimage"},"image":{"@id":"https:\/\/poblenouurbandistrict.com\/ruta-pel-circuit-de-off-llum-bcn-2023\/#primaryimage"},"thumbnailUrl":"https:\/\/poblenouurbandistrict.com\/wp-content\/uploads\/2023\/01\/news-offllum-01.jpg","datePublished":"2023-01-26T13:05:30+00:00","dateModified":"2023-02-02T12:15:04+00:00","author":{"@id":"https:\/\/poblenouurbandistrict.com\/#\/schema\/person\/980a2cf34b399d5218205730acd54a7e"},"description":"Presentem totes les instal\u00b7lacions que podreu trobar al llarg del circuit de l'Off Llum Bcn 2023 durant els tres dies.\u00a0","breadcrumb":{"@id":"https:\/\/poblenouurbandistrict.com\/ca\/ruta-pel-circuit-de-off-llum-bcn-2023\/#breadcrumb"},"inLanguage":"ca","potentialAction":[{"@type":"ReadAction","target":[["https:\/\/poblenouurbandistrict.com\/ca\/ruta-pel-circuit-de-off-llum-bcn-2023\/"]]}]},{"@type":"ImageObject","inLanguage":"ca","@id":"https:\/\/poblenouurbandistrict.com\/ca\/ruta-pel-circuit-de-off-llum-bcn-2023\/#primaryimage","url":"https:\/\/poblenouurbandistrict.com\/wp-content\/uploads\/2023\/01\/news-offllum-01.jpg","contentUrl":"https:\/\/poblenouurbandistrict.com\/wp-content\/uploads\/2023\/01\/news-offllum-01.jpg","width":1500,"height":1000},{"@type":"BreadcrumbList","@id":"https:\/\/poblenouurbandistrict.com\/ca\/ruta-pel-circuit-de-off-llum-bcn-2023\/#breadcrumb","itemListElement":[{"@type":"ListItem","position":1,"name":"Home","item":"https:\/\/poblenouurbandistrict.com\/ca\/"},{"@type":"ListItem","position":2,"name":"Fes la teva ruta pel circuit de l&#8217;Off Llum Bcn"}]},{"@type":"WebSite","@id":"https:\/\/poblenouurbandistrict.com\/ca\/#website","url":"https:\/\/poblenouurbandistrict.com\/ca\/","name":"Poblenou Urban District","description":"Comunitat Creativa","potentialAction":[{"@type":"SearchAction","target":{"@type":"EntryPoint","urlTemplate":"https:\/\/poblenouurbandistrict.com\/ca\/?s={search_term_string}"},"query-input":{"@type":"PropertyValueSpecification","valueRequired":true,"valueName":"search_term_string"}}],"inLanguage":"ca"},{"@type":"Person","@id":"https:\/\/poblenouurbandistrict.com\/#\/schema\/person\/980a2cf34b399d5218205730acd54a7e","name":"pnud","image":{"@type":"ImageObject","inLanguage":"ca","@id":"https:\/\/secure.gravatar.com\/avatar\/67146597b405ee077a24e519f75c3e2031736596d6ce35af3a34c122c93d0d7b?s=96&d=retro&r=g","url":"https:\/\/secure.gravatar.com\/avatar\/67146597b405ee077a24e519f75c3e2031736596d6ce35af3a34c122c93d0d7b?s=96&d=retro&r=g","contentUrl":"https:\/\/secure.gravatar.com\/avatar\/67146597b405ee077a24e519f75c3e2031736596d6ce35af3a34c122c93d0d7b?s=96&d=retro&r=g","caption":"pnud"}}]}},"_links":{"self":[{"href":"https:\/\/poblenouurbandistrict.com\/ca\/wp-json\/wp\/v2\/posts\/36601","targetHints":{"allow":["GET"]}}],"collection":[{"href":"https:\/\/poblenouurbandistrict.com\/ca\/wp-json\/wp\/v2\/posts"}],"about":[{"href":"https:\/\/poblenouurbandistrict.com\/ca\/wp-json\/wp\/v2\/types\/post"}],"author":[{"embeddable":true,"href":"https:\/\/poblenouurbandistrict.com\/ca\/wp-json\/wp\/v2\/users\/5"}],"replies":[{"embeddable":true,"href":"https:\/\/poblenouurbandistrict.com\/ca\/wp-json\/wp\/v2\/comments?post=36601"}],"version-history":[{"count":3,"href":"https:\/\/poblenouurbandistrict.com\/ca\/wp-json\/wp\/v2\/posts\/36601\/revisions"}],"predecessor-version":[{"id":36672,"href":"https:\/\/poblenouurbandistrict.com\/ca\/wp-json\/wp\/v2\/posts\/36601\/revisions\/36672"}],"wp:featuredmedia":[{"embeddable":true,"href":"https:\/\/poblenouurbandistrict.com\/ca\/wp-json\/wp\/v2\/media\/36650"}],"wp:attachment":[{"href":"https:\/\/poblenouurbandistrict.com\/ca\/wp-json\/wp\/v2\/media?parent=36601"}],"wp:term":[{"taxonomy":"category","embeddable":true,"href":"https:\/\/poblenouurbandistrict.com\/ca\/wp-json\/wp\/v2\/categories?post=36601"},{"taxonomy":"post_tag","embeddable":true,"href":"https:\/\/poblenouurbandistrict.com\/ca\/wp-json\/wp\/v2\/tags?post=36601"}],"curies":[{"name":"wp","href":"https:\/\/api.w.org\/{rel}","templated":true}]}}