{"id":36645,"date":"2023-02-10T12:00:02","date_gmt":"2023-02-10T11:00:02","guid":{"rendered":"https:\/\/poblenouurbandistrict.com\/?p=36645"},"modified":"2023-02-10T16:23:31","modified_gmt":"2023-02-10T15:23:31","slug":"exit-nova-edicio-off-llum-bcn-2023","status":"publish","type":"post","link":"https:\/\/poblenouurbandistrict.com\/ca\/exit-nova-edicio-off-llum-bcn-2023\/","title":{"rendered":"Nou \u00e8xit de p\u00fablic en la 4\u00aa edici\u00f3 de l&#8217;Off Llum Bcn"},"content":{"rendered":"<p>Abans que ens h\u00e0gim pogut adonar, ja ha passat una setmana de la quarta edici\u00f3 de l&#8217;Off Llum Bcn, el circuit alternatiu del Festival Llum Bcn, ideat i produ\u00eft per Poblenou Urban District. Una vegada m\u00e9s va ser un \u00e8xit de p\u00fablic, omplint els carrers i il\u00b7luminant el districte creatiu i cultural de Barcelona durant tres nits consecutives, consolidant l&#8217;aposta per l&#8217;art lum\u00ednic com a porta d&#8217;entrada a descobrir els espais de creaci\u00f3 i innovaci\u00f3 del Poblenou.<\/p>\n<p>Volem aprofitar l&#8217;oportunitat per agrair a tota la gent que es va acostar a gaudir de les instal\u00b7lacions, als patrocinadors i a totes les entitats privades que han participat i fet possible l&#8217;esdeveniment:<\/p>\n<p>Gr\u00e0cies a <strong>ProtoPixel, <\/strong><strong>LEDSC4, <b>BAU Centre Universitari d&#8217;Arts i Disseny<\/b><\/strong><strong>, <\/strong><strong>Fluge, <\/strong><strong>Microfusa, <\/strong><strong>LUZ NEGRA, <\/strong><strong>LEDSCONTROL, <\/strong><strong>Tecnoradio, <\/strong><strong>OSCILA, <\/strong><strong>Carlight, <\/strong><strong>C\u00f3digo Sound<\/strong><strong>, Lumalia, Expafol, BeatMeLab, FX ANIMATION, Sonority, Na.B3 Collective, Indissoluble, <\/strong><strong>ALBADALEJO, Espronceda i BRIDGE_48<\/strong>\u00a0pel vostre patrocini.<\/p>\n<p>A <strong>Disseny Hub Barcelona, Westfield Gl\u00f2ries, The Hoxton Hotel, FX ANIMATION, Indissoluble, <b>BAU Centre Universitari d&#8217;Arts i Disseny, <\/b><\/strong><strong>ProtoPixel, Galer\u00eda Chez Xefo, L&amp;B Gallery <\/strong>i<strong> BRIDGE_48 <\/strong>per acollir les instal\u00b7lacions de l&#8217;Off Llum Bcn als vostres espais.<\/p>\n<p>A <strong>Maurici Gin\u00e9s<\/strong> i a l&#8217;equip d&#8217;<strong>Artec Studio, OSCILA, BeatMe Lab, Na.B3 Collective, Gabriel Lecup, Antoni Arola,<\/strong> <strong>Tom Carr<\/strong>, <strong>Xavier Mu\u00f1oz<\/strong>, <strong>Ovidiu Valeriu Bojor<\/strong>, <strong>Santiago Terigi<\/strong><strong>, Andrea Badia (nddr3), Jos\u00e9 Andr\u00e9s Cubillas G\u00f3mez del Camp, Luis D\u00edaz Gonz\u00e1lez, Carlos Dub\u00f3n Gr\u00e1diz (re.dubbed), Marina G\u00f3mez Corb\u00ed, Biel Lopez, Miquel Mart\u00ednez, Jos\u00e9 Plata <\/strong>i\u00a0<strong>Gerard Valls Monta\u00f1o<\/strong> per la vostra feina.<\/p>\n<p>Des de Poblenou Urban District tamb\u00e9 volem agrair el suport i l&#8217;ajuda de <strong>Festival Llum Bcn<\/strong>, organitzat per l&#8217;<strong>Ajuntament de Barcelona<\/strong>. \u00c9s un plaer formar part d&#8217;aquesta gran nit de la llum a la ciutat de Barcelona, visibilitzant la feina i creativitat que es du a terme a la comunitat creativa de Poblenou Urban District.<\/p>\n<p>Un agra\u00efment molt especial tamb\u00e9 al nostre patrocinador oficial <a href=\"https:\/\/cervezaelaguila.es\/edad\"><strong>El \u00c1guila<\/strong><\/a>.<\/p>\n<p>I finalment, al p\u00fablic, us agra\u00efm una vegada m\u00e9s que vingueu a descobrir el talent del districte des d&#8217;una nova perspectiva, aquesta \u00e9s la vostra casa.<\/p>\n<p>Fins l&#8217;any vinent!<\/p>","protected":false},"excerpt":{"rendered":"<p>Abans que ens h\u00e0gim pogut adonar, ja ha passat una setmana de la quarta edici\u00f3 de l&#8217;Off Llum Bcn, el&#8230; <a href=\"https:\/\/poblenouurbandistrict.com\/ca\/exit-nova-edicio-off-llum-bcn-2023\/\">M\u00e9s  \u2192<\/a><\/p>\n","protected":false},"author":5,"featured_media":36702,"comment_status":"closed","ping_status":"closed","sticky":false,"template":"","format":"standard","meta":{"_acf_changed":false,"footnotes":""},"categories":[3548,3364],"tags":[],"class_list":["post-36645","post","type-post","status-publish","format-standard","has-post-thumbnail","hentry","category-off-llum-bcn","category-poblenou-urban-district"],"acf":[],"yoast_head":"<!-- This site is optimized with the Yoast SEO plugin v27.5 - https:\/\/yoast.com\/product\/yoast-seo-wordpress\/ -->\n<title>\u00c8xit de la nova edici\u00f3 de l&#039;Off Llum Bcn<\/title>\n<meta name=\"description\" content=\"L&#039;Off Llum Bcn 2023 va ser un \u00e8xit de p\u00fablic, omplint els carrers i il\u00b7luminant el districte creatiu i cultural durant tres nits.\" \/>\n<meta name=\"robots\" content=\"index, follow, max-snippet:-1, max-image-preview:large, max-video-preview:-1\" \/>\n<link rel=\"canonical\" href=\"https:\/\/poblenouurbandistrict.com\/ca\/exit-nova-edicio-off-llum-bcn-2023\/\" \/>\n<meta property=\"og:locale\" content=\"ca_ES\" \/>\n<meta property=\"og:type\" content=\"article\" \/>\n<meta property=\"og:title\" content=\"\u00c8xit de la nova edici\u00f3 de l&#039;Off Llum Bcn\" \/>\n<meta property=\"og:description\" content=\"L&#039;Off Llum Bcn 2023 va ser un \u00e8xit de p\u00fablic, omplint els carrers i il\u00b7luminant el districte creatiu i cultural durant tres nits.\" \/>\n<meta property=\"og:url\" content=\"https:\/\/poblenouurbandistrict.com\/ca\/exit-nova-edicio-off-llum-bcn-2023\/\" \/>\n<meta property=\"og:site_name\" content=\"Poblenou Urban District\" \/>\n<meta property=\"article:published_time\" content=\"2023-02-10T11:00:02+00:00\" \/>\n<meta property=\"article:modified_time\" content=\"2023-02-10T15:23:31+00:00\" \/>\n<meta property=\"og:image\" content=\"https:\/\/poblenouurbandistrict.com\/wp-content\/uploads\/2023\/02\/1-640x427.png\" \/>\n\t<meta property=\"og:image:width\" content=\"640\" \/>\n\t<meta property=\"og:image:height\" content=\"427\" \/>\n\t<meta property=\"og:image:type\" content=\"image\/png\" \/>\n<meta name=\"author\" content=\"pnud\" \/>\n<meta name=\"twitter:card\" content=\"summary_large_image\" \/>\n<meta name=\"twitter:label1\" content=\"Escrit per\" \/>\n\t<meta name=\"twitter:data1\" content=\"pnud\" \/>\n\t<meta name=\"twitter:label2\" content=\"Temps estimat de lectura\" \/>\n\t<meta name=\"twitter:data2\" content=\"2 minuts\" \/>\n<script type=\"application\/ld+json\" class=\"yoast-schema-graph\">{\"@context\":\"https:\\\/\\\/schema.org\",\"@graph\":[{\"@type\":\"Article\",\"@id\":\"https:\\\/\\\/poblenouurbandistrict.com\\\/exit-nova-edicio-off-llum-bcn-2023\\\/#article\",\"isPartOf\":{\"@id\":\"https:\\\/\\\/poblenouurbandistrict.com\\\/exit-nova-edicio-off-llum-bcn-2023\\\/\"},\"author\":{\"name\":\"pnud\",\"@id\":\"https:\\\/\\\/poblenouurbandistrict.com\\\/#\\\/schema\\\/person\\\/980a2cf34b399d5218205730acd54a7e\"},\"headline\":\"Nou \u00e8xit de p\u00fablic en la 4\u00aa edici\u00f3 de l&#8217;Off Llum Bcn\",\"datePublished\":\"2023-02-10T11:00:02+00:00\",\"dateModified\":\"2023-02-10T15:23:31+00:00\",\"mainEntityOfPage\":{\"@id\":\"https:\\\/\\\/poblenouurbandistrict.com\\\/exit-nova-edicio-off-llum-bcn-2023\\\/\"},\"wordCount\":794,\"image\":{\"@id\":\"https:\\\/\\\/poblenouurbandistrict.com\\\/exit-nova-edicio-off-llum-bcn-2023\\\/#primaryimage\"},\"thumbnailUrl\":\"https:\\\/\\\/media.poblenouurbandistrict.com\\\/2023\\\/02\\\/25055941\\\/1.jpg\",\"articleSection\":[\"Off Llum Bcn\",\"Poblenou Urban District\"],\"inLanguage\":\"ca\"},{\"@type\":\"WebPage\",\"@id\":\"https:\\\/\\\/poblenouurbandistrict.com\\\/ca\\\/exit-nova-edicio-off-llum-bcn-2023\\\/\",\"url\":\"https:\\\/\\\/poblenouurbandistrict.com\\\/ca\\\/exit-nova-edicio-off-llum-bcn-2023\\\/\",\"name\":\"\u00c8xit de la nova edici\u00f3 de l'Off Llum Bcn\",\"isPartOf\":{\"@id\":\"https:\\\/\\\/poblenouurbandistrict.com\\\/ca\\\/#website\"},\"primaryImageOfPage\":{\"@id\":\"https:\\\/\\\/poblenouurbandistrict.com\\\/ca\\\/exit-nova-edicio-off-llum-bcn-2023\\\/#primaryimage\"},\"image\":{\"@id\":\"https:\\\/\\\/poblenouurbandistrict.com\\\/exit-nova-edicio-off-llum-bcn-2023\\\/#primaryimage\"},\"thumbnailUrl\":\"https:\\\/\\\/media.poblenouurbandistrict.com\\\/2023\\\/02\\\/25055941\\\/1.jpg\",\"datePublished\":\"2023-02-10T11:00:02+00:00\",\"dateModified\":\"2023-02-10T15:23:31+00:00\",\"author\":{\"@id\":\"https:\\\/\\\/poblenouurbandistrict.com\\\/#\\\/schema\\\/person\\\/980a2cf34b399d5218205730acd54a7e\"},\"description\":\"L'Off Llum Bcn 2023 va ser un \u00e8xit de p\u00fablic, omplint els carrers i il\u00b7luminant el districte creatiu i cultural durant tres nits.\",\"breadcrumb\":{\"@id\":\"https:\\\/\\\/poblenouurbandistrict.com\\\/ca\\\/exit-nova-edicio-off-llum-bcn-2023\\\/#breadcrumb\"},\"inLanguage\":\"ca\",\"potentialAction\":[{\"@type\":\"ReadAction\",\"target\":[[\"https:\\\/\\\/poblenouurbandistrict.com\\\/ca\\\/exit-nova-edicio-off-llum-bcn-2023\\\/\"]]}]},{\"@type\":\"ImageObject\",\"inLanguage\":\"ca\",\"@id\":\"https:\\\/\\\/poblenouurbandistrict.com\\\/ca\\\/exit-nova-edicio-off-llum-bcn-2023\\\/#primaryimage\",\"url\":\"https:\\\/\\\/media.poblenouurbandistrict.com\\\/2023\\\/02\\\/25055941\\\/1.jpg\",\"contentUrl\":\"https:\\\/\\\/media.poblenouurbandistrict.com\\\/2023\\\/02\\\/25055941\\\/1.jpg\",\"width\":1500,\"height\":1000},{\"@type\":\"BreadcrumbList\",\"@id\":\"https:\\\/\\\/poblenouurbandistrict.com\\\/ca\\\/exit-nova-edicio-off-llum-bcn-2023\\\/#breadcrumb\",\"itemListElement\":[{\"@type\":\"ListItem\",\"position\":1,\"name\":\"Home\",\"item\":\"https:\\\/\\\/poblenouurbandistrict.com\\\/ca\\\/\"},{\"@type\":\"ListItem\",\"position\":2,\"name\":\"Nou \u00e8xit de p\u00fablic en la 4\u00aa edici\u00f3 de l&#8217;Off Llum Bcn\"}]},{\"@type\":\"WebSite\",\"@id\":\"https:\\\/\\\/poblenouurbandistrict.com\\\/ca\\\/#website\",\"url\":\"https:\\\/\\\/poblenouurbandistrict.com\\\/ca\\\/\",\"name\":\"Poblenou Urban District\",\"description\":\"Comunitat Creativa\",\"potentialAction\":[{\"@type\":\"SearchAction\",\"target\":{\"@type\":\"EntryPoint\",\"urlTemplate\":\"https:\\\/\\\/poblenouurbandistrict.com\\\/ca\\\/?s={search_term_string}\"},\"query-input\":{\"@type\":\"PropertyValueSpecification\",\"valueRequired\":true,\"valueName\":\"search_term_string\"}}],\"inLanguage\":\"ca\"},{\"@type\":\"Person\",\"@id\":\"https:\\\/\\\/poblenouurbandistrict.com\\\/#\\\/schema\\\/person\\\/980a2cf34b399d5218205730acd54a7e\",\"name\":\"pnud\",\"image\":{\"@type\":\"ImageObject\",\"inLanguage\":\"ca\",\"@id\":\"https:\\\/\\\/secure.gravatar.com\\\/avatar\\\/67146597b405ee077a24e519f75c3e2031736596d6ce35af3a34c122c93d0d7b?s=96&d=retro&r=g\",\"url\":\"https:\\\/\\\/secure.gravatar.com\\\/avatar\\\/67146597b405ee077a24e519f75c3e2031736596d6ce35af3a34c122c93d0d7b?s=96&d=retro&r=g\",\"contentUrl\":\"https:\\\/\\\/secure.gravatar.com\\\/avatar\\\/67146597b405ee077a24e519f75c3e2031736596d6ce35af3a34c122c93d0d7b?s=96&d=retro&r=g\",\"caption\":\"pnud\"}}]}<\/script>\n<!-- \/ Yoast SEO plugin. -->","yoast_head_json":{"title":"\u00c8xit de la nova edici\u00f3 de l'Off Llum Bcn","description":"L'Off Llum Bcn 2023 va ser un \u00e8xit de p\u00fablic, omplint els carrers i il\u00b7luminant el districte creatiu i cultural durant tres nits.","robots":{"index":"index","follow":"follow","max-snippet":"max-snippet:-1","max-image-preview":"max-image-preview:large","max-video-preview":"max-video-preview:-1"},"canonical":"https:\/\/poblenouurbandistrict.com\/ca\/exit-nova-edicio-off-llum-bcn-2023\/","og_locale":"ca_ES","og_type":"article","og_title":"\u00c8xit de la nova edici\u00f3 de l'Off Llum Bcn","og_description":"L'Off Llum Bcn 2023 va ser un \u00e8xit de p\u00fablic, omplint els carrers i il\u00b7luminant el districte creatiu i cultural durant tres nits.","og_url":"https:\/\/poblenouurbandistrict.com\/ca\/exit-nova-edicio-off-llum-bcn-2023\/","og_site_name":"Poblenou Urban District","article_published_time":"2023-02-10T11:00:02+00:00","article_modified_time":"2023-02-10T15:23:31+00:00","og_image":[{"width":640,"height":427,"url":"https:\/\/poblenouurbandistrict.com\/wp-content\/uploads\/2023\/02\/1-640x427.png","type":"image\/png"}],"author":"pnud","twitter_card":"summary_large_image","twitter_misc":{"Escrit per":"pnud","Temps estimat de lectura":"2 minuts"},"schema":{"@context":"https:\/\/schema.org","@graph":[{"@type":"Article","@id":"https:\/\/poblenouurbandistrict.com\/exit-nova-edicio-off-llum-bcn-2023\/#article","isPartOf":{"@id":"https:\/\/poblenouurbandistrict.com\/exit-nova-edicio-off-llum-bcn-2023\/"},"author":{"name":"pnud","@id":"https:\/\/poblenouurbandistrict.com\/#\/schema\/person\/980a2cf34b399d5218205730acd54a7e"},"headline":"Nou \u00e8xit de p\u00fablic en la 4\u00aa edici\u00f3 de l&#8217;Off Llum Bcn","datePublished":"2023-02-10T11:00:02+00:00","dateModified":"2023-02-10T15:23:31+00:00","mainEntityOfPage":{"@id":"https:\/\/poblenouurbandistrict.com\/exit-nova-edicio-off-llum-bcn-2023\/"},"wordCount":794,"image":{"@id":"https:\/\/poblenouurbandistrict.com\/exit-nova-edicio-off-llum-bcn-2023\/#primaryimage"},"thumbnailUrl":"https:\/\/media.poblenouurbandistrict.com\/2023\/02\/25055941\/1.jpg","articleSection":["Off Llum Bcn","Poblenou Urban District"],"inLanguage":"ca"},{"@type":"WebPage","@id":"https:\/\/poblenouurbandistrict.com\/ca\/exit-nova-edicio-off-llum-bcn-2023\/","url":"https:\/\/poblenouurbandistrict.com\/ca\/exit-nova-edicio-off-llum-bcn-2023\/","name":"\u00c8xit de la nova edici\u00f3 de l'Off Llum Bcn","isPartOf":{"@id":"https:\/\/poblenouurbandistrict.com\/ca\/#website"},"primaryImageOfPage":{"@id":"https:\/\/poblenouurbandistrict.com\/ca\/exit-nova-edicio-off-llum-bcn-2023\/#primaryimage"},"image":{"@id":"https:\/\/poblenouurbandistrict.com\/exit-nova-edicio-off-llum-bcn-2023\/#primaryimage"},"thumbnailUrl":"https:\/\/media.poblenouurbandistrict.com\/2023\/02\/25055941\/1.jpg","datePublished":"2023-02-10T11:00:02+00:00","dateModified":"2023-02-10T15:23:31+00:00","author":{"@id":"https:\/\/poblenouurbandistrict.com\/#\/schema\/person\/980a2cf34b399d5218205730acd54a7e"},"description":"L'Off Llum Bcn 2023 va ser un \u00e8xit de p\u00fablic, omplint els carrers i il\u00b7luminant el districte creatiu i cultural durant tres nits.","breadcrumb":{"@id":"https:\/\/poblenouurbandistrict.com\/ca\/exit-nova-edicio-off-llum-bcn-2023\/#breadcrumb"},"inLanguage":"ca","potentialAction":[{"@type":"ReadAction","target":[["https:\/\/poblenouurbandistrict.com\/ca\/exit-nova-edicio-off-llum-bcn-2023\/"]]}]},{"@type":"ImageObject","inLanguage":"ca","@id":"https:\/\/poblenouurbandistrict.com\/ca\/exit-nova-edicio-off-llum-bcn-2023\/#primaryimage","url":"https:\/\/media.poblenouurbandistrict.com\/2023\/02\/25055941\/1.jpg","contentUrl":"https:\/\/media.poblenouurbandistrict.com\/2023\/02\/25055941\/1.jpg","width":1500,"height":1000},{"@type":"BreadcrumbList","@id":"https:\/\/poblenouurbandistrict.com\/ca\/exit-nova-edicio-off-llum-bcn-2023\/#breadcrumb","itemListElement":[{"@type":"ListItem","position":1,"name":"Home","item":"https:\/\/poblenouurbandistrict.com\/ca\/"},{"@type":"ListItem","position":2,"name":"Nou \u00e8xit de p\u00fablic en la 4\u00aa edici\u00f3 de l&#8217;Off Llum Bcn"}]},{"@type":"WebSite","@id":"https:\/\/poblenouurbandistrict.com\/ca\/#website","url":"https:\/\/poblenouurbandistrict.com\/ca\/","name":"Poblenou Urban District","description":"Comunitat Creativa","potentialAction":[{"@type":"SearchAction","target":{"@type":"EntryPoint","urlTemplate":"https:\/\/poblenouurbandistrict.com\/ca\/?s={search_term_string}"},"query-input":{"@type":"PropertyValueSpecification","valueRequired":true,"valueName":"search_term_string"}}],"inLanguage":"ca"},{"@type":"Person","@id":"https:\/\/poblenouurbandistrict.com\/#\/schema\/person\/980a2cf34b399d5218205730acd54a7e","name":"pnud","image":{"@type":"ImageObject","inLanguage":"ca","@id":"https:\/\/secure.gravatar.com\/avatar\/67146597b405ee077a24e519f75c3e2031736596d6ce35af3a34c122c93d0d7b?s=96&d=retro&r=g","url":"https:\/\/secure.gravatar.com\/avatar\/67146597b405ee077a24e519f75c3e2031736596d6ce35af3a34c122c93d0d7b?s=96&d=retro&r=g","contentUrl":"https:\/\/secure.gravatar.com\/avatar\/67146597b405ee077a24e519f75c3e2031736596d6ce35af3a34c122c93d0d7b?s=96&d=retro&r=g","caption":"pnud"}}]}},"_links":{"self":[{"href":"https:\/\/poblenouurbandistrict.com\/ca\/wp-json\/wp\/v2\/posts\/36645","targetHints":{"allow":["GET"]}}],"collection":[{"href":"https:\/\/poblenouurbandistrict.com\/ca\/wp-json\/wp\/v2\/posts"}],"about":[{"href":"https:\/\/poblenouurbandistrict.com\/ca\/wp-json\/wp\/v2\/types\/post"}],"author":[{"embeddable":true,"href":"https:\/\/poblenouurbandistrict.com\/ca\/wp-json\/wp\/v2\/users\/5"}],"replies":[{"embeddable":true,"href":"https:\/\/poblenouurbandistrict.com\/ca\/wp-json\/wp\/v2\/comments?post=36645"}],"version-history":[{"count":16,"href":"https:\/\/poblenouurbandistrict.com\/ca\/wp-json\/wp\/v2\/posts\/36645\/revisions"}],"predecessor-version":[{"id":36726,"href":"https:\/\/poblenouurbandistrict.com\/ca\/wp-json\/wp\/v2\/posts\/36645\/revisions\/36726"}],"wp:featuredmedia":[{"embeddable":true,"href":"https:\/\/poblenouurbandistrict.com\/ca\/wp-json\/wp\/v2\/media\/36702"}],"wp:attachment":[{"href":"https:\/\/poblenouurbandistrict.com\/ca\/wp-json\/wp\/v2\/media?parent=36645"}],"wp:term":[{"taxonomy":"category","embeddable":true,"href":"https:\/\/poblenouurbandistrict.com\/ca\/wp-json\/wp\/v2\/categories?post=36645"},{"taxonomy":"post_tag","embeddable":true,"href":"https:\/\/poblenouurbandistrict.com\/ca\/wp-json\/wp\/v2\/tags?post=36645"}],"curies":[{"name":"wp","href":"https:\/\/api.w.org\/{rel}","templated":true}]}}