{"id":36766,"date":"2023-02-22T10:22:05","date_gmt":"2023-02-22T09:22:05","guid":{"rendered":"https:\/\/poblenouurbandistrict.com\/?p=36766"},"modified":"2023-02-23T16:02:22","modified_gmt":"2023-02-23T15:02:22","slug":"designova-lestrella-de-maurici-gines-que-ens-convida-a-mirar-el-futur-al-disseny-hub-barcelona","status":"publish","type":"post","link":"https:\/\/poblenouurbandistrict.com\/ca\/designova-lestrella-de-maurici-gines-que-ens-convida-a-mirar-el-futur-al-disseny-hub-barcelona\/","title":{"rendered":"Designova, l&#8217;estrella de Maurici Gin\u00e9s que ens convida a mirar el futur, al Disseny Hub Barcelona"},"content":{"rendered":"<p><\/p>\n<p class=\"p1\">Un any m\u00e9s, <strong>Maurici Gin\u00e9s<\/strong> i el seu estudi de disseny d&#8217;il\u00b7luminaci\u00f3, <strong>Artec Studio<\/strong>, han estat presents a l&#8217;<strong>Off Llum Bcn<\/strong>, el circuit alternatiu al festival d&#8217;arts lum\u00edniques <strong>Llum BCN<\/strong>, ideat i produit per Poblenou Urban District.<span class=\"Apple-converted-space\">\u00a0<\/span><\/p>\n<p class=\"p1\">En aquesta edici\u00f3 del festival, celebrada del 3 al 5 de febrer, Artec Studio ha participat de la m\u00e0 del <strong>Disseny Hub Barcelona<\/strong> amb la pe\u00e7a <b>Designova<\/b>\u00a0en col\u00b7laboraci\u00f3 amb <strong>ProtoPixel<\/strong> per a la programaci\u00f3 lum\u00ednica de la pe\u00e7a.<span class=\"Apple-converted-space\">\u00a0<\/span><\/p>\n<figure id=\"attachment_36768\" aria-describedby=\"caption-attachment-36768\" style=\"width: 620px\" class=\"wp-caption aligncenter\"><img loading=\"lazy\" decoding=\"async\" class=\"wp-image-36768 size-medium\" src=\"https:\/\/poblenouurbandistrict.com\/wp-content\/uploads\/2023\/02\/artec-studio-designova-pep-sau-psv2896-1-620x413.jpeg\" alt=\"\" width=\"620\" height=\"413\" srcset=\"https:\/\/poblenouurbandistrict.com\/wp-content\/uploads\/2023\/02\/artec-studio-designova-pep-sau-psv2896-1-620x413.jpeg 620w, https:\/\/poblenouurbandistrict.com\/wp-content\/uploads\/2023\/02\/artec-studio-designova-pep-sau-psv2896-1-600x400.jpeg 600w, https:\/\/poblenouurbandistrict.com\/wp-content\/uploads\/2023\/02\/artec-studio-designova-pep-sau-psv2896-1-640x427.jpeg 640w, https:\/\/poblenouurbandistrict.com\/wp-content\/uploads\/2023\/02\/artec-studio-designova-pep-sau-psv2896-1-180x120.jpeg 180w, https:\/\/poblenouurbandistrict.com\/wp-content\/uploads\/2023\/02\/artec-studio-designova-pep-sau-psv2896-1-768x512.jpeg 768w, https:\/\/poblenouurbandistrict.com\/wp-content\/uploads\/2023\/02\/artec-studio-designova-pep-sau-psv2896-1-1536x1024.jpeg 1536w\" sizes=\"auto, (max-width: 620px) 100vw, 620px\" \/><figcaption id=\"caption-attachment-36768\" class=\"wp-caption-text\">Fotografia (c) Pep Sau<\/figcaption><\/figure>\n<p class=\"p1\"><i>Nova <\/i>\u00e9s com s&#8217;anomenen les noves estrelles que sorgeixen a partir d&#8217;un esdeveniment astron\u00f2mic entre dues estrelles m\u00e9s; fet tamb\u00e9 conegut com Supernova. <b>Designova <\/b>aconsegueix traslladar l&#8217;observador a l&#8217;emoci\u00f3 d&#8217;aquell moment i genera una sensaci\u00f3 d&#8217;atemporalitat i d&#8217;immersi\u00f3 en llum estel\u00b7lar.<span class=\"Apple-converted-space\">\u00a0<\/span><\/p>\n<figure id=\"attachment_36769\" aria-describedby=\"caption-attachment-36769\" style=\"width: 620px\" class=\"wp-caption aligncenter\"><img loading=\"lazy\" decoding=\"async\" class=\"wp-image-36769 size-medium\" src=\"https:\/\/poblenouurbandistrict.com\/wp-content\/uploads\/2023\/02\/artec-studio-designova-pep-sau-psv3008-1-620x413.jpeg\" alt=\"\" width=\"620\" height=\"413\" srcset=\"https:\/\/poblenouurbandistrict.com\/wp-content\/uploads\/2023\/02\/artec-studio-designova-pep-sau-psv3008-1-620x413.jpeg 620w, https:\/\/poblenouurbandistrict.com\/wp-content\/uploads\/2023\/02\/artec-studio-designova-pep-sau-psv3008-1-scaled-600x400.jpeg 600w, https:\/\/poblenouurbandistrict.com\/wp-content\/uploads\/2023\/02\/artec-studio-designova-pep-sau-psv3008-1-640x427.jpeg 640w, https:\/\/poblenouurbandistrict.com\/wp-content\/uploads\/2023\/02\/artec-studio-designova-pep-sau-psv3008-1-180x120.jpeg 180w, https:\/\/poblenouurbandistrict.com\/wp-content\/uploads\/2023\/02\/artec-studio-designova-pep-sau-psv3008-1-768x512.jpeg 768w, https:\/\/poblenouurbandistrict.com\/wp-content\/uploads\/2023\/02\/artec-studio-designova-pep-sau-psv3008-1-1536x1024.jpeg 1536w, https:\/\/poblenouurbandistrict.com\/wp-content\/uploads\/2023\/02\/artec-studio-designova-pep-sau-psv3008-1-2048x1365.jpeg 2048w, https:\/\/poblenouurbandistrict.com\/wp-content\/uploads\/2023\/02\/artec-studio-designova-pep-sau-psv3008-1-1400x933.jpeg 1400w, https:\/\/poblenouurbandistrict.com\/wp-content\/uploads\/2023\/02\/artec-studio-designova-pep-sau-psv3008-1-1100x733.jpeg 1100w, https:\/\/poblenouurbandistrict.com\/wp-content\/uploads\/2023\/02\/artec-studio-designova-pep-sau-psv3008-1-700x467.jpeg 700w, https:\/\/poblenouurbandistrict.com\/wp-content\/uploads\/2023\/02\/artec-studio-designova-pep-sau-psv3008-1-470x313.jpeg 470w, https:\/\/poblenouurbandistrict.com\/wp-content\/uploads\/2023\/02\/artec-studio-designova-pep-sau-psv3008-1-350x233.jpeg 350w\" sizes=\"auto, (max-width: 620px) 100vw, 620px\" \/><figcaption id=\"caption-attachment-36769\" class=\"wp-caption-text\">Fotografia (c) Pep Sau<\/figcaption><\/figure>\n<h3 class=\"p1\"><b>Pierfrancesco Ceregioli reprodueix el so de les estrelles a Designova<\/b><\/h3>\n<p class=\"p1\">La instal\u00b7laci\u00f3 lum\u00ednica vol transmetre un missatge de futur d&#8217;all\u00f2 que neix, nou, desitjat, viu. Una estela de color i energia positiva en moviment continu que acompanya l&#8217;experi\u00e8ncia sensorial amb un so espacial basat en el concepte del so de les estrelles segons la NASA, creat <i>ad-hoc <\/i>per <a href=\"https:\/\/www.instagram.com\/pif_cere_music\/\"><strong>Pierfrancesco Ceregioli<\/strong><\/a>.<span class=\"Apple-converted-space\">\u00a0<\/span><\/p>\n<p><div class=\"flex-video\"><div class=\"flex-video\"><iframe loading=\"lazy\" src=\"https:\/\/player.vimeo.com\/video\/792667574?h=e3b9bef2a5\" width=\"640\" height=\"360\" frameborder=\"0\" allowfullscreen=\"allowfullscreen\"><\/iframe><\/div><\/div><\/p>\n<p><a href=\"https:\/\/vimeo.com\/792667574\">Designova sound<\/a> from <a href=\"https:\/\/vimeo.com\/artecstudio\">Artec Studio<\/a> on <a href=\"https:\/\/vimeo.com\">Vimeo<\/a>.<\/p>\n<p class=\"p1\"><strong>Designova podr\u00e0 visitar-se fins al diumenge 5 de mar\u00e7 del 2023, en l&#8217;horari d&#8217;obertura de l&#8217;espai.<span class=\"Apple-converted-space\">\u00a0<\/span><\/strong><\/p>\n<p>&nbsp;<\/p>","protected":false},"excerpt":{"rendered":"<p>Un any m\u00e9s, Maurici Gin\u00e9s i el seu estudi de disseny d&#8217;il\u00b7luminaci\u00f3, Artec Studio, han estat presents a l&#8217;Off Llum&#8230; <a href=\"https:\/\/poblenouurbandistrict.com\/ca\/designova-lestrella-de-maurici-gines-que-ens-convida-a-mirar-el-futur-al-disseny-hub-barcelona\/\">M\u00e9s  \u2192<\/a><\/p>\n","protected":false},"author":5,"featured_media":36772,"comment_status":"closed","ping_status":"closed","sticky":false,"template":"","format":"standard","meta":{"_acf_changed":false,"footnotes":""},"categories":[3548,1],"tags":[],"class_list":["post-36766","post","type-post","status-publish","format-standard","has-post-thumbnail","hentry","category-off-llum-bcn","category-noticias"],"acf":[],"yoast_head":"<!-- This site is optimized with the Yoast SEO plugin v27.5 - https:\/\/yoast.com\/product\/yoast-seo-wordpress\/ -->\n<title>L&#039;estrella de Maurici Gin\u00e9s al Disseny Hub Barcelona<\/title>\n<meta name=\"description\" content=\"Maurici Gin\u00e9s i Artec Studio mostren fins al 5 de mar\u00e7 la pe\u00e7a &#039;Designova&#039; al Disseny Hub de Barcelona\" \/>\n<meta name=\"robots\" content=\"index, follow, max-snippet:-1, max-image-preview:large, max-video-preview:-1\" \/>\n<link rel=\"canonical\" href=\"https:\/\/poblenouurbandistrict.com\/ca\/designova-lestrella-de-maurici-gines-que-ens-convida-a-mirar-el-futur-al-disseny-hub-barcelona\/\" \/>\n<meta property=\"og:locale\" content=\"ca_ES\" \/>\n<meta property=\"og:type\" content=\"article\" \/>\n<meta property=\"og:title\" content=\"L&#039;estrella de Maurici Gin\u00e9s al Disseny Hub Barcelona\" \/>\n<meta property=\"og:description\" content=\"Maurici Gin\u00e9s i Artec Studio mostren fins al 5 de mar\u00e7 la pe\u00e7a &#039;Designova&#039; al Disseny Hub de Barcelona\" \/>\n<meta property=\"og:url\" content=\"https:\/\/poblenouurbandistrict.com\/ca\/designova-lestrella-de-maurici-gines-que-ens-convida-a-mirar-el-futur-al-disseny-hub-barcelona\/\" \/>\n<meta property=\"og:site_name\" content=\"Poblenou Urban District\" \/>\n<meta property=\"article:published_time\" content=\"2023-02-22T09:22:05+00:00\" \/>\n<meta property=\"article:modified_time\" content=\"2023-02-23T15:02:22+00:00\" \/>\n<meta property=\"og:image\" content=\"https:\/\/poblenouurbandistrict.com\/wp-content\/uploads\/2023\/02\/artec-studio-designova-pep-sau-psv3143-1-scaled.jpeg\" \/>\n\t<meta property=\"og:image:width\" content=\"2560\" \/>\n\t<meta property=\"og:image:height\" content=\"2081\" \/>\n\t<meta property=\"og:image:type\" content=\"image\/jpeg\" \/>\n<meta name=\"author\" content=\"pnud\" \/>\n<meta name=\"twitter:card\" content=\"summary_large_image\" \/>\n<meta name=\"twitter:label1\" content=\"Escrit per\" \/>\n\t<meta name=\"twitter:data1\" content=\"pnud\" \/>\n\t<meta name=\"twitter:label2\" content=\"Temps estimat de lectura\" \/>\n\t<meta name=\"twitter:data2\" content=\"2 minuts\" \/>\n<script type=\"application\/ld+json\" class=\"yoast-schema-graph\">{\"@context\":\"https:\\\/\\\/schema.org\",\"@graph\":[{\"@type\":\"Article\",\"@id\":\"https:\\\/\\\/poblenouurbandistrict.com\\\/designova-lestrella-de-maurici-gines-que-ens-convida-a-mirar-el-futur-al-disseny-hub-barcelona\\\/#article\",\"isPartOf\":{\"@id\":\"https:\\\/\\\/poblenouurbandistrict.com\\\/designova-lestrella-de-maurici-gines-que-ens-convida-a-mirar-el-futur-al-disseny-hub-barcelona\\\/\"},\"author\":{\"name\":\"pnud\",\"@id\":\"https:\\\/\\\/poblenouurbandistrict.com\\\/#\\\/schema\\\/person\\\/980a2cf34b399d5218205730acd54a7e\"},\"headline\":\"Designova, l&#8217;estrella de Maurici Gin\u00e9s que ens convida a mirar el futur, al Disseny Hub Barcelona\",\"datePublished\":\"2023-02-22T09:22:05+00:00\",\"dateModified\":\"2023-02-23T15:02:22+00:00\",\"mainEntityOfPage\":{\"@id\":\"https:\\\/\\\/poblenouurbandistrict.com\\\/designova-lestrella-de-maurici-gines-que-ens-convida-a-mirar-el-futur-al-disseny-hub-barcelona\\\/\"},\"wordCount\":539,\"image\":{\"@id\":\"https:\\\/\\\/poblenouurbandistrict.com\\\/designova-lestrella-de-maurici-gines-que-ens-convida-a-mirar-el-futur-al-disseny-hub-barcelona\\\/#primaryimage\"},\"thumbnailUrl\":\"https:\\\/\\\/poblenouurbandistrict.com\\\/wp-content\\\/uploads\\\/2023\\\/02\\\/artec-studio-designova-pep-sau-psv3143-1-scaled.jpeg\",\"articleSection\":[\"Off Llum Bcn\",\"Est\u00e0 passant\"],\"inLanguage\":\"ca\"},{\"@type\":\"WebPage\",\"@id\":\"https:\\\/\\\/poblenouurbandistrict.com\\\/ca\\\/designova-lestrella-de-maurici-gines-que-ens-convida-a-mirar-el-futur-al-disseny-hub-barcelona\\\/\",\"url\":\"https:\\\/\\\/poblenouurbandistrict.com\\\/ca\\\/designova-lestrella-de-maurici-gines-que-ens-convida-a-mirar-el-futur-al-disseny-hub-barcelona\\\/\",\"name\":\"L'estrella de Maurici Gin\u00e9s al Disseny Hub Barcelona\",\"isPartOf\":{\"@id\":\"https:\\\/\\\/poblenouurbandistrict.com\\\/ca\\\/#website\"},\"primaryImageOfPage\":{\"@id\":\"https:\\\/\\\/poblenouurbandistrict.com\\\/ca\\\/designova-lestrella-de-maurici-gines-que-ens-convida-a-mirar-el-futur-al-disseny-hub-barcelona\\\/#primaryimage\"},\"image\":{\"@id\":\"https:\\\/\\\/poblenouurbandistrict.com\\\/designova-lestrella-de-maurici-gines-que-ens-convida-a-mirar-el-futur-al-disseny-hub-barcelona\\\/#primaryimage\"},\"thumbnailUrl\":\"https:\\\/\\\/poblenouurbandistrict.com\\\/wp-content\\\/uploads\\\/2023\\\/02\\\/artec-studio-designova-pep-sau-psv3143-1-scaled.jpeg\",\"datePublished\":\"2023-02-22T09:22:05+00:00\",\"dateModified\":\"2023-02-23T15:02:22+00:00\",\"author\":{\"@id\":\"https:\\\/\\\/poblenouurbandistrict.com\\\/#\\\/schema\\\/person\\\/980a2cf34b399d5218205730acd54a7e\"},\"description\":\"Maurici Gin\u00e9s i Artec Studio mostren fins al 5 de mar\u00e7 la pe\u00e7a 'Designova' al Disseny Hub de Barcelona\",\"breadcrumb\":{\"@id\":\"https:\\\/\\\/poblenouurbandistrict.com\\\/ca\\\/designova-lestrella-de-maurici-gines-que-ens-convida-a-mirar-el-futur-al-disseny-hub-barcelona\\\/#breadcrumb\"},\"inLanguage\":\"ca\",\"potentialAction\":[{\"@type\":\"ReadAction\",\"target\":[[\"https:\\\/\\\/poblenouurbandistrict.com\\\/ca\\\/designova-lestrella-de-maurici-gines-que-ens-convida-a-mirar-el-futur-al-disseny-hub-barcelona\\\/\"]]}]},{\"@type\":\"ImageObject\",\"inLanguage\":\"ca\",\"@id\":\"https:\\\/\\\/poblenouurbandistrict.com\\\/ca\\\/designova-lestrella-de-maurici-gines-que-ens-convida-a-mirar-el-futur-al-disseny-hub-barcelona\\\/#primaryimage\",\"url\":\"https:\\\/\\\/poblenouurbandistrict.com\\\/wp-content\\\/uploads\\\/2023\\\/02\\\/artec-studio-designova-pep-sau-psv3143-1-scaled.jpeg\",\"contentUrl\":\"https:\\\/\\\/poblenouurbandistrict.com\\\/wp-content\\\/uploads\\\/2023\\\/02\\\/artec-studio-designova-pep-sau-psv3143-1-scaled.jpeg\",\"width\":2560,\"height\":2081},{\"@type\":\"BreadcrumbList\",\"@id\":\"https:\\\/\\\/poblenouurbandistrict.com\\\/ca\\\/designova-lestrella-de-maurici-gines-que-ens-convida-a-mirar-el-futur-al-disseny-hub-barcelona\\\/#breadcrumb\",\"itemListElement\":[{\"@type\":\"ListItem\",\"position\":1,\"name\":\"Home\",\"item\":\"https:\\\/\\\/poblenouurbandistrict.com\\\/ca\\\/\"},{\"@type\":\"ListItem\",\"position\":2,\"name\":\"Designova, l&#8217;estrella de Maurici Gin\u00e9s que ens convida a mirar el futur, al Disseny Hub Barcelona\"}]},{\"@type\":\"WebSite\",\"@id\":\"https:\\\/\\\/poblenouurbandistrict.com\\\/ca\\\/#website\",\"url\":\"https:\\\/\\\/poblenouurbandistrict.com\\\/ca\\\/\",\"name\":\"Poblenou Urban District\",\"description\":\"Comunitat Creativa\",\"potentialAction\":[{\"@type\":\"SearchAction\",\"target\":{\"@type\":\"EntryPoint\",\"urlTemplate\":\"https:\\\/\\\/poblenouurbandistrict.com\\\/ca\\\/?s={search_term_string}\"},\"query-input\":{\"@type\":\"PropertyValueSpecification\",\"valueRequired\":true,\"valueName\":\"search_term_string\"}}],\"inLanguage\":\"ca\"},{\"@type\":\"Person\",\"@id\":\"https:\\\/\\\/poblenouurbandistrict.com\\\/#\\\/schema\\\/person\\\/980a2cf34b399d5218205730acd54a7e\",\"name\":\"pnud\",\"image\":{\"@type\":\"ImageObject\",\"inLanguage\":\"ca\",\"@id\":\"https:\\\/\\\/secure.gravatar.com\\\/avatar\\\/67146597b405ee077a24e519f75c3e2031736596d6ce35af3a34c122c93d0d7b?s=96&d=retro&r=g\",\"url\":\"https:\\\/\\\/secure.gravatar.com\\\/avatar\\\/67146597b405ee077a24e519f75c3e2031736596d6ce35af3a34c122c93d0d7b?s=96&d=retro&r=g\",\"contentUrl\":\"https:\\\/\\\/secure.gravatar.com\\\/avatar\\\/67146597b405ee077a24e519f75c3e2031736596d6ce35af3a34c122c93d0d7b?s=96&d=retro&r=g\",\"caption\":\"pnud\"}}]}<\/script>\n<!-- \/ Yoast SEO plugin. -->","yoast_head_json":{"title":"L'estrella de Maurici Gin\u00e9s al Disseny Hub Barcelona","description":"Maurici Gin\u00e9s i Artec Studio mostren fins al 5 de mar\u00e7 la pe\u00e7a 'Designova' al Disseny Hub de Barcelona","robots":{"index":"index","follow":"follow","max-snippet":"max-snippet:-1","max-image-preview":"max-image-preview:large","max-video-preview":"max-video-preview:-1"},"canonical":"https:\/\/poblenouurbandistrict.com\/ca\/designova-lestrella-de-maurici-gines-que-ens-convida-a-mirar-el-futur-al-disseny-hub-barcelona\/","og_locale":"ca_ES","og_type":"article","og_title":"L'estrella de Maurici Gin\u00e9s al Disseny Hub Barcelona","og_description":"Maurici Gin\u00e9s i Artec Studio mostren fins al 5 de mar\u00e7 la pe\u00e7a 'Designova' al Disseny Hub de Barcelona","og_url":"https:\/\/poblenouurbandistrict.com\/ca\/designova-lestrella-de-maurici-gines-que-ens-convida-a-mirar-el-futur-al-disseny-hub-barcelona\/","og_site_name":"Poblenou Urban District","article_published_time":"2023-02-22T09:22:05+00:00","article_modified_time":"2023-02-23T15:02:22+00:00","og_image":[{"width":2560,"height":2081,"url":"https:\/\/poblenouurbandistrict.com\/wp-content\/uploads\/2023\/02\/artec-studio-designova-pep-sau-psv3143-1-scaled.jpeg","type":"image\/jpeg"}],"author":"pnud","twitter_card":"summary_large_image","twitter_misc":{"Escrit per":"pnud","Temps estimat de lectura":"2 minuts"},"schema":{"@context":"https:\/\/schema.org","@graph":[{"@type":"Article","@id":"https:\/\/poblenouurbandistrict.com\/designova-lestrella-de-maurici-gines-que-ens-convida-a-mirar-el-futur-al-disseny-hub-barcelona\/#article","isPartOf":{"@id":"https:\/\/poblenouurbandistrict.com\/designova-lestrella-de-maurici-gines-que-ens-convida-a-mirar-el-futur-al-disseny-hub-barcelona\/"},"author":{"name":"pnud","@id":"https:\/\/poblenouurbandistrict.com\/#\/schema\/person\/980a2cf34b399d5218205730acd54a7e"},"headline":"Designova, l&#8217;estrella de Maurici Gin\u00e9s que ens convida a mirar el futur, al Disseny Hub Barcelona","datePublished":"2023-02-22T09:22:05+00:00","dateModified":"2023-02-23T15:02:22+00:00","mainEntityOfPage":{"@id":"https:\/\/poblenouurbandistrict.com\/designova-lestrella-de-maurici-gines-que-ens-convida-a-mirar-el-futur-al-disseny-hub-barcelona\/"},"wordCount":539,"image":{"@id":"https:\/\/poblenouurbandistrict.com\/designova-lestrella-de-maurici-gines-que-ens-convida-a-mirar-el-futur-al-disseny-hub-barcelona\/#primaryimage"},"thumbnailUrl":"https:\/\/poblenouurbandistrict.com\/wp-content\/uploads\/2023\/02\/artec-studio-designova-pep-sau-psv3143-1-scaled.jpeg","articleSection":["Off Llum Bcn","Est\u00e0 passant"],"inLanguage":"ca"},{"@type":"WebPage","@id":"https:\/\/poblenouurbandistrict.com\/ca\/designova-lestrella-de-maurici-gines-que-ens-convida-a-mirar-el-futur-al-disseny-hub-barcelona\/","url":"https:\/\/poblenouurbandistrict.com\/ca\/designova-lestrella-de-maurici-gines-que-ens-convida-a-mirar-el-futur-al-disseny-hub-barcelona\/","name":"L'estrella de Maurici Gin\u00e9s al Disseny Hub Barcelona","isPartOf":{"@id":"https:\/\/poblenouurbandistrict.com\/ca\/#website"},"primaryImageOfPage":{"@id":"https:\/\/poblenouurbandistrict.com\/ca\/designova-lestrella-de-maurici-gines-que-ens-convida-a-mirar-el-futur-al-disseny-hub-barcelona\/#primaryimage"},"image":{"@id":"https:\/\/poblenouurbandistrict.com\/designova-lestrella-de-maurici-gines-que-ens-convida-a-mirar-el-futur-al-disseny-hub-barcelona\/#primaryimage"},"thumbnailUrl":"https:\/\/poblenouurbandistrict.com\/wp-content\/uploads\/2023\/02\/artec-studio-designova-pep-sau-psv3143-1-scaled.jpeg","datePublished":"2023-02-22T09:22:05+00:00","dateModified":"2023-02-23T15:02:22+00:00","author":{"@id":"https:\/\/poblenouurbandistrict.com\/#\/schema\/person\/980a2cf34b399d5218205730acd54a7e"},"description":"Maurici Gin\u00e9s i Artec Studio mostren fins al 5 de mar\u00e7 la pe\u00e7a 'Designova' al Disseny Hub de Barcelona","breadcrumb":{"@id":"https:\/\/poblenouurbandistrict.com\/ca\/designova-lestrella-de-maurici-gines-que-ens-convida-a-mirar-el-futur-al-disseny-hub-barcelona\/#breadcrumb"},"inLanguage":"ca","potentialAction":[{"@type":"ReadAction","target":[["https:\/\/poblenouurbandistrict.com\/ca\/designova-lestrella-de-maurici-gines-que-ens-convida-a-mirar-el-futur-al-disseny-hub-barcelona\/"]]}]},{"@type":"ImageObject","inLanguage":"ca","@id":"https:\/\/poblenouurbandistrict.com\/ca\/designova-lestrella-de-maurici-gines-que-ens-convida-a-mirar-el-futur-al-disseny-hub-barcelona\/#primaryimage","url":"https:\/\/poblenouurbandistrict.com\/wp-content\/uploads\/2023\/02\/artec-studio-designova-pep-sau-psv3143-1-scaled.jpeg","contentUrl":"https:\/\/poblenouurbandistrict.com\/wp-content\/uploads\/2023\/02\/artec-studio-designova-pep-sau-psv3143-1-scaled.jpeg","width":2560,"height":2081},{"@type":"BreadcrumbList","@id":"https:\/\/poblenouurbandistrict.com\/ca\/designova-lestrella-de-maurici-gines-que-ens-convida-a-mirar-el-futur-al-disseny-hub-barcelona\/#breadcrumb","itemListElement":[{"@type":"ListItem","position":1,"name":"Home","item":"https:\/\/poblenouurbandistrict.com\/ca\/"},{"@type":"ListItem","position":2,"name":"Designova, l&#8217;estrella de Maurici Gin\u00e9s que ens convida a mirar el futur, al Disseny Hub Barcelona"}]},{"@type":"WebSite","@id":"https:\/\/poblenouurbandistrict.com\/ca\/#website","url":"https:\/\/poblenouurbandistrict.com\/ca\/","name":"Poblenou Urban District","description":"Comunitat Creativa","potentialAction":[{"@type":"SearchAction","target":{"@type":"EntryPoint","urlTemplate":"https:\/\/poblenouurbandistrict.com\/ca\/?s={search_term_string}"},"query-input":{"@type":"PropertyValueSpecification","valueRequired":true,"valueName":"search_term_string"}}],"inLanguage":"ca"},{"@type":"Person","@id":"https:\/\/poblenouurbandistrict.com\/#\/schema\/person\/980a2cf34b399d5218205730acd54a7e","name":"pnud","image":{"@type":"ImageObject","inLanguage":"ca","@id":"https:\/\/secure.gravatar.com\/avatar\/67146597b405ee077a24e519f75c3e2031736596d6ce35af3a34c122c93d0d7b?s=96&d=retro&r=g","url":"https:\/\/secure.gravatar.com\/avatar\/67146597b405ee077a24e519f75c3e2031736596d6ce35af3a34c122c93d0d7b?s=96&d=retro&r=g","contentUrl":"https:\/\/secure.gravatar.com\/avatar\/67146597b405ee077a24e519f75c3e2031736596d6ce35af3a34c122c93d0d7b?s=96&d=retro&r=g","caption":"pnud"}}]}},"_links":{"self":[{"href":"https:\/\/poblenouurbandistrict.com\/ca\/wp-json\/wp\/v2\/posts\/36766","targetHints":{"allow":["GET"]}}],"collection":[{"href":"https:\/\/poblenouurbandistrict.com\/ca\/wp-json\/wp\/v2\/posts"}],"about":[{"href":"https:\/\/poblenouurbandistrict.com\/ca\/wp-json\/wp\/v2\/types\/post"}],"author":[{"embeddable":true,"href":"https:\/\/poblenouurbandistrict.com\/ca\/wp-json\/wp\/v2\/users\/5"}],"replies":[{"embeddable":true,"href":"https:\/\/poblenouurbandistrict.com\/ca\/wp-json\/wp\/v2\/comments?post=36766"}],"version-history":[{"count":5,"href":"https:\/\/poblenouurbandistrict.com\/ca\/wp-json\/wp\/v2\/posts\/36766\/revisions"}],"predecessor-version":[{"id":36783,"href":"https:\/\/poblenouurbandistrict.com\/ca\/wp-json\/wp\/v2\/posts\/36766\/revisions\/36783"}],"wp:featuredmedia":[{"embeddable":true,"href":"https:\/\/poblenouurbandistrict.com\/ca\/wp-json\/wp\/v2\/media\/36772"}],"wp:attachment":[{"href":"https:\/\/poblenouurbandistrict.com\/ca\/wp-json\/wp\/v2\/media?parent=36766"}],"wp:term":[{"taxonomy":"category","embeddable":true,"href":"https:\/\/poblenouurbandistrict.com\/ca\/wp-json\/wp\/v2\/categories?post=36766"},{"taxonomy":"post_tag","embeddable":true,"href":"https:\/\/poblenouurbandistrict.com\/ca\/wp-json\/wp\/v2\/tags?post=36766"}],"curies":[{"name":"wp","href":"https:\/\/api.w.org\/{rel}","templated":true}]}}