{"id":36776,"date":"2023-02-23T14:27:30","date_gmt":"2023-02-23T13:27:30","guid":{"rendered":"https:\/\/poblenouurbandistrict.com\/?p=36776"},"modified":"2023-02-23T14:27:30","modified_gmt":"2023-02-23T13:27:30","slug":"gaudeix-de-la-combinacio-perfecta-de-sabor-i-vistes-al-brunch-septimo-cielo-edicio-bbq-calcotada-a-espai-granada","status":"publish","type":"post","link":"https:\/\/poblenouurbandistrict.com\/ca\/gaudeix-de-la-combinacio-perfecta-de-sabor-i-vistes-al-brunch-septimo-cielo-edicio-bbq-calcotada-a-espai-granada\/","title":{"rendered":"Gaudeix de la combinaci\u00f3 perfecta de sabor i vistes al &#8216;Brunch S\u00e9ptimo Cielo Edici\u00f3 BBQ Cal\u00e7otada&#8217; a Espai Granada"},"content":{"rendered":"<p>Quina millor manera de gaudir d&#8217;un diumenge assolellat que amb un delici\u00f3s brunch a dalt de tot de la ciutat? <strong>Espai Granada<\/strong>, un dels llocs m\u00e9s emblem\u00e0tics de la ciutat, est\u00e0 organitzant un esdeveniment especial: el <a href=\"https:\/\/www.espaigranada.com\/informacion-del-evento\/brunch-septimo-cielo-edicion-bbq-calcotada\"><strong>Brunch S\u00e9ptimo Cielo Edici\u00f3 BBQ Cal\u00e7otada<\/strong><\/a>.<\/p>\n<p>Imagina assaborir la carn m\u00e9s tendra i sucosa, mentre l&#8217;aroma de barbacoa inunda els teus sentits i gaudeixes de les impressionants vistes panor\u00e0miques de la ciutat. <span class=\"s1\">Aquest <strong>diumenge 26 de febrer<\/strong>, la terrassa de l&#8217;Espai Granada esdevindr\u00e0 un parad\u00eds per als amants del menjar, ja que la selecci\u00f3 de plats no decebr\u00e0, i els cal\u00e7ots, un dels plats t\u00edpics catalans per excel\u00b7l\u00e8ncia, donaran aquest toc \u00fanic i especial a aquesta experi\u00e8ncia gastron\u00f2mica.<\/span><\/p>\n<p><img loading=\"lazy\" decoding=\"async\" class=\"aligncenter size-medium wp-image-19644\" src=\"https:\/\/media.poblenouurbandistrict.com\/2020\/09\/25032058\/espai-granada-19-1180x787-620x414.jpg\" alt=\"\" width=\"620\" height=\"414\" \/><\/p>\n<p><span class=\"s1\">Des d&#8217;opcions vegetarianes fins a plats amb carn, el <a href=\"https:\/\/www.espaigranada.com\/informacion-del-evento\/brunch-septimo-cielo-edicion-bbq-calcotada\"><strong>Brunch S\u00e9ptimo Cielo Edici\u00f3 BBQ Cal\u00e7otada <\/strong><\/a>ofereix alguna cosa per a tots els gustos. Els acompanyaments seran igualment impressionants, amb una varietat d&#8217;amanides fresques, pans acabats de fer i salses casolanes. <\/span>I perqu\u00e8 l&#8217;experi\u00e8ncia sigui completa, la m\u00fasica en directe crear\u00e0 un ambient relaxat i agradable.<\/p>\n<p>El &#8216;<a href=\"https:\/\/www.espaigranada.com\/informacion-del-evento\/brunch-septimo-cielo-edicion-bbq-calcotada\"><strong>Brunch S\u00e9ptimo Cielo Edici\u00f3 BBQ Cal\u00e7otada<\/strong><\/a>\u00a0\u00e9s un esdeveniment que no et pots perdre.<\/p>\n<p>Trobar\u00e0s tots els detalls, horaris i inscripcions, <a href=\"https:\/\/www.espaigranada.com\/informacion-del-evento\/brunch-septimo-cielo-edicion-bbq-calcotada\">en el seg\u00fcent enlla\u00e7<\/a>.<\/p>\n<p>&nbsp;<\/p>","protected":false},"excerpt":{"rendered":"<p>Quina millor manera de gaudir d&#8217;un diumenge assolellat que amb un delici\u00f3s brunch a dalt de tot de la ciutat?&#8230; <a href=\"https:\/\/poblenouurbandistrict.com\/ca\/gaudeix-de-la-combinacio-perfecta-de-sabor-i-vistes-al-brunch-septimo-cielo-edicio-bbq-calcotada-a-espai-granada\/\">M\u00e9s  \u2192<\/a><\/p>\n","protected":false},"author":5,"featured_media":36778,"comment_status":"closed","ping_status":"closed","sticky":false,"template":"","format":"standard","meta":{"_acf_changed":false,"footnotes":""},"categories":[3481,3363,1],"tags":[],"class_list":["post-36776","post","type-post","status-publish","format-standard","has-post-thumbnail","hentry","category-agenda","category-places","category-noticias"],"acf":[],"yoast_head":"<!-- This site is optimized with the Yoast SEO plugin v27.5 - https:\/\/yoast.com\/product\/yoast-seo-wordpress\/ -->\n<title>Brunch S\u00e9ptimo Cielo Edici\u00f3 BBQ Cal\u00e7otada a Espai Granada<\/title>\n<meta name=\"description\" content=\"Aquest diumenge 26 de febrer, la terrassa de l&#039;Espai Granada es converteix en el Brunch S\u00e9ptimo Cielo Edici\u00f3 BBQ Cal\u00e7otada.\" \/>\n<meta name=\"robots\" content=\"index, follow, max-snippet:-1, max-image-preview:large, max-video-preview:-1\" \/>\n<link rel=\"canonical\" href=\"https:\/\/poblenouurbandistrict.com\/ca\/gaudeix-de-la-combinacio-perfecta-de-sabor-i-vistes-al-brunch-septimo-cielo-edicio-bbq-calcotada-a-espai-granada\/\" \/>\n<meta property=\"og:locale\" content=\"ca_ES\" \/>\n<meta property=\"og:type\" content=\"article\" \/>\n<meta property=\"og:title\" content=\"Brunch S\u00e9ptimo Cielo Edici\u00f3 BBQ Cal\u00e7otada a Espai Granada\" \/>\n<meta property=\"og:description\" content=\"Aquest diumenge 26 de febrer, la terrassa de l&#039;Espai Granada es converteix en el Brunch S\u00e9ptimo Cielo Edici\u00f3 BBQ Cal\u00e7otada.\" \/>\n<meta property=\"og:url\" content=\"https:\/\/poblenouurbandistrict.com\/ca\/gaudeix-de-la-combinacio-perfecta-de-sabor-i-vistes-al-brunch-septimo-cielo-edicio-bbq-calcotada-a-espai-granada\/\" \/>\n<meta property=\"og:site_name\" content=\"Poblenou Urban District\" \/>\n<meta property=\"article:published_time\" content=\"2023-02-23T13:27:30+00:00\" \/>\n<meta property=\"og:image\" content=\"https:\/\/poblenouurbandistrict.com\/wp-content\/uploads\/2023\/02\/calcots-1024x683-1.png\" \/>\n\t<meta property=\"og:image:width\" content=\"1024\" \/>\n\t<meta property=\"og:image:height\" content=\"683\" \/>\n\t<meta property=\"og:image:type\" content=\"image\/png\" \/>\n<meta name=\"author\" content=\"pnud\" \/>\n<meta name=\"twitter:card\" content=\"summary_large_image\" \/>\n<meta name=\"twitter:label1\" content=\"Escrit per\" \/>\n\t<meta name=\"twitter:data1\" content=\"pnud\" \/>\n\t<meta name=\"twitter:label2\" content=\"Temps estimat de lectura\" \/>\n\t<meta name=\"twitter:data2\" content=\"2 minuts\" \/>\n<script type=\"application\/ld+json\" class=\"yoast-schema-graph\">{\"@context\":\"https:\\\/\\\/schema.org\",\"@graph\":[{\"@type\":\"Article\",\"@id\":\"https:\\\/\\\/poblenouurbandistrict.com\\\/gaudeix-de-la-combinacio-perfecta-de-sabor-i-vistes-al-brunch-septimo-cielo-edicio-bbq-calcotada-a-espai-granada\\\/#article\",\"isPartOf\":{\"@id\":\"https:\\\/\\\/poblenouurbandistrict.com\\\/gaudeix-de-la-combinacio-perfecta-de-sabor-i-vistes-al-brunch-septimo-cielo-edicio-bbq-calcotada-a-espai-granada\\\/\"},\"author\":{\"name\":\"pnud\",\"@id\":\"https:\\\/\\\/poblenouurbandistrict.com\\\/#\\\/schema\\\/person\\\/980a2cf34b399d5218205730acd54a7e\"},\"headline\":\"Gaudeix de la combinaci\u00f3 perfecta de sabor i vistes al &#8216;Brunch S\u00e9ptimo Cielo Edici\u00f3 BBQ Cal\u00e7otada&#8217; a Espai Granada\",\"datePublished\":\"2023-02-23T13:27:30+00:00\",\"mainEntityOfPage\":{\"@id\":\"https:\\\/\\\/poblenouurbandistrict.com\\\/gaudeix-de-la-combinacio-perfecta-de-sabor-i-vistes-al-brunch-septimo-cielo-edicio-bbq-calcotada-a-espai-granada\\\/\"},\"wordCount\":493,\"image\":{\"@id\":\"https:\\\/\\\/poblenouurbandistrict.com\\\/gaudeix-de-la-combinacio-perfecta-de-sabor-i-vistes-al-brunch-septimo-cielo-edicio-bbq-calcotada-a-espai-granada\\\/#primaryimage\"},\"thumbnailUrl\":\"https:\\\/\\\/media.poblenouurbandistrict.com\\\/2023\\\/02\\\/25060051\\\/calcots-1024x683-1.jpg\",\"articleSection\":[\"Agenda\",\"Espais\",\"Est\u00e0 passant\"],\"inLanguage\":\"ca\"},{\"@type\":\"WebPage\",\"@id\":\"https:\\\/\\\/poblenouurbandistrict.com\\\/ca\\\/gaudeix-de-la-combinacio-perfecta-de-sabor-i-vistes-al-brunch-septimo-cielo-edicio-bbq-calcotada-a-espai-granada\\\/\",\"url\":\"https:\\\/\\\/poblenouurbandistrict.com\\\/ca\\\/gaudeix-de-la-combinacio-perfecta-de-sabor-i-vistes-al-brunch-septimo-cielo-edicio-bbq-calcotada-a-espai-granada\\\/\",\"name\":\"Brunch S\u00e9ptimo Cielo Edici\u00f3 BBQ Cal\u00e7otada a Espai Granada\",\"isPartOf\":{\"@id\":\"https:\\\/\\\/poblenouurbandistrict.com\\\/ca\\\/#website\"},\"primaryImageOfPage\":{\"@id\":\"https:\\\/\\\/poblenouurbandistrict.com\\\/ca\\\/gaudeix-de-la-combinacio-perfecta-de-sabor-i-vistes-al-brunch-septimo-cielo-edicio-bbq-calcotada-a-espai-granada\\\/#primaryimage\"},\"image\":{\"@id\":\"https:\\\/\\\/poblenouurbandistrict.com\\\/gaudeix-de-la-combinacio-perfecta-de-sabor-i-vistes-al-brunch-septimo-cielo-edicio-bbq-calcotada-a-espai-granada\\\/#primaryimage\"},\"thumbnailUrl\":\"https:\\\/\\\/media.poblenouurbandistrict.com\\\/2023\\\/02\\\/25060051\\\/calcots-1024x683-1.jpg\",\"datePublished\":\"2023-02-23T13:27:30+00:00\",\"author\":{\"@id\":\"https:\\\/\\\/poblenouurbandistrict.com\\\/#\\\/schema\\\/person\\\/980a2cf34b399d5218205730acd54a7e\"},\"description\":\"Aquest diumenge 26 de febrer, la terrassa de l'Espai Granada es converteix en el Brunch S\u00e9ptimo Cielo Edici\u00f3 BBQ Cal\u00e7otada.\",\"breadcrumb\":{\"@id\":\"https:\\\/\\\/poblenouurbandistrict.com\\\/ca\\\/gaudeix-de-la-combinacio-perfecta-de-sabor-i-vistes-al-brunch-septimo-cielo-edicio-bbq-calcotada-a-espai-granada\\\/#breadcrumb\"},\"inLanguage\":\"ca\",\"potentialAction\":[{\"@type\":\"ReadAction\",\"target\":[[\"https:\\\/\\\/poblenouurbandistrict.com\\\/ca\\\/gaudeix-de-la-combinacio-perfecta-de-sabor-i-vistes-al-brunch-septimo-cielo-edicio-bbq-calcotada-a-espai-granada\\\/\"]]}]},{\"@type\":\"ImageObject\",\"inLanguage\":\"ca\",\"@id\":\"https:\\\/\\\/poblenouurbandistrict.com\\\/ca\\\/gaudeix-de-la-combinacio-perfecta-de-sabor-i-vistes-al-brunch-septimo-cielo-edicio-bbq-calcotada-a-espai-granada\\\/#primaryimage\",\"url\":\"https:\\\/\\\/media.poblenouurbandistrict.com\\\/2023\\\/02\\\/25060051\\\/calcots-1024x683-1.jpg\",\"contentUrl\":\"https:\\\/\\\/media.poblenouurbandistrict.com\\\/2023\\\/02\\\/25060051\\\/calcots-1024x683-1.jpg\",\"width\":1024,\"height\":683},{\"@type\":\"BreadcrumbList\",\"@id\":\"https:\\\/\\\/poblenouurbandistrict.com\\\/ca\\\/gaudeix-de-la-combinacio-perfecta-de-sabor-i-vistes-al-brunch-septimo-cielo-edicio-bbq-calcotada-a-espai-granada\\\/#breadcrumb\",\"itemListElement\":[{\"@type\":\"ListItem\",\"position\":1,\"name\":\"Home\",\"item\":\"https:\\\/\\\/poblenouurbandistrict.com\\\/ca\\\/\"},{\"@type\":\"ListItem\",\"position\":2,\"name\":\"Gaudeix de la combinaci\u00f3 perfecta de sabor i vistes al &#8216;Brunch S\u00e9ptimo Cielo Edici\u00f3 BBQ Cal\u00e7otada&#8217; a Espai Granada\"}]},{\"@type\":\"WebSite\",\"@id\":\"https:\\\/\\\/poblenouurbandistrict.com\\\/ca\\\/#website\",\"url\":\"https:\\\/\\\/poblenouurbandistrict.com\\\/ca\\\/\",\"name\":\"Poblenou Urban District\",\"description\":\"Comunitat Creativa\",\"potentialAction\":[{\"@type\":\"SearchAction\",\"target\":{\"@type\":\"EntryPoint\",\"urlTemplate\":\"https:\\\/\\\/poblenouurbandistrict.com\\\/ca\\\/?s={search_term_string}\"},\"query-input\":{\"@type\":\"PropertyValueSpecification\",\"valueRequired\":true,\"valueName\":\"search_term_string\"}}],\"inLanguage\":\"ca\"},{\"@type\":\"Person\",\"@id\":\"https:\\\/\\\/poblenouurbandistrict.com\\\/#\\\/schema\\\/person\\\/980a2cf34b399d5218205730acd54a7e\",\"name\":\"pnud\",\"image\":{\"@type\":\"ImageObject\",\"inLanguage\":\"ca\",\"@id\":\"https:\\\/\\\/secure.gravatar.com\\\/avatar\\\/67146597b405ee077a24e519f75c3e2031736596d6ce35af3a34c122c93d0d7b?s=96&d=retro&r=g\",\"url\":\"https:\\\/\\\/secure.gravatar.com\\\/avatar\\\/67146597b405ee077a24e519f75c3e2031736596d6ce35af3a34c122c93d0d7b?s=96&d=retro&r=g\",\"contentUrl\":\"https:\\\/\\\/secure.gravatar.com\\\/avatar\\\/67146597b405ee077a24e519f75c3e2031736596d6ce35af3a34c122c93d0d7b?s=96&d=retro&r=g\",\"caption\":\"pnud\"}}]}<\/script>\n<!-- \/ Yoast SEO plugin. -->","yoast_head_json":{"title":"Brunch S\u00e9ptimo Cielo Edici\u00f3 BBQ Cal\u00e7otada a Espai Granada","description":"Aquest diumenge 26 de febrer, la terrassa de l'Espai Granada es converteix en el Brunch S\u00e9ptimo Cielo Edici\u00f3 BBQ Cal\u00e7otada.","robots":{"index":"index","follow":"follow","max-snippet":"max-snippet:-1","max-image-preview":"max-image-preview:large","max-video-preview":"max-video-preview:-1"},"canonical":"https:\/\/poblenouurbandistrict.com\/ca\/gaudeix-de-la-combinacio-perfecta-de-sabor-i-vistes-al-brunch-septimo-cielo-edicio-bbq-calcotada-a-espai-granada\/","og_locale":"ca_ES","og_type":"article","og_title":"Brunch S\u00e9ptimo Cielo Edici\u00f3 BBQ Cal\u00e7otada a Espai Granada","og_description":"Aquest diumenge 26 de febrer, la terrassa de l'Espai Granada es converteix en el Brunch S\u00e9ptimo Cielo Edici\u00f3 BBQ Cal\u00e7otada.","og_url":"https:\/\/poblenouurbandistrict.com\/ca\/gaudeix-de-la-combinacio-perfecta-de-sabor-i-vistes-al-brunch-septimo-cielo-edicio-bbq-calcotada-a-espai-granada\/","og_site_name":"Poblenou Urban District","article_published_time":"2023-02-23T13:27:30+00:00","og_image":[{"width":1024,"height":683,"url":"https:\/\/poblenouurbandistrict.com\/wp-content\/uploads\/2023\/02\/calcots-1024x683-1.png","type":"image\/png"}],"author":"pnud","twitter_card":"summary_large_image","twitter_misc":{"Escrit per":"pnud","Temps estimat de lectura":"2 minuts"},"schema":{"@context":"https:\/\/schema.org","@graph":[{"@type":"Article","@id":"https:\/\/poblenouurbandistrict.com\/gaudeix-de-la-combinacio-perfecta-de-sabor-i-vistes-al-brunch-septimo-cielo-edicio-bbq-calcotada-a-espai-granada\/#article","isPartOf":{"@id":"https:\/\/poblenouurbandistrict.com\/gaudeix-de-la-combinacio-perfecta-de-sabor-i-vistes-al-brunch-septimo-cielo-edicio-bbq-calcotada-a-espai-granada\/"},"author":{"name":"pnud","@id":"https:\/\/poblenouurbandistrict.com\/#\/schema\/person\/980a2cf34b399d5218205730acd54a7e"},"headline":"Gaudeix de la combinaci\u00f3 perfecta de sabor i vistes al &#8216;Brunch S\u00e9ptimo Cielo Edici\u00f3 BBQ Cal\u00e7otada&#8217; a Espai Granada","datePublished":"2023-02-23T13:27:30+00:00","mainEntityOfPage":{"@id":"https:\/\/poblenouurbandistrict.com\/gaudeix-de-la-combinacio-perfecta-de-sabor-i-vistes-al-brunch-septimo-cielo-edicio-bbq-calcotada-a-espai-granada\/"},"wordCount":493,"image":{"@id":"https:\/\/poblenouurbandistrict.com\/gaudeix-de-la-combinacio-perfecta-de-sabor-i-vistes-al-brunch-septimo-cielo-edicio-bbq-calcotada-a-espai-granada\/#primaryimage"},"thumbnailUrl":"https:\/\/media.poblenouurbandistrict.com\/2023\/02\/25060051\/calcots-1024x683-1.jpg","articleSection":["Agenda","Espais","Est\u00e0 passant"],"inLanguage":"ca"},{"@type":"WebPage","@id":"https:\/\/poblenouurbandistrict.com\/ca\/gaudeix-de-la-combinacio-perfecta-de-sabor-i-vistes-al-brunch-septimo-cielo-edicio-bbq-calcotada-a-espai-granada\/","url":"https:\/\/poblenouurbandistrict.com\/ca\/gaudeix-de-la-combinacio-perfecta-de-sabor-i-vistes-al-brunch-septimo-cielo-edicio-bbq-calcotada-a-espai-granada\/","name":"Brunch S\u00e9ptimo Cielo Edici\u00f3 BBQ Cal\u00e7otada a Espai Granada","isPartOf":{"@id":"https:\/\/poblenouurbandistrict.com\/ca\/#website"},"primaryImageOfPage":{"@id":"https:\/\/poblenouurbandistrict.com\/ca\/gaudeix-de-la-combinacio-perfecta-de-sabor-i-vistes-al-brunch-septimo-cielo-edicio-bbq-calcotada-a-espai-granada\/#primaryimage"},"image":{"@id":"https:\/\/poblenouurbandistrict.com\/gaudeix-de-la-combinacio-perfecta-de-sabor-i-vistes-al-brunch-septimo-cielo-edicio-bbq-calcotada-a-espai-granada\/#primaryimage"},"thumbnailUrl":"https:\/\/media.poblenouurbandistrict.com\/2023\/02\/25060051\/calcots-1024x683-1.jpg","datePublished":"2023-02-23T13:27:30+00:00","author":{"@id":"https:\/\/poblenouurbandistrict.com\/#\/schema\/person\/980a2cf34b399d5218205730acd54a7e"},"description":"Aquest diumenge 26 de febrer, la terrassa de l'Espai Granada es converteix en el Brunch S\u00e9ptimo Cielo Edici\u00f3 BBQ Cal\u00e7otada.","breadcrumb":{"@id":"https:\/\/poblenouurbandistrict.com\/ca\/gaudeix-de-la-combinacio-perfecta-de-sabor-i-vistes-al-brunch-septimo-cielo-edicio-bbq-calcotada-a-espai-granada\/#breadcrumb"},"inLanguage":"ca","potentialAction":[{"@type":"ReadAction","target":[["https:\/\/poblenouurbandistrict.com\/ca\/gaudeix-de-la-combinacio-perfecta-de-sabor-i-vistes-al-brunch-septimo-cielo-edicio-bbq-calcotada-a-espai-granada\/"]]}]},{"@type":"ImageObject","inLanguage":"ca","@id":"https:\/\/poblenouurbandistrict.com\/ca\/gaudeix-de-la-combinacio-perfecta-de-sabor-i-vistes-al-brunch-septimo-cielo-edicio-bbq-calcotada-a-espai-granada\/#primaryimage","url":"https:\/\/media.poblenouurbandistrict.com\/2023\/02\/25060051\/calcots-1024x683-1.jpg","contentUrl":"https:\/\/media.poblenouurbandistrict.com\/2023\/02\/25060051\/calcots-1024x683-1.jpg","width":1024,"height":683},{"@type":"BreadcrumbList","@id":"https:\/\/poblenouurbandistrict.com\/ca\/gaudeix-de-la-combinacio-perfecta-de-sabor-i-vistes-al-brunch-septimo-cielo-edicio-bbq-calcotada-a-espai-granada\/#breadcrumb","itemListElement":[{"@type":"ListItem","position":1,"name":"Home","item":"https:\/\/poblenouurbandistrict.com\/ca\/"},{"@type":"ListItem","position":2,"name":"Gaudeix de la combinaci\u00f3 perfecta de sabor i vistes al &#8216;Brunch S\u00e9ptimo Cielo Edici\u00f3 BBQ Cal\u00e7otada&#8217; a Espai Granada"}]},{"@type":"WebSite","@id":"https:\/\/poblenouurbandistrict.com\/ca\/#website","url":"https:\/\/poblenouurbandistrict.com\/ca\/","name":"Poblenou Urban District","description":"Comunitat Creativa","potentialAction":[{"@type":"SearchAction","target":{"@type":"EntryPoint","urlTemplate":"https:\/\/poblenouurbandistrict.com\/ca\/?s={search_term_string}"},"query-input":{"@type":"PropertyValueSpecification","valueRequired":true,"valueName":"search_term_string"}}],"inLanguage":"ca"},{"@type":"Person","@id":"https:\/\/poblenouurbandistrict.com\/#\/schema\/person\/980a2cf34b399d5218205730acd54a7e","name":"pnud","image":{"@type":"ImageObject","inLanguage":"ca","@id":"https:\/\/secure.gravatar.com\/avatar\/67146597b405ee077a24e519f75c3e2031736596d6ce35af3a34c122c93d0d7b?s=96&d=retro&r=g","url":"https:\/\/secure.gravatar.com\/avatar\/67146597b405ee077a24e519f75c3e2031736596d6ce35af3a34c122c93d0d7b?s=96&d=retro&r=g","contentUrl":"https:\/\/secure.gravatar.com\/avatar\/67146597b405ee077a24e519f75c3e2031736596d6ce35af3a34c122c93d0d7b?s=96&d=retro&r=g","caption":"pnud"}}]}},"_links":{"self":[{"href":"https:\/\/poblenouurbandistrict.com\/ca\/wp-json\/wp\/v2\/posts\/36776","targetHints":{"allow":["GET"]}}],"collection":[{"href":"https:\/\/poblenouurbandistrict.com\/ca\/wp-json\/wp\/v2\/posts"}],"about":[{"href":"https:\/\/poblenouurbandistrict.com\/ca\/wp-json\/wp\/v2\/types\/post"}],"author":[{"embeddable":true,"href":"https:\/\/poblenouurbandistrict.com\/ca\/wp-json\/wp\/v2\/users\/5"}],"replies":[{"embeddable":true,"href":"https:\/\/poblenouurbandistrict.com\/ca\/wp-json\/wp\/v2\/comments?post=36776"}],"version-history":[{"count":2,"href":"https:\/\/poblenouurbandistrict.com\/ca\/wp-json\/wp\/v2\/posts\/36776\/revisions"}],"predecessor-version":[{"id":36782,"href":"https:\/\/poblenouurbandistrict.com\/ca\/wp-json\/wp\/v2\/posts\/36776\/revisions\/36782"}],"wp:featuredmedia":[{"embeddable":true,"href":"https:\/\/poblenouurbandistrict.com\/ca\/wp-json\/wp\/v2\/media\/36778"}],"wp:attachment":[{"href":"https:\/\/poblenouurbandistrict.com\/ca\/wp-json\/wp\/v2\/media?parent=36776"}],"wp:term":[{"taxonomy":"category","embeddable":true,"href":"https:\/\/poblenouurbandistrict.com\/ca\/wp-json\/wp\/v2\/categories?post=36776"},{"taxonomy":"post_tag","embeddable":true,"href":"https:\/\/poblenouurbandistrict.com\/ca\/wp-json\/wp\/v2\/tags?post=36776"}],"curies":[{"name":"wp","href":"https:\/\/api.w.org\/{rel}","templated":true}]}}