{"id":36968,"date":"2023-03-09T18:28:31","date_gmt":"2023-03-09T17:28:31","guid":{"rendered":"https:\/\/poblenouurbandistrict.com\/?p=36968"},"modified":"2023-03-16T19:10:12","modified_gmt":"2023-03-16T18:10:12","slug":"poblenou-ar-de-de-nou-el-24-25-i-26-de-marc-amb-un-recorregut-unic-dart-i-de-disseny","status":"publish","type":"post","link":"https:\/\/poblenouurbandistrict.com\/ca\/poblenou-ar-de-de-nou-el-24-25-i-26-de-marc-amb-un-recorregut-unic-dart-i-de-disseny\/","title":{"rendered":"Torna el circuit AR-DE el 24, 25 i 26 de mar\u00e7 amb un recorregut \u00fanic d&#8217;art i de disseny"},"content":{"rendered":"<p>Vols gaudir d&#8217;un cap de setmana diferent i original? T&#8217;interessa l&#8217;art, el disseny i el col\u00b7leccionisme? <strong>El 24, 25 i 26 de mar\u00e7 torna la 4a edici\u00f3 d&#8217;AR-DE<\/strong>, el circuit de galeries, show-rooms i museus del Poblenou que no us deixar\u00e0 indiferent.<\/p>\n<p>Des del Poblenou Urban District us convidem a rec\u00f3rrer <strong>12 espais<\/strong> on podreu trobar innovadores propostes d&#8217;art i disseny. L&#8217;objectiu d&#8217;aquest circuit de recorregut \u00fanic \u00e9s donar visibilitat a tota la programaci\u00f3 dels espais que formen part del Districte Creatiu de Barcelona.<\/p>\n<p>De moment, presentem els espais que hi participaran:<\/p>\n<p><strong><a href=\"https:\/\/bdbarcelona.com\/es\">Bd Barcelona Design<\/a>:<\/strong> <span style=\"font-weight: 400;\">El 1972, un grup de joves arquitectes i dissenyadors va fundar Bd. <\/span>Empresa de disseny formada per joves arquitectes i dissenyadors. El prop\u00f2sit de crear aquest espai va ser produir i mercantilitzar mobiliari i objectes allunyats d&#8217;estereotips i limitacions, donant suport a la llibertat creativa.<\/p>\n<p><strong><a href=\"https:\/\/ajuntament.barcelona.cat\/dissenyhub\/ca\">Disseny Hub<\/a><\/strong>: Espai de refer\u00e8ncia pel reconeixement i la projecci\u00f3 de les ind\u00fastries creatives, la divulgaci\u00f3 del patrimoni i la cultura de la ciutat a escala global.<\/p>\n<p><a href=\"https:\/\/es.paloalto.barcelona\/\"><strong>Fundaci\u00f3n Palo Alto<\/strong><\/a>: La nau Escoleta va obrir a finals del 2021 per acollir projectes culturals i creatius vinculats a la creaci\u00f3 d&#8217;artistes emergents, estudiants de cicles formatius i universitaris i col\u00b7lectius art\u00edstics de proximitat.<\/p>\n<p><a href=\"https:\/\/chezxefo.com\/\"><strong>Galeria Chez Xefo<\/strong><\/a>: Galeria singular amb un espai dedicat als artistes, per\u00f2 tamb\u00e9 a activitats d&#8217;altres \u00e0mbits culturals com ara la gastronomia, el cinema o la m\u00fasica.<\/p>\n<p><a href=\"https:\/\/ketgaleria.com\/\"><strong>Ket Galeria<\/strong><\/a>: La galeria d&#8217;art m\u00e9s petita de Catalunya, ubicada en un bonic passatge on es pot gaudir d&#8217;interessants experi\u00e8ncies art\u00edstiques i sensorials, centrant-se en promocionar, exhibir i comercialitzar art.<\/p>\n<p><a href=\"http:\/\/laplataformabcn.com\/laplataformabcn.html\"><strong>La Plataforma<\/strong><\/a>: Galeria d&#8217;art contemporani que t\u00e9 com a objectiu promoure l&#8217;art a trav\u00e9s de la programaci\u00f3 d&#8217;exposicions i la producci\u00f3 de projectes culturals vinculats amb el territori i l&#8217;art.<\/p>\n<p><strong><a href=\"https:\/\/moryarty.com\/\">Moryarty<\/a><\/strong>: Botiga de p\u00f2sters vintage i marcs amb una selecci\u00f3 especial amb les darreres novetats del seu cat\u00e0leg. A la galeria tamb\u00e9 ofereixen fotografies, art cl\u00e0ssic, pl\u00e0nols antics, pintura oriental, publicitat vintage\u2026<\/p>\n<p><strong><a href=\"https:\/\/www.fundaciovilacasas.com\/es\/museo\/museo-can-framis-barcelona\">Museu Can Framis<\/a><\/strong>: El museu de pintura contempor\u00e0nia catalana forma part de la Fundaci\u00f3 Vila Casas i acull, a m\u00e9s de les exposicions permanents que inclouen al voltant de 300 obres, exposicions peri\u00f2diques temporals de diversos artistes nascuts o residents a Catalunya.<\/p>\n<p><a href=\"http:\/\/www.noakroom.com\/\"><strong>Noak Room<\/strong><\/a>: Showroom especialitzat en mobiliari i objectes de decoraci\u00f3 vintage de disseny i origen exclusivament escandinaus, principalment dels anys 1940-1970. Al showroom de Noak Room conviuen peces de dissenyadors tan reconeguts com Ilmari Tapiovaara, Hans Wegner, Bruno Mathsson o Arne Jacobsen.<\/p>\n<p><a href=\"https:\/\/www.piramidon.com\/ca\/\"><strong>Piramid\u00f3n<\/strong><\/a>: Espai h\u00edbrid entre f\u00e0brica de creaci\u00f3 i galeria d&#8217;art, Piramid\u00f3n fusiona l&#8217;\u00e0mbit de producci\u00f3 art\u00edstica amb l&#8217;\u00e0mbit de difusi\u00f3, exhibici\u00f3 i venda d&#8217;obres d&#8217;art. A m\u00e9s de poder veure l&#8217;exposici\u00f3 actual, tamb\u00e9 hi ha l&#8217;oportunitat de con\u00e8ixer els artistes al seu espai creatiu.<\/p>\n<p><strong><a href=\"https:\/\/thefolioclub.com\/\">The Folio Club<\/a><\/strong>: Impremta que compta amb un espai expositiu di\u00e0fan i vers\u00e0til on es difonen projectes gr\u00e0fics i editorials. Est\u00e0 format per un equip experimentat i competent amb l&#8217;aptitud d&#8217;adaptar-se a les necessitats de manera eficient i propera. Ofereixen serveis d&#8217;impressi\u00f3 digital, \u00f2fset, manipulaci\u00f3 d&#8217;imatges, entre moltes altres.<\/p>\n<p><strong><a href=\"https:\/\/unusualconcept.store\/es\/\">Unusual<\/a><\/strong>: Concept Store amb productes \u00fanics per al p\u00fablic m\u00e9s <em>unusual<\/em>. Entre ells: mobles, il\u00b7lustracions, revistes i objectes quotidians. \u00c9s una de les primeres botigues conceptuals del barri del Poblenou.<\/p>\n<p>En uns dies farem p\u00fablica la programaci\u00f3 completa.<\/p>\n<h3>Ens veiem ben aviat!<\/h3>\n<p><\/p>","protected":false},"excerpt":{"rendered":"<p>Vols gaudir d&#8217;un cap de setmana diferent i original? T&#8217;interessa l&#8217;art, el disseny i el col\u00b7leccionisme? El 24, 25 i&#8230; <a href=\"https:\/\/poblenouurbandistrict.com\/ca\/poblenou-ar-de-de-nou-el-24-25-i-26-de-marc-amb-un-recorregut-unic-dart-i-de-disseny\/\">M\u00e9s  \u2192<\/a><\/p>\n","protected":false},"author":5,"featured_media":34214,"comment_status":"closed","ping_status":"closed","sticky":false,"template":"","format":"standard","meta":{"_acf_changed":false,"footnotes":""},"categories":[3538],"tags":[],"class_list":["post-36968","post","type-post","status-publish","format-standard","has-post-thumbnail","hentry","category-ar-de"],"acf":[],"yoast_head":"<!-- This site is optimized with the Yoast SEO plugin v27.5 - https:\/\/yoast.com\/product\/yoast-seo-wordpress\/ -->\n<title>Torna el circuit AR-DE el 24, 25 i 26 de mar\u00e7 amb un recorregut \u00fanic d&#039;art i de disseny &#8211; Poblenou Urban District<\/title>\n<meta name=\"robots\" content=\"index, follow, max-snippet:-1, max-image-preview:large, max-video-preview:-1\" \/>\n<link rel=\"canonical\" href=\"https:\/\/poblenouurbandistrict.com\/ca\/poblenou-ar-de-de-nou-el-24-25-i-26-de-marc-amb-un-recorregut-unic-dart-i-de-disseny\/\" \/>\n<meta property=\"og:locale\" content=\"ca_ES\" \/>\n<meta property=\"og:type\" content=\"article\" \/>\n<meta property=\"og:title\" content=\"Torna el circuit AR-DE el 24, 25 i 26 de mar\u00e7 amb un recorregut \u00fanic d&#039;art i de disseny &#8211; Poblenou Urban District\" \/>\n<meta property=\"og:description\" content=\"Vols gaudir d&#8217;un cap de setmana diferent i original? T&#8217;interessa l&#8217;art, el disseny i el col\u00b7leccionisme? El 24, 25 i... M\u00e9s \u2192\" \/>\n<meta property=\"og:url\" content=\"https:\/\/poblenouurbandistrict.com\/ca\/poblenou-ar-de-de-nou-el-24-25-i-26-de-marc-amb-un-recorregut-unic-dart-i-de-disseny\/\" \/>\n<meta property=\"og:site_name\" content=\"Poblenou Urban District\" \/>\n<meta property=\"article:published_time\" content=\"2023-03-09T17:28:31+00:00\" \/>\n<meta property=\"article:modified_time\" content=\"2023-03-16T18:10:12+00:00\" \/>\n<meta property=\"og:image\" content=\"https:\/\/poblenouurbandistrict.com\/wp-content\/uploads\/2022\/10\/ar-de-1500x1000-gif-640x427.gif\" \/>\n\t<meta property=\"og:image:width\" content=\"640\" \/>\n\t<meta property=\"og:image:height\" content=\"427\" \/>\n\t<meta property=\"og:image:type\" content=\"image\/gif\" \/>\n<meta name=\"author\" content=\"pnud\" \/>\n<meta name=\"twitter:card\" content=\"summary_large_image\" \/>\n<meta name=\"twitter:label1\" content=\"Escrit per\" \/>\n\t<meta name=\"twitter:data1\" content=\"pnud\" \/>\n\t<meta name=\"twitter:label2\" content=\"Temps estimat de lectura\" \/>\n\t<meta name=\"twitter:data2\" content=\"3 minuts\" \/>\n<script type=\"application\/ld+json\" class=\"yoast-schema-graph\">{\"@context\":\"https:\\\/\\\/schema.org\",\"@graph\":[{\"@type\":\"Article\",\"@id\":\"https:\\\/\\\/poblenouurbandistrict.com\\\/poblenou-ar-de-de-nou-el-24-25-i-26-de-marc-amb-un-recorregut-unic-dart-i-de-disseny\\\/#article\",\"isPartOf\":{\"@id\":\"https:\\\/\\\/poblenouurbandistrict.com\\\/poblenou-ar-de-de-nou-el-24-25-i-26-de-marc-amb-un-recorregut-unic-dart-i-de-disseny\\\/\"},\"author\":{\"name\":\"pnud\",\"@id\":\"https:\\\/\\\/poblenouurbandistrict.com\\\/#\\\/schema\\\/person\\\/980a2cf34b399d5218205730acd54a7e\"},\"headline\":\"Torna el circuit AR-DE el 24, 25 i 26 de mar\u00e7 amb un recorregut \u00fanic d&#8217;art i de disseny\",\"datePublished\":\"2023-03-09T17:28:31+00:00\",\"dateModified\":\"2023-03-16T18:10:12+00:00\",\"mainEntityOfPage\":{\"@id\":\"https:\\\/\\\/poblenouurbandistrict.com\\\/poblenou-ar-de-de-nou-el-24-25-i-26-de-marc-amb-un-recorregut-unic-dart-i-de-disseny\\\/\"},\"wordCount\":1269,\"image\":{\"@id\":\"https:\\\/\\\/poblenouurbandistrict.com\\\/poblenou-ar-de-de-nou-el-24-25-i-26-de-marc-amb-un-recorregut-unic-dart-i-de-disseny\\\/#primaryimage\"},\"thumbnailUrl\":\"https:\\\/\\\/media.poblenouurbandistrict.com\\\/2022\\\/10\\\/25054549\\\/ar-de-1500x1000-gif.gif\",\"articleSection\":[\"AR-DE\"],\"inLanguage\":\"ca\"},{\"@type\":\"WebPage\",\"@id\":\"https:\\\/\\\/poblenouurbandistrict.com\\\/ca\\\/poblenou-ar-de-de-nou-el-24-25-i-26-de-marc-amb-un-recorregut-unic-dart-i-de-disseny\\\/\",\"url\":\"https:\\\/\\\/poblenouurbandistrict.com\\\/ca\\\/poblenou-ar-de-de-nou-el-24-25-i-26-de-marc-amb-un-recorregut-unic-dart-i-de-disseny\\\/\",\"name\":\"Torna el circuit AR-DE el 24, 25 i 26 de mar\u00e7 amb un recorregut \u00fanic d'art i de disseny &#8211; Poblenou Urban District\",\"isPartOf\":{\"@id\":\"https:\\\/\\\/poblenouurbandistrict.com\\\/ca\\\/#website\"},\"primaryImageOfPage\":{\"@id\":\"https:\\\/\\\/poblenouurbandistrict.com\\\/ca\\\/poblenou-ar-de-de-nou-el-24-25-i-26-de-marc-amb-un-recorregut-unic-dart-i-de-disseny\\\/#primaryimage\"},\"image\":{\"@id\":\"https:\\\/\\\/poblenouurbandistrict.com\\\/poblenou-ar-de-de-nou-el-24-25-i-26-de-marc-amb-un-recorregut-unic-dart-i-de-disseny\\\/#primaryimage\"},\"thumbnailUrl\":\"https:\\\/\\\/media.poblenouurbandistrict.com\\\/2022\\\/10\\\/25054549\\\/ar-de-1500x1000-gif.gif\",\"datePublished\":\"2023-03-09T17:28:31+00:00\",\"dateModified\":\"2023-03-16T18:10:12+00:00\",\"author\":{\"@id\":\"https:\\\/\\\/poblenouurbandistrict.com\\\/#\\\/schema\\\/person\\\/980a2cf34b399d5218205730acd54a7e\"},\"breadcrumb\":{\"@id\":\"https:\\\/\\\/poblenouurbandistrict.com\\\/ca\\\/poblenou-ar-de-de-nou-el-24-25-i-26-de-marc-amb-un-recorregut-unic-dart-i-de-disseny\\\/#breadcrumb\"},\"inLanguage\":\"ca\",\"potentialAction\":[{\"@type\":\"ReadAction\",\"target\":[[\"https:\\\/\\\/poblenouurbandistrict.com\\\/ca\\\/poblenou-ar-de-de-nou-el-24-25-i-26-de-marc-amb-un-recorregut-unic-dart-i-de-disseny\\\/\"]]}]},{\"@type\":\"ImageObject\",\"inLanguage\":\"ca\",\"@id\":\"https:\\\/\\\/poblenouurbandistrict.com\\\/ca\\\/poblenou-ar-de-de-nou-el-24-25-i-26-de-marc-amb-un-recorregut-unic-dart-i-de-disseny\\\/#primaryimage\",\"url\":\"https:\\\/\\\/media.poblenouurbandistrict.com\\\/2022\\\/10\\\/25054549\\\/ar-de-1500x1000-gif.gif\",\"contentUrl\":\"https:\\\/\\\/media.poblenouurbandistrict.com\\\/2022\\\/10\\\/25054549\\\/ar-de-1500x1000-gif.gif\",\"width\":1500,\"height\":1000},{\"@type\":\"BreadcrumbList\",\"@id\":\"https:\\\/\\\/poblenouurbandistrict.com\\\/ca\\\/poblenou-ar-de-de-nou-el-24-25-i-26-de-marc-amb-un-recorregut-unic-dart-i-de-disseny\\\/#breadcrumb\",\"itemListElement\":[{\"@type\":\"ListItem\",\"position\":1,\"name\":\"Home\",\"item\":\"https:\\\/\\\/poblenouurbandistrict.com\\\/ca\\\/\"},{\"@type\":\"ListItem\",\"position\":2,\"name\":\"Torna el circuit AR-DE el 24, 25 i 26 de mar\u00e7 amb un recorregut \u00fanic d&#8217;art i de disseny\"}]},{\"@type\":\"WebSite\",\"@id\":\"https:\\\/\\\/poblenouurbandistrict.com\\\/ca\\\/#website\",\"url\":\"https:\\\/\\\/poblenouurbandistrict.com\\\/ca\\\/\",\"name\":\"Poblenou Urban District\",\"description\":\"Comunitat Creativa\",\"potentialAction\":[{\"@type\":\"SearchAction\",\"target\":{\"@type\":\"EntryPoint\",\"urlTemplate\":\"https:\\\/\\\/poblenouurbandistrict.com\\\/ca\\\/?s={search_term_string}\"},\"query-input\":{\"@type\":\"PropertyValueSpecification\",\"valueRequired\":true,\"valueName\":\"search_term_string\"}}],\"inLanguage\":\"ca\"},{\"@type\":\"Person\",\"@id\":\"https:\\\/\\\/poblenouurbandistrict.com\\\/#\\\/schema\\\/person\\\/980a2cf34b399d5218205730acd54a7e\",\"name\":\"pnud\",\"image\":{\"@type\":\"ImageObject\",\"inLanguage\":\"ca\",\"@id\":\"https:\\\/\\\/secure.gravatar.com\\\/avatar\\\/67146597b405ee077a24e519f75c3e2031736596d6ce35af3a34c122c93d0d7b?s=96&d=retro&r=g\",\"url\":\"https:\\\/\\\/secure.gravatar.com\\\/avatar\\\/67146597b405ee077a24e519f75c3e2031736596d6ce35af3a34c122c93d0d7b?s=96&d=retro&r=g\",\"contentUrl\":\"https:\\\/\\\/secure.gravatar.com\\\/avatar\\\/67146597b405ee077a24e519f75c3e2031736596d6ce35af3a34c122c93d0d7b?s=96&d=retro&r=g\",\"caption\":\"pnud\"}}]}<\/script>\n<!-- \/ Yoast SEO plugin. -->","yoast_head_json":{"title":"Torna el circuit AR-DE el 24, 25 i 26 de mar\u00e7 amb un recorregut \u00fanic d'art i de disseny &#8211; Poblenou Urban District","robots":{"index":"index","follow":"follow","max-snippet":"max-snippet:-1","max-image-preview":"max-image-preview:large","max-video-preview":"max-video-preview:-1"},"canonical":"https:\/\/poblenouurbandistrict.com\/ca\/poblenou-ar-de-de-nou-el-24-25-i-26-de-marc-amb-un-recorregut-unic-dart-i-de-disseny\/","og_locale":"ca_ES","og_type":"article","og_title":"Torna el circuit AR-DE el 24, 25 i 26 de mar\u00e7 amb un recorregut \u00fanic d'art i de disseny &#8211; Poblenou Urban District","og_description":"Vols gaudir d&#8217;un cap de setmana diferent i original? T&#8217;interessa l&#8217;art, el disseny i el col\u00b7leccionisme? El 24, 25 i... M\u00e9s \u2192","og_url":"https:\/\/poblenouurbandistrict.com\/ca\/poblenou-ar-de-de-nou-el-24-25-i-26-de-marc-amb-un-recorregut-unic-dart-i-de-disseny\/","og_site_name":"Poblenou Urban District","article_published_time":"2023-03-09T17:28:31+00:00","article_modified_time":"2023-03-16T18:10:12+00:00","og_image":[{"width":640,"height":427,"url":"https:\/\/poblenouurbandistrict.com\/wp-content\/uploads\/2022\/10\/ar-de-1500x1000-gif-640x427.gif","type":"image\/gif"}],"author":"pnud","twitter_card":"summary_large_image","twitter_misc":{"Escrit per":"pnud","Temps estimat de lectura":"3 minuts"},"schema":{"@context":"https:\/\/schema.org","@graph":[{"@type":"Article","@id":"https:\/\/poblenouurbandistrict.com\/poblenou-ar-de-de-nou-el-24-25-i-26-de-marc-amb-un-recorregut-unic-dart-i-de-disseny\/#article","isPartOf":{"@id":"https:\/\/poblenouurbandistrict.com\/poblenou-ar-de-de-nou-el-24-25-i-26-de-marc-amb-un-recorregut-unic-dart-i-de-disseny\/"},"author":{"name":"pnud","@id":"https:\/\/poblenouurbandistrict.com\/#\/schema\/person\/980a2cf34b399d5218205730acd54a7e"},"headline":"Torna el circuit AR-DE el 24, 25 i 26 de mar\u00e7 amb un recorregut \u00fanic d&#8217;art i de disseny","datePublished":"2023-03-09T17:28:31+00:00","dateModified":"2023-03-16T18:10:12+00:00","mainEntityOfPage":{"@id":"https:\/\/poblenouurbandistrict.com\/poblenou-ar-de-de-nou-el-24-25-i-26-de-marc-amb-un-recorregut-unic-dart-i-de-disseny\/"},"wordCount":1269,"image":{"@id":"https:\/\/poblenouurbandistrict.com\/poblenou-ar-de-de-nou-el-24-25-i-26-de-marc-amb-un-recorregut-unic-dart-i-de-disseny\/#primaryimage"},"thumbnailUrl":"https:\/\/media.poblenouurbandistrict.com\/2022\/10\/25054549\/ar-de-1500x1000-gif.gif","articleSection":["AR-DE"],"inLanguage":"ca"},{"@type":"WebPage","@id":"https:\/\/poblenouurbandistrict.com\/ca\/poblenou-ar-de-de-nou-el-24-25-i-26-de-marc-amb-un-recorregut-unic-dart-i-de-disseny\/","url":"https:\/\/poblenouurbandistrict.com\/ca\/poblenou-ar-de-de-nou-el-24-25-i-26-de-marc-amb-un-recorregut-unic-dart-i-de-disseny\/","name":"Torna el circuit AR-DE el 24, 25 i 26 de mar\u00e7 amb un recorregut \u00fanic d'art i de disseny &#8211; Poblenou Urban District","isPartOf":{"@id":"https:\/\/poblenouurbandistrict.com\/ca\/#website"},"primaryImageOfPage":{"@id":"https:\/\/poblenouurbandistrict.com\/ca\/poblenou-ar-de-de-nou-el-24-25-i-26-de-marc-amb-un-recorregut-unic-dart-i-de-disseny\/#primaryimage"},"image":{"@id":"https:\/\/poblenouurbandistrict.com\/poblenou-ar-de-de-nou-el-24-25-i-26-de-marc-amb-un-recorregut-unic-dart-i-de-disseny\/#primaryimage"},"thumbnailUrl":"https:\/\/media.poblenouurbandistrict.com\/2022\/10\/25054549\/ar-de-1500x1000-gif.gif","datePublished":"2023-03-09T17:28:31+00:00","dateModified":"2023-03-16T18:10:12+00:00","author":{"@id":"https:\/\/poblenouurbandistrict.com\/#\/schema\/person\/980a2cf34b399d5218205730acd54a7e"},"breadcrumb":{"@id":"https:\/\/poblenouurbandistrict.com\/ca\/poblenou-ar-de-de-nou-el-24-25-i-26-de-marc-amb-un-recorregut-unic-dart-i-de-disseny\/#breadcrumb"},"inLanguage":"ca","potentialAction":[{"@type":"ReadAction","target":[["https:\/\/poblenouurbandistrict.com\/ca\/poblenou-ar-de-de-nou-el-24-25-i-26-de-marc-amb-un-recorregut-unic-dart-i-de-disseny\/"]]}]},{"@type":"ImageObject","inLanguage":"ca","@id":"https:\/\/poblenouurbandistrict.com\/ca\/poblenou-ar-de-de-nou-el-24-25-i-26-de-marc-amb-un-recorregut-unic-dart-i-de-disseny\/#primaryimage","url":"https:\/\/media.poblenouurbandistrict.com\/2022\/10\/25054549\/ar-de-1500x1000-gif.gif","contentUrl":"https:\/\/media.poblenouurbandistrict.com\/2022\/10\/25054549\/ar-de-1500x1000-gif.gif","width":1500,"height":1000},{"@type":"BreadcrumbList","@id":"https:\/\/poblenouurbandistrict.com\/ca\/poblenou-ar-de-de-nou-el-24-25-i-26-de-marc-amb-un-recorregut-unic-dart-i-de-disseny\/#breadcrumb","itemListElement":[{"@type":"ListItem","position":1,"name":"Home","item":"https:\/\/poblenouurbandistrict.com\/ca\/"},{"@type":"ListItem","position":2,"name":"Torna el circuit AR-DE el 24, 25 i 26 de mar\u00e7 amb un recorregut \u00fanic d&#8217;art i de disseny"}]},{"@type":"WebSite","@id":"https:\/\/poblenouurbandistrict.com\/ca\/#website","url":"https:\/\/poblenouurbandistrict.com\/ca\/","name":"Poblenou Urban District","description":"Comunitat Creativa","potentialAction":[{"@type":"SearchAction","target":{"@type":"EntryPoint","urlTemplate":"https:\/\/poblenouurbandistrict.com\/ca\/?s={search_term_string}"},"query-input":{"@type":"PropertyValueSpecification","valueRequired":true,"valueName":"search_term_string"}}],"inLanguage":"ca"},{"@type":"Person","@id":"https:\/\/poblenouurbandistrict.com\/#\/schema\/person\/980a2cf34b399d5218205730acd54a7e","name":"pnud","image":{"@type":"ImageObject","inLanguage":"ca","@id":"https:\/\/secure.gravatar.com\/avatar\/67146597b405ee077a24e519f75c3e2031736596d6ce35af3a34c122c93d0d7b?s=96&d=retro&r=g","url":"https:\/\/secure.gravatar.com\/avatar\/67146597b405ee077a24e519f75c3e2031736596d6ce35af3a34c122c93d0d7b?s=96&d=retro&r=g","contentUrl":"https:\/\/secure.gravatar.com\/avatar\/67146597b405ee077a24e519f75c3e2031736596d6ce35af3a34c122c93d0d7b?s=96&d=retro&r=g","caption":"pnud"}}]}},"_links":{"self":[{"href":"https:\/\/poblenouurbandistrict.com\/ca\/wp-json\/wp\/v2\/posts\/36968","targetHints":{"allow":["GET"]}}],"collection":[{"href":"https:\/\/poblenouurbandistrict.com\/ca\/wp-json\/wp\/v2\/posts"}],"about":[{"href":"https:\/\/poblenouurbandistrict.com\/ca\/wp-json\/wp\/v2\/types\/post"}],"author":[{"embeddable":true,"href":"https:\/\/poblenouurbandistrict.com\/ca\/wp-json\/wp\/v2\/users\/5"}],"replies":[{"embeddable":true,"href":"https:\/\/poblenouurbandistrict.com\/ca\/wp-json\/wp\/v2\/comments?post=36968"}],"version-history":[{"count":45,"href":"https:\/\/poblenouurbandistrict.com\/ca\/wp-json\/wp\/v2\/posts\/36968\/revisions"}],"predecessor-version":[{"id":37465,"href":"https:\/\/poblenouurbandistrict.com\/ca\/wp-json\/wp\/v2\/posts\/36968\/revisions\/37465"}],"wp:featuredmedia":[{"embeddable":true,"href":"https:\/\/poblenouurbandistrict.com\/ca\/wp-json\/wp\/v2\/media\/34214"}],"wp:attachment":[{"href":"https:\/\/poblenouurbandistrict.com\/ca\/wp-json\/wp\/v2\/media?parent=36968"}],"wp:term":[{"taxonomy":"category","embeddable":true,"href":"https:\/\/poblenouurbandistrict.com\/ca\/wp-json\/wp\/v2\/categories?post=36968"},{"taxonomy":"post_tag","embeddable":true,"href":"https:\/\/poblenouurbandistrict.com\/ca\/wp-json\/wp\/v2\/tags?post=36968"}],"curies":[{"name":"wp","href":"https:\/\/api.w.org\/{rel}","templated":true}]}}