{"id":36993,"date":"2023-03-09T16:40:11","date_gmt":"2023-03-09T15:40:11","guid":{"rendered":"https:\/\/poblenouurbandistrict.com\/?p=36993"},"modified":"2023-03-10T00:40:41","modified_gmt":"2023-03-09T23:40:41","slug":"arriba-la-nit-tematica-de-pastrami-a-carrot-cafe-pero-no-toblidis-de-tastar-els-seus-famosos-cheesecakes","status":"publish","type":"post","link":"https:\/\/poblenouurbandistrict.com\/ca\/arriba-la-nit-tematica-de-pastrami-a-carrot-cafe-pero-no-toblidis-de-tastar-els-seus-famosos-cheesecakes\/","title":{"rendered":"Arriba la nit tem\u00e0tica de pastrami a Carrot Caf\u00e9, per\u00f2 no t&#8217;oblidis de tastar els seus famosos cheesecakes"},"content":{"rendered":"<p>Si ets un gran amant de la carn i sobretot dels sandvitxos de pastrami, et recomanem que donis una ullada al que tenen entre mans l&#8217;equip de <a href=\"https:\/\/www.carrotcafe.es\/\"><strong>Carrot Caf\u00e9<\/strong><\/a>, ubicat al carrer T\u00e0nger, 22. Dimecres, <strong>15 de mar\u00e7<\/strong>, organitzen una nit tem\u00e0tica, en qu\u00e8 el protagonista principal ser\u00e0 el pastrami.<\/p>\n<p>L&#8217;equip de la sandvitxeria presentar\u00e0 des de plats m\u00e9s simples i tradicionals fins a combinacions d&#8217;all\u00f2 m\u00e9s innovadores i inesperades que et sorprendran. Acompanya el teu sandvitx amb alguna de les begudes que ofereixen, sigui una cervesa artesanal o un suc de pastanaga i gingebre. Deixa&#8217;t sorprendre!<\/p>\n<p>Estigues molt atent a les seves xarxes socials, ja que per all\u00e0 anuncien cada nit tem\u00e0tica que fan al llarg de l&#8217;any. A m\u00e9s, no et pots perdre els seus famosos cheesecakes: galeta Lotus, poma al forn, Nutella\u2026 Un sense fi de sabors que el teu paladar no oblidar\u00e0 mai.<\/p>\n<p>Truca i <a href=\"https:\/\/www.carrotcafe.es\/contacts\/\">reserva pla\u00e7a<\/a> com m\u00e9s aviat millor. No et perdis aquesta nit tan exclusiva!<\/p>","protected":false},"excerpt":{"rendered":"<p>Si ets un gran amant de la carn i sobretot dels sandvitxos de pastrami, et recomanem que donis una ullada&#8230; <a href=\"https:\/\/poblenouurbandistrict.com\/ca\/arriba-la-nit-tematica-de-pastrami-a-carrot-cafe-pero-no-toblidis-de-tastar-els-seus-famosos-cheesecakes\/\">M\u00e9s  \u2192<\/a><\/p>\n","protected":false},"author":5,"featured_media":36995,"comment_status":"closed","ping_status":"closed","sticky":false,"template":"","format":"standard","meta":{"_acf_changed":false,"footnotes":""},"categories":[3363,3353],"tags":[],"class_list":["post-36993","post","type-post","status-publish","format-standard","has-post-thumbnail","hentry","category-places","category-gastronomia"],"acf":[],"yoast_head":"<!-- This site is optimized with the Yoast SEO plugin v27.4 - https:\/\/yoast.com\/product\/yoast-seo-wordpress\/ -->\n<title>Arriba la nit tem\u00e0tica de pastrami a Carrot Caf\u00e9, per\u00f2 no t&#039;oblidis de tastar els seus famosos cheesecakes &#8211; Poblenou Urban District<\/title>\n<meta name=\"robots\" content=\"index, follow, max-snippet:-1, max-image-preview:large, max-video-preview:-1\" \/>\n<link rel=\"canonical\" href=\"https:\/\/poblenouurbandistrict.com\/ca\/arriba-la-nit-tematica-de-pastrami-a-carrot-cafe-pero-no-toblidis-de-tastar-els-seus-famosos-cheesecakes\/\" \/>\n<meta property=\"og:locale\" content=\"ca_ES\" \/>\n<meta property=\"og:type\" content=\"article\" \/>\n<meta property=\"og:title\" content=\"Arriba la nit tem\u00e0tica de pastrami a Carrot Caf\u00e9, per\u00f2 no t&#039;oblidis de tastar els seus famosos cheesecakes &#8211; Poblenou Urban District\" \/>\n<meta property=\"og:description\" content=\"Si ets un gran amant de la carn i sobretot dels sandvitxos de pastrami, et recomanem que donis una ullada... M\u00e9s \u2192\" \/>\n<meta property=\"og:url\" content=\"https:\/\/poblenouurbandistrict.com\/ca\/arriba-la-nit-tematica-de-pastrami-a-carrot-cafe-pero-no-toblidis-de-tastar-els-seus-famosos-cheesecakes\/\" \/>\n<meta property=\"og:site_name\" content=\"Poblenou Urban District\" \/>\n<meta property=\"article:published_time\" content=\"2023-03-09T15:40:11+00:00\" \/>\n<meta property=\"article:modified_time\" content=\"2023-03-09T23:40:41+00:00\" \/>\n<meta property=\"og:image\" content=\"https:\/\/poblenouurbandistrict.com\/wp-content\/uploads\/2023\/03\/dsc-0501-scaled.jpg\" \/>\n\t<meta property=\"og:image:width\" content=\"2560\" \/>\n\t<meta property=\"og:image:height\" content=\"2362\" \/>\n\t<meta property=\"og:image:type\" content=\"image\/jpeg\" \/>\n<meta name=\"author\" content=\"pnud\" \/>\n<meta name=\"twitter:card\" content=\"summary_large_image\" \/>\n<meta name=\"twitter:label1\" content=\"Escrit per\" \/>\n\t<meta name=\"twitter:data1\" content=\"pnud\" \/>\n\t<meta name=\"twitter:label2\" content=\"Temps estimat de lectura\" \/>\n\t<meta name=\"twitter:data2\" content=\"1 minut\" \/>\n<script type=\"application\/ld+json\" class=\"yoast-schema-graph\">{\"@context\":\"https:\\\/\\\/schema.org\",\"@graph\":[{\"@type\":\"Article\",\"@id\":\"https:\\\/\\\/poblenouurbandistrict.com\\\/arriba-la-nit-tematica-de-pastrami-a-carrot-cafe-pero-no-toblidis-de-tastar-els-seus-famosos-cheesecakes\\\/#article\",\"isPartOf\":{\"@id\":\"https:\\\/\\\/poblenouurbandistrict.com\\\/arriba-la-nit-tematica-de-pastrami-a-carrot-cafe-pero-no-toblidis-de-tastar-els-seus-famosos-cheesecakes\\\/\"},\"author\":{\"name\":\"pnud\",\"@id\":\"https:\\\/\\\/poblenouurbandistrict.com\\\/#\\\/schema\\\/person\\\/980a2cf34b399d5218205730acd54a7e\"},\"headline\":\"Arriba la nit tem\u00e0tica de pastrami a Carrot Caf\u00e9, per\u00f2 no t&#8217;oblidis de tastar els seus famosos cheesecakes\",\"datePublished\":\"2023-03-09T15:40:11+00:00\",\"dateModified\":\"2023-03-09T23:40:41+00:00\",\"mainEntityOfPage\":{\"@id\":\"https:\\\/\\\/poblenouurbandistrict.com\\\/arriba-la-nit-tematica-de-pastrami-a-carrot-cafe-pero-no-toblidis-de-tastar-els-seus-famosos-cheesecakes\\\/\"},\"wordCount\":394,\"image\":{\"@id\":\"https:\\\/\\\/poblenouurbandistrict.com\\\/arriba-la-nit-tematica-de-pastrami-a-carrot-cafe-pero-no-toblidis-de-tastar-els-seus-famosos-cheesecakes\\\/#primaryimage\"},\"thumbnailUrl\":\"https:\\\/\\\/media.poblenouurbandistrict.com\\\/2023\\\/03\\\/25060345\\\/dsc-0501-scaled.jpg\",\"articleSection\":[\"Espais\",\"Gastronomia\"],\"inLanguage\":\"ca\"},{\"@type\":\"WebPage\",\"@id\":\"https:\\\/\\\/poblenouurbandistrict.com\\\/ca\\\/arriba-la-nit-tematica-de-pastrami-a-carrot-cafe-pero-no-toblidis-de-tastar-els-seus-famosos-cheesecakes\\\/\",\"url\":\"https:\\\/\\\/poblenouurbandistrict.com\\\/ca\\\/arriba-la-nit-tematica-de-pastrami-a-carrot-cafe-pero-no-toblidis-de-tastar-els-seus-famosos-cheesecakes\\\/\",\"name\":\"Arriba la nit tem\u00e0tica de pastrami a Carrot Caf\u00e9, per\u00f2 no t'oblidis de tastar els seus famosos cheesecakes &#8211; Poblenou Urban District\",\"isPartOf\":{\"@id\":\"https:\\\/\\\/poblenouurbandistrict.com\\\/ca\\\/#website\"},\"primaryImageOfPage\":{\"@id\":\"https:\\\/\\\/poblenouurbandistrict.com\\\/ca\\\/arriba-la-nit-tematica-de-pastrami-a-carrot-cafe-pero-no-toblidis-de-tastar-els-seus-famosos-cheesecakes\\\/#primaryimage\"},\"image\":{\"@id\":\"https:\\\/\\\/poblenouurbandistrict.com\\\/arriba-la-nit-tematica-de-pastrami-a-carrot-cafe-pero-no-toblidis-de-tastar-els-seus-famosos-cheesecakes\\\/#primaryimage\"},\"thumbnailUrl\":\"https:\\\/\\\/media.poblenouurbandistrict.com\\\/2023\\\/03\\\/25060345\\\/dsc-0501-scaled.jpg\",\"datePublished\":\"2023-03-09T15:40:11+00:00\",\"dateModified\":\"2023-03-09T23:40:41+00:00\",\"author\":{\"@id\":\"https:\\\/\\\/poblenouurbandistrict.com\\\/#\\\/schema\\\/person\\\/980a2cf34b399d5218205730acd54a7e\"},\"breadcrumb\":{\"@id\":\"https:\\\/\\\/poblenouurbandistrict.com\\\/ca\\\/arriba-la-nit-tematica-de-pastrami-a-carrot-cafe-pero-no-toblidis-de-tastar-els-seus-famosos-cheesecakes\\\/#breadcrumb\"},\"inLanguage\":\"ca\",\"potentialAction\":[{\"@type\":\"ReadAction\",\"target\":[[\"https:\\\/\\\/poblenouurbandistrict.com\\\/ca\\\/arriba-la-nit-tematica-de-pastrami-a-carrot-cafe-pero-no-toblidis-de-tastar-els-seus-famosos-cheesecakes\\\/\"]]}]},{\"@type\":\"ImageObject\",\"inLanguage\":\"ca\",\"@id\":\"https:\\\/\\\/poblenouurbandistrict.com\\\/ca\\\/arriba-la-nit-tematica-de-pastrami-a-carrot-cafe-pero-no-toblidis-de-tastar-els-seus-famosos-cheesecakes\\\/#primaryimage\",\"url\":\"https:\\\/\\\/media.poblenouurbandistrict.com\\\/2023\\\/03\\\/25060345\\\/dsc-0501-scaled.jpg\",\"contentUrl\":\"https:\\\/\\\/media.poblenouurbandistrict.com\\\/2023\\\/03\\\/25060345\\\/dsc-0501-scaled.jpg\",\"width\":2560,\"height\":2362},{\"@type\":\"BreadcrumbList\",\"@id\":\"https:\\\/\\\/poblenouurbandistrict.com\\\/ca\\\/arriba-la-nit-tematica-de-pastrami-a-carrot-cafe-pero-no-toblidis-de-tastar-els-seus-famosos-cheesecakes\\\/#breadcrumb\",\"itemListElement\":[{\"@type\":\"ListItem\",\"position\":1,\"name\":\"Home\",\"item\":\"https:\\\/\\\/poblenouurbandistrict.com\\\/ca\\\/\"},{\"@type\":\"ListItem\",\"position\":2,\"name\":\"Arriba la nit tem\u00e0tica de pastrami a Carrot Caf\u00e9, per\u00f2 no t&#8217;oblidis de tastar els seus famosos cheesecakes\"}]},{\"@type\":\"WebSite\",\"@id\":\"https:\\\/\\\/poblenouurbandistrict.com\\\/ca\\\/#website\",\"url\":\"https:\\\/\\\/poblenouurbandistrict.com\\\/ca\\\/\",\"name\":\"Poblenou Urban District\",\"description\":\"Comunitat Creativa\",\"potentialAction\":[{\"@type\":\"SearchAction\",\"target\":{\"@type\":\"EntryPoint\",\"urlTemplate\":\"https:\\\/\\\/poblenouurbandistrict.com\\\/ca\\\/?s={search_term_string}\"},\"query-input\":{\"@type\":\"PropertyValueSpecification\",\"valueRequired\":true,\"valueName\":\"search_term_string\"}}],\"inLanguage\":\"ca\"},{\"@type\":\"Person\",\"@id\":\"https:\\\/\\\/poblenouurbandistrict.com\\\/#\\\/schema\\\/person\\\/980a2cf34b399d5218205730acd54a7e\",\"name\":\"pnud\",\"image\":{\"@type\":\"ImageObject\",\"inLanguage\":\"ca\",\"@id\":\"https:\\\/\\\/secure.gravatar.com\\\/avatar\\\/67146597b405ee077a24e519f75c3e2031736596d6ce35af3a34c122c93d0d7b?s=96&d=retro&r=g\",\"url\":\"https:\\\/\\\/secure.gravatar.com\\\/avatar\\\/67146597b405ee077a24e519f75c3e2031736596d6ce35af3a34c122c93d0d7b?s=96&d=retro&r=g\",\"contentUrl\":\"https:\\\/\\\/secure.gravatar.com\\\/avatar\\\/67146597b405ee077a24e519f75c3e2031736596d6ce35af3a34c122c93d0d7b?s=96&d=retro&r=g\",\"caption\":\"pnud\"}}]}<\/script>\n<!-- \/ Yoast SEO plugin. -->","yoast_head_json":{"title":"Arriba la nit tem\u00e0tica de pastrami a Carrot Caf\u00e9, per\u00f2 no t'oblidis de tastar els seus famosos cheesecakes &#8211; Poblenou Urban District","robots":{"index":"index","follow":"follow","max-snippet":"max-snippet:-1","max-image-preview":"max-image-preview:large","max-video-preview":"max-video-preview:-1"},"canonical":"https:\/\/poblenouurbandistrict.com\/ca\/arriba-la-nit-tematica-de-pastrami-a-carrot-cafe-pero-no-toblidis-de-tastar-els-seus-famosos-cheesecakes\/","og_locale":"ca_ES","og_type":"article","og_title":"Arriba la nit tem\u00e0tica de pastrami a Carrot Caf\u00e9, per\u00f2 no t'oblidis de tastar els seus famosos cheesecakes &#8211; Poblenou Urban District","og_description":"Si ets un gran amant de la carn i sobretot dels sandvitxos de pastrami, et recomanem que donis una ullada... M\u00e9s \u2192","og_url":"https:\/\/poblenouurbandistrict.com\/ca\/arriba-la-nit-tematica-de-pastrami-a-carrot-cafe-pero-no-toblidis-de-tastar-els-seus-famosos-cheesecakes\/","og_site_name":"Poblenou Urban District","article_published_time":"2023-03-09T15:40:11+00:00","article_modified_time":"2023-03-09T23:40:41+00:00","og_image":[{"width":2560,"height":2362,"url":"https:\/\/poblenouurbandistrict.com\/wp-content\/uploads\/2023\/03\/dsc-0501-scaled.jpg","type":"image\/jpeg"}],"author":"pnud","twitter_card":"summary_large_image","twitter_misc":{"Escrit per":"pnud","Temps estimat de lectura":"1 minut"},"schema":{"@context":"https:\/\/schema.org","@graph":[{"@type":"Article","@id":"https:\/\/poblenouurbandistrict.com\/arriba-la-nit-tematica-de-pastrami-a-carrot-cafe-pero-no-toblidis-de-tastar-els-seus-famosos-cheesecakes\/#article","isPartOf":{"@id":"https:\/\/poblenouurbandistrict.com\/arriba-la-nit-tematica-de-pastrami-a-carrot-cafe-pero-no-toblidis-de-tastar-els-seus-famosos-cheesecakes\/"},"author":{"name":"pnud","@id":"https:\/\/poblenouurbandistrict.com\/#\/schema\/person\/980a2cf34b399d5218205730acd54a7e"},"headline":"Arriba la nit tem\u00e0tica de pastrami a Carrot Caf\u00e9, per\u00f2 no t&#8217;oblidis de tastar els seus famosos cheesecakes","datePublished":"2023-03-09T15:40:11+00:00","dateModified":"2023-03-09T23:40:41+00:00","mainEntityOfPage":{"@id":"https:\/\/poblenouurbandistrict.com\/arriba-la-nit-tematica-de-pastrami-a-carrot-cafe-pero-no-toblidis-de-tastar-els-seus-famosos-cheesecakes\/"},"wordCount":394,"image":{"@id":"https:\/\/poblenouurbandistrict.com\/arriba-la-nit-tematica-de-pastrami-a-carrot-cafe-pero-no-toblidis-de-tastar-els-seus-famosos-cheesecakes\/#primaryimage"},"thumbnailUrl":"https:\/\/media.poblenouurbandistrict.com\/2023\/03\/25060345\/dsc-0501-scaled.jpg","articleSection":["Espais","Gastronomia"],"inLanguage":"ca"},{"@type":"WebPage","@id":"https:\/\/poblenouurbandistrict.com\/ca\/arriba-la-nit-tematica-de-pastrami-a-carrot-cafe-pero-no-toblidis-de-tastar-els-seus-famosos-cheesecakes\/","url":"https:\/\/poblenouurbandistrict.com\/ca\/arriba-la-nit-tematica-de-pastrami-a-carrot-cafe-pero-no-toblidis-de-tastar-els-seus-famosos-cheesecakes\/","name":"Arriba la nit tem\u00e0tica de pastrami a Carrot Caf\u00e9, per\u00f2 no t'oblidis de tastar els seus famosos cheesecakes &#8211; Poblenou Urban District","isPartOf":{"@id":"https:\/\/poblenouurbandistrict.com\/ca\/#website"},"primaryImageOfPage":{"@id":"https:\/\/poblenouurbandistrict.com\/ca\/arriba-la-nit-tematica-de-pastrami-a-carrot-cafe-pero-no-toblidis-de-tastar-els-seus-famosos-cheesecakes\/#primaryimage"},"image":{"@id":"https:\/\/poblenouurbandistrict.com\/arriba-la-nit-tematica-de-pastrami-a-carrot-cafe-pero-no-toblidis-de-tastar-els-seus-famosos-cheesecakes\/#primaryimage"},"thumbnailUrl":"https:\/\/media.poblenouurbandistrict.com\/2023\/03\/25060345\/dsc-0501-scaled.jpg","datePublished":"2023-03-09T15:40:11+00:00","dateModified":"2023-03-09T23:40:41+00:00","author":{"@id":"https:\/\/poblenouurbandistrict.com\/#\/schema\/person\/980a2cf34b399d5218205730acd54a7e"},"breadcrumb":{"@id":"https:\/\/poblenouurbandistrict.com\/ca\/arriba-la-nit-tematica-de-pastrami-a-carrot-cafe-pero-no-toblidis-de-tastar-els-seus-famosos-cheesecakes\/#breadcrumb"},"inLanguage":"ca","potentialAction":[{"@type":"ReadAction","target":[["https:\/\/poblenouurbandistrict.com\/ca\/arriba-la-nit-tematica-de-pastrami-a-carrot-cafe-pero-no-toblidis-de-tastar-els-seus-famosos-cheesecakes\/"]]}]},{"@type":"ImageObject","inLanguage":"ca","@id":"https:\/\/poblenouurbandistrict.com\/ca\/arriba-la-nit-tematica-de-pastrami-a-carrot-cafe-pero-no-toblidis-de-tastar-els-seus-famosos-cheesecakes\/#primaryimage","url":"https:\/\/media.poblenouurbandistrict.com\/2023\/03\/25060345\/dsc-0501-scaled.jpg","contentUrl":"https:\/\/media.poblenouurbandistrict.com\/2023\/03\/25060345\/dsc-0501-scaled.jpg","width":2560,"height":2362},{"@type":"BreadcrumbList","@id":"https:\/\/poblenouurbandistrict.com\/ca\/arriba-la-nit-tematica-de-pastrami-a-carrot-cafe-pero-no-toblidis-de-tastar-els-seus-famosos-cheesecakes\/#breadcrumb","itemListElement":[{"@type":"ListItem","position":1,"name":"Home","item":"https:\/\/poblenouurbandistrict.com\/ca\/"},{"@type":"ListItem","position":2,"name":"Arriba la nit tem\u00e0tica de pastrami a Carrot Caf\u00e9, per\u00f2 no t&#8217;oblidis de tastar els seus famosos cheesecakes"}]},{"@type":"WebSite","@id":"https:\/\/poblenouurbandistrict.com\/ca\/#website","url":"https:\/\/poblenouurbandistrict.com\/ca\/","name":"Poblenou Urban District","description":"Comunitat Creativa","potentialAction":[{"@type":"SearchAction","target":{"@type":"EntryPoint","urlTemplate":"https:\/\/poblenouurbandistrict.com\/ca\/?s={search_term_string}"},"query-input":{"@type":"PropertyValueSpecification","valueRequired":true,"valueName":"search_term_string"}}],"inLanguage":"ca"},{"@type":"Person","@id":"https:\/\/poblenouurbandistrict.com\/#\/schema\/person\/980a2cf34b399d5218205730acd54a7e","name":"pnud","image":{"@type":"ImageObject","inLanguage":"ca","@id":"https:\/\/secure.gravatar.com\/avatar\/67146597b405ee077a24e519f75c3e2031736596d6ce35af3a34c122c93d0d7b?s=96&d=retro&r=g","url":"https:\/\/secure.gravatar.com\/avatar\/67146597b405ee077a24e519f75c3e2031736596d6ce35af3a34c122c93d0d7b?s=96&d=retro&r=g","contentUrl":"https:\/\/secure.gravatar.com\/avatar\/67146597b405ee077a24e519f75c3e2031736596d6ce35af3a34c122c93d0d7b?s=96&d=retro&r=g","caption":"pnud"}}]}},"_links":{"self":[{"href":"https:\/\/poblenouurbandistrict.com\/ca\/wp-json\/wp\/v2\/posts\/36993","targetHints":{"allow":["GET"]}}],"collection":[{"href":"https:\/\/poblenouurbandistrict.com\/ca\/wp-json\/wp\/v2\/posts"}],"about":[{"href":"https:\/\/poblenouurbandistrict.com\/ca\/wp-json\/wp\/v2\/types\/post"}],"author":[{"embeddable":true,"href":"https:\/\/poblenouurbandistrict.com\/ca\/wp-json\/wp\/v2\/users\/5"}],"replies":[{"embeddable":true,"href":"https:\/\/poblenouurbandistrict.com\/ca\/wp-json\/wp\/v2\/comments?post=36993"}],"version-history":[{"count":7,"href":"https:\/\/poblenouurbandistrict.com\/ca\/wp-json\/wp\/v2\/posts\/36993\/revisions"}],"predecessor-version":[{"id":37120,"href":"https:\/\/poblenouurbandistrict.com\/ca\/wp-json\/wp\/v2\/posts\/36993\/revisions\/37120"}],"wp:featuredmedia":[{"embeddable":true,"href":"https:\/\/poblenouurbandistrict.com\/ca\/wp-json\/wp\/v2\/media\/36995"}],"wp:attachment":[{"href":"https:\/\/poblenouurbandistrict.com\/ca\/wp-json\/wp\/v2\/media?parent=36993"}],"wp:term":[{"taxonomy":"category","embeddable":true,"href":"https:\/\/poblenouurbandistrict.com\/ca\/wp-json\/wp\/v2\/categories?post=36993"},{"taxonomy":"post_tag","embeddable":true,"href":"https:\/\/poblenouurbandistrict.com\/ca\/wp-json\/wp\/v2\/tags?post=36993"}],"curies":[{"name":"wp","href":"https:\/\/api.w.org\/{rel}","templated":true}]}}