{"id":37022,"date":"2023-03-09T17:09:24","date_gmt":"2023-03-09T16:09:24","guid":{"rendered":"https:\/\/poblenouurbandistrict.com\/?p=37022"},"modified":"2023-03-13T17:34:17","modified_gmt":"2023-03-13T16:34:17","slug":"crida-a-tots-els-artistes-per-participar-a-la-8a-edicio-del-windows-art-circuit","status":"publish","type":"post","link":"https:\/\/poblenouurbandistrict.com\/ca\/crida-a-tots-els-artistes-per-participar-a-la-8a-edicio-del-windows-art-circuit\/","title":{"rendered":"Ets muralista, pintor\/a, fot\u00f2graf\/a, escultor\/a o il\u00b7lustrador\/a? Participa en la 8a edici\u00f3 del Windows Art Circuit"},"content":{"rendered":"<p>S&#8217;obre la convocat\u00f2ria de la vuitena edici\u00f3 del <strong>Windows Art Circuit\/WAC<\/strong> que se celebrar\u00e0 aquest mes de maig. Si ets <strong>artista, muralista, pintor\/a, fot\u00f2graf\/a, escultor\/a o il\u00b7lustrador\/a<\/strong> aquesta \u00e9s la teva oportunitat de presentar un projecte a la convocat\u00f2ria del WAC, un circuit que ofereix l&#8217;oportunitat a artistes d&#8217;impulsar i reivindicar la seva feina. Projectes murals, intervencions en vitrines, exposicions col\u00b7lectives i recuperaci\u00f3 d&#8217;espais en des\u00fas s\u00f3n l&#8217;ess\u00e8ncia d&#8217;aquest circuit.<\/p>\n<p>L&#8217;objectiu \u00e9s donar a con\u00e8ixer el treball d&#8217;artistes emergents que treballen en diferents mitjans i apropar aix\u00ed el proc\u00e9s creatiu al p\u00fablic.<\/p>\n<p><strong>La data l\u00edmit per presentar les candidatures finalitza el 30 de mar\u00e7 a les 23.59h<\/strong>. Les propostes seleccionades s&#8217;exhibiran a l&#8217;Open Day, una jornada per descobrir l&#8217;oferta cultural del Districte Creatiu, que aquest any se celebra el 6 de maig.<\/p>\n<p>Si ets artista i tens una idea, no dubtis a participar-hi. Per a la resta, apunteu-vos b\u00e9 la data i veniu a donar suport a la cultura.<\/p>\n<p>Podeu obtenir m\u00e9s informaci\u00f3 a les bases legals <a href=\"https:\/\/poblenouurbandistrict.com\/wp-content\/uploads\/2023\/03\/2023-CONVOCATORIA-WAC.pdf\">2023 CONVOCATORIA WAC<\/a> i inscriure-us al <a href=\"https:\/\/docs.google.com\/forms\/d\/e\/1FAIpQLSdOF38bKz0ydOQ5uYahEKDIBA8GpmiO9ocT6A-gS9QYVZVIfw\/viewform?usp=sf_link\">formulari<\/a>.<\/p>","protected":false},"excerpt":{"rendered":"<p>S&#8217;obre la convocat\u00f2ria de la vuitena edici\u00f3 del Windows Art Circuit\/WAC que se celebrar\u00e0 aquest mes de maig. Si ets&#8230; <a href=\"https:\/\/poblenouurbandistrict.com\/ca\/crida-a-tots-els-artistes-per-participar-a-la-8a-edicio-del-windows-art-circuit\/\">M\u00e9s  \u2192<\/a><\/p>\n","protected":false},"author":5,"featured_media":37079,"comment_status":"closed","ping_status":"closed","sticky":false,"template":"","format":"standard","meta":{"_acf_changed":false,"footnotes":""},"categories":[3558,1],"tags":[],"class_list":["post-37022","post","type-post","status-publish","format-standard","has-post-thumbnail","hentry","category-wac","category-noticias"],"acf":[],"yoast_head":"<!-- This site is optimized with the Yoast SEO plugin v27.5 - https:\/\/yoast.com\/product\/yoast-seo-wordpress\/ -->\n<title>Ets muralista, pintor\/a, fot\u00f2graf\/a, escultor\/a o il\u00b7lustrador\/a? Participa en la 8a edici\u00f3 del Windows Art Circuit &#8211; Poblenou Urban District<\/title>\n<meta name=\"robots\" content=\"index, follow, max-snippet:-1, max-image-preview:large, max-video-preview:-1\" \/>\n<link rel=\"canonical\" href=\"https:\/\/poblenouurbandistrict.com\/ca\/crida-a-tots-els-artistes-per-participar-a-la-8a-edicio-del-windows-art-circuit\/\" \/>\n<meta property=\"og:locale\" content=\"ca_ES\" \/>\n<meta property=\"og:type\" content=\"article\" \/>\n<meta property=\"og:title\" content=\"Ets muralista, pintor\/a, fot\u00f2graf\/a, escultor\/a o il\u00b7lustrador\/a? Participa en la 8a edici\u00f3 del Windows Art Circuit &#8211; Poblenou Urban District\" \/>\n<meta property=\"og:description\" content=\"S&#8217;obre la convocat\u00f2ria de la vuitena edici\u00f3 del Windows Art Circuit\/WAC que se celebrar\u00e0 aquest mes de maig. Si ets... M\u00e9s \u2192\" \/>\n<meta property=\"og:url\" content=\"https:\/\/poblenouurbandistrict.com\/ca\/crida-a-tots-els-artistes-per-participar-a-la-8a-edicio-del-windows-art-circuit\/\" \/>\n<meta property=\"og:site_name\" content=\"Poblenou Urban District\" \/>\n<meta property=\"article:published_time\" content=\"2023-03-09T16:09:24+00:00\" \/>\n<meta property=\"article:modified_time\" content=\"2023-03-13T16:34:17+00:00\" \/>\n<meta property=\"og:image\" content=\"https:\/\/poblenouurbandistrict.com\/wp-content\/uploads\/2023\/03\/captura-de-pantalla-2023-03-09-a-las-174612-1-640x423.png\" \/>\n\t<meta property=\"og:image:width\" content=\"640\" \/>\n\t<meta property=\"og:image:height\" content=\"423\" \/>\n\t<meta property=\"og:image:type\" content=\"image\/png\" \/>\n<meta name=\"author\" content=\"pnud\" \/>\n<meta name=\"twitter:card\" content=\"summary_large_image\" \/>\n<meta name=\"twitter:label1\" content=\"Escrit per\" \/>\n\t<meta name=\"twitter:data1\" content=\"pnud\" \/>\n\t<meta name=\"twitter:label2\" content=\"Temps estimat de lectura\" \/>\n\t<meta name=\"twitter:data2\" content=\"2 minuts\" \/>\n<script type=\"application\/ld+json\" class=\"yoast-schema-graph\">{\"@context\":\"https:\\\/\\\/schema.org\",\"@graph\":[{\"@type\":\"Article\",\"@id\":\"https:\\\/\\\/poblenouurbandistrict.com\\\/crida-a-tots-els-artistes-per-participar-a-la-8a-edicio-del-windows-art-circuit\\\/#article\",\"isPartOf\":{\"@id\":\"https:\\\/\\\/poblenouurbandistrict.com\\\/crida-a-tots-els-artistes-per-participar-a-la-8a-edicio-del-windows-art-circuit\\\/\"},\"author\":{\"name\":\"pnud\",\"@id\":\"https:\\\/\\\/poblenouurbandistrict.com\\\/#\\\/schema\\\/person\\\/980a2cf34b399d5218205730acd54a7e\"},\"headline\":\"Ets muralista, pintor\\\/a, fot\u00f2graf\\\/a, escultor\\\/a o il\u00b7lustrador\\\/a? Participa en la 8a edici\u00f3 del Windows Art Circuit\",\"datePublished\":\"2023-03-09T16:09:24+00:00\",\"dateModified\":\"2023-03-13T16:34:17+00:00\",\"mainEntityOfPage\":{\"@id\":\"https:\\\/\\\/poblenouurbandistrict.com\\\/crida-a-tots-els-artistes-per-participar-a-la-8a-edicio-del-windows-art-circuit\\\/\"},\"wordCount\":443,\"image\":{\"@id\":\"https:\\\/\\\/poblenouurbandistrict.com\\\/crida-a-tots-els-artistes-per-participar-a-la-8a-edicio-del-windows-art-circuit\\\/#primaryimage\"},\"thumbnailUrl\":\"https:\\\/\\\/media.poblenouurbandistrict.com\\\/2023\\\/03\\\/25060600\\\/captura-de-pantalla-2023-03-09-a-las-174612-1.jpg\",\"articleSection\":[\"WAC\",\"Est\u00e0 passant\"],\"inLanguage\":\"ca\"},{\"@type\":\"WebPage\",\"@id\":\"https:\\\/\\\/poblenouurbandistrict.com\\\/ca\\\/crida-a-tots-els-artistes-per-participar-a-la-8a-edicio-del-windows-art-circuit\\\/\",\"url\":\"https:\\\/\\\/poblenouurbandistrict.com\\\/ca\\\/crida-a-tots-els-artistes-per-participar-a-la-8a-edicio-del-windows-art-circuit\\\/\",\"name\":\"Ets muralista, pintor\\\/a, fot\u00f2graf\\\/a, escultor\\\/a o il\u00b7lustrador\\\/a? Participa en la 8a edici\u00f3 del Windows Art Circuit &#8211; Poblenou Urban District\",\"isPartOf\":{\"@id\":\"https:\\\/\\\/poblenouurbandistrict.com\\\/ca\\\/#website\"},\"primaryImageOfPage\":{\"@id\":\"https:\\\/\\\/poblenouurbandistrict.com\\\/ca\\\/crida-a-tots-els-artistes-per-participar-a-la-8a-edicio-del-windows-art-circuit\\\/#primaryimage\"},\"image\":{\"@id\":\"https:\\\/\\\/poblenouurbandistrict.com\\\/crida-a-tots-els-artistes-per-participar-a-la-8a-edicio-del-windows-art-circuit\\\/#primaryimage\"},\"thumbnailUrl\":\"https:\\\/\\\/media.poblenouurbandistrict.com\\\/2023\\\/03\\\/25060600\\\/captura-de-pantalla-2023-03-09-a-las-174612-1.jpg\",\"datePublished\":\"2023-03-09T16:09:24+00:00\",\"dateModified\":\"2023-03-13T16:34:17+00:00\",\"author\":{\"@id\":\"https:\\\/\\\/poblenouurbandistrict.com\\\/#\\\/schema\\\/person\\\/980a2cf34b399d5218205730acd54a7e\"},\"breadcrumb\":{\"@id\":\"https:\\\/\\\/poblenouurbandistrict.com\\\/ca\\\/crida-a-tots-els-artistes-per-participar-a-la-8a-edicio-del-windows-art-circuit\\\/#breadcrumb\"},\"inLanguage\":\"ca\",\"potentialAction\":[{\"@type\":\"ReadAction\",\"target\":[[\"https:\\\/\\\/poblenouurbandistrict.com\\\/ca\\\/crida-a-tots-els-artistes-per-participar-a-la-8a-edicio-del-windows-art-circuit\\\/\"]]}]},{\"@type\":\"ImageObject\",\"inLanguage\":\"ca\",\"@id\":\"https:\\\/\\\/poblenouurbandistrict.com\\\/ca\\\/crida-a-tots-els-artistes-per-participar-a-la-8a-edicio-del-windows-art-circuit\\\/#primaryimage\",\"url\":\"https:\\\/\\\/media.poblenouurbandistrict.com\\\/2023\\\/03\\\/25060600\\\/captura-de-pantalla-2023-03-09-a-las-174612-1.jpg\",\"contentUrl\":\"https:\\\/\\\/media.poblenouurbandistrict.com\\\/2023\\\/03\\\/25060600\\\/captura-de-pantalla-2023-03-09-a-las-174612-1.jpg\",\"width\":2175,\"height\":1439},{\"@type\":\"BreadcrumbList\",\"@id\":\"https:\\\/\\\/poblenouurbandistrict.com\\\/ca\\\/crida-a-tots-els-artistes-per-participar-a-la-8a-edicio-del-windows-art-circuit\\\/#breadcrumb\",\"itemListElement\":[{\"@type\":\"ListItem\",\"position\":1,\"name\":\"Home\",\"item\":\"https:\\\/\\\/poblenouurbandistrict.com\\\/ca\\\/\"},{\"@type\":\"ListItem\",\"position\":2,\"name\":\"Ets muralista, pintor\\\/a, fot\u00f2graf\\\/a, escultor\\\/a o il\u00b7lustrador\\\/a? Participa en la 8a edici\u00f3 del Windows Art Circuit\"}]},{\"@type\":\"WebSite\",\"@id\":\"https:\\\/\\\/poblenouurbandistrict.com\\\/ca\\\/#website\",\"url\":\"https:\\\/\\\/poblenouurbandistrict.com\\\/ca\\\/\",\"name\":\"Poblenou Urban District\",\"description\":\"Comunitat Creativa\",\"potentialAction\":[{\"@type\":\"SearchAction\",\"target\":{\"@type\":\"EntryPoint\",\"urlTemplate\":\"https:\\\/\\\/poblenouurbandistrict.com\\\/ca\\\/?s={search_term_string}\"},\"query-input\":{\"@type\":\"PropertyValueSpecification\",\"valueRequired\":true,\"valueName\":\"search_term_string\"}}],\"inLanguage\":\"ca\"},{\"@type\":\"Person\",\"@id\":\"https:\\\/\\\/poblenouurbandistrict.com\\\/#\\\/schema\\\/person\\\/980a2cf34b399d5218205730acd54a7e\",\"name\":\"pnud\",\"image\":{\"@type\":\"ImageObject\",\"inLanguage\":\"ca\",\"@id\":\"https:\\\/\\\/secure.gravatar.com\\\/avatar\\\/67146597b405ee077a24e519f75c3e2031736596d6ce35af3a34c122c93d0d7b?s=96&d=retro&r=g\",\"url\":\"https:\\\/\\\/secure.gravatar.com\\\/avatar\\\/67146597b405ee077a24e519f75c3e2031736596d6ce35af3a34c122c93d0d7b?s=96&d=retro&r=g\",\"contentUrl\":\"https:\\\/\\\/secure.gravatar.com\\\/avatar\\\/67146597b405ee077a24e519f75c3e2031736596d6ce35af3a34c122c93d0d7b?s=96&d=retro&r=g\",\"caption\":\"pnud\"}}]}<\/script>\n<!-- \/ Yoast SEO plugin. -->","yoast_head_json":{"title":"Ets muralista, pintor\/a, fot\u00f2graf\/a, escultor\/a o il\u00b7lustrador\/a? Participa en la 8a edici\u00f3 del Windows Art Circuit &#8211; Poblenou Urban District","robots":{"index":"index","follow":"follow","max-snippet":"max-snippet:-1","max-image-preview":"max-image-preview:large","max-video-preview":"max-video-preview:-1"},"canonical":"https:\/\/poblenouurbandistrict.com\/ca\/crida-a-tots-els-artistes-per-participar-a-la-8a-edicio-del-windows-art-circuit\/","og_locale":"ca_ES","og_type":"article","og_title":"Ets muralista, pintor\/a, fot\u00f2graf\/a, escultor\/a o il\u00b7lustrador\/a? Participa en la 8a edici\u00f3 del Windows Art Circuit &#8211; Poblenou Urban District","og_description":"S&#8217;obre la convocat\u00f2ria de la vuitena edici\u00f3 del Windows Art Circuit\/WAC que se celebrar\u00e0 aquest mes de maig. Si ets... M\u00e9s \u2192","og_url":"https:\/\/poblenouurbandistrict.com\/ca\/crida-a-tots-els-artistes-per-participar-a-la-8a-edicio-del-windows-art-circuit\/","og_site_name":"Poblenou Urban District","article_published_time":"2023-03-09T16:09:24+00:00","article_modified_time":"2023-03-13T16:34:17+00:00","og_image":[{"width":640,"height":423,"url":"https:\/\/poblenouurbandistrict.com\/wp-content\/uploads\/2023\/03\/captura-de-pantalla-2023-03-09-a-las-174612-1-640x423.png","type":"image\/png"}],"author":"pnud","twitter_card":"summary_large_image","twitter_misc":{"Escrit per":"pnud","Temps estimat de lectura":"2 minuts"},"schema":{"@context":"https:\/\/schema.org","@graph":[{"@type":"Article","@id":"https:\/\/poblenouurbandistrict.com\/crida-a-tots-els-artistes-per-participar-a-la-8a-edicio-del-windows-art-circuit\/#article","isPartOf":{"@id":"https:\/\/poblenouurbandistrict.com\/crida-a-tots-els-artistes-per-participar-a-la-8a-edicio-del-windows-art-circuit\/"},"author":{"name":"pnud","@id":"https:\/\/poblenouurbandistrict.com\/#\/schema\/person\/980a2cf34b399d5218205730acd54a7e"},"headline":"Ets muralista, pintor\/a, fot\u00f2graf\/a, escultor\/a o il\u00b7lustrador\/a? Participa en la 8a edici\u00f3 del Windows Art Circuit","datePublished":"2023-03-09T16:09:24+00:00","dateModified":"2023-03-13T16:34:17+00:00","mainEntityOfPage":{"@id":"https:\/\/poblenouurbandistrict.com\/crida-a-tots-els-artistes-per-participar-a-la-8a-edicio-del-windows-art-circuit\/"},"wordCount":443,"image":{"@id":"https:\/\/poblenouurbandistrict.com\/crida-a-tots-els-artistes-per-participar-a-la-8a-edicio-del-windows-art-circuit\/#primaryimage"},"thumbnailUrl":"https:\/\/media.poblenouurbandistrict.com\/2023\/03\/25060600\/captura-de-pantalla-2023-03-09-a-las-174612-1.jpg","articleSection":["WAC","Est\u00e0 passant"],"inLanguage":"ca"},{"@type":"WebPage","@id":"https:\/\/poblenouurbandistrict.com\/ca\/crida-a-tots-els-artistes-per-participar-a-la-8a-edicio-del-windows-art-circuit\/","url":"https:\/\/poblenouurbandistrict.com\/ca\/crida-a-tots-els-artistes-per-participar-a-la-8a-edicio-del-windows-art-circuit\/","name":"Ets muralista, pintor\/a, fot\u00f2graf\/a, escultor\/a o il\u00b7lustrador\/a? Participa en la 8a edici\u00f3 del Windows Art Circuit &#8211; Poblenou Urban District","isPartOf":{"@id":"https:\/\/poblenouurbandistrict.com\/ca\/#website"},"primaryImageOfPage":{"@id":"https:\/\/poblenouurbandistrict.com\/ca\/crida-a-tots-els-artistes-per-participar-a-la-8a-edicio-del-windows-art-circuit\/#primaryimage"},"image":{"@id":"https:\/\/poblenouurbandistrict.com\/crida-a-tots-els-artistes-per-participar-a-la-8a-edicio-del-windows-art-circuit\/#primaryimage"},"thumbnailUrl":"https:\/\/media.poblenouurbandistrict.com\/2023\/03\/25060600\/captura-de-pantalla-2023-03-09-a-las-174612-1.jpg","datePublished":"2023-03-09T16:09:24+00:00","dateModified":"2023-03-13T16:34:17+00:00","author":{"@id":"https:\/\/poblenouurbandistrict.com\/#\/schema\/person\/980a2cf34b399d5218205730acd54a7e"},"breadcrumb":{"@id":"https:\/\/poblenouurbandistrict.com\/ca\/crida-a-tots-els-artistes-per-participar-a-la-8a-edicio-del-windows-art-circuit\/#breadcrumb"},"inLanguage":"ca","potentialAction":[{"@type":"ReadAction","target":[["https:\/\/poblenouurbandistrict.com\/ca\/crida-a-tots-els-artistes-per-participar-a-la-8a-edicio-del-windows-art-circuit\/"]]}]},{"@type":"ImageObject","inLanguage":"ca","@id":"https:\/\/poblenouurbandistrict.com\/ca\/crida-a-tots-els-artistes-per-participar-a-la-8a-edicio-del-windows-art-circuit\/#primaryimage","url":"https:\/\/media.poblenouurbandistrict.com\/2023\/03\/25060600\/captura-de-pantalla-2023-03-09-a-las-174612-1.jpg","contentUrl":"https:\/\/media.poblenouurbandistrict.com\/2023\/03\/25060600\/captura-de-pantalla-2023-03-09-a-las-174612-1.jpg","width":2175,"height":1439},{"@type":"BreadcrumbList","@id":"https:\/\/poblenouurbandistrict.com\/ca\/crida-a-tots-els-artistes-per-participar-a-la-8a-edicio-del-windows-art-circuit\/#breadcrumb","itemListElement":[{"@type":"ListItem","position":1,"name":"Home","item":"https:\/\/poblenouurbandistrict.com\/ca\/"},{"@type":"ListItem","position":2,"name":"Ets muralista, pintor\/a, fot\u00f2graf\/a, escultor\/a o il\u00b7lustrador\/a? Participa en la 8a edici\u00f3 del Windows Art Circuit"}]},{"@type":"WebSite","@id":"https:\/\/poblenouurbandistrict.com\/ca\/#website","url":"https:\/\/poblenouurbandistrict.com\/ca\/","name":"Poblenou Urban District","description":"Comunitat Creativa","potentialAction":[{"@type":"SearchAction","target":{"@type":"EntryPoint","urlTemplate":"https:\/\/poblenouurbandistrict.com\/ca\/?s={search_term_string}"},"query-input":{"@type":"PropertyValueSpecification","valueRequired":true,"valueName":"search_term_string"}}],"inLanguage":"ca"},{"@type":"Person","@id":"https:\/\/poblenouurbandistrict.com\/#\/schema\/person\/980a2cf34b399d5218205730acd54a7e","name":"pnud","image":{"@type":"ImageObject","inLanguage":"ca","@id":"https:\/\/secure.gravatar.com\/avatar\/67146597b405ee077a24e519f75c3e2031736596d6ce35af3a34c122c93d0d7b?s=96&d=retro&r=g","url":"https:\/\/secure.gravatar.com\/avatar\/67146597b405ee077a24e519f75c3e2031736596d6ce35af3a34c122c93d0d7b?s=96&d=retro&r=g","contentUrl":"https:\/\/secure.gravatar.com\/avatar\/67146597b405ee077a24e519f75c3e2031736596d6ce35af3a34c122c93d0d7b?s=96&d=retro&r=g","caption":"pnud"}}]}},"_links":{"self":[{"href":"https:\/\/poblenouurbandistrict.com\/ca\/wp-json\/wp\/v2\/posts\/37022","targetHints":{"allow":["GET"]}}],"collection":[{"href":"https:\/\/poblenouurbandistrict.com\/ca\/wp-json\/wp\/v2\/posts"}],"about":[{"href":"https:\/\/poblenouurbandistrict.com\/ca\/wp-json\/wp\/v2\/types\/post"}],"author":[{"embeddable":true,"href":"https:\/\/poblenouurbandistrict.com\/ca\/wp-json\/wp\/v2\/users\/5"}],"replies":[{"embeddable":true,"href":"https:\/\/poblenouurbandistrict.com\/ca\/wp-json\/wp\/v2\/comments?post=37022"}],"version-history":[{"count":19,"href":"https:\/\/poblenouurbandistrict.com\/ca\/wp-json\/wp\/v2\/posts\/37022\/revisions"}],"predecessor-version":[{"id":37183,"href":"https:\/\/poblenouurbandistrict.com\/ca\/wp-json\/wp\/v2\/posts\/37022\/revisions\/37183"}],"wp:featuredmedia":[{"embeddable":true,"href":"https:\/\/poblenouurbandistrict.com\/ca\/wp-json\/wp\/v2\/media\/37079"}],"wp:attachment":[{"href":"https:\/\/poblenouurbandistrict.com\/ca\/wp-json\/wp\/v2\/media?parent=37022"}],"wp:term":[{"taxonomy":"category","embeddable":true,"href":"https:\/\/poblenouurbandistrict.com\/ca\/wp-json\/wp\/v2\/categories?post=37022"},{"taxonomy":"post_tag","embeddable":true,"href":"https:\/\/poblenouurbandistrict.com\/ca\/wp-json\/wp\/v2\/tags?post=37022"}],"curies":[{"name":"wp","href":"https:\/\/api.w.org\/{rel}","templated":true}]}}