{"id":37759,"date":"2023-03-30T15:40:35","date_gmt":"2023-03-30T13:40:35","guid":{"rendered":"https:\/\/poblenouurbandistrict.com\/?p=37759"},"modified":"2023-03-30T18:01:35","modified_gmt":"2023-03-30T16:01:35","slug":"deixat-enamorar-per-les-arts-esceniques-amb-les-sales-de-teatre-mes-iconiques-del-poblenou","status":"publish","type":"post","link":"https:\/\/poblenouurbandistrict.com\/ca\/deixat-enamorar-per-les-arts-esceniques-amb-les-sales-de-teatre-mes-iconiques-del-poblenou\/","title":{"rendered":"Deixa&#8217;t enamorar per les arts esc\u00e8niques amb les sales de teatre m\u00e9s ic\u00f2niques del Poblenou"},"content":{"rendered":"<p>Anar al teatre \u00e9s com emprendre un viatge cap all\u00f2 desconegut, una experi\u00e8ncia que mai deixa indiferent, que emociona i que provoca reaccions. Anar al teatre \u00e9s desconnectar de la nostra pr\u00f2pia exist\u00e8ncia durant unes hores i connectar amb altres realitats i sensibilitats.<\/p>\n<p>Amb motiu del passat 27 de mar\u00e7, Dia Mundial del Teatre, us portem la programaci\u00f3 de les quatre sales de teatre que formen part de la comunitat del Poblenou Urban District perqu\u00e8 pugueu gaudir de les arts esc\u00e8niques durant les vacances de Setmana Santa.<\/p>\n<p>&nbsp;<\/p>\n<p><a href=\"https:\/\/www.auditori.cat\/ca\/\"><strong>Auditori de Barcelona<\/strong><\/a><\/p>\n<p>&#8216;Simfonia n\u00fam. 5&#8217; de Beethoven \u00e9s probablement un dels inicis m\u00e9s famosos i amb m\u00e9s for\u00e7a de la hist\u00f2ria de la m\u00fasica cl\u00e0ssica. Aquest cap de setmana, del 31 de mar\u00e7 al 2 d&#8217;abril, podr\u00e0s gaudir de <a href=\"https:\/\/www.auditori.cat\/ca\/esdeveniment\/concert-obc-beethoven-5\/\">Beethoven 5<\/a> amb la interpretaci\u00f3 de l&#8217;Orquestra Simf\u00f2nica de Barcelona i Nacional de Catalunya sota la direcci\u00f3 de Ludovic Morlot. Aquest concert s&#8217;emmarca en el Barcelona Obertura Spring Festival, un festival que promou la m\u00fasica cl\u00e0ssica i la l\u00edrica.<\/p>\n<p>El 2 d&#8217;abril, a les 18 h, tens una cita amb <a href=\"https:\/\/www.auditori.cat\/ca\/esdeveniment\/concert-requiem-rutter-banda-municipal-barcelona\/\">R\u00e8quiem de Rutter<\/a>, un espectacle que combina dues estrenes mundials i l&#8217;estrena nacional de l&#8217;obra m\u00e9s famosa de Rutter de la m\u00e0 de la soprano Carmen Sol\u00eds, Barcelona Clarinet Players, la Coral Cantiga, el Cor Jove Orfe\u00f3 Catal\u00e0 i la Banda Municipal de Barcelona.<\/p>\n<p>A m\u00e9s, fins al 9 d&#8217;abril, el Museu de la M\u00fasica acull l&#8217;exposici\u00f3 temporal <a href=\"https:\/\/www.auditori.cat\/ca\/esdeveniment\/concert-sampler-series-sofia-gubaidulina\/\">&#8216;Sofia Gubaidulina. El piano oblidat&#8217;<\/a>, una reivindicaci\u00f3 de l&#8217;obra per a piano de la compositora russa Sofia Gubaidulina.<\/p>\n<h4 style=\"text-align: center;\">Lepant, 150<\/h4>\n<p>&nbsp;<\/p>\n<p><a href=\"https:\/\/www.casinoalianca.cat\/\"><strong>Casino L\u2019Alian\u00e7a del Poblenou<\/strong><\/a><\/p>\n<p>Icona de l&#8217;espectacle des del 1868. Un referent teatral amb una gran hist\u00f2ria que ha estat testimoni de les transformacions socials, econ\u00f2miques i urban\u00edstiques del Poblenou.<\/p>\n<p>Malauradament, L\u2019Alian\u00e7a no torna amb la seva programaci\u00f3 normal fins despr\u00e9s de Setmana Santa. No obstant aix\u00f2, el dissabte, 15 d&#8217;abril, ofereixen <a href=\"https:\/\/www.casinoalianca.cat\/dissabte-15-dabril-de-2023-a-les-2130-h-gospel-meets-flamenco\/\">Gospel Meets Flamenc<\/a>, un espectacle que experimenta entre dos estils aparentment molt diferents. D&#8217;altra banda, dilluns, 17 d&#8217;abril, continua el <a href=\"https:\/\/www.casinoalianca.cat\/dilluns-17-dabril-de-2023-a-les-1900-h-cobla-sant-jordi-ciutat-de-barcelona-sardanes-de-placa-ii\/\">cicle popular<\/a> de sardanes amb la Cobla Sant Jordi \u2013 Ciutat de Barcelona.<\/p>\n<p>Aquest espai acull cada mes el Cicle Gaud\u00ed, el circuit estable de cinema catal\u00e0 que presenta una producci\u00f3 a diferents sales de projecci\u00f3 de tot el territori. La pel\u00b7l\u00edcula del mes d&#8217;abril \u00e9s &#8216;La Maternal&#8217;.<\/p>\n<h4 style=\"text-align: center;\">Rambla del Poblenou, 42<\/h4>\n<p><a href=\"https:\/\/www.salabeckett.cat\/\"><strong>Sala Beckett<\/strong><\/a><\/p>\n<p>Espai de creaci\u00f3, experimentaci\u00f3 i formaci\u00f3 teatral.<\/p>\n<p>Ara mateix tenen en <a href=\"https:\/\/www.salabeckett.cat\/espectacles\/\">cartellera<\/a> &#8216;Les male\u00efdes&#8217; de Sergio Baos i &#8216;Els Encantats&#8217; de David Plana. Dues produccions que parlen sobre les relacions familiars. &#8216;Les male\u00efdes&#8217; gira al voltant de tres generacions de dones \u2013\u00e0via, mare i neta\u2013 que han estat abandonades. D&#8217;altra banda, &#8216;Els Encantats&#8217; parla d&#8217;una fam\u00edlia trencada i d&#8217;un pare i un fill que emprenen un nou cam\u00ed com a acte de fe.<\/p>\n<p>Aprofita aquesta Setmana Santa per gaudir d&#8217;aquestes dues obres de teatre tan emotives perqu\u00e8 ja estan fent les \u00faltimes funcions. Per\u00f2 no et preocupis, la programaci\u00f3 de Sala Beckett continua.<\/p>\n<h4 style=\"text-align: center;\">Pere IV, 228<\/h4>\n<p><a href=\"https:\/\/www.tnc.cat\/ca\/home\"><strong>Teatre Nacional de Catalunya<\/strong><\/a><\/p>\n<p>Instituci\u00f3 de les arts esc\u00e8niques de tot Catalunya. El teatre de tots i per a tots.<\/p>\n<p>Fins al 16 d&#8217;abril, pots veure <a href=\"https:\/\/www.tnc.cat\/ca\/vent-de-garbi-i-una-mica-de-por\">&#8216;Vent de garb\u00ed i una mica de por&#8217;<\/a> de Maria Aur\u00e8lia Capmany, un dur retrat de la burgesia catalana entre Sitges, Cadaqu\u00e9s i Caldetes. Una producci\u00f3 teatral que transita entre diferents d\u00e8cades del segle XX per reflexionar sobre l&#8217;hermetisme de la burgesia.<\/p>\n<p>T&#8217;avancem que a partir del 13 d&#8217;abril s&#8217;estrena un altre cl\u00e0ssic teatral <a href=\"https:\/\/www.tnc.cat\/ca\/el-temps-i-els-conway\">&#8216;El temps i els Conway&#8217;<\/a>, dirigit per \u00c0ngel Ll\u00e0cer, que explica la hist\u00f2ria d&#8217;una fam\u00edlia adinerada anglesa en el per\u00edode d&#8217;entreguerres.<\/p>\n<p>Finalment, el TNC acaba d&#8217;anunciar que col\u00b7laborar\u00e0 en la creaci\u00f3 del nou Institut de T\u00e8cniques Audiovisuals i de l&#8217;Espectacle de Barcelona per al proper curs 2023-2024. Un nou centre d&#8217;arts esc\u00e8niques que acollir\u00e0 fins a 289 alumnes que es vulguin formar, especialitzar-se de manera reglada i aprendre noves t\u00e8cniques com luminot\u00e8cnia, sonoritzaci\u00f3 per a les arts esc\u00e8niques i maquin\u00e0ria esc\u00e8nica, entre d&#8217;altres.<\/p>\n<h4 style=\"text-align: center;\">Pla\u00e7a de les Arts, 1<\/h4>\n<p><\/p>","protected":false},"excerpt":{"rendered":"<p>Anar al teatre \u00e9s com emprendre un viatge cap all\u00f2 desconegut, una experi\u00e8ncia que mai deixa indiferent, que emociona i&#8230; <a href=\"https:\/\/poblenouurbandistrict.com\/ca\/deixat-enamorar-per-les-arts-esceniques-amb-les-sales-de-teatre-mes-iconiques-del-poblenou\/\">M\u00e9s  \u2192<\/a><\/p>\n","protected":false},"author":5,"featured_media":37763,"comment_status":"closed","ping_status":"closed","sticky":false,"template":"","format":"standard","meta":{"_acf_changed":false,"footnotes":""},"categories":[3560,3363,1],"tags":[],"class_list":["post-37759","post","type-post","status-publish","format-standard","has-post-thumbnail","hentry","category-teatre","category-places","category-noticias"],"acf":[],"yoast_head":"<!-- This site is optimized with the Yoast SEO plugin v27.5 - https:\/\/yoast.com\/product\/yoast-seo-wordpress\/ -->\n<title>Deixa&#039;t enamorar per les arts esc\u00e8niques amb les sales de teatre m\u00e9s ic\u00f2niques del Poblenou &#8211; Poblenou Urban District<\/title>\n<meta name=\"robots\" content=\"index, follow, max-snippet:-1, max-image-preview:large, max-video-preview:-1\" \/>\n<link rel=\"canonical\" href=\"https:\/\/poblenouurbandistrict.com\/ca\/deixat-enamorar-per-les-arts-esceniques-amb-les-sales-de-teatre-mes-iconiques-del-poblenou\/\" \/>\n<meta property=\"og:locale\" content=\"ca_ES\" \/>\n<meta property=\"og:type\" content=\"article\" \/>\n<meta property=\"og:title\" content=\"Deixa&#039;t enamorar per les arts esc\u00e8niques amb les sales de teatre m\u00e9s ic\u00f2niques del Poblenou &#8211; Poblenou Urban District\" \/>\n<meta property=\"og:description\" content=\"Anar al teatre \u00e9s com emprendre un viatge cap all\u00f2 desconegut, una experi\u00e8ncia que mai deixa indiferent, que emociona i... M\u00e9s \u2192\" \/>\n<meta property=\"og:url\" content=\"https:\/\/poblenouurbandistrict.com\/ca\/deixat-enamorar-per-les-arts-esceniques-amb-les-sales-de-teatre-mes-iconiques-del-poblenou\/\" \/>\n<meta property=\"og:site_name\" content=\"Poblenou Urban District\" \/>\n<meta property=\"article:published_time\" content=\"2023-03-30T13:40:35+00:00\" \/>\n<meta property=\"article:modified_time\" content=\"2023-03-30T16:01:35+00:00\" \/>\n<meta property=\"og:image\" content=\"https:\/\/poblenouurbandistrict.com\/wp-content\/uploads\/2023\/03\/captura-de-pantalla-2023-03-30-a-las-112855-e1680184240908-640x266.png\" \/>\n\t<meta property=\"og:image:width\" content=\"640\" \/>\n\t<meta property=\"og:image:height\" content=\"266\" \/>\n\t<meta property=\"og:image:type\" content=\"image\/png\" \/>\n<meta name=\"author\" content=\"pnud\" \/>\n<meta name=\"twitter:card\" content=\"summary_large_image\" \/>\n<meta name=\"twitter:label1\" content=\"Escrit per\" \/>\n\t<meta name=\"twitter:data1\" content=\"pnud\" \/>\n\t<meta name=\"twitter:label2\" content=\"Temps estimat de lectura\" \/>\n\t<meta name=\"twitter:data2\" content=\"4 minuts\" \/>\n<script type=\"application\/ld+json\" class=\"yoast-schema-graph\">{\"@context\":\"https:\\\/\\\/schema.org\",\"@graph\":[{\"@type\":\"Article\",\"@id\":\"https:\\\/\\\/poblenouurbandistrict.com\\\/deixat-enamorar-per-les-arts-esceniques-amb-les-sales-de-teatre-mes-iconiques-del-poblenou\\\/#article\",\"isPartOf\":{\"@id\":\"https:\\\/\\\/poblenouurbandistrict.com\\\/deixat-enamorar-per-les-arts-esceniques-amb-les-sales-de-teatre-mes-iconiques-del-poblenou\\\/\"},\"author\":{\"name\":\"pnud\",\"@id\":\"https:\\\/\\\/poblenouurbandistrict.com\\\/#\\\/schema\\\/person\\\/980a2cf34b399d5218205730acd54a7e\"},\"headline\":\"Deixa&#8217;t enamorar per les arts esc\u00e8niques amb les sales de teatre m\u00e9s ic\u00f2niques del Poblenou\",\"datePublished\":\"2023-03-30T13:40:35+00:00\",\"dateModified\":\"2023-03-30T16:01:35+00:00\",\"mainEntityOfPage\":{\"@id\":\"https:\\\/\\\/poblenouurbandistrict.com\\\/deixat-enamorar-per-les-arts-esceniques-amb-les-sales-de-teatre-mes-iconiques-del-poblenou\\\/\"},\"wordCount\":1507,\"image\":{\"@id\":\"https:\\\/\\\/poblenouurbandistrict.com\\\/deixat-enamorar-per-les-arts-esceniques-amb-les-sales-de-teatre-mes-iconiques-del-poblenou\\\/#primaryimage\"},\"thumbnailUrl\":\"https:\\\/\\\/media.poblenouurbandistrict.com\\\/2023\\\/03\\\/25061102\\\/captura-de-pantalla-2023-03-30-a-las-112855-e1680184240908-scaled.jpg\",\"articleSection\":[\"Teatre\",\"Espais\",\"Est\u00e0 passant\"],\"inLanguage\":\"ca\"},{\"@type\":\"WebPage\",\"@id\":\"https:\\\/\\\/poblenouurbandistrict.com\\\/ca\\\/deixat-enamorar-per-les-arts-esceniques-amb-les-sales-de-teatre-mes-iconiques-del-poblenou\\\/\",\"url\":\"https:\\\/\\\/poblenouurbandistrict.com\\\/ca\\\/deixat-enamorar-per-les-arts-esceniques-amb-les-sales-de-teatre-mes-iconiques-del-poblenou\\\/\",\"name\":\"Deixa't enamorar per les arts esc\u00e8niques amb les sales de teatre m\u00e9s ic\u00f2niques del Poblenou &#8211; Poblenou Urban District\",\"isPartOf\":{\"@id\":\"https:\\\/\\\/poblenouurbandistrict.com\\\/ca\\\/#website\"},\"primaryImageOfPage\":{\"@id\":\"https:\\\/\\\/poblenouurbandistrict.com\\\/ca\\\/deixat-enamorar-per-les-arts-esceniques-amb-les-sales-de-teatre-mes-iconiques-del-poblenou\\\/#primaryimage\"},\"image\":{\"@id\":\"https:\\\/\\\/poblenouurbandistrict.com\\\/deixat-enamorar-per-les-arts-esceniques-amb-les-sales-de-teatre-mes-iconiques-del-poblenou\\\/#primaryimage\"},\"thumbnailUrl\":\"https:\\\/\\\/media.poblenouurbandistrict.com\\\/2023\\\/03\\\/25061102\\\/captura-de-pantalla-2023-03-30-a-las-112855-e1680184240908-scaled.jpg\",\"datePublished\":\"2023-03-30T13:40:35+00:00\",\"dateModified\":\"2023-03-30T16:01:35+00:00\",\"author\":{\"@id\":\"https:\\\/\\\/poblenouurbandistrict.com\\\/#\\\/schema\\\/person\\\/980a2cf34b399d5218205730acd54a7e\"},\"breadcrumb\":{\"@id\":\"https:\\\/\\\/poblenouurbandistrict.com\\\/ca\\\/deixat-enamorar-per-les-arts-esceniques-amb-les-sales-de-teatre-mes-iconiques-del-poblenou\\\/#breadcrumb\"},\"inLanguage\":\"ca\",\"potentialAction\":[{\"@type\":\"ReadAction\",\"target\":[[\"https:\\\/\\\/poblenouurbandistrict.com\\\/ca\\\/deixat-enamorar-per-les-arts-esceniques-amb-les-sales-de-teatre-mes-iconiques-del-poblenou\\\/\"]]}]},{\"@type\":\"ImageObject\",\"inLanguage\":\"ca\",\"@id\":\"https:\\\/\\\/poblenouurbandistrict.com\\\/ca\\\/deixat-enamorar-per-les-arts-esceniques-amb-les-sales-de-teatre-mes-iconiques-del-poblenou\\\/#primaryimage\",\"url\":\"https:\\\/\\\/media.poblenouurbandistrict.com\\\/2023\\\/03\\\/25061102\\\/captura-de-pantalla-2023-03-30-a-las-112855-e1680184240908-scaled.jpg\",\"contentUrl\":\"https:\\\/\\\/media.poblenouurbandistrict.com\\\/2023\\\/03\\\/25061102\\\/captura-de-pantalla-2023-03-30-a-las-112855-e1680184240908-scaled.jpg\",\"width\":2560,\"height\":1062},{\"@type\":\"BreadcrumbList\",\"@id\":\"https:\\\/\\\/poblenouurbandistrict.com\\\/ca\\\/deixat-enamorar-per-les-arts-esceniques-amb-les-sales-de-teatre-mes-iconiques-del-poblenou\\\/#breadcrumb\",\"itemListElement\":[{\"@type\":\"ListItem\",\"position\":1,\"name\":\"Home\",\"item\":\"https:\\\/\\\/poblenouurbandistrict.com\\\/ca\\\/\"},{\"@type\":\"ListItem\",\"position\":2,\"name\":\"Deixa&#8217;t enamorar per les arts esc\u00e8niques amb les sales de teatre m\u00e9s ic\u00f2niques del Poblenou\"}]},{\"@type\":\"WebSite\",\"@id\":\"https:\\\/\\\/poblenouurbandistrict.com\\\/ca\\\/#website\",\"url\":\"https:\\\/\\\/poblenouurbandistrict.com\\\/ca\\\/\",\"name\":\"Poblenou Urban District\",\"description\":\"Comunitat Creativa\",\"potentialAction\":[{\"@type\":\"SearchAction\",\"target\":{\"@type\":\"EntryPoint\",\"urlTemplate\":\"https:\\\/\\\/poblenouurbandistrict.com\\\/ca\\\/?s={search_term_string}\"},\"query-input\":{\"@type\":\"PropertyValueSpecification\",\"valueRequired\":true,\"valueName\":\"search_term_string\"}}],\"inLanguage\":\"ca\"},{\"@type\":\"Person\",\"@id\":\"https:\\\/\\\/poblenouurbandistrict.com\\\/#\\\/schema\\\/person\\\/980a2cf34b399d5218205730acd54a7e\",\"name\":\"pnud\",\"image\":{\"@type\":\"ImageObject\",\"inLanguage\":\"ca\",\"@id\":\"https:\\\/\\\/secure.gravatar.com\\\/avatar\\\/67146597b405ee077a24e519f75c3e2031736596d6ce35af3a34c122c93d0d7b?s=96&d=retro&r=g\",\"url\":\"https:\\\/\\\/secure.gravatar.com\\\/avatar\\\/67146597b405ee077a24e519f75c3e2031736596d6ce35af3a34c122c93d0d7b?s=96&d=retro&r=g\",\"contentUrl\":\"https:\\\/\\\/secure.gravatar.com\\\/avatar\\\/67146597b405ee077a24e519f75c3e2031736596d6ce35af3a34c122c93d0d7b?s=96&d=retro&r=g\",\"caption\":\"pnud\"}}]}<\/script>\n<!-- \/ Yoast SEO plugin. -->","yoast_head_json":{"title":"Deixa't enamorar per les arts esc\u00e8niques amb les sales de teatre m\u00e9s ic\u00f2niques del Poblenou &#8211; Poblenou Urban District","robots":{"index":"index","follow":"follow","max-snippet":"max-snippet:-1","max-image-preview":"max-image-preview:large","max-video-preview":"max-video-preview:-1"},"canonical":"https:\/\/poblenouurbandistrict.com\/ca\/deixat-enamorar-per-les-arts-esceniques-amb-les-sales-de-teatre-mes-iconiques-del-poblenou\/","og_locale":"ca_ES","og_type":"article","og_title":"Deixa't enamorar per les arts esc\u00e8niques amb les sales de teatre m\u00e9s ic\u00f2niques del Poblenou &#8211; Poblenou Urban District","og_description":"Anar al teatre \u00e9s com emprendre un viatge cap all\u00f2 desconegut, una experi\u00e8ncia que mai deixa indiferent, que emociona i... M\u00e9s \u2192","og_url":"https:\/\/poblenouurbandistrict.com\/ca\/deixat-enamorar-per-les-arts-esceniques-amb-les-sales-de-teatre-mes-iconiques-del-poblenou\/","og_site_name":"Poblenou Urban District","article_published_time":"2023-03-30T13:40:35+00:00","article_modified_time":"2023-03-30T16:01:35+00:00","og_image":[{"width":640,"height":266,"url":"https:\/\/poblenouurbandistrict.com\/wp-content\/uploads\/2023\/03\/captura-de-pantalla-2023-03-30-a-las-112855-e1680184240908-640x266.png","type":"image\/png"}],"author":"pnud","twitter_card":"summary_large_image","twitter_misc":{"Escrit per":"pnud","Temps estimat de lectura":"4 minuts"},"schema":{"@context":"https:\/\/schema.org","@graph":[{"@type":"Article","@id":"https:\/\/poblenouurbandistrict.com\/deixat-enamorar-per-les-arts-esceniques-amb-les-sales-de-teatre-mes-iconiques-del-poblenou\/#article","isPartOf":{"@id":"https:\/\/poblenouurbandistrict.com\/deixat-enamorar-per-les-arts-esceniques-amb-les-sales-de-teatre-mes-iconiques-del-poblenou\/"},"author":{"name":"pnud","@id":"https:\/\/poblenouurbandistrict.com\/#\/schema\/person\/980a2cf34b399d5218205730acd54a7e"},"headline":"Deixa&#8217;t enamorar per les arts esc\u00e8niques amb les sales de teatre m\u00e9s ic\u00f2niques del Poblenou","datePublished":"2023-03-30T13:40:35+00:00","dateModified":"2023-03-30T16:01:35+00:00","mainEntityOfPage":{"@id":"https:\/\/poblenouurbandistrict.com\/deixat-enamorar-per-les-arts-esceniques-amb-les-sales-de-teatre-mes-iconiques-del-poblenou\/"},"wordCount":1507,"image":{"@id":"https:\/\/poblenouurbandistrict.com\/deixat-enamorar-per-les-arts-esceniques-amb-les-sales-de-teatre-mes-iconiques-del-poblenou\/#primaryimage"},"thumbnailUrl":"https:\/\/media.poblenouurbandistrict.com\/2023\/03\/25061102\/captura-de-pantalla-2023-03-30-a-las-112855-e1680184240908-scaled.jpg","articleSection":["Teatre","Espais","Est\u00e0 passant"],"inLanguage":"ca"},{"@type":"WebPage","@id":"https:\/\/poblenouurbandistrict.com\/ca\/deixat-enamorar-per-les-arts-esceniques-amb-les-sales-de-teatre-mes-iconiques-del-poblenou\/","url":"https:\/\/poblenouurbandistrict.com\/ca\/deixat-enamorar-per-les-arts-esceniques-amb-les-sales-de-teatre-mes-iconiques-del-poblenou\/","name":"Deixa't enamorar per les arts esc\u00e8niques amb les sales de teatre m\u00e9s ic\u00f2niques del Poblenou &#8211; Poblenou Urban District","isPartOf":{"@id":"https:\/\/poblenouurbandistrict.com\/ca\/#website"},"primaryImageOfPage":{"@id":"https:\/\/poblenouurbandistrict.com\/ca\/deixat-enamorar-per-les-arts-esceniques-amb-les-sales-de-teatre-mes-iconiques-del-poblenou\/#primaryimage"},"image":{"@id":"https:\/\/poblenouurbandistrict.com\/deixat-enamorar-per-les-arts-esceniques-amb-les-sales-de-teatre-mes-iconiques-del-poblenou\/#primaryimage"},"thumbnailUrl":"https:\/\/media.poblenouurbandistrict.com\/2023\/03\/25061102\/captura-de-pantalla-2023-03-30-a-las-112855-e1680184240908-scaled.jpg","datePublished":"2023-03-30T13:40:35+00:00","dateModified":"2023-03-30T16:01:35+00:00","author":{"@id":"https:\/\/poblenouurbandistrict.com\/#\/schema\/person\/980a2cf34b399d5218205730acd54a7e"},"breadcrumb":{"@id":"https:\/\/poblenouurbandistrict.com\/ca\/deixat-enamorar-per-les-arts-esceniques-amb-les-sales-de-teatre-mes-iconiques-del-poblenou\/#breadcrumb"},"inLanguage":"ca","potentialAction":[{"@type":"ReadAction","target":[["https:\/\/poblenouurbandistrict.com\/ca\/deixat-enamorar-per-les-arts-esceniques-amb-les-sales-de-teatre-mes-iconiques-del-poblenou\/"]]}]},{"@type":"ImageObject","inLanguage":"ca","@id":"https:\/\/poblenouurbandistrict.com\/ca\/deixat-enamorar-per-les-arts-esceniques-amb-les-sales-de-teatre-mes-iconiques-del-poblenou\/#primaryimage","url":"https:\/\/media.poblenouurbandistrict.com\/2023\/03\/25061102\/captura-de-pantalla-2023-03-30-a-las-112855-e1680184240908-scaled.jpg","contentUrl":"https:\/\/media.poblenouurbandistrict.com\/2023\/03\/25061102\/captura-de-pantalla-2023-03-30-a-las-112855-e1680184240908-scaled.jpg","width":2560,"height":1062},{"@type":"BreadcrumbList","@id":"https:\/\/poblenouurbandistrict.com\/ca\/deixat-enamorar-per-les-arts-esceniques-amb-les-sales-de-teatre-mes-iconiques-del-poblenou\/#breadcrumb","itemListElement":[{"@type":"ListItem","position":1,"name":"Home","item":"https:\/\/poblenouurbandistrict.com\/ca\/"},{"@type":"ListItem","position":2,"name":"Deixa&#8217;t enamorar per les arts esc\u00e8niques amb les sales de teatre m\u00e9s ic\u00f2niques del Poblenou"}]},{"@type":"WebSite","@id":"https:\/\/poblenouurbandistrict.com\/ca\/#website","url":"https:\/\/poblenouurbandistrict.com\/ca\/","name":"Poblenou Urban District","description":"Comunitat Creativa","potentialAction":[{"@type":"SearchAction","target":{"@type":"EntryPoint","urlTemplate":"https:\/\/poblenouurbandistrict.com\/ca\/?s={search_term_string}"},"query-input":{"@type":"PropertyValueSpecification","valueRequired":true,"valueName":"search_term_string"}}],"inLanguage":"ca"},{"@type":"Person","@id":"https:\/\/poblenouurbandistrict.com\/#\/schema\/person\/980a2cf34b399d5218205730acd54a7e","name":"pnud","image":{"@type":"ImageObject","inLanguage":"ca","@id":"https:\/\/secure.gravatar.com\/avatar\/67146597b405ee077a24e519f75c3e2031736596d6ce35af3a34c122c93d0d7b?s=96&d=retro&r=g","url":"https:\/\/secure.gravatar.com\/avatar\/67146597b405ee077a24e519f75c3e2031736596d6ce35af3a34c122c93d0d7b?s=96&d=retro&r=g","contentUrl":"https:\/\/secure.gravatar.com\/avatar\/67146597b405ee077a24e519f75c3e2031736596d6ce35af3a34c122c93d0d7b?s=96&d=retro&r=g","caption":"pnud"}}]}},"_links":{"self":[{"href":"https:\/\/poblenouurbandistrict.com\/ca\/wp-json\/wp\/v2\/posts\/37759","targetHints":{"allow":["GET"]}}],"collection":[{"href":"https:\/\/poblenouurbandistrict.com\/ca\/wp-json\/wp\/v2\/posts"}],"about":[{"href":"https:\/\/poblenouurbandistrict.com\/ca\/wp-json\/wp\/v2\/types\/post"}],"author":[{"embeddable":true,"href":"https:\/\/poblenouurbandistrict.com\/ca\/wp-json\/wp\/v2\/users\/5"}],"replies":[{"embeddable":true,"href":"https:\/\/poblenouurbandistrict.com\/ca\/wp-json\/wp\/v2\/comments?post=37759"}],"version-history":[{"count":9,"href":"https:\/\/poblenouurbandistrict.com\/ca\/wp-json\/wp\/v2\/posts\/37759\/revisions"}],"predecessor-version":[{"id":37869,"href":"https:\/\/poblenouurbandistrict.com\/ca\/wp-json\/wp\/v2\/posts\/37759\/revisions\/37869"}],"wp:featuredmedia":[{"embeddable":true,"href":"https:\/\/poblenouurbandistrict.com\/ca\/wp-json\/wp\/v2\/media\/37763"}],"wp:attachment":[{"href":"https:\/\/poblenouurbandistrict.com\/ca\/wp-json\/wp\/v2\/media?parent=37759"}],"wp:term":[{"taxonomy":"category","embeddable":true,"href":"https:\/\/poblenouurbandistrict.com\/ca\/wp-json\/wp\/v2\/categories?post=37759"},{"taxonomy":"post_tag","embeddable":true,"href":"https:\/\/poblenouurbandistrict.com\/ca\/wp-json\/wp\/v2\/tags?post=37759"}],"curies":[{"name":"wp","href":"https:\/\/api.w.org\/{rel}","templated":true}]}}