{"id":38286,"date":"2023-04-20T15:58:06","date_gmt":"2023-04-20T13:58:06","guid":{"rendered":"https:\/\/poblenouurbandistrict.com\/?p=38286"},"modified":"2023-04-22T15:29:32","modified_gmt":"2023-04-22T13:29:32","slug":"celebra-la-diada-de-sant-jordi-al-districte-creatiu-de-barcelona","status":"publish","type":"post","link":"https:\/\/poblenouurbandistrict.com\/ca\/celebra-la-diada-de-sant-jordi-al-districte-creatiu-de-barcelona\/","title":{"rendered":"Celebra la diada de Sant Jordi al Districte Creatiu de Barcelona"},"content":{"rendered":"<p>Ja arriba Sant Jordi i els carrers de Barcelona es tornaran a omplir de roses, llibres i molt color. Per a l&#8217;ocasi\u00f3 volem compartir amb vosaltres totes les activitats dels associats del Poblenou Urban District perqu\u00e8 pugueu gaudir d&#8217;una de les millors festivitats de l&#8217;any envoltats de cultura, art i llibres.<\/p>\n<h3><a href=\"https:\/\/www.instagram.com\/artesi172\/\"><b>Artesi<\/b><\/a><\/h3>\n<p>El 23 d&#8217;abril, a les 12 h, no us perdeu la presentaci\u00f3 del llibre \u201cMirar la Mirada llegar al alma\u201d de l&#8217;autor Quim F\u00e1bregas i l&#8217;exposici\u00f3 &#8220;Dotted Souls&#8221; d&#8217;Akshita Monga. Tot aix\u00f2 amb la m\u00fasica en directe del cantautor Ramon Mirabet.<\/p>\n<h4 style=\"text-align: center;\">Pujades, 172 &#8211; local 1<\/h4>\n<h3><\/h3>\n<h3><a href=\"https:\/\/www.baued.es\/estudios\/masters-y-posgrados?utm_feeditemid=&amp;utm_device=c&amp;utm_term=bau%20barcelona&amp;utm_source=google&amp;utm_medium=ppc&amp;utm_campaign=2022+-+BAU+-+MASTERS+-+ESP+-+MARCA+-+B%C3%9ASQUEDA+-+Runroom&amp;hsa_cam=13257956610&amp;hsa_grp=121122227165&amp;hsa_mt=p&amp;hsa_src=g&amp;hsa_ad=524010904984&amp;hsa_acc=7274263232&amp;hsa_net=adwords&amp;hsa_kw=bau%20barcelona&amp;hsa_tgt=kwd-355107613378&amp;hsa_ver=3&amp;gclid=Cj0KCQjwxYOiBhC9ARIsANiEIfbE4MFtn1a8DrG2EvBG9l40ZDHQB11A0Q-4dPxG9tx8uaDb2DBKl4UaAhPrEALw_wcB\"><b>BAU<\/b><\/a><\/h3>\n<p>La biblioteca de la BAU, Centre Universitari d&#8217;Arts i Disseny de Barcelona, es converteix durant uns quants dies en un espai on alumnes, docents i institucions exposen les seves obres i organitzen activitats especials relacionades amb el disseny editorial.<\/p>\n<ul>\n<li>&#8220;Miradas extraterrestres&#8221; sobre la fusi\u00f3 del m\u00f3n artificial, natural i din\u00e0mic per a la creaci\u00f3 de noves criatures.<\/li>\n<li>\u201cSketched Memories\u201d, un llibre autogestionat amb els esborranys de Chamo San, professor del M\u00e0ster en Il\u00b7lustraci\u00f3 Creativa.<\/li>\n<li>Exposici\u00f3 de les noves peces de l&#8217;Editorial Terranova, especialitzada en l&#8217;\u00e0mbit de l&#8217;art i el disseny.<\/li>\n<li>&#8220;La nueva carne&#8221;, una revista en anal\u00f2gic de l&#8217;ag\u00e8ncia creativa Fuego Camina Conmigo.<\/li>\n<\/ul>\n<p>Teniu fins al 28 d&#8217;abril per gaudir de totes aquestes <a href=\"https:\/\/news.baued.es\/index.php\/2023\/04\/12\/un-sant-jordi-con-el-foco-en-el-diseno-editorial\/\">exposicions<\/a>. A m\u00e9s, el divendres, 21 d&#8217;abril, a les 13 h, presenten la nova publicaci\u00f3 de BAU edicions.<\/p>\n<h4 style=\"text-align: center;\">Pujades, 118<\/h4>\n<p>&nbsp;<\/p>\n<h3><a href=\"https:\/\/www.instagram.com\/bridge48studios\/?hl=es\"><b>Bridge 48<\/b><\/a><\/h3>\n<p>Us ve de gust passar un finde envoltat de m\u00fasica en viu, gaudint dels millors Dj&#8217;s internacionals i amb molt <em>show<\/em> al costat del mar? Aleshores no us podeu perdre el<a href=\"https:\/\/dice.fm\/partner\/bridge48\/event\/9xqwd-jazztrnica-festival-22nd-apr-cem-la-mar-bella-barcelona-tickets?dice_channel=outdoors&amp;dice_tags=organic&amp;dice_campaign=Bridge48&amp;dice_feature=marketing&amp;_branch_match_id=977503395563715461&amp;_branch_referrer=H4sIAAAAAAAAA8soKSkottLXz8nMy9ZLyUxO1UvL1XcqykxJTzWx8Eqsqiopys%2FLTE4EABy32usoAAAA\"> Jazztr\u00f2nica Festival<\/a> del 22 al 23 d&#8217;abril. Si voleu gaudir d&#8217;un Sant Jordi una mica m\u00e9s mogut i diferent, deixeu-vos enlluernar per la fusi\u00f3 del jazz i del hip hop de la m\u00e0 dels millors DJ&#8217;s de Bridge 48.<\/p>\n<h4 style=\"text-align: center;\">Avinguda Del Litoral, 86<\/h4>\n<p>&nbsp;<\/p>\n<h3><a href=\"https:\/\/www.casinoalianca.cat\/es\/\"><b>Casino L&#8217;Alian\u00e7a del Poblenou<\/b><\/a><\/h3>\n<p>El mateix dia de Sant Jordi, a les 19 h, podreu gaudir del concert <a href=\"https:\/\/www.casinoalianca.cat\/es\/domingo-23-de-abril-de-2023-a-las-1900-h-orquestra-de-cambra-catalana-miniatures-de-primavera\/\">&#8220;Miniatures de primavera&#8221;<\/a> de l&#8217;Orquestra de Cambra Catalana. El director Xavier Pag\u00e8s Corella ens delectar\u00e0 amb quatre pe<em>\u00e7<\/em>es de diferents m\u00fasics: <span style=\"font-weight: 400;\">\u201cSerenata sobre temes populars suecs\u201d de Max Bruch, \u201cDues miniatures andaluses\u201d de Joaqu\u00edn Rodrigo, \u201cConcert per flauta en re mayor\u201d de K.PH.E. Bach i \u201cCapriol Suite\u201d de Peter Warlock.\u00a0<\/span><\/p>\n<p>Les entrades estan disponibles a la p\u00e0gina web o a la taquilla del teatre de 18 h a 20 h.<\/p>\n<h4 style=\"text-align: center;\">Rambla del Poblenou, 42<\/h4>\n<p>&nbsp;<\/p>\n<h3><a href=\"https:\/\/www.espaigranada.com\/\"><b>Espai Granada<\/b><\/a><\/h3>\n<p>A Espai Granada, els tallers no acaben mai. Aquest dissabte, 22 d&#8217;abril, de 16 h a 18 h, apunta&#8217;t al <a href=\"https:\/\/www.espaigranada.com\/informacion-del-evento\/taller-en-familia-de-tartaletas-de-frutas\">taller en fam\u00edlia<\/a> de galetes de Sant Jordi i cassoletes de fruites. Les places s\u00f3n limitades, reserva ja! A m\u00e9s, el mateix diumenge 23 d&#8217;abril, podreu gaudir d&#8217;un <a href=\"https:\/\/www.espaigranada.com\/informacion-del-evento\/brunch-septimo-cielo-edicion-bbq-14\">brunch<\/a> edici\u00f3 barbacoa.<\/p>\n<h4 style=\"text-align: center;\">Ciutat de Granada, 28B<\/h4>\n<p>&nbsp;<\/p>\n<h3><a href=\"https:\/\/www.instagram.com\/pericopastor\/\"><b>Perico Pastor<\/b><\/a><\/h3>\n<p>L&#8217;artista i escriptor Perico Pastor sempre fa alguna cosa especial a cada Sant Jordi. Acaba d&#8217;inaugurar l&#8217;exposici\u00f3 \u201cNo ho s\u00e9\u2026\u201d a la <a href=\"https:\/\/barnadas.com\/\">Galeria Jordi Barnadas<\/a> on exhibeix tot el seu treball d&#8217;aquests darrers mesos presentant una paret amb 50 quadres originals de roses, una altra amb paisatges de la selva del Per\u00fa inspirats en un dels seus viatges i finalment, una darrera secci\u00f3 on mostrar\u00e0 10 quadres de balladores.<\/p>\n<h4 style=\"text-align: center;\">Consell de Cent, 347<\/h4>\n<p>&nbsp;<\/p>\n<h3><a href=\"https:\/\/www.thesocialhub.co\/es\/\"><b>The Social Hub Hotel<\/b><\/a><\/h3>\n<p>The Social Hub i\u00a0<a href=\"https:\/\/newsandcoffee.eu\/\">News and Coffee<\/a> us conviden a viure una experi\u00e8ncia \u00fanica el dia de Sant Jordi. Al terrat trobareu una instal\u00b7laci\u00f3 feta amb roses dissenyades per Luca Hugo Brucculeri, ephemeral designer, i les revistes de col\u00b7lecci\u00f3 del moment per a aquells que busquen una lectura m\u00e9s lleugera amb contingut detallat i visualment atractiu. Tot aix\u00f2 amenitzat amb m\u00fasica en directe, unes vistes immillorables de Barcelona, i l&#8217;opci\u00f3 de prendre un delici\u00f3s brunch i els Signature c\u00f2ctels del Bar Restaurant.<\/p>\n<h4 style=\"text-align: center;\">Crist\u00f3bal de Moura, 49<\/h4>\n<h3><a href=\"https:\/\/www.bartrikini.com\/\"><strong>Trikini<\/strong><\/a><\/h3>\n<p>Sigui sol o acompanyat, gaudeix de la m\u00fasica en directe de Mariona &amp; Daly al millor bar de bikinis i trikinis de Barcelona. Diumenge, 23 d&#8217;abril, a partir de les 20 h. A falta de roses, bons s\u00f3n els c\u00f2ctels.<\/p>\n<h4 style=\"text-align: center;\">Pujades, 226<\/h4>\n<h3><a href=\"https:\/\/valkiriahubspace.com\/\"><strong>Valkiria<\/strong><\/a><\/h3>\n<p>Intercanvi de llibres? Apropeu-vos fins a Valkiria, deixeu aquells llibres que ja heu llegit perqu\u00e8 altres persones els descobreixin i emporteu-vos noves lectures.<\/p>\n<h4 style=\"text-align: center;\"><strong>Pujades, 126<\/strong><\/h4>\n<p>&nbsp;<\/p>\n<p>A m\u00e9s de les activitats organitzades pels espais associats al Poblenou Urban District, trobareu parades amb roses i llibres a la Rambla del Poblenou, entre els carrers del Cabanyal i la S\u00e8quia i a la pla\u00e7a del Mercat i Font i Sagu\u00e9.<\/p>\n<p>I com a comiat&#8230; des de <a href=\"https:\/\/mirindacompany.com\/\">Mirinda Company<\/a> ens recomanen dos llibres perfectes per a l&#8217;ocasi\u00f3: &#8220;Penediments&#8221; d&#8217;Andrea Mayo i &#8220;Pensamientos de Haru&#8221; de Flavia Company. I vosaltres, quin ens recomanar\u00edeu? Feu-nos-ho saber!<\/p>\n<h2>Bona diada de Sant Jordi!<\/h2>\n<p><\/p>","protected":false},"excerpt":{"rendered":"<p>Ja arriba Sant Jordi i els carrers de Barcelona es tornaran a omplir de roses, llibres i molt color. Per&#8230; <a href=\"https:\/\/poblenouurbandistrict.com\/ca\/celebra-la-diada-de-sant-jordi-al-districte-creatiu-de-barcelona\/\">M\u00e9s  \u2192<\/a><\/p>\n","protected":false},"author":5,"featured_media":38338,"comment_status":"closed","ping_status":"closed","sticky":false,"template":"","format":"standard","meta":{"_acf_changed":false,"footnotes":""},"categories":[3594],"tags":[],"class_list":["post-38286","post","type-post","status-publish","format-standard","has-post-thumbnail","hentry","category-sant-jordi"],"acf":[],"yoast_head":"<!-- This site is optimized with the Yoast SEO plugin v27.5 - https:\/\/yoast.com\/product\/yoast-seo-wordpress\/ -->\n<title>Celebra la diada de Sant Jordi al Districte Creatiu de Barcelona &#8211; Poblenou Urban District<\/title>\n<meta name=\"robots\" content=\"index, follow, max-snippet:-1, max-image-preview:large, max-video-preview:-1\" \/>\n<link rel=\"canonical\" href=\"https:\/\/poblenouurbandistrict.com\/ca\/celebra-la-diada-de-sant-jordi-al-districte-creatiu-de-barcelona\/\" \/>\n<meta property=\"og:locale\" content=\"ca_ES\" \/>\n<meta property=\"og:type\" content=\"article\" \/>\n<meta property=\"og:title\" content=\"Celebra la diada de Sant Jordi al Districte Creatiu de Barcelona &#8211; Poblenou Urban District\" \/>\n<meta property=\"og:description\" content=\"Ja arriba Sant Jordi i els carrers de Barcelona es tornaran a omplir de roses, llibres i molt color. Per... M\u00e9s \u2192\" \/>\n<meta property=\"og:url\" content=\"https:\/\/poblenouurbandistrict.com\/ca\/celebra-la-diada-de-sant-jordi-al-districte-creatiu-de-barcelona\/\" \/>\n<meta property=\"og:site_name\" content=\"Poblenou Urban District\" \/>\n<meta property=\"article:published_time\" content=\"2023-04-20T13:58:06+00:00\" \/>\n<meta property=\"article:modified_time\" content=\"2023-04-22T13:29:32+00:00\" \/>\n<meta property=\"og:image\" content=\"https:\/\/poblenouurbandistrict.com\/wp-content\/uploads\/2023\/04\/captura-de-pantalla-2023-04-20-a-las-131523-640x360.png\" \/>\n\t<meta property=\"og:image:width\" content=\"640\" \/>\n\t<meta property=\"og:image:height\" content=\"360\" \/>\n\t<meta property=\"og:image:type\" content=\"image\/png\" \/>\n<meta name=\"author\" content=\"pnud\" \/>\n<meta name=\"twitter:card\" content=\"summary_large_image\" \/>\n<meta name=\"twitter:label1\" content=\"Escrit per\" \/>\n\t<meta name=\"twitter:data1\" content=\"pnud\" \/>\n\t<meta name=\"twitter:label2\" content=\"Temps estimat de lectura\" \/>\n\t<meta name=\"twitter:data2\" content=\"5 minuts\" \/>\n<script type=\"application\/ld+json\" class=\"yoast-schema-graph\">{\"@context\":\"https:\\\/\\\/schema.org\",\"@graph\":[{\"@type\":\"Article\",\"@id\":\"https:\\\/\\\/poblenouurbandistrict.com\\\/celebra-la-diada-de-sant-jordi-al-districte-creatiu-de-barcelona\\\/#article\",\"isPartOf\":{\"@id\":\"https:\\\/\\\/poblenouurbandistrict.com\\\/celebra-la-diada-de-sant-jordi-al-districte-creatiu-de-barcelona\\\/\"},\"author\":{\"name\":\"pnud\",\"@id\":\"https:\\\/\\\/poblenouurbandistrict.com\\\/#\\\/schema\\\/person\\\/980a2cf34b399d5218205730acd54a7e\"},\"headline\":\"Celebra la diada de Sant Jordi al Districte Creatiu de Barcelona\",\"datePublished\":\"2023-04-20T13:58:06+00:00\",\"dateModified\":\"2023-04-22T13:29:32+00:00\",\"mainEntityOfPage\":{\"@id\":\"https:\\\/\\\/poblenouurbandistrict.com\\\/celebra-la-diada-de-sant-jordi-al-districte-creatiu-de-barcelona\\\/\"},\"wordCount\":1700,\"image\":{\"@id\":\"https:\\\/\\\/poblenouurbandistrict.com\\\/celebra-la-diada-de-sant-jordi-al-districte-creatiu-de-barcelona\\\/#primaryimage\"},\"thumbnailUrl\":\"https:\\\/\\\/media.poblenouurbandistrict.com\\\/2023\\\/04\\\/25061813\\\/captura-de-pantalla-2023-04-20-a-las-131523.jpg\",\"articleSection\":[\"Sant Jordi\"],\"inLanguage\":\"ca\"},{\"@type\":\"WebPage\",\"@id\":\"https:\\\/\\\/poblenouurbandistrict.com\\\/ca\\\/celebra-la-diada-de-sant-jordi-al-districte-creatiu-de-barcelona\\\/\",\"url\":\"https:\\\/\\\/poblenouurbandistrict.com\\\/ca\\\/celebra-la-diada-de-sant-jordi-al-districte-creatiu-de-barcelona\\\/\",\"name\":\"Celebra la diada de Sant Jordi al Districte Creatiu de Barcelona &#8211; Poblenou Urban District\",\"isPartOf\":{\"@id\":\"https:\\\/\\\/poblenouurbandistrict.com\\\/ca\\\/#website\"},\"primaryImageOfPage\":{\"@id\":\"https:\\\/\\\/poblenouurbandistrict.com\\\/ca\\\/celebra-la-diada-de-sant-jordi-al-districte-creatiu-de-barcelona\\\/#primaryimage\"},\"image\":{\"@id\":\"https:\\\/\\\/poblenouurbandistrict.com\\\/celebra-la-diada-de-sant-jordi-al-districte-creatiu-de-barcelona\\\/#primaryimage\"},\"thumbnailUrl\":\"https:\\\/\\\/media.poblenouurbandistrict.com\\\/2023\\\/04\\\/25061813\\\/captura-de-pantalla-2023-04-20-a-las-131523.jpg\",\"datePublished\":\"2023-04-20T13:58:06+00:00\",\"dateModified\":\"2023-04-22T13:29:32+00:00\",\"author\":{\"@id\":\"https:\\\/\\\/poblenouurbandistrict.com\\\/#\\\/schema\\\/person\\\/980a2cf34b399d5218205730acd54a7e\"},\"breadcrumb\":{\"@id\":\"https:\\\/\\\/poblenouurbandistrict.com\\\/ca\\\/celebra-la-diada-de-sant-jordi-al-districte-creatiu-de-barcelona\\\/#breadcrumb\"},\"inLanguage\":\"ca\",\"potentialAction\":[{\"@type\":\"ReadAction\",\"target\":[[\"https:\\\/\\\/poblenouurbandistrict.com\\\/ca\\\/celebra-la-diada-de-sant-jordi-al-districte-creatiu-de-barcelona\\\/\"]]}]},{\"@type\":\"ImageObject\",\"inLanguage\":\"ca\",\"@id\":\"https:\\\/\\\/poblenouurbandistrict.com\\\/ca\\\/celebra-la-diada-de-sant-jordi-al-districte-creatiu-de-barcelona\\\/#primaryimage\",\"url\":\"https:\\\/\\\/media.poblenouurbandistrict.com\\\/2023\\\/04\\\/25061813\\\/captura-de-pantalla-2023-04-20-a-las-131523.jpg\",\"contentUrl\":\"https:\\\/\\\/media.poblenouurbandistrict.com\\\/2023\\\/04\\\/25061813\\\/captura-de-pantalla-2023-04-20-a-las-131523.jpg\",\"width\":1601,\"height\":900},{\"@type\":\"BreadcrumbList\",\"@id\":\"https:\\\/\\\/poblenouurbandistrict.com\\\/ca\\\/celebra-la-diada-de-sant-jordi-al-districte-creatiu-de-barcelona\\\/#breadcrumb\",\"itemListElement\":[{\"@type\":\"ListItem\",\"position\":1,\"name\":\"Home\",\"item\":\"https:\\\/\\\/poblenouurbandistrict.com\\\/ca\\\/\"},{\"@type\":\"ListItem\",\"position\":2,\"name\":\"Celebra la diada de Sant Jordi al Districte Creatiu de Barcelona\"}]},{\"@type\":\"WebSite\",\"@id\":\"https:\\\/\\\/poblenouurbandistrict.com\\\/ca\\\/#website\",\"url\":\"https:\\\/\\\/poblenouurbandistrict.com\\\/ca\\\/\",\"name\":\"Poblenou Urban District\",\"description\":\"Comunitat Creativa\",\"potentialAction\":[{\"@type\":\"SearchAction\",\"target\":{\"@type\":\"EntryPoint\",\"urlTemplate\":\"https:\\\/\\\/poblenouurbandistrict.com\\\/ca\\\/?s={search_term_string}\"},\"query-input\":{\"@type\":\"PropertyValueSpecification\",\"valueRequired\":true,\"valueName\":\"search_term_string\"}}],\"inLanguage\":\"ca\"},{\"@type\":\"Person\",\"@id\":\"https:\\\/\\\/poblenouurbandistrict.com\\\/#\\\/schema\\\/person\\\/980a2cf34b399d5218205730acd54a7e\",\"name\":\"pnud\",\"image\":{\"@type\":\"ImageObject\",\"inLanguage\":\"ca\",\"@id\":\"https:\\\/\\\/secure.gravatar.com\\\/avatar\\\/67146597b405ee077a24e519f75c3e2031736596d6ce35af3a34c122c93d0d7b?s=96&d=retro&r=g\",\"url\":\"https:\\\/\\\/secure.gravatar.com\\\/avatar\\\/67146597b405ee077a24e519f75c3e2031736596d6ce35af3a34c122c93d0d7b?s=96&d=retro&r=g\",\"contentUrl\":\"https:\\\/\\\/secure.gravatar.com\\\/avatar\\\/67146597b405ee077a24e519f75c3e2031736596d6ce35af3a34c122c93d0d7b?s=96&d=retro&r=g\",\"caption\":\"pnud\"}}]}<\/script>\n<!-- \/ Yoast SEO plugin. -->","yoast_head_json":{"title":"Celebra la diada de Sant Jordi al Districte Creatiu de Barcelona &#8211; Poblenou Urban District","robots":{"index":"index","follow":"follow","max-snippet":"max-snippet:-1","max-image-preview":"max-image-preview:large","max-video-preview":"max-video-preview:-1"},"canonical":"https:\/\/poblenouurbandistrict.com\/ca\/celebra-la-diada-de-sant-jordi-al-districte-creatiu-de-barcelona\/","og_locale":"ca_ES","og_type":"article","og_title":"Celebra la diada de Sant Jordi al Districte Creatiu de Barcelona &#8211; Poblenou Urban District","og_description":"Ja arriba Sant Jordi i els carrers de Barcelona es tornaran a omplir de roses, llibres i molt color. Per... M\u00e9s \u2192","og_url":"https:\/\/poblenouurbandistrict.com\/ca\/celebra-la-diada-de-sant-jordi-al-districte-creatiu-de-barcelona\/","og_site_name":"Poblenou Urban District","article_published_time":"2023-04-20T13:58:06+00:00","article_modified_time":"2023-04-22T13:29:32+00:00","og_image":[{"width":640,"height":360,"url":"https:\/\/poblenouurbandistrict.com\/wp-content\/uploads\/2023\/04\/captura-de-pantalla-2023-04-20-a-las-131523-640x360.png","type":"image\/png"}],"author":"pnud","twitter_card":"summary_large_image","twitter_misc":{"Escrit per":"pnud","Temps estimat de lectura":"5 minuts"},"schema":{"@context":"https:\/\/schema.org","@graph":[{"@type":"Article","@id":"https:\/\/poblenouurbandistrict.com\/celebra-la-diada-de-sant-jordi-al-districte-creatiu-de-barcelona\/#article","isPartOf":{"@id":"https:\/\/poblenouurbandistrict.com\/celebra-la-diada-de-sant-jordi-al-districte-creatiu-de-barcelona\/"},"author":{"name":"pnud","@id":"https:\/\/poblenouurbandistrict.com\/#\/schema\/person\/980a2cf34b399d5218205730acd54a7e"},"headline":"Celebra la diada de Sant Jordi al Districte Creatiu de Barcelona","datePublished":"2023-04-20T13:58:06+00:00","dateModified":"2023-04-22T13:29:32+00:00","mainEntityOfPage":{"@id":"https:\/\/poblenouurbandistrict.com\/celebra-la-diada-de-sant-jordi-al-districte-creatiu-de-barcelona\/"},"wordCount":1700,"image":{"@id":"https:\/\/poblenouurbandistrict.com\/celebra-la-diada-de-sant-jordi-al-districte-creatiu-de-barcelona\/#primaryimage"},"thumbnailUrl":"https:\/\/media.poblenouurbandistrict.com\/2023\/04\/25061813\/captura-de-pantalla-2023-04-20-a-las-131523.jpg","articleSection":["Sant Jordi"],"inLanguage":"ca"},{"@type":"WebPage","@id":"https:\/\/poblenouurbandistrict.com\/ca\/celebra-la-diada-de-sant-jordi-al-districte-creatiu-de-barcelona\/","url":"https:\/\/poblenouurbandistrict.com\/ca\/celebra-la-diada-de-sant-jordi-al-districte-creatiu-de-barcelona\/","name":"Celebra la diada de Sant Jordi al Districte Creatiu de Barcelona &#8211; Poblenou Urban District","isPartOf":{"@id":"https:\/\/poblenouurbandistrict.com\/ca\/#website"},"primaryImageOfPage":{"@id":"https:\/\/poblenouurbandistrict.com\/ca\/celebra-la-diada-de-sant-jordi-al-districte-creatiu-de-barcelona\/#primaryimage"},"image":{"@id":"https:\/\/poblenouurbandistrict.com\/celebra-la-diada-de-sant-jordi-al-districte-creatiu-de-barcelona\/#primaryimage"},"thumbnailUrl":"https:\/\/media.poblenouurbandistrict.com\/2023\/04\/25061813\/captura-de-pantalla-2023-04-20-a-las-131523.jpg","datePublished":"2023-04-20T13:58:06+00:00","dateModified":"2023-04-22T13:29:32+00:00","author":{"@id":"https:\/\/poblenouurbandistrict.com\/#\/schema\/person\/980a2cf34b399d5218205730acd54a7e"},"breadcrumb":{"@id":"https:\/\/poblenouurbandistrict.com\/ca\/celebra-la-diada-de-sant-jordi-al-districte-creatiu-de-barcelona\/#breadcrumb"},"inLanguage":"ca","potentialAction":[{"@type":"ReadAction","target":[["https:\/\/poblenouurbandistrict.com\/ca\/celebra-la-diada-de-sant-jordi-al-districte-creatiu-de-barcelona\/"]]}]},{"@type":"ImageObject","inLanguage":"ca","@id":"https:\/\/poblenouurbandistrict.com\/ca\/celebra-la-diada-de-sant-jordi-al-districte-creatiu-de-barcelona\/#primaryimage","url":"https:\/\/media.poblenouurbandistrict.com\/2023\/04\/25061813\/captura-de-pantalla-2023-04-20-a-las-131523.jpg","contentUrl":"https:\/\/media.poblenouurbandistrict.com\/2023\/04\/25061813\/captura-de-pantalla-2023-04-20-a-las-131523.jpg","width":1601,"height":900},{"@type":"BreadcrumbList","@id":"https:\/\/poblenouurbandistrict.com\/ca\/celebra-la-diada-de-sant-jordi-al-districte-creatiu-de-barcelona\/#breadcrumb","itemListElement":[{"@type":"ListItem","position":1,"name":"Home","item":"https:\/\/poblenouurbandistrict.com\/ca\/"},{"@type":"ListItem","position":2,"name":"Celebra la diada de Sant Jordi al Districte Creatiu de Barcelona"}]},{"@type":"WebSite","@id":"https:\/\/poblenouurbandistrict.com\/ca\/#website","url":"https:\/\/poblenouurbandistrict.com\/ca\/","name":"Poblenou Urban District","description":"Comunitat Creativa","potentialAction":[{"@type":"SearchAction","target":{"@type":"EntryPoint","urlTemplate":"https:\/\/poblenouurbandistrict.com\/ca\/?s={search_term_string}"},"query-input":{"@type":"PropertyValueSpecification","valueRequired":true,"valueName":"search_term_string"}}],"inLanguage":"ca"},{"@type":"Person","@id":"https:\/\/poblenouurbandistrict.com\/#\/schema\/person\/980a2cf34b399d5218205730acd54a7e","name":"pnud","image":{"@type":"ImageObject","inLanguage":"ca","@id":"https:\/\/secure.gravatar.com\/avatar\/67146597b405ee077a24e519f75c3e2031736596d6ce35af3a34c122c93d0d7b?s=96&d=retro&r=g","url":"https:\/\/secure.gravatar.com\/avatar\/67146597b405ee077a24e519f75c3e2031736596d6ce35af3a34c122c93d0d7b?s=96&d=retro&r=g","contentUrl":"https:\/\/secure.gravatar.com\/avatar\/67146597b405ee077a24e519f75c3e2031736596d6ce35af3a34c122c93d0d7b?s=96&d=retro&r=g","caption":"pnud"}}]}},"_links":{"self":[{"href":"https:\/\/poblenouurbandistrict.com\/ca\/wp-json\/wp\/v2\/posts\/38286","targetHints":{"allow":["GET"]}}],"collection":[{"href":"https:\/\/poblenouurbandistrict.com\/ca\/wp-json\/wp\/v2\/posts"}],"about":[{"href":"https:\/\/poblenouurbandistrict.com\/ca\/wp-json\/wp\/v2\/types\/post"}],"author":[{"embeddable":true,"href":"https:\/\/poblenouurbandistrict.com\/ca\/wp-json\/wp\/v2\/users\/5"}],"replies":[{"embeddable":true,"href":"https:\/\/poblenouurbandistrict.com\/ca\/wp-json\/wp\/v2\/comments?post=38286"}],"version-history":[{"count":27,"href":"https:\/\/poblenouurbandistrict.com\/ca\/wp-json\/wp\/v2\/posts\/38286\/revisions"}],"predecessor-version":[{"id":38447,"href":"https:\/\/poblenouurbandistrict.com\/ca\/wp-json\/wp\/v2\/posts\/38286\/revisions\/38447"}],"wp:featuredmedia":[{"embeddable":true,"href":"https:\/\/poblenouurbandistrict.com\/ca\/wp-json\/wp\/v2\/media\/38338"}],"wp:attachment":[{"href":"https:\/\/poblenouurbandistrict.com\/ca\/wp-json\/wp\/v2\/media?parent=38286"}],"wp:term":[{"taxonomy":"category","embeddable":true,"href":"https:\/\/poblenouurbandistrict.com\/ca\/wp-json\/wp\/v2\/categories?post=38286"},{"taxonomy":"post_tag","embeddable":true,"href":"https:\/\/poblenouurbandistrict.com\/ca\/wp-json\/wp\/v2\/tags?post=38286"}],"curies":[{"name":"wp","href":"https:\/\/api.w.org\/{rel}","templated":true}]}}