{"id":38585,"date":"2023-05-05T14:00:22","date_gmt":"2023-05-05T12:00:22","guid":{"rendered":"https:\/\/poblenouurbandistrict.com\/?p=38585"},"modified":"2023-05-05T23:28:25","modified_gmt":"2023-05-05T21:28:25","slug":"coneix-els-artistes-i-les-ubicacions-de-la-8a-edicio-del-windows-art-circuit-wac-1","status":"publish","type":"post","link":"https:\/\/poblenouurbandistrict.com\/ca\/coneix-els-artistes-i-les-ubicacions-de-la-8a-edicio-del-windows-art-circuit-wac-1\/","title":{"rendered":"Coneix els artistes de la 8a edici\u00f3 del Windows Art Circuit \/ WAC"},"content":{"rendered":"<p>Us presentem a tots els artistes que participen en la 8a edici\u00f3 del <a href=\"https:\/\/poblenouurbandistrict.com\/ca\/windows-art-circuit\/\">Windows Art Circuit \/ WAC<\/a>, un circuit que permet al p\u00fablic experimentar en directe el proc\u00e9s complet de creaci\u00f3 de l\u2019art mural sobre suports no convencionals, reclamant els carrers i recuperant els espais en des\u00fas com a \u00e0rees d\u2019alt valor cultural.<\/p>\n<p>En aquesta edici\u00f3 podreu gaudir d\u2019una quarantena d\u2019artistes especialment seleccionats que treballen diferents disciplines com la fotografia, la il\u00b7lustraci\u00f3, la pintura i l\u2019art mural.<\/p>\n<p>Consulta les seves localitzacions <a href=\"https:\/\/poblenouurbandistrict.com\/ca\/windows-art-circuit\/\">aqu\u00ed<\/a>.<\/p>\n<h3><span style=\"color: #333333;\"><a style=\"color: #333333;\" href=\"https:\/\/www.instagram.com\/abbpainting\/\">Alessandra B-B<\/a><\/span><\/h3>\n<p>Nascuda a Bielor\u00fassia, Alessandra va comen\u00e7ar la seva traject\u00f2ria art\u00edstica a una escola d&#8217;art. Va treballar com a dissenyadora de moda, per\u00f2, tamb\u00e9 es va dedicar a treballar amb pintura a l&#8217;oli. Mentre dissenyava la roba va descobrir que moltes dones no accepten el seu cos i els canvis naturals que s&#8217;hi produeixen. La societat en conjunt ens imposa un gran nombre d&#8217;estereotips i ens obliga a complir \u201cl&#8217;est\u00e0ndard de bellesa\u201d. Aquests pensaments fan que Alessandra deixi el disseny de moda i es dediqui completament a l&#8217;art.<\/p>\n<h3><a href=\"https:\/\/www.instagram.com\/alessiainart\/\"><strong>Alessiainart<\/strong><\/a><\/h3>\n<p>Alessiainart \u00e9s artista visual i muralista xilena. Les seves obres pretenen jugar amb la percepci\u00f3 de l&#8217;espectador mitjan\u00e7ant elements geom\u00e8trics i transicions de color.<\/p>\n<h3><a href=\"https:\/\/www.instagram.com\/aleix_font_arroyo\/\">Aleix Font Arroyo a.k.a Rata Con Corbata\u00a0<\/a><\/h3>\n<p>Aleix Font Arroyo, m\u00e9s conegut com Rata Con Corbata, \u00e9s un artista de Sabadell llicenciat en Belles Arts que a m\u00e9s de treballar en projectes creatius personals, acompanya adolescents en el proc\u00e9s d&#8217;experimentaci\u00f3 pl\u00e0stica.<\/p>\n<h3><a href=\"https:\/\/www.instagram.com\/asispercales\/\"><strong>Asis Percales<\/strong><\/a><\/h3>\n<p>Nascut a Granada, actualment viu a Barcelona. Al llarg de la seva vida ha compaginat les seves dues passions, el dibuix i la natura, donant origen a un estil propi. A la seva obra s&#8217;entremesclen personatges i criatures, els quals apareixen representats entre la lletjor i la bellesa.<\/p>\n<h3><strong>Cane\u00a0<\/strong><\/h3>\n<p>Riccardo Nannini a.k.a. Cane es va formar a Mil\u00e0 en el camp del disseny i la moda. Les seves obres reflecteixen les contradiccions del nostre present a trav\u00e9s de situacions que l&#8217;artista observa al seu voltant i en qu\u00e8, sovint, un detall aparentment innocu ens transporta del que \u00e9s quotidi\u00e0 a all\u00f2 excepcional i absurd.<\/p>\n<h3><a href=\"https:\/\/www.instagram.com\/creto.ums\/\">Creto<\/a><\/h3>\n<p>Creto \u00e9s un artista urb\u00e0 originari de Bogot\u00e0, Col\u00f2mbia, nascut l&#8217;any 1988. Va estudiar Disseny Gr\u00e0fic a la seva ciutat natal, on va comen\u00e7ar a pintar els seus primers murals al costat del col\u00b7lectiu UMS Crew, abans de traslladar-se a Madrid per continuar amb el seu projecte personal de muralisme.<\/p>\n<h3><span style=\"color: #333333;\"><a style=\"color: #333333;\" href=\"https:\/\/www.instagram.com\/daanajey\/\">Dana Jey<\/a><\/span><\/h3>\n<p>Dana Diesendorf \u00e9s una artista alemanya amb arrels a Let\u00f2nia. Estudia Belles Arts a la Universitat de Barcelona, i planeja quedar-se aqu\u00ed despr\u00e9s dels seus estudis i continuar desenvolupant la seva carrera com a artista. Va fer la seva primera exposici\u00f3 grupal l&#8217;estiu passat i al juny presentar\u00e0 una col\u00b7laboraci\u00f3 amb un altre artista.<\/p>\n<h3><span style=\"color: #333333;\"><a style=\"color: #333333;\" href=\"https:\/\/www.instagram.com\/osokina.tattoo\/\">Daria Osokina<\/a><\/span><\/h3>\n<p>Fa set anys que treballa com a tatuadora. Construeix obres de cart\u00f3 i utilitza materials d&#8217;embolcall de les botigues on solia comprar. Li encanten els gr\u00e0fics, les l\u00ednies abstractes com a mapes de profunditat, i les enormes flors c\u00f2smiques. La seva idea \u00e9s que la natura s&#8217;integri al m\u00f3n modern, de vegades a trav\u00e9s d&#8217;imatges a la ciutat o de material reciclat.<\/p>\n<h3><a href=\"https:\/\/www.instagram.com\/dominiart\/\">Domini<\/a><\/h3>\n<p>Pablo de Dominicis, conegut com a Domini, \u00e9s un artista nascut a Vene\u00e7uela que busca donar-ne una sensaci\u00f3 de profunditat a trav\u00e9s de figures geom\u00e8triques abstractes.<\/p>\n<h3><a href=\"https:\/\/www.instagram.com\/eldiosdelostres\/\">El Dios de los Tres\u00a0<\/a><\/h3>\n<p>Javier Navarro Romero, conegut com El Dios de los Tres, va n\u00e9ixer a Almeria i \u00e9s artista, il\u00b7lustrador i creatiu. Ara viu entre Madrid i Barcelona, encara que no t\u00e9 por de moure&#8217;s a qualsevol altre dest\u00ed que suposi nous desafiaments art\u00edstics i nous projectes professionals.<\/p>\n<h3><span style=\"color: #333333;\"><a style=\"color: #333333;\" href=\"https:\/\/www.instagram.com\/emma.ll.palacio\/\">Emma Ll. Palacio<\/a><\/span><\/h3>\n<p>Emma Llorente Palacio neix a Barcelona i s&#8217;inicia a l&#8217;art de la cer\u00e0mica en una exploraci\u00f3 autodidacta, que amplia altres t\u00e8cniques i materials. El fang, la fusta, la fabricaci\u00f3 digital, el dibuix, la cera o el metall articulen un univers de possibilitats unides per una sensibilitat comuna. La seva aposta resideix en la investigaci\u00f3 material com a espai de transformaci\u00f3 i comprensi\u00f3 dels nostres cossos f\u00edsics, ps\u00edquics i emocionals en relaci\u00f3 amb un cos col\u00b7lectiu que ens uneix i ens conforma.<\/p>\n<h3><span style=\"color: #333333;\"><a style=\"color: #333333;\" href=\"https:\/\/www.instagram.com\/eva___alonso\/\">Eva Alonso<\/a><\/span><\/h3>\n<p>\u201cPerqu\u00e8 \u00e9s un plaer representar els instints m\u00e9s baixos amagats en les seves contradiccions, ingenu\u00eftat, religi\u00f3 i viol\u00e8ncia\u201d amb aquesta frase Eva Alonso presenta el seu treball. Un exercici que transforma el dibuix i la pintura en una acci\u00f3 r\u00e0pida, gaireb\u00e9 fren\u00e8tica, que pret\u00e9n atrapar l&#8217;energia tensa dels personatges i materialitzar el seu somriure estirat.<\/p>\n<h3><span style=\"color: #333333;\"><a style=\"color: #333333;\" href=\"https:\/\/www.instagram.com\/evamik_\/\">Evamik<\/a><\/span><\/h3>\n<p>Eva Michalcakova va obtenir la seva llicenciatura en Belles Arts a la Universitat de Barcelona, on es va especialitzar en Pintura. Compte tamb\u00e9 amb un Diploma de t\u00e8cnica superior d&#8217;arts aplicades al mur.<\/p>\n<h3><span style=\"color: #333333;\"><a style=\"color: #333333;\" href=\"https:\/\/www.instagram.com\/fernandoloyol\/\">Fernando Loyola<\/a><\/span><\/h3>\n<p>Fernando \u00e9s argent\u00ed i pinta des que \u00e9s petit. Ent\u00e9n la pintura com a mitj\u00e0 per canviar el m\u00f3n, i veu la bellesa com el pont entre el m\u00f3n sense forma i amb forma. La bellesa com a manifestaci\u00f3 necess\u00e0ria de les idees creatives per impactar veritablement l&#8217;esperit i els cors de les persones.<\/p>\n<h3><span style=\"color: #333333;\"><a style=\"color: #333333;\" href=\"https:\/\/www.instagram.com\/freisari\/\">Freisari<\/a><\/span><\/h3>\n<p>L&#8217;artista Emanuela Frisari va n\u00e9ixer a It\u00e0lia i veu la interdisciplinarietat com a motor creatiu d&#8217;experi\u00e8ncies \u00edntimes amb col\u00b7lectiu potencial. Actualment cursa un m\u00e0ster en Cultura Digital i Mitjans Emergents a la Universitat Pompeu Fabra, centrat en l&#8217;estudi de les narratives digitals, les plataformes emergents i les experi\u00e8ncies virtuals relacionades a l&#8217;entorn museogr\u00e0fic i art\u00edstic. Constantment buscant activitats que fomentin la imaginaci\u00f3 i l&#8217;expressi\u00f3 art\u00edstica, es dedica a la dansa contempor\u00e0nia i al teatre.<\/p>\n<h3><span style=\"color: #333333;\"><a style=\"color: #333333;\" href=\"https:\/\/www.instagram.com\/gabodraws\/\">GABO<\/a><\/span><\/h3>\n<p>Artista multidisciplinari nascut a Tijuana amb resid\u00e8ncia a Barcelona. Llicenciat en disseny gr\u00e0fic per la Universitat La Salle a M\u00e8xic i titulat amb el diploma d&#8217;Il\u00b7lustraci\u00f3 Creativa a EINA. \u00c9s h\u00e0bil en diferents branques t\u00e8cniques i creatives que l&#8217;han ajudat a desenvolupar un estil vers\u00e0til, barrejant diferents mitjans manuals i digitals.<\/p>\n<h3><a href=\"https:\/\/www.instagram.com\/geco.gec0\/\">Geco<\/a><\/h3>\n<p>Geco \u00e9s un il\u00b7lustrador, animador i dissenyador de personatges, fundador de Wide Frame Studio, un estudi d&#8217;animaci\u00f3 centrat en l&#8217;entreteniment infantil. La seva passi\u00f3 per l&#8217;animaci\u00f3 li ha donat l&#8217;oportunitat de poder treballar per a clients internacionals com Nickelodeon, France TV, Javier Mariscal, TVE i TV3, entre d&#8217;altres.<\/p>\n<h3><span style=\"color: #333333;\"><a style=\"color: #333333;\" href=\"https:\/\/www.instagram.com\/lepetitmutant\/\">Le Petit Mutant<\/a><\/span><\/h3>\n<p>Es presenta com a pr\u00edncep del seu univers, dissenyador i il\u00b7lustrador. Amateur, somiador i mutant per convenciment, fa feines per a clients, amics i per diversi\u00f3.<\/p>\n<h3><a href=\"https:\/\/www.instagram.com\/lisalisabcn\/\"><strong>Lisa Rubin<\/strong><\/a><\/h3>\n<p>Lisa Rubin \u00e9s una artista hispanoamericana que actualment resideix a Barcelona. La seva pr\u00e0ctica art\u00edstica inclou obres de t\u00e8cnica mixta sobre llen\u00e7, instal\u00b7lacions de pis i intervencions en entorns urbans i rurals. El treball de Lisa est\u00e0 impulsat per moltes de les grans preguntes sense resposta, com la connexi\u00f3 ment-cos o els or\u00edgens de la vida mateixa.<\/p>\n<h3><span style=\"color: #333333;\"><a style=\"color: #333333;\" href=\"https:\/\/www.instagram.com\/lulari.design\/\">LULARI<\/a><\/span><\/h3>\n<p>Cal mirar el m\u00f3n amb ulls de sorpresa. Aix\u00f2 li va permetre a l&#8217;artista Luisa Maria Rios Gardea, arquitecta i il\u00b7lustradora mexicana, m\u00e9s coneguda com a LULARI, endinsar-se en la il\u00b7lustraci\u00f3 quan va aterrar a Barcelona. La seva obra gr\u00e0fica juga amb el pas del temps, el minimalisme i l&#8217;eleg\u00e0ncia, aconseguint un estil propi. Li agrada experimentar amb les capes, el collage i el buit.<\/p>\n<h3><span style=\"color: #333333;\"><a style=\"color: #333333;\" href=\"https:\/\/www.instagram.com\/malpegados\/\">Malpegados<\/a><\/span><\/h3>\n<p>Malpegados va n\u00e9ixer a Xile i despr\u00e9s d&#8217;estudiar direcci\u00f3 d&#8217;art comen\u00e7a a fer els primers murals. El 2015 es muda a Par\u00eds on treballa com a director art\u00edstic i comen\u00e7a els seus primers projectes a Europa. Des del 2017 es troba a Barcelona.<\/p>\n<h3><span style=\"color: #333333;\"><a style=\"color: #333333;\" href=\"https:\/\/www.instagram.com\/marcospeinadoart\/\">Marcos Peinado<\/a><\/span><\/h3>\n<p>Marcos Peinado va n\u00e9ixer a Barcelona el 1976 on va residir, treballar i t\u00e9 el seu estudi al barri del Poblenou. A finals dels noranta va cursar la carrera de Belles Arts a la Universitat de Barcelona especialitzant-se en disseny i pintura. Des d&#8217;aleshores, en el seu dia a dia, combina ambd\u00f3s vessants a nivell laboral i art\u00edstic.<\/p>\n<h3><a href=\"https:\/\/www.instagram.com\/margalef.co\/\">Margalef<\/a><\/h3>\n<p>Les intervencions que fa Margalef habitualment es basen en un estudi del context d&#8217;aquesta arquitectura: context hist\u00f2ric, social, interacci\u00f3 amb el seu habitant. Aquests conceptes se sintetitzen i es tradueixen en un llenguatge gr\u00e0ficament abstracte, buscant ampliar els l\u00edmits de l&#8217;espai.<\/p>\n<h3><a href=\"https:\/\/www.instagram.com\/noquedatinte\/\">Marina Salazar a.k.a No Queda Tinte\u00a0<\/a><\/h3>\n<p>Marina Salazar, artista, dissenyadora, doctoranda i fundadora de No Queda Tinte. Compagina el seu estudi i taller amb la doc\u00e8ncia en grau i m\u00e0sters a la Universitat Bau d&#8217;Arts i Disseny de Barcelona. Una activista de la reutilitzaci\u00f3 dels objectes, que uneix la iconografia, la cr\u00edtica, la consci\u00e8ncia social i l&#8217;humor a cadascuna de les seves obres.<\/p>\n<h3><span style=\"color: #333333;\"><a style=\"color: #333333;\" href=\"https:\/\/www.instagram.com\/marzia.mz\/\">MARZIA.MZ<\/a><\/span><\/h3>\n<p>Marzia va n\u00e9ixer a Milan i viu a Barcelona des de fa m\u00e9s de 10 anys. Apassionada per la il\u00b7lustraci\u00f3 i el disseny gr\u00e0fic, li agrada punxar m\u00fasica dels anys 90 i techno, est\u00e0 aprenent a tatuar i t\u00e9 un petit gosset que es diu MR. PINK. S\u00ed, com l&#8217;oncle de Reservoir Dogs!<\/p>\n<h3><span style=\"color: #333333;\"><a style=\"color: #333333;\" href=\"https:\/\/www.instagram.com\/muchacha_pinta\/?hl=es\">Muchacha Pinta<\/a><\/span><\/h3>\n<p>Muchacha pinta, dissenya o canta a la dutxa, per\u00f2 de professi\u00f3 \u00e9s dissenyadora gr\u00e0fica. Barcelonina i curiosa de tot all\u00f2 que porti com a cognom &#8220;creativitat&#8221;. Tot i haver treballat sempre al camp del disseny actualment est\u00e0 buscant la comuni\u00f3 perfecta entre aquesta disciplina i la il\u00b7lustraci\u00f3. Deixant de base la fascinaci\u00f3 pel color i la pintura, per defecte de f\u00e0brica, a les seves obres sempre hi ha un toc gr\u00e0fic, d&#8217;humor i d&#8217;amor.<\/p>\n<h3><span style=\"color: #333333;\"><a style=\"color: #333333;\" href=\"https:\/\/www.instagram.com\/watercolor_by_mykola\/?hl=en\">Mykola<\/a><\/span><\/h3>\n<p>Mykola Kornilov \u00e9s un artista ucra\u00efn\u00e8s resident a Espanya. El seu m\u00e8tode art\u00edstic \u00e9s una cerca constant. Treballa amb diverses manifestacions de les arts visuals, utilitzant l&#8217;experi\u00e8ncia adquirida per complementar i enriquir cadascuna. El seu treball inclou pintura, il\u00b7lustraci\u00f3, disseny d&#8217;exposicions i interiors, arquitectura, fotografia, art digital i projectes de recerca.<\/p>\n<h3><span style=\"color: #333333;\"><a style=\"color: #333333;\" href=\"https:\/\/www.instagram.com\/plain.jein\/\">Plain Jein<\/a><\/span><\/h3>\n<p>Meri \u00e9s una il\u00b7lustradora, muralista i dissenyadora nascuda a Barcelona. Durant els darrers nou anys ha estat escriptora de graffiti, per\u00f2 recentment s&#8217;ha enfocat m\u00e9s en l&#8217;art mural i en les seves il\u00b7lustracions al mur. Li agrada plasmar i donar veu a temes reivindicatius, amb un toc d&#8217;humor, que cre\u00efn incomoditat per a alguns, per\u00f2 altres s&#8217;hi veuran identificats.<\/p>\n<h3><span style=\"color: #333333;\"><a style=\"color: #333333;\" href=\"https:\/\/www.instagram.com\/pol_pinto\/\">Pol Pint\u00f3<\/a><\/span><\/h3>\n<p>Pol Pint\u00f3 va n\u00e9ixer a Barcelona el 1993, on viu actualment. Va estudiar Art i Disseny al Centre Universitari EINA i va participar a la TSS (Londres) el 2019. Actualment es troba en resid\u00e8ncia al Centre d&#8217;Art Contemporani Piramid\u00f3n. La seva feina ha estat reconeguda pels Premis Laus, l&#8217;Escola de Disseny de Catalunya i Arts-FAD, entre d&#8217;altres.<\/p>\n<h3><a href=\"https:\/\/www.instagram.com\/ramon_paris_ilustrador\/\"><strong>Ram\u00f3n Paris<\/strong><\/a><strong> &amp; <a href=\"https:\/\/www.instagram.com\/esirmaborges\/\">Irma Borges<\/a><\/strong><\/h3>\n<p>Ram\u00f3n Paris \u00e9s il\u00b7lustrador i animador i part del seu treball est\u00e0 dedicat a la realitzaci\u00f3 de llibres \u00e0lbum per a literatura infantil. Irma Borges \u00e9s narradora i escriptora autora de &#8220;La falda morada de Leo&#8221;.<\/p>\n<h3><span style=\"color: #333333;\"><a style=\"color: #333333;\" href=\"http:\/\/www.instagram.com\/holasejal\">Sejal Parekh<\/a><\/span><\/h3>\n<p>Sejal Parekh \u00e9s una artista emergent i multidisciplin\u00e0ria que viu entre Barcelona i Londres. La seva pr\u00e0ctica es basa en l&#8217;escultura, fent intervencions i instal\u00b7lacions espec\u00edfiques de lloc a gran escala, que inclouen treballs audiovisuals i sonors. Graduada en Belles Arts per la Winchester School of Art del Regne Unit, ha estat artista resident a Tangent Projects des de l&#8217;any 2020.<\/p>\n<h3><a href=\"https:\/\/www.instagram.com\/art.silviabardani\/\"><span style=\"color: #333333;\">Silvia Bardani<\/span><\/a><\/h3>\n<p>Silvia Bardani \u00e9s una pintora nascuda a Ass\u00eds, la ciutat on es troben art i espiritualitat. El seu estil \u00e9s una combinaci\u00f3 de pop-art i street-art abstracta. El seu art afegeix mil capes i elements com si fossin el resultat de molts codis diferents, i interpreta la realitat des de molts punts de vista.<\/p>\n<h3><span style=\"color: #333333;\"><a style=\"color: #333333;\" href=\"https:\/\/www.instagram.com\/silviaospina.art\/\">Silvia Ospina<\/a><\/span><\/h3>\n<p>Silvia Ospina \u00e9s una artista i dissenyadora colombiana. Va aprendre a pintar i dibuixar quan era nena i despr\u00e9s d&#8217;estudiar disseny gr\u00e0fic i treballar en camps com la il\u00b7lustraci\u00f3, el t\u00e8xtil, el disseny de marca i la fotografia, va descobrir a l&#8217;art mural la seva nova passi\u00f3. Si b\u00e9 el seu estil es caracteritza per utilitzar elements bot\u00e0nics i figuratius de car\u00e0cter cl\u00e0ssic, la seva experi\u00e8ncia pr\u00e8via en el camp del disseny gr\u00e0fic t\u00e9 una clara influ\u00e8ncia en alguns dels seus treballs m\u00e9s art\u00edstics.<\/p>\n<h3><span style=\"color: #333333;\"><a style=\"color: #333333;\" href=\"https:\/\/www.instagram.com\/studio.arde\/\">STUDIO ARDE<\/a><\/span><\/h3>\n<p>Flor i Pauli s\u00f3n dues dissenyadores argentines que es van con\u00e8ixer a la universitat a Buenos Aires i es van retrobar d&#8217;aquesta banda del m\u00f3n. Studio Arde neix com a resultat d&#8217;aquest retrobament i de les seves ganes de divertir-se treballant amb all\u00f2 que m\u00e9s els agrada\u2026 dissenyar i il\u00b7lustrar! Studio Arde \u00e9s la forma que van adoptar per a un horitz\u00f3 il\u00b7limitat. L&#8217;espai on materialitzen les seves visions i inquietuds sobre l&#8217;art, el disseny, la m\u00fasica, la cultura urbana\u2026 i mil coses m\u00e9s que les inspiren.<\/p>\n<h3><a href=\"https:\/\/www.instagram.com\/tallerdelsedus\/\"><strong>Taller dels Edus<\/strong><\/a><\/h3>\n<p>Eduard Novellas i Eduard Casademont o tamb\u00e9 anomenats El Taller dels Edus.<\/p>\n<h3><span style=\"color: #333333;\"><a style=\"color: #333333;\" href=\"https:\/\/www.instagram.com\/vitamyna_caricaturista\/\">Vitamyna Caricaturista<\/a><\/span><\/h3>\n<p>Vitamyna \u00e9s una dissenyadora gr\u00e0fica i il\u00b7lustradora italiana molt vers\u00e0til. La seva carrera va comen\u00e7ar el 2005 treballant per a diverses empreses per seguir el 2013 com a freelance encarregant-se de molts projectes d&#8217;il\u00b7lustraci\u00f3, c\u00f2mic, animaci\u00f3 i disseny gr\u00e0fic. Actualment realitza tamb\u00e9 caricatures personalitzades i en viu.<\/p>\n<h3><span style=\"color: #333333;\"><a style=\"color: #333333;\" href=\"https:\/\/www.instagram.com\/vito_thiel\/\">Vito Thiel<\/a><\/span><\/h3>\n<p>Graduat en il\u00b7lustraci\u00f3 per l&#8217;Escola d&#8217;Art i Superior de Llotja de Barcelona, \u200b\u200bVito Thiel \u00e9s fundador del Fanzine \u201cArgo fanzine\u201d, dedicat a la literatura, el c\u00f2mic i la il\u00b7lustraci\u00f3. Des del 2016 col\u00b7labora com a dissenyador gr\u00e0fic i il\u00b7lustrador en entitats culturals mitjan\u00e7ant la realitzaci\u00f3 de cartelleria, \ufb02yers i anuncis per a premsa.<\/p>\n<h3><span style=\"color: #333333;\"><a style=\"color: #333333;\" href=\"https:\/\/www.instagram.com\/everythinghasbeauty_bcn\/\">Yaiza Hern\u00e1ndez Wehbe<\/a><\/span><\/h3>\n<p>Fot\u00f2grafa nascuda a Tenerife que ha participat en nombroses campanyes publicit\u00e0ries com a directora d&#8217;art. Ella creu que tot t\u00e9 bellesa i intenta reflectir l&#8217;espontane\u00eftat del moment i de les persones. Les seves fotografies han estat publicades en diversos mitjans de comunicaci\u00f3 i revistes.<\/p>\n<h3><span style=\"color: #333333;\"><a style=\"color: #333333;\" href=\"https:\/\/www.instagram.com\/dragoncaballo\/\">Yoshihito Suzuki<\/a><\/span><\/h3>\n<p>Yoshihito Suzuki \u00e9s un artista visual japon\u00e8s establert a Barcelona. Moltes vegades pren inspiracions dels problemes mediambientals, tant el canvi clim\u00e0tic com l&#8217;extinci\u00f3 massiva actual, i ho expressa mitjan\u00e7ant l&#8217;aplicaci\u00f3 de patrons de dibuixos org\u00e0nics sobre objectes quotidians, la representaci\u00f3 al\u00b7leg\u00f2rica amb la combinaci\u00f3 de s\u00edmbols (pictogrames), etc.<\/p>\n<h3><span style=\"color: #333333;\"><a style=\"color: #333333;\" href=\"https:\/\/www.instagram.com\/27lletres\/\">27 Lletres<\/a><\/span><\/h3>\n<p>Marta Montes i Enric Saiz, amb formaci\u00f3 en Belles Arts, Interiorisme i Disseny Industrial, creen 27 Lletres fa 11 anys, despr\u00e9s d&#8217;haver treballat com a dissenyadors en diversos estudis. Des d&#8217;all\u00e0, generen experi\u00e8ncies multidisciplin\u00e0ries i projectes corporis aplicats a la comunicaci\u00f3 de marca sobretot al m\u00f3n offline.<\/p>","protected":false},"excerpt":{"rendered":"<p>Us presentem a tots els artistes que participen en la 8a edici\u00f3 del Windows Art Circuit \/ WAC, un circuit&#8230; <a href=\"https:\/\/poblenouurbandistrict.com\/ca\/coneix-els-artistes-i-les-ubicacions-de-la-8a-edicio-del-windows-art-circuit-wac-1\/\">M\u00e9s  \u2192<\/a><\/p>\n","protected":false},"author":5,"featured_media":38755,"comment_status":"closed","ping_status":"closed","sticky":false,"template":"","format":"standard","meta":{"_acf_changed":false,"footnotes":""},"categories":[3558,3342],"tags":[],"class_list":["post-38585","post","type-post","status-publish","format-standard","has-post-thumbnail","hentry","category-wac","category-art"],"acf":[],"yoast_head":"<!-- This site is optimized with the Yoast SEO plugin v27.5 - https:\/\/yoast.com\/product\/yoast-seo-wordpress\/ -->\n<title>Coneix els artistes de la 8a edici\u00f3 del Windows Art Circuit \/ WAC &#8211; Poblenou Urban District<\/title>\n<meta name=\"robots\" content=\"index, follow, max-snippet:-1, max-image-preview:large, max-video-preview:-1\" \/>\n<link rel=\"canonical\" href=\"https:\/\/poblenouurbandistrict.com\/ca\/coneix-els-artistes-i-les-ubicacions-de-la-8a-edicio-del-windows-art-circuit-wac-1\/\" \/>\n<meta property=\"og:locale\" content=\"ca_ES\" \/>\n<meta property=\"og:type\" content=\"article\" \/>\n<meta property=\"og:title\" content=\"Coneix els artistes de la 8a edici\u00f3 del Windows Art Circuit \/ WAC &#8211; Poblenou Urban District\" \/>\n<meta property=\"og:description\" content=\"Us presentem a tots els artistes que participen en la 8a edici\u00f3 del Windows Art Circuit \/ WAC, un circuit... M\u00e9s \u2192\" \/>\n<meta property=\"og:url\" content=\"https:\/\/poblenouurbandistrict.com\/ca\/coneix-els-artistes-i-les-ubicacions-de-la-8a-edicio-del-windows-art-circuit-wac-1\/\" \/>\n<meta property=\"og:site_name\" content=\"Poblenou Urban District\" \/>\n<meta property=\"article:published_time\" content=\"2023-05-05T12:00:22+00:00\" \/>\n<meta property=\"article:modified_time\" content=\"2023-05-05T21:28:25+00:00\" \/>\n<meta property=\"og:image\" content=\"https:\/\/poblenouurbandistrict.com\/wp-content\/uploads\/2023\/04\/generics-wac-05-e1682761805327.png\" \/>\n\t<meta property=\"og:image:width\" content=\"1943\" \/>\n\t<meta property=\"og:image:height\" content=\"1092\" \/>\n\t<meta property=\"og:image:type\" content=\"image\/png\" \/>\n<meta name=\"author\" content=\"pnud\" \/>\n<meta name=\"twitter:card\" content=\"summary_large_image\" \/>\n<meta name=\"twitter:label1\" content=\"Escrit per\" \/>\n\t<meta name=\"twitter:data1\" content=\"pnud\" \/>\n\t<meta name=\"twitter:label2\" content=\"Temps estimat de lectura\" \/>\n\t<meta name=\"twitter:data2\" content=\"13 minuts\" \/>\n<script type=\"application\/ld+json\" class=\"yoast-schema-graph\">{\"@context\":\"https:\\\/\\\/schema.org\",\"@graph\":[{\"@type\":\"Article\",\"@id\":\"https:\\\/\\\/poblenouurbandistrict.com\\\/coneix-els-artistes-i-les-ubicacions-de-la-8a-edicio-del-windows-art-circuit-wac-1\\\/#article\",\"isPartOf\":{\"@id\":\"https:\\\/\\\/poblenouurbandistrict.com\\\/coneix-els-artistes-i-les-ubicacions-de-la-8a-edicio-del-windows-art-circuit-wac-1\\\/\"},\"author\":{\"name\":\"pnud\",\"@id\":\"https:\\\/\\\/poblenouurbandistrict.com\\\/#\\\/schema\\\/person\\\/980a2cf34b399d5218205730acd54a7e\"},\"headline\":\"Coneix els artistes de la 8a edici\u00f3 del Windows Art Circuit \\\/ WAC\",\"datePublished\":\"2023-05-05T12:00:22+00:00\",\"dateModified\":\"2023-05-05T21:28:25+00:00\",\"mainEntityOfPage\":{\"@id\":\"https:\\\/\\\/poblenouurbandistrict.com\\\/coneix-els-artistes-i-les-ubicacions-de-la-8a-edicio-del-windows-art-circuit-wac-1\\\/\"},\"wordCount\":5032,\"image\":{\"@id\":\"https:\\\/\\\/poblenouurbandistrict.com\\\/coneix-els-artistes-i-les-ubicacions-de-la-8a-edicio-del-windows-art-circuit-wac-1\\\/#primaryimage\"},\"thumbnailUrl\":\"https:\\\/\\\/media.poblenouurbandistrict.com\\\/2023\\\/04\\\/25062220\\\/generics-wac-05-e1682761805327.jpg\",\"articleSection\":[\"WAC\",\"Art\"],\"inLanguage\":\"ca\"},{\"@type\":\"WebPage\",\"@id\":\"https:\\\/\\\/poblenouurbandistrict.com\\\/ca\\\/coneix-els-artistes-i-les-ubicacions-de-la-8a-edicio-del-windows-art-circuit-wac-1\\\/\",\"url\":\"https:\\\/\\\/poblenouurbandistrict.com\\\/ca\\\/coneix-els-artistes-i-les-ubicacions-de-la-8a-edicio-del-windows-art-circuit-wac-1\\\/\",\"name\":\"Coneix els artistes de la 8a edici\u00f3 del Windows Art Circuit \\\/ WAC &#8211; Poblenou Urban District\",\"isPartOf\":{\"@id\":\"https:\\\/\\\/poblenouurbandistrict.com\\\/ca\\\/#website\"},\"primaryImageOfPage\":{\"@id\":\"https:\\\/\\\/poblenouurbandistrict.com\\\/ca\\\/coneix-els-artistes-i-les-ubicacions-de-la-8a-edicio-del-windows-art-circuit-wac-1\\\/#primaryimage\"},\"image\":{\"@id\":\"https:\\\/\\\/poblenouurbandistrict.com\\\/coneix-els-artistes-i-les-ubicacions-de-la-8a-edicio-del-windows-art-circuit-wac-1\\\/#primaryimage\"},\"thumbnailUrl\":\"https:\\\/\\\/media.poblenouurbandistrict.com\\\/2023\\\/04\\\/25062220\\\/generics-wac-05-e1682761805327.jpg\",\"datePublished\":\"2023-05-05T12:00:22+00:00\",\"dateModified\":\"2023-05-05T21:28:25+00:00\",\"author\":{\"@id\":\"https:\\\/\\\/poblenouurbandistrict.com\\\/#\\\/schema\\\/person\\\/980a2cf34b399d5218205730acd54a7e\"},\"breadcrumb\":{\"@id\":\"https:\\\/\\\/poblenouurbandistrict.com\\\/ca\\\/coneix-els-artistes-i-les-ubicacions-de-la-8a-edicio-del-windows-art-circuit-wac-1\\\/#breadcrumb\"},\"inLanguage\":\"ca\",\"potentialAction\":[{\"@type\":\"ReadAction\",\"target\":[[\"https:\\\/\\\/poblenouurbandistrict.com\\\/ca\\\/coneix-els-artistes-i-les-ubicacions-de-la-8a-edicio-del-windows-art-circuit-wac-1\\\/\"]]}]},{\"@type\":\"ImageObject\",\"inLanguage\":\"ca\",\"@id\":\"https:\\\/\\\/poblenouurbandistrict.com\\\/ca\\\/coneix-els-artistes-i-les-ubicacions-de-la-8a-edicio-del-windows-art-circuit-wac-1\\\/#primaryimage\",\"url\":\"https:\\\/\\\/media.poblenouurbandistrict.com\\\/2023\\\/04\\\/25062220\\\/generics-wac-05-e1682761805327.jpg\",\"contentUrl\":\"https:\\\/\\\/media.poblenouurbandistrict.com\\\/2023\\\/04\\\/25062220\\\/generics-wac-05-e1682761805327.jpg\",\"width\":1943,\"height\":1092},{\"@type\":\"BreadcrumbList\",\"@id\":\"https:\\\/\\\/poblenouurbandistrict.com\\\/ca\\\/coneix-els-artistes-i-les-ubicacions-de-la-8a-edicio-del-windows-art-circuit-wac-1\\\/#breadcrumb\",\"itemListElement\":[{\"@type\":\"ListItem\",\"position\":1,\"name\":\"Home\",\"item\":\"https:\\\/\\\/poblenouurbandistrict.com\\\/ca\\\/\"},{\"@type\":\"ListItem\",\"position\":2,\"name\":\"Coneix els artistes de la 8a edici\u00f3 del Windows Art Circuit \\\/ WAC\"}]},{\"@type\":\"WebSite\",\"@id\":\"https:\\\/\\\/poblenouurbandistrict.com\\\/ca\\\/#website\",\"url\":\"https:\\\/\\\/poblenouurbandistrict.com\\\/ca\\\/\",\"name\":\"Poblenou Urban District\",\"description\":\"Comunitat Creativa\",\"potentialAction\":[{\"@type\":\"SearchAction\",\"target\":{\"@type\":\"EntryPoint\",\"urlTemplate\":\"https:\\\/\\\/poblenouurbandistrict.com\\\/ca\\\/?s={search_term_string}\"},\"query-input\":{\"@type\":\"PropertyValueSpecification\",\"valueRequired\":true,\"valueName\":\"search_term_string\"}}],\"inLanguage\":\"ca\"},{\"@type\":\"Person\",\"@id\":\"https:\\\/\\\/poblenouurbandistrict.com\\\/#\\\/schema\\\/person\\\/980a2cf34b399d5218205730acd54a7e\",\"name\":\"pnud\",\"image\":{\"@type\":\"ImageObject\",\"inLanguage\":\"ca\",\"@id\":\"https:\\\/\\\/secure.gravatar.com\\\/avatar\\\/67146597b405ee077a24e519f75c3e2031736596d6ce35af3a34c122c93d0d7b?s=96&d=retro&r=g\",\"url\":\"https:\\\/\\\/secure.gravatar.com\\\/avatar\\\/67146597b405ee077a24e519f75c3e2031736596d6ce35af3a34c122c93d0d7b?s=96&d=retro&r=g\",\"contentUrl\":\"https:\\\/\\\/secure.gravatar.com\\\/avatar\\\/67146597b405ee077a24e519f75c3e2031736596d6ce35af3a34c122c93d0d7b?s=96&d=retro&r=g\",\"caption\":\"pnud\"}}]}<\/script>\n<!-- \/ Yoast SEO plugin. -->","yoast_head_json":{"title":"Coneix els artistes de la 8a edici\u00f3 del Windows Art Circuit \/ WAC &#8211; Poblenou Urban District","robots":{"index":"index","follow":"follow","max-snippet":"max-snippet:-1","max-image-preview":"max-image-preview:large","max-video-preview":"max-video-preview:-1"},"canonical":"https:\/\/poblenouurbandistrict.com\/ca\/coneix-els-artistes-i-les-ubicacions-de-la-8a-edicio-del-windows-art-circuit-wac-1\/","og_locale":"ca_ES","og_type":"article","og_title":"Coneix els artistes de la 8a edici\u00f3 del Windows Art Circuit \/ WAC &#8211; Poblenou Urban District","og_description":"Us presentem a tots els artistes que participen en la 8a edici\u00f3 del Windows Art Circuit \/ WAC, un circuit... M\u00e9s \u2192","og_url":"https:\/\/poblenouurbandistrict.com\/ca\/coneix-els-artistes-i-les-ubicacions-de-la-8a-edicio-del-windows-art-circuit-wac-1\/","og_site_name":"Poblenou Urban District","article_published_time":"2023-05-05T12:00:22+00:00","article_modified_time":"2023-05-05T21:28:25+00:00","og_image":[{"width":1943,"height":1092,"url":"https:\/\/poblenouurbandistrict.com\/wp-content\/uploads\/2023\/04\/generics-wac-05-e1682761805327.png","type":"image\/png"}],"author":"pnud","twitter_card":"summary_large_image","twitter_misc":{"Escrit per":"pnud","Temps estimat de lectura":"13 minuts"},"schema":{"@context":"https:\/\/schema.org","@graph":[{"@type":"Article","@id":"https:\/\/poblenouurbandistrict.com\/coneix-els-artistes-i-les-ubicacions-de-la-8a-edicio-del-windows-art-circuit-wac-1\/#article","isPartOf":{"@id":"https:\/\/poblenouurbandistrict.com\/coneix-els-artistes-i-les-ubicacions-de-la-8a-edicio-del-windows-art-circuit-wac-1\/"},"author":{"name":"pnud","@id":"https:\/\/poblenouurbandistrict.com\/#\/schema\/person\/980a2cf34b399d5218205730acd54a7e"},"headline":"Coneix els artistes de la 8a edici\u00f3 del Windows Art Circuit \/ WAC","datePublished":"2023-05-05T12:00:22+00:00","dateModified":"2023-05-05T21:28:25+00:00","mainEntityOfPage":{"@id":"https:\/\/poblenouurbandistrict.com\/coneix-els-artistes-i-les-ubicacions-de-la-8a-edicio-del-windows-art-circuit-wac-1\/"},"wordCount":5032,"image":{"@id":"https:\/\/poblenouurbandistrict.com\/coneix-els-artistes-i-les-ubicacions-de-la-8a-edicio-del-windows-art-circuit-wac-1\/#primaryimage"},"thumbnailUrl":"https:\/\/media.poblenouurbandistrict.com\/2023\/04\/25062220\/generics-wac-05-e1682761805327.jpg","articleSection":["WAC","Art"],"inLanguage":"ca"},{"@type":"WebPage","@id":"https:\/\/poblenouurbandistrict.com\/ca\/coneix-els-artistes-i-les-ubicacions-de-la-8a-edicio-del-windows-art-circuit-wac-1\/","url":"https:\/\/poblenouurbandistrict.com\/ca\/coneix-els-artistes-i-les-ubicacions-de-la-8a-edicio-del-windows-art-circuit-wac-1\/","name":"Coneix els artistes de la 8a edici\u00f3 del Windows Art Circuit \/ WAC &#8211; Poblenou Urban District","isPartOf":{"@id":"https:\/\/poblenouurbandistrict.com\/ca\/#website"},"primaryImageOfPage":{"@id":"https:\/\/poblenouurbandistrict.com\/ca\/coneix-els-artistes-i-les-ubicacions-de-la-8a-edicio-del-windows-art-circuit-wac-1\/#primaryimage"},"image":{"@id":"https:\/\/poblenouurbandistrict.com\/coneix-els-artistes-i-les-ubicacions-de-la-8a-edicio-del-windows-art-circuit-wac-1\/#primaryimage"},"thumbnailUrl":"https:\/\/media.poblenouurbandistrict.com\/2023\/04\/25062220\/generics-wac-05-e1682761805327.jpg","datePublished":"2023-05-05T12:00:22+00:00","dateModified":"2023-05-05T21:28:25+00:00","author":{"@id":"https:\/\/poblenouurbandistrict.com\/#\/schema\/person\/980a2cf34b399d5218205730acd54a7e"},"breadcrumb":{"@id":"https:\/\/poblenouurbandistrict.com\/ca\/coneix-els-artistes-i-les-ubicacions-de-la-8a-edicio-del-windows-art-circuit-wac-1\/#breadcrumb"},"inLanguage":"ca","potentialAction":[{"@type":"ReadAction","target":[["https:\/\/poblenouurbandistrict.com\/ca\/coneix-els-artistes-i-les-ubicacions-de-la-8a-edicio-del-windows-art-circuit-wac-1\/"]]}]},{"@type":"ImageObject","inLanguage":"ca","@id":"https:\/\/poblenouurbandistrict.com\/ca\/coneix-els-artistes-i-les-ubicacions-de-la-8a-edicio-del-windows-art-circuit-wac-1\/#primaryimage","url":"https:\/\/media.poblenouurbandistrict.com\/2023\/04\/25062220\/generics-wac-05-e1682761805327.jpg","contentUrl":"https:\/\/media.poblenouurbandistrict.com\/2023\/04\/25062220\/generics-wac-05-e1682761805327.jpg","width":1943,"height":1092},{"@type":"BreadcrumbList","@id":"https:\/\/poblenouurbandistrict.com\/ca\/coneix-els-artistes-i-les-ubicacions-de-la-8a-edicio-del-windows-art-circuit-wac-1\/#breadcrumb","itemListElement":[{"@type":"ListItem","position":1,"name":"Home","item":"https:\/\/poblenouurbandistrict.com\/ca\/"},{"@type":"ListItem","position":2,"name":"Coneix els artistes de la 8a edici\u00f3 del Windows Art Circuit \/ WAC"}]},{"@type":"WebSite","@id":"https:\/\/poblenouurbandistrict.com\/ca\/#website","url":"https:\/\/poblenouurbandistrict.com\/ca\/","name":"Poblenou Urban District","description":"Comunitat Creativa","potentialAction":[{"@type":"SearchAction","target":{"@type":"EntryPoint","urlTemplate":"https:\/\/poblenouurbandistrict.com\/ca\/?s={search_term_string}"},"query-input":{"@type":"PropertyValueSpecification","valueRequired":true,"valueName":"search_term_string"}}],"inLanguage":"ca"},{"@type":"Person","@id":"https:\/\/poblenouurbandistrict.com\/#\/schema\/person\/980a2cf34b399d5218205730acd54a7e","name":"pnud","image":{"@type":"ImageObject","inLanguage":"ca","@id":"https:\/\/secure.gravatar.com\/avatar\/67146597b405ee077a24e519f75c3e2031736596d6ce35af3a34c122c93d0d7b?s=96&d=retro&r=g","url":"https:\/\/secure.gravatar.com\/avatar\/67146597b405ee077a24e519f75c3e2031736596d6ce35af3a34c122c93d0d7b?s=96&d=retro&r=g","contentUrl":"https:\/\/secure.gravatar.com\/avatar\/67146597b405ee077a24e519f75c3e2031736596d6ce35af3a34c122c93d0d7b?s=96&d=retro&r=g","caption":"pnud"}}]}},"_links":{"self":[{"href":"https:\/\/poblenouurbandistrict.com\/ca\/wp-json\/wp\/v2\/posts\/38585","targetHints":{"allow":["GET"]}}],"collection":[{"href":"https:\/\/poblenouurbandistrict.com\/ca\/wp-json\/wp\/v2\/posts"}],"about":[{"href":"https:\/\/poblenouurbandistrict.com\/ca\/wp-json\/wp\/v2\/types\/post"}],"author":[{"embeddable":true,"href":"https:\/\/poblenouurbandistrict.com\/ca\/wp-json\/wp\/v2\/users\/5"}],"replies":[{"embeddable":true,"href":"https:\/\/poblenouurbandistrict.com\/ca\/wp-json\/wp\/v2\/comments?post=38585"}],"version-history":[{"count":56,"href":"https:\/\/poblenouurbandistrict.com\/ca\/wp-json\/wp\/v2\/posts\/38585\/revisions"}],"predecessor-version":[{"id":39063,"href":"https:\/\/poblenouurbandistrict.com\/ca\/wp-json\/wp\/v2\/posts\/38585\/revisions\/39063"}],"wp:featuredmedia":[{"embeddable":true,"href":"https:\/\/poblenouurbandistrict.com\/ca\/wp-json\/wp\/v2\/media\/38755"}],"wp:attachment":[{"href":"https:\/\/poblenouurbandistrict.com\/ca\/wp-json\/wp\/v2\/media?parent=38585"}],"wp:term":[{"taxonomy":"category","embeddable":true,"href":"https:\/\/poblenouurbandistrict.com\/ca\/wp-json\/wp\/v2\/categories?post=38585"},{"taxonomy":"post_tag","embeddable":true,"href":"https:\/\/poblenouurbandistrict.com\/ca\/wp-json\/wp\/v2\/tags?post=38585"}],"curies":[{"name":"wp","href":"https:\/\/api.w.org\/{rel}","templated":true}]}}