{"id":38587,"date":"2023-04-28T18:12:55","date_gmt":"2023-04-28T16:12:55","guid":{"rendered":"https:\/\/poblenouurbandistrict.com\/?p=38587"},"modified":"2023-05-02T17:59:48","modified_gmt":"2023-05-02T15:59:48","slug":"el-4-de-maig-descobreix-mes-sobre-intelligencia-artificial-i-art-a-la-6a-edicio-de-les-urban-talks","status":"publish","type":"post","link":"https:\/\/poblenouurbandistrict.com\/ca\/el-4-de-maig-descobreix-mes-sobre-intelligencia-artificial-i-art-a-la-6a-edicio-de-les-urban-talks\/","title":{"rendered":"Descobreix m\u00e9s sobre Intel\u00b7lig\u00e8ncia Artificial i art a la 6a edici\u00f3 de les Urban Talks"},"content":{"rendered":"<p><span style=\"font-weight: 400;\">El pr\u00f2xim 4 de maig, t&#8217;animem a participar en la 6a edici\u00f3 de les Urban Talks que tindr\u00e0 lloc a l&#8217;audi<span style=\"color: #000000;\">tori del <a style=\"color: #000000;\" href=\"https:\/\/ajuntament.barcelona.cat\/museudeldisseny\/ca\">Disseny Hub<\/a>, de 17 h a 20 h. <strong>&#8220;Frontera Artificial: IA, Art i Creativitat&#8221;<\/strong> \u00e9s el tema principal d&#8217;aquest cicle de xerrades que moderar\u00e0 Frankie Piz\u00e1, Chief Creative Officer (CCO) &amp; Co-founder de <a href=\"https:\/\/www.guzzu.io\/\">GUZZU<\/a>.<\/span><\/span><\/p>\n<p>Quin impacte t\u00e9 la Intel\u00b7lig\u00e8ncia Artificial en els camps de l&#8217;art i la creativitat? L&#8217;objectiu d&#8217;aquest cicle de xerrades itinerants \u00e9s reflexionar, gr\u00e0cies al testimoni d&#8217;experts i professionals del sector, sobre els reptes i els l\u00edmits de la IA, i la compet\u00e8ncia de les m\u00e0quines en la resoluci\u00f3 de reptes i presa de decisions.<\/p>\n<p>A continuaci\u00f3, us anunciem el t\u00edtol de cada xerrada i els temes espec\u00edfics que s&#8217;abordaran:<\/p>\n<h3><b>TALK #1<\/b><b>: \u201cM\u00e0quines i l\u00edmits creatius\u201d<\/b><\/h3>\n<p>Les m\u00e0quines poden inventar quan no s\u00f3n conscients de la seva pr\u00f2pia exist\u00e8ncia? La primera xerrada tractar\u00e0 sobre el furor pels nous sistemes d&#8217;intel\u00b7lig\u00e8ncia artificial com ChatGPT, Stable Diffusion, etc., que ens permeten crear imatges realistes, contestar converses, generar projectes de forma integral i assistir-nos en innombrables processos.<\/p>\n<p>Els <a href=\"https:\/\/domesticstreamers.com\/\">Domestic Data Streamers<\/a>, un estudi creatiu que treballa en disseny, dades, investigaci\u00f3 i arts, porten des de la seva fundaci\u00f3 experimentant i implementant projectes de tota mena relacionats amb dades. Amb ells coneixerem de primera m\u00e0 com aquests aven\u00e7os tecnol\u00f2gics ens poden ajudar, alterar-nos i comprometre l&#8217;statu quo.<\/p>\n<h3><b>TALK #2: <\/b>&#8220;Frontera artificial&#8221;<\/h3>\n<p>La Intel\u00b7lig\u00e8ncia Artificial transformar\u00e0 la nostra comprensi\u00f3 del que \u00e9s, com funciona i com es valora l&#8217;art contemporani? Des de l&#8217;esclat dels sistemes d&#8217;IA, el futur de molts professionals del disseny i de l&#8217;art contemporani ha canviat, i no precisament perqu\u00e8 aquestes eines amplien seva creativitat o efici\u00e8ncia, sin\u00f3 perqu\u00e8 es comencen a intuir canvis profunds.<\/p>\n<h3 style=\"text-align: center;\">Les Urban Talks s\u00f3n d&#8217;acc\u00e9s lliure i gratu\u00eft fins a completar aforament.<\/h3>\n<hr \/>\n<h5><span style=\"color: #808080;\">INFORMACI\u00d3 ADDICIONAL<\/span><\/h5>\n<ul>\n<li><span style=\"color: #808080;\"><strong>Dia:\u00a0<\/strong>4 de maig de 2023<\/span><\/li>\n<li><span style=\"color: #808080;\"><strong>Horari:\u00a0<\/strong>17 h &#8211; 20 h\u00a0<\/span><\/li>\n<li><span style=\"color: #808080;\"><strong>Lloc:<\/strong> Disseny Hub Barcelona (Auditori)<\/span><\/li>\n<li><span style=\"color: #808080;\"><strong>Transport:\u00a0<\/strong>Metro:\u00a0Gl\u00f2ries (L\u00ednia 1) \/ Clot (L\u00ednia 2) \/ Monumental (L\u00ednia 2) | Tram: Gl\u00f2ries (L\u00ednies T4, T5 i T6) | Bus: H12, 92, 192<\/span><\/li>\n<li><span style=\"color: #808080;\"><strong>Adre\u00e7a:<\/strong> Pl. de les Gl\u00f2ries Catalanes, 37 \u2013 38, 08018 Barcelona<\/span><\/li>\n<li><span style=\"color: #808080;\"><strong>Entrada:<\/strong> Gratu\u00efta<\/span><\/li>\n<li><span style=\"color: #808080;\"><strong>Idiomes:\u00a0<\/strong>Castell\u00e0<\/span><\/li>\n<li><span style=\"color: #808080;\">L&#8217;esdeveniment es podr\u00e0 seguir en streaming per Youtube i Instagram.<\/span><\/li>\n<\/ul>\n<p><\/p>","protected":false},"excerpt":{"rendered":"<p>El pr\u00f2xim 4 de maig, t&#8217;animem a participar en la 6a edici\u00f3 de les Urban Talks que tindr\u00e0 lloc a&#8230; <a href=\"https:\/\/poblenouurbandistrict.com\/ca\/el-4-de-maig-descobreix-mes-sobre-intelligencia-artificial-i-art-a-la-6a-edicio-de-les-urban-talks\/\">M\u00e9s  \u2192<\/a><\/p>\n","protected":false},"author":5,"featured_media":38347,"comment_status":"closed","ping_status":"closed","sticky":false,"template":"","format":"standard","meta":{"_acf_changed":false,"footnotes":""},"categories":[3429],"tags":[],"class_list":["post-38587","post","type-post","status-publish","format-standard","has-post-thumbnail","hentry","category-urban-talks"],"acf":[],"yoast_head":"<!-- This site is optimized with the Yoast SEO plugin v27.4 - https:\/\/yoast.com\/product\/yoast-seo-wordpress\/ -->\n<title>Descobreix m\u00e9s sobre Intel\u00b7lig\u00e8ncia Artificial i art a la 6a edici\u00f3 de les Urban Talks &#8211; Poblenou Urban District<\/title>\n<meta name=\"robots\" content=\"index, follow, max-snippet:-1, max-image-preview:large, max-video-preview:-1\" \/>\n<link rel=\"canonical\" href=\"https:\/\/poblenouurbandistrict.com\/ca\/el-4-de-maig-descobreix-mes-sobre-intelligencia-artificial-i-art-a-la-6a-edicio-de-les-urban-talks\/\" \/>\n<meta property=\"og:locale\" content=\"ca_ES\" \/>\n<meta property=\"og:type\" content=\"article\" \/>\n<meta property=\"og:title\" content=\"Descobreix m\u00e9s sobre Intel\u00b7lig\u00e8ncia Artificial i art a la 6a edici\u00f3 de les Urban Talks &#8211; Poblenou Urban District\" \/>\n<meta property=\"og:description\" content=\"El pr\u00f2xim 4 de maig, t&#8217;animem a participar en la 6a edici\u00f3 de les Urban Talks que tindr\u00e0 lloc a... M\u00e9s \u2192\" \/>\n<meta property=\"og:url\" content=\"https:\/\/poblenouurbandistrict.com\/ca\/el-4-de-maig-descobreix-mes-sobre-intelligencia-artificial-i-art-a-la-6a-edicio-de-les-urban-talks\/\" \/>\n<meta property=\"og:site_name\" content=\"Poblenou Urban District\" \/>\n<meta property=\"article:published_time\" content=\"2023-04-28T16:12:55+00:00\" \/>\n<meta property=\"article:modified_time\" content=\"2023-05-02T15:59:48+00:00\" \/>\n<meta property=\"og:image\" content=\"https:\/\/poblenouurbandistrict.com\/wp-content\/uploads\/2023\/04\/diseno-sin-titulo-49.png\" \/>\n\t<meta property=\"og:image:width\" content=\"1311\" \/>\n\t<meta property=\"og:image:height\" content=\"875\" \/>\n\t<meta property=\"og:image:type\" content=\"image\/png\" \/>\n<meta name=\"author\" content=\"pnud\" \/>\n<meta name=\"twitter:card\" content=\"summary_large_image\" \/>\n<meta name=\"twitter:label1\" content=\"Escrit per\" \/>\n\t<meta name=\"twitter:data1\" content=\"pnud\" \/>\n\t<meta name=\"twitter:label2\" content=\"Temps estimat de lectura\" \/>\n\t<meta name=\"twitter:data2\" content=\"3 minuts\" \/>\n<script type=\"application\/ld+json\" class=\"yoast-schema-graph\">{\"@context\":\"https:\\\/\\\/schema.org\",\"@graph\":[{\"@type\":\"Article\",\"@id\":\"https:\\\/\\\/poblenouurbandistrict.com\\\/el-4-de-maig-descobreix-mes-sobre-intelligencia-artificial-i-art-a-la-6a-edicio-de-les-urban-talks\\\/#article\",\"isPartOf\":{\"@id\":\"https:\\\/\\\/poblenouurbandistrict.com\\\/el-4-de-maig-descobreix-mes-sobre-intelligencia-artificial-i-art-a-la-6a-edicio-de-les-urban-talks\\\/\"},\"author\":{\"name\":\"pnud\",\"@id\":\"https:\\\/\\\/poblenouurbandistrict.com\\\/#\\\/schema\\\/person\\\/980a2cf34b399d5218205730acd54a7e\"},\"headline\":\"Descobreix m\u00e9s sobre Intel\u00b7lig\u00e8ncia Artificial i art a la 6a edici\u00f3 de les Urban Talks\",\"datePublished\":\"2023-04-28T16:12:55+00:00\",\"dateModified\":\"2023-05-02T15:59:48+00:00\",\"mainEntityOfPage\":{\"@id\":\"https:\\\/\\\/poblenouurbandistrict.com\\\/el-4-de-maig-descobreix-mes-sobre-intelligencia-artificial-i-art-a-la-6a-edicio-de-les-urban-talks\\\/\"},\"wordCount\":817,\"image\":{\"@id\":\"https:\\\/\\\/poblenouurbandistrict.com\\\/el-4-de-maig-descobreix-mes-sobre-intelligencia-artificial-i-art-a-la-6a-edicio-de-les-urban-talks\\\/#primaryimage\"},\"thumbnailUrl\":\"https:\\\/\\\/media.poblenouurbandistrict.com\\\/2023\\\/04\\\/25061821\\\/diseno-sin-titulo-49.jpg\",\"articleSection\":[\"Urban Talks\"],\"inLanguage\":\"ca\"},{\"@type\":\"WebPage\",\"@id\":\"https:\\\/\\\/poblenouurbandistrict.com\\\/ca\\\/el-4-de-maig-descobreix-mes-sobre-intelligencia-artificial-i-art-a-la-6a-edicio-de-les-urban-talks\\\/\",\"url\":\"https:\\\/\\\/poblenouurbandistrict.com\\\/ca\\\/el-4-de-maig-descobreix-mes-sobre-intelligencia-artificial-i-art-a-la-6a-edicio-de-les-urban-talks\\\/\",\"name\":\"Descobreix m\u00e9s sobre Intel\u00b7lig\u00e8ncia Artificial i art a la 6a edici\u00f3 de les Urban Talks &#8211; Poblenou Urban District\",\"isPartOf\":{\"@id\":\"https:\\\/\\\/poblenouurbandistrict.com\\\/ca\\\/#website\"},\"primaryImageOfPage\":{\"@id\":\"https:\\\/\\\/poblenouurbandistrict.com\\\/ca\\\/el-4-de-maig-descobreix-mes-sobre-intelligencia-artificial-i-art-a-la-6a-edicio-de-les-urban-talks\\\/#primaryimage\"},\"image\":{\"@id\":\"https:\\\/\\\/poblenouurbandistrict.com\\\/el-4-de-maig-descobreix-mes-sobre-intelligencia-artificial-i-art-a-la-6a-edicio-de-les-urban-talks\\\/#primaryimage\"},\"thumbnailUrl\":\"https:\\\/\\\/media.poblenouurbandistrict.com\\\/2023\\\/04\\\/25061821\\\/diseno-sin-titulo-49.jpg\",\"datePublished\":\"2023-04-28T16:12:55+00:00\",\"dateModified\":\"2023-05-02T15:59:48+00:00\",\"author\":{\"@id\":\"https:\\\/\\\/poblenouurbandistrict.com\\\/#\\\/schema\\\/person\\\/980a2cf34b399d5218205730acd54a7e\"},\"breadcrumb\":{\"@id\":\"https:\\\/\\\/poblenouurbandistrict.com\\\/ca\\\/el-4-de-maig-descobreix-mes-sobre-intelligencia-artificial-i-art-a-la-6a-edicio-de-les-urban-talks\\\/#breadcrumb\"},\"inLanguage\":\"ca\",\"potentialAction\":[{\"@type\":\"ReadAction\",\"target\":[[\"https:\\\/\\\/poblenouurbandistrict.com\\\/ca\\\/el-4-de-maig-descobreix-mes-sobre-intelligencia-artificial-i-art-a-la-6a-edicio-de-les-urban-talks\\\/\"]]}]},{\"@type\":\"ImageObject\",\"inLanguage\":\"ca\",\"@id\":\"https:\\\/\\\/poblenouurbandistrict.com\\\/ca\\\/el-4-de-maig-descobreix-mes-sobre-intelligencia-artificial-i-art-a-la-6a-edicio-de-les-urban-talks\\\/#primaryimage\",\"url\":\"https:\\\/\\\/media.poblenouurbandistrict.com\\\/2023\\\/04\\\/25061821\\\/diseno-sin-titulo-49.jpg\",\"contentUrl\":\"https:\\\/\\\/media.poblenouurbandistrict.com\\\/2023\\\/04\\\/25061821\\\/diseno-sin-titulo-49.jpg\",\"width\":1311,\"height\":875},{\"@type\":\"BreadcrumbList\",\"@id\":\"https:\\\/\\\/poblenouurbandistrict.com\\\/ca\\\/el-4-de-maig-descobreix-mes-sobre-intelligencia-artificial-i-art-a-la-6a-edicio-de-les-urban-talks\\\/#breadcrumb\",\"itemListElement\":[{\"@type\":\"ListItem\",\"position\":1,\"name\":\"Home\",\"item\":\"https:\\\/\\\/poblenouurbandistrict.com\\\/ca\\\/\"},{\"@type\":\"ListItem\",\"position\":2,\"name\":\"Descobreix m\u00e9s sobre Intel\u00b7lig\u00e8ncia Artificial i art a la 6a edici\u00f3 de les Urban Talks\"}]},{\"@type\":\"WebSite\",\"@id\":\"https:\\\/\\\/poblenouurbandistrict.com\\\/ca\\\/#website\",\"url\":\"https:\\\/\\\/poblenouurbandistrict.com\\\/ca\\\/\",\"name\":\"Poblenou Urban District\",\"description\":\"Comunitat Creativa\",\"potentialAction\":[{\"@type\":\"SearchAction\",\"target\":{\"@type\":\"EntryPoint\",\"urlTemplate\":\"https:\\\/\\\/poblenouurbandistrict.com\\\/ca\\\/?s={search_term_string}\"},\"query-input\":{\"@type\":\"PropertyValueSpecification\",\"valueRequired\":true,\"valueName\":\"search_term_string\"}}],\"inLanguage\":\"ca\"},{\"@type\":\"Person\",\"@id\":\"https:\\\/\\\/poblenouurbandistrict.com\\\/#\\\/schema\\\/person\\\/980a2cf34b399d5218205730acd54a7e\",\"name\":\"pnud\",\"image\":{\"@type\":\"ImageObject\",\"inLanguage\":\"ca\",\"@id\":\"https:\\\/\\\/secure.gravatar.com\\\/avatar\\\/67146597b405ee077a24e519f75c3e2031736596d6ce35af3a34c122c93d0d7b?s=96&d=retro&r=g\",\"url\":\"https:\\\/\\\/secure.gravatar.com\\\/avatar\\\/67146597b405ee077a24e519f75c3e2031736596d6ce35af3a34c122c93d0d7b?s=96&d=retro&r=g\",\"contentUrl\":\"https:\\\/\\\/secure.gravatar.com\\\/avatar\\\/67146597b405ee077a24e519f75c3e2031736596d6ce35af3a34c122c93d0d7b?s=96&d=retro&r=g\",\"caption\":\"pnud\"}}]}<\/script>\n<!-- \/ Yoast SEO plugin. -->","yoast_head_json":{"title":"Descobreix m\u00e9s sobre Intel\u00b7lig\u00e8ncia Artificial i art a la 6a edici\u00f3 de les Urban Talks &#8211; Poblenou Urban District","robots":{"index":"index","follow":"follow","max-snippet":"max-snippet:-1","max-image-preview":"max-image-preview:large","max-video-preview":"max-video-preview:-1"},"canonical":"https:\/\/poblenouurbandistrict.com\/ca\/el-4-de-maig-descobreix-mes-sobre-intelligencia-artificial-i-art-a-la-6a-edicio-de-les-urban-talks\/","og_locale":"ca_ES","og_type":"article","og_title":"Descobreix m\u00e9s sobre Intel\u00b7lig\u00e8ncia Artificial i art a la 6a edici\u00f3 de les Urban Talks &#8211; Poblenou Urban District","og_description":"El pr\u00f2xim 4 de maig, t&#8217;animem a participar en la 6a edici\u00f3 de les Urban Talks que tindr\u00e0 lloc a... M\u00e9s \u2192","og_url":"https:\/\/poblenouurbandistrict.com\/ca\/el-4-de-maig-descobreix-mes-sobre-intelligencia-artificial-i-art-a-la-6a-edicio-de-les-urban-talks\/","og_site_name":"Poblenou Urban District","article_published_time":"2023-04-28T16:12:55+00:00","article_modified_time":"2023-05-02T15:59:48+00:00","og_image":[{"width":1311,"height":875,"url":"https:\/\/poblenouurbandistrict.com\/wp-content\/uploads\/2023\/04\/diseno-sin-titulo-49.png","type":"image\/png"}],"author":"pnud","twitter_card":"summary_large_image","twitter_misc":{"Escrit per":"pnud","Temps estimat de lectura":"3 minuts"},"schema":{"@context":"https:\/\/schema.org","@graph":[{"@type":"Article","@id":"https:\/\/poblenouurbandistrict.com\/el-4-de-maig-descobreix-mes-sobre-intelligencia-artificial-i-art-a-la-6a-edicio-de-les-urban-talks\/#article","isPartOf":{"@id":"https:\/\/poblenouurbandistrict.com\/el-4-de-maig-descobreix-mes-sobre-intelligencia-artificial-i-art-a-la-6a-edicio-de-les-urban-talks\/"},"author":{"name":"pnud","@id":"https:\/\/poblenouurbandistrict.com\/#\/schema\/person\/980a2cf34b399d5218205730acd54a7e"},"headline":"Descobreix m\u00e9s sobre Intel\u00b7lig\u00e8ncia Artificial i art a la 6a edici\u00f3 de les Urban Talks","datePublished":"2023-04-28T16:12:55+00:00","dateModified":"2023-05-02T15:59:48+00:00","mainEntityOfPage":{"@id":"https:\/\/poblenouurbandistrict.com\/el-4-de-maig-descobreix-mes-sobre-intelligencia-artificial-i-art-a-la-6a-edicio-de-les-urban-talks\/"},"wordCount":817,"image":{"@id":"https:\/\/poblenouurbandistrict.com\/el-4-de-maig-descobreix-mes-sobre-intelligencia-artificial-i-art-a-la-6a-edicio-de-les-urban-talks\/#primaryimage"},"thumbnailUrl":"https:\/\/media.poblenouurbandistrict.com\/2023\/04\/25061821\/diseno-sin-titulo-49.jpg","articleSection":["Urban Talks"],"inLanguage":"ca"},{"@type":"WebPage","@id":"https:\/\/poblenouurbandistrict.com\/ca\/el-4-de-maig-descobreix-mes-sobre-intelligencia-artificial-i-art-a-la-6a-edicio-de-les-urban-talks\/","url":"https:\/\/poblenouurbandistrict.com\/ca\/el-4-de-maig-descobreix-mes-sobre-intelligencia-artificial-i-art-a-la-6a-edicio-de-les-urban-talks\/","name":"Descobreix m\u00e9s sobre Intel\u00b7lig\u00e8ncia Artificial i art a la 6a edici\u00f3 de les Urban Talks &#8211; Poblenou Urban District","isPartOf":{"@id":"https:\/\/poblenouurbandistrict.com\/ca\/#website"},"primaryImageOfPage":{"@id":"https:\/\/poblenouurbandistrict.com\/ca\/el-4-de-maig-descobreix-mes-sobre-intelligencia-artificial-i-art-a-la-6a-edicio-de-les-urban-talks\/#primaryimage"},"image":{"@id":"https:\/\/poblenouurbandistrict.com\/el-4-de-maig-descobreix-mes-sobre-intelligencia-artificial-i-art-a-la-6a-edicio-de-les-urban-talks\/#primaryimage"},"thumbnailUrl":"https:\/\/media.poblenouurbandistrict.com\/2023\/04\/25061821\/diseno-sin-titulo-49.jpg","datePublished":"2023-04-28T16:12:55+00:00","dateModified":"2023-05-02T15:59:48+00:00","author":{"@id":"https:\/\/poblenouurbandistrict.com\/#\/schema\/person\/980a2cf34b399d5218205730acd54a7e"},"breadcrumb":{"@id":"https:\/\/poblenouurbandistrict.com\/ca\/el-4-de-maig-descobreix-mes-sobre-intelligencia-artificial-i-art-a-la-6a-edicio-de-les-urban-talks\/#breadcrumb"},"inLanguage":"ca","potentialAction":[{"@type":"ReadAction","target":[["https:\/\/poblenouurbandistrict.com\/ca\/el-4-de-maig-descobreix-mes-sobre-intelligencia-artificial-i-art-a-la-6a-edicio-de-les-urban-talks\/"]]}]},{"@type":"ImageObject","inLanguage":"ca","@id":"https:\/\/poblenouurbandistrict.com\/ca\/el-4-de-maig-descobreix-mes-sobre-intelligencia-artificial-i-art-a-la-6a-edicio-de-les-urban-talks\/#primaryimage","url":"https:\/\/media.poblenouurbandistrict.com\/2023\/04\/25061821\/diseno-sin-titulo-49.jpg","contentUrl":"https:\/\/media.poblenouurbandistrict.com\/2023\/04\/25061821\/diseno-sin-titulo-49.jpg","width":1311,"height":875},{"@type":"BreadcrumbList","@id":"https:\/\/poblenouurbandistrict.com\/ca\/el-4-de-maig-descobreix-mes-sobre-intelligencia-artificial-i-art-a-la-6a-edicio-de-les-urban-talks\/#breadcrumb","itemListElement":[{"@type":"ListItem","position":1,"name":"Home","item":"https:\/\/poblenouurbandistrict.com\/ca\/"},{"@type":"ListItem","position":2,"name":"Descobreix m\u00e9s sobre Intel\u00b7lig\u00e8ncia Artificial i art a la 6a edici\u00f3 de les Urban Talks"}]},{"@type":"WebSite","@id":"https:\/\/poblenouurbandistrict.com\/ca\/#website","url":"https:\/\/poblenouurbandistrict.com\/ca\/","name":"Poblenou Urban District","description":"Comunitat Creativa","potentialAction":[{"@type":"SearchAction","target":{"@type":"EntryPoint","urlTemplate":"https:\/\/poblenouurbandistrict.com\/ca\/?s={search_term_string}"},"query-input":{"@type":"PropertyValueSpecification","valueRequired":true,"valueName":"search_term_string"}}],"inLanguage":"ca"},{"@type":"Person","@id":"https:\/\/poblenouurbandistrict.com\/#\/schema\/person\/980a2cf34b399d5218205730acd54a7e","name":"pnud","image":{"@type":"ImageObject","inLanguage":"ca","@id":"https:\/\/secure.gravatar.com\/avatar\/67146597b405ee077a24e519f75c3e2031736596d6ce35af3a34c122c93d0d7b?s=96&d=retro&r=g","url":"https:\/\/secure.gravatar.com\/avatar\/67146597b405ee077a24e519f75c3e2031736596d6ce35af3a34c122c93d0d7b?s=96&d=retro&r=g","contentUrl":"https:\/\/secure.gravatar.com\/avatar\/67146597b405ee077a24e519f75c3e2031736596d6ce35af3a34c122c93d0d7b?s=96&d=retro&r=g","caption":"pnud"}}]}},"_links":{"self":[{"href":"https:\/\/poblenouurbandistrict.com\/ca\/wp-json\/wp\/v2\/posts\/38587","targetHints":{"allow":["GET"]}}],"collection":[{"href":"https:\/\/poblenouurbandistrict.com\/ca\/wp-json\/wp\/v2\/posts"}],"about":[{"href":"https:\/\/poblenouurbandistrict.com\/ca\/wp-json\/wp\/v2\/types\/post"}],"author":[{"embeddable":true,"href":"https:\/\/poblenouurbandistrict.com\/ca\/wp-json\/wp\/v2\/users\/5"}],"replies":[{"embeddable":true,"href":"https:\/\/poblenouurbandistrict.com\/ca\/wp-json\/wp\/v2\/comments?post=38587"}],"version-history":[{"count":18,"href":"https:\/\/poblenouurbandistrict.com\/ca\/wp-json\/wp\/v2\/posts\/38587\/revisions"}],"predecessor-version":[{"id":38818,"href":"https:\/\/poblenouurbandistrict.com\/ca\/wp-json\/wp\/v2\/posts\/38587\/revisions\/38818"}],"wp:featuredmedia":[{"embeddable":true,"href":"https:\/\/poblenouurbandistrict.com\/ca\/wp-json\/wp\/v2\/media\/38347"}],"wp:attachment":[{"href":"https:\/\/poblenouurbandistrict.com\/ca\/wp-json\/wp\/v2\/media?parent=38587"}],"wp:term":[{"taxonomy":"category","embeddable":true,"href":"https:\/\/poblenouurbandistrict.com\/ca\/wp-json\/wp\/v2\/categories?post=38587"},{"taxonomy":"post_tag","embeddable":true,"href":"https:\/\/poblenouurbandistrict.com\/ca\/wp-json\/wp\/v2\/tags?post=38587"}],"curies":[{"name":"wp","href":"https:\/\/api.w.org\/{rel}","templated":true}]}}