{"id":38674,"date":"2023-05-05T17:30:47","date_gmt":"2023-05-05T15:30:47","guid":{"rendered":"https:\/\/poblenouurbandistrict.com\/?p=38674"},"modified":"2023-05-05T23:23:10","modified_gmt":"2023-05-05T21:23:10","slug":"toda-la-programacion-de-la-nave-wac-lab-valkiria-el-hub-creativo-y-cultural-de-poblenou-open-day","status":"publish","type":"post","link":"https:\/\/poblenouurbandistrict.com\/ca\/toda-la-programacion-de-la-nave-wac-lab-valkiria-el-hub-creativo-y-cultural-de-poblenou-open-day\/","title":{"rendered":"Consulta tota la programaci\u00f3 de la nau WAC Lab Valkiria, el hub creatiu i cultural del Poblenou Open Day"},"content":{"rendered":"<p>Est\u00e0s preparat per viure un <a href=\"https:\/\/poblenouurbandistrict.com\/ca\/open-day\/\"><strong>Poblenou Open Day<\/strong><\/a> ple d&#8217;emocions? Vine a la <strong>Nau Wac Lab Valkiria<\/strong>, ubicada al carrer Puigcerd\u00e0 77, el pr\u00f2xim <strong>dissabte 6 de maig, de 12 h a 22 h,<\/strong> per gaudir de les activitats culturals que ha organitzat Poblenou Urban District, en col\u00b7laboraci\u00f3 amb <a href=\"https:\/\/valkiriahubspace.com\/\">Valkiria<\/a> i <a href=\"https:\/\/www.instituteforfutures.com\/en\/\">Institute For Futures<\/a> com a Venue Partner.<\/p>\n<p>L&#8217;entrada, que dona acc\u00e9s a totes les activitats programades durant les 10 hores d&#8217;esdeveniment, t\u00e9 un <strong>preu de 3 \u20ac<\/strong> (sense despeses de gesti\u00f3)\u00a0i es pot comprar a trav\u00e9s d&#8217;<a href=\"https:\/\/www.eventbrite.es\/e\/627616727527\"><span style=\"color: #000000;\"><strong>aquest enlla\u00e7<\/strong> <\/span><\/a>o a la porta de la nau el mateix dia.<\/p>\n<p>Qu\u00e8 trobar\u00e0s a la Nau? Exposicions, Art Corner, tallers (consulta&#8217;ls <a href=\"https:\/\/poblenouurbandistrict.com\/ca\/tallers-que-trobaras-a-la-nave-wac-lab-valkiria\/\">aqu\u00ed<\/a>), xerrades amb professionals del sector de l&#8217;art i el disseny, propostes gastron\u00f2miques i DJ set.<\/p>\n<p>No et perdis l&#8217;oportunitat de gaudir d&#8217;un dia ple d&#8217;art, disseny, tallers, m\u00fasica, festa i molta cultura al Districte Creatiu de Barcelona. Una cita obligada per a totes aquelles persones interessades en art i disseny en tots els seus llenguatges.<\/p>\n<hr \/>\n<h4><b>Programaci\u00f3 musical<\/b><\/h4>\n<div>MIGUELITO SUPERSTAR: cantant de la banda de disc-funk Fundaci\u00f3n Tony Manero, productor musical i remesclador per a bandes i artistes.<\/div>\n<h4 style=\"text-align: center;\">14 h &#8211; 16 h<\/h4>\n<div style=\"text-align: left;\">SOLAZZ: fundador del Segell musical Fino y Gordo i de la festa SUPA DISCO.<\/div>\n<div><\/div>\n<h4 style=\"text-align: center;\">16 h &#8211; 18 h<\/h4>\n<div style=\"text-align: left;\">SPACER: artista nascuda a Sabadell que combina diferents ritmes, electro i breaks.<\/div>\n<h4 style=\"text-align: center;\">18 h &#8211; 20 h<\/h4>\n<div style=\"text-align: left;\">RAUL NARO: house, slow techno i downtempo.<\/div>\n<h4 style=\"text-align: center;\">20 h &#8211; 22 h<\/h4>\n<div>\n<hr \/>\n<\/div>\n<h4><b>Programaci\u00f3 gastron\u00f2mica<\/b><\/h4>\n<div>La Clandestinne ens porta les millors pizzes amb un toc original, segons ells, sempre estan innovant i buscant aventures gastron\u00f2miques.<\/div>\n<div><\/div>\n<div>L\u00facuma &amp; Camote ens delectaran amb el millor menjar dels carrers del Per\u00fa. Et ve de gust un ceviche peru\u00e0? Apropa&#8217;t al seu foodtruck, conqueriran el teu paladar.<\/div>\n<div>\n<hr \/>\n<\/div>\n<h4>Programaci\u00f3 art\u00edstica<\/h4>\n<p>Gaudir\u00e0s del treball d&#8217;una vintena d&#8217;artistes que han estat seleccionats per un <a href=\"https:\/\/poblenouurbandistrict.com\/ca\/presentem-els-membres-del-jurat-de-la-8a-edicio-del-windows-art-circuit\/\">Jurat<\/a> de professionals del sector creatiu per a participar en la 8a edici\u00f3 del Windows Art Circuit.<\/p>\n<p>8 muralistes i 15 artistes d&#8217;exposici\u00f3 col\u00b7lectiva (pots con\u00e8ixer <a href=\"https:\/\/poblenouurbandistrict.com\/ca\/coneix-els-artistes-i-les-ubicacions-de-la-8a-edicio-del-windows-art-circuit-wac\/\">aqu\u00ed<\/a> la seva traject\u00f2ria) han realitzat durant aquesta setmana una resid\u00e8ncia art\u00edstica amb l&#8217;objectiu de crear de manera conjunta la mostra. Tots tindran un corner de venda d&#8217;art amb obres originals, serigrafies, reproduccions i il\u00b7lustracions. Una bona manera de donar suport a l&#8217;art emergent i a la programaci\u00f3 cultural del Poblenou Urban District.<\/p>\n<p>&nbsp;<\/p>\n<h3>T&#8217;hi esperem!<\/h3>\n<div><\/div>\n<p><\/p>","protected":false},"excerpt":{"rendered":"<p>Est\u00e0s preparat per viure un Poblenou Open Day ple d&#8217;emocions? Vine a la Nau Wac Lab Valkiria, ubicada al carrer&#8230; <a href=\"https:\/\/poblenouurbandistrict.com\/ca\/toda-la-programacion-de-la-nave-wac-lab-valkiria-el-hub-creativo-y-cultural-de-poblenou-open-day\/\">M\u00e9s  \u2192<\/a><\/p>\n","protected":false},"author":5,"featured_media":38686,"comment_status":"closed","ping_status":"closed","sticky":false,"template":"","format":"standard","meta":{"_acf_changed":false,"footnotes":""},"categories":[3567,3558],"tags":[],"class_list":["post-38674","post","type-post","status-publish","format-standard","has-post-thumbnail","hentry","category-poblenou-open-day-2","category-wac"],"acf":[],"yoast_head":"<!-- This site is optimized with the Yoast SEO plugin v27.5 - https:\/\/yoast.com\/product\/yoast-seo-wordpress\/ -->\n<title>Consulta tota la programaci\u00f3 de la nau WAC Lab Valkiria, el hub creatiu i cultural del Poblenou Open Day &#8211; Poblenou Urban District<\/title>\n<meta name=\"robots\" content=\"index, follow, max-snippet:-1, max-image-preview:large, max-video-preview:-1\" \/>\n<link rel=\"canonical\" href=\"https:\/\/poblenouurbandistrict.com\/ca\/toda-la-programacion-de-la-nave-wac-lab-valkiria-el-hub-creativo-y-cultural-de-poblenou-open-day\/\" \/>\n<meta property=\"og:locale\" content=\"ca_ES\" \/>\n<meta property=\"og:type\" content=\"article\" \/>\n<meta property=\"og:title\" content=\"Consulta tota la programaci\u00f3 de la nau WAC Lab Valkiria, el hub creatiu i cultural del Poblenou Open Day &#8211; Poblenou Urban District\" \/>\n<meta property=\"og:description\" content=\"Est\u00e0s preparat per viure un Poblenou Open Day ple d&#8217;emocions? Vine a la Nau Wac Lab Valkiria, ubicada al carrer... M\u00e9s \u2192\" \/>\n<meta property=\"og:url\" content=\"https:\/\/poblenouurbandistrict.com\/ca\/toda-la-programacion-de-la-nave-wac-lab-valkiria-el-hub-creativo-y-cultural-de-poblenou-open-day\/\" \/>\n<meta property=\"og:site_name\" content=\"Poblenou Urban District\" \/>\n<meta property=\"article:published_time\" content=\"2023-05-05T15:30:47+00:00\" \/>\n<meta property=\"article:modified_time\" content=\"2023-05-05T21:23:10+00:00\" \/>\n<meta property=\"og:image\" content=\"https:\/\/poblenouurbandistrict.com\/wp-content\/uploads\/2023\/04\/whatsapp-image-2023-04-27-at-172810-1.jpeg\" \/>\n\t<meta property=\"og:image:width\" content=\"2048\" \/>\n\t<meta property=\"og:image:height\" content=\"1536\" \/>\n\t<meta property=\"og:image:type\" content=\"image\/jpeg\" \/>\n<meta name=\"author\" content=\"pnud\" \/>\n<meta name=\"twitter:card\" content=\"summary_large_image\" \/>\n<meta name=\"twitter:label1\" content=\"Escrit per\" \/>\n\t<meta name=\"twitter:data1\" content=\"pnud\" \/>\n\t<meta name=\"twitter:label2\" content=\"Temps estimat de lectura\" \/>\n\t<meta name=\"twitter:data2\" content=\"3 minuts\" \/>\n<script type=\"application\/ld+json\" class=\"yoast-schema-graph\">{\"@context\":\"https:\\\/\\\/schema.org\",\"@graph\":[{\"@type\":\"Article\",\"@id\":\"https:\\\/\\\/poblenouurbandistrict.com\\\/toda-la-programacion-de-la-nave-wac-lab-valkiria-el-hub-creativo-y-cultural-de-poblenou-open-day\\\/#article\",\"isPartOf\":{\"@id\":\"https:\\\/\\\/poblenouurbandistrict.com\\\/toda-la-programacion-de-la-nave-wac-lab-valkiria-el-hub-creativo-y-cultural-de-poblenou-open-day\\\/\"},\"author\":{\"name\":\"pnud\",\"@id\":\"https:\\\/\\\/poblenouurbandistrict.com\\\/#\\\/schema\\\/person\\\/980a2cf34b399d5218205730acd54a7e\"},\"headline\":\"Consulta tota la programaci\u00f3 de la nau WAC Lab Valkiria, el hub creatiu i cultural del Poblenou Open Day\",\"datePublished\":\"2023-05-05T15:30:47+00:00\",\"dateModified\":\"2023-05-05T21:23:10+00:00\",\"mainEntityOfPage\":{\"@id\":\"https:\\\/\\\/poblenouurbandistrict.com\\\/toda-la-programacion-de-la-nave-wac-lab-valkiria-el-hub-creativo-y-cultural-de-poblenou-open-day\\\/\"},\"wordCount\":860,\"image\":{\"@id\":\"https:\\\/\\\/poblenouurbandistrict.com\\\/toda-la-programacion-de-la-nave-wac-lab-valkiria-el-hub-creativo-y-cultural-de-poblenou-open-day\\\/#primaryimage\"},\"thumbnailUrl\":\"https:\\\/\\\/media.poblenouurbandistrict.com\\\/2023\\\/04\\\/25062145\\\/whatsapp-image-2023-04-27-at-172810-1.jpeg\",\"articleSection\":[\"Poblenou Open Day\",\"WAC\"],\"inLanguage\":\"ca\"},{\"@type\":\"WebPage\",\"@id\":\"https:\\\/\\\/poblenouurbandistrict.com\\\/ca\\\/toda-la-programacion-de-la-nave-wac-lab-valkiria-el-hub-creativo-y-cultural-de-poblenou-open-day\\\/\",\"url\":\"https:\\\/\\\/poblenouurbandistrict.com\\\/ca\\\/toda-la-programacion-de-la-nave-wac-lab-valkiria-el-hub-creativo-y-cultural-de-poblenou-open-day\\\/\",\"name\":\"Consulta tota la programaci\u00f3 de la nau WAC Lab Valkiria, el hub creatiu i cultural del Poblenou Open Day &#8211; Poblenou Urban District\",\"isPartOf\":{\"@id\":\"https:\\\/\\\/poblenouurbandistrict.com\\\/ca\\\/#website\"},\"primaryImageOfPage\":{\"@id\":\"https:\\\/\\\/poblenouurbandistrict.com\\\/ca\\\/toda-la-programacion-de-la-nave-wac-lab-valkiria-el-hub-creativo-y-cultural-de-poblenou-open-day\\\/#primaryimage\"},\"image\":{\"@id\":\"https:\\\/\\\/poblenouurbandistrict.com\\\/toda-la-programacion-de-la-nave-wac-lab-valkiria-el-hub-creativo-y-cultural-de-poblenou-open-day\\\/#primaryimage\"},\"thumbnailUrl\":\"https:\\\/\\\/media.poblenouurbandistrict.com\\\/2023\\\/04\\\/25062145\\\/whatsapp-image-2023-04-27-at-172810-1.jpeg\",\"datePublished\":\"2023-05-05T15:30:47+00:00\",\"dateModified\":\"2023-05-05T21:23:10+00:00\",\"author\":{\"@id\":\"https:\\\/\\\/poblenouurbandistrict.com\\\/#\\\/schema\\\/person\\\/980a2cf34b399d5218205730acd54a7e\"},\"breadcrumb\":{\"@id\":\"https:\\\/\\\/poblenouurbandistrict.com\\\/ca\\\/toda-la-programacion-de-la-nave-wac-lab-valkiria-el-hub-creativo-y-cultural-de-poblenou-open-day\\\/#breadcrumb\"},\"inLanguage\":\"ca\",\"potentialAction\":[{\"@type\":\"ReadAction\",\"target\":[[\"https:\\\/\\\/poblenouurbandistrict.com\\\/ca\\\/toda-la-programacion-de-la-nave-wac-lab-valkiria-el-hub-creativo-y-cultural-de-poblenou-open-day\\\/\"]]}]},{\"@type\":\"ImageObject\",\"inLanguage\":\"ca\",\"@id\":\"https:\\\/\\\/poblenouurbandistrict.com\\\/ca\\\/toda-la-programacion-de-la-nave-wac-lab-valkiria-el-hub-creativo-y-cultural-de-poblenou-open-day\\\/#primaryimage\",\"url\":\"https:\\\/\\\/media.poblenouurbandistrict.com\\\/2023\\\/04\\\/25062145\\\/whatsapp-image-2023-04-27-at-172810-1.jpeg\",\"contentUrl\":\"https:\\\/\\\/media.poblenouurbandistrict.com\\\/2023\\\/04\\\/25062145\\\/whatsapp-image-2023-04-27-at-172810-1.jpeg\",\"width\":2048,\"height\":1536},{\"@type\":\"BreadcrumbList\",\"@id\":\"https:\\\/\\\/poblenouurbandistrict.com\\\/ca\\\/toda-la-programacion-de-la-nave-wac-lab-valkiria-el-hub-creativo-y-cultural-de-poblenou-open-day\\\/#breadcrumb\",\"itemListElement\":[{\"@type\":\"ListItem\",\"position\":1,\"name\":\"Home\",\"item\":\"https:\\\/\\\/poblenouurbandistrict.com\\\/ca\\\/\"},{\"@type\":\"ListItem\",\"position\":2,\"name\":\"Consulta tota la programaci\u00f3 de la nau WAC Lab Valkiria, el hub creatiu i cultural del Poblenou Open Day\"}]},{\"@type\":\"WebSite\",\"@id\":\"https:\\\/\\\/poblenouurbandistrict.com\\\/ca\\\/#website\",\"url\":\"https:\\\/\\\/poblenouurbandistrict.com\\\/ca\\\/\",\"name\":\"Poblenou Urban District\",\"description\":\"Comunitat Creativa\",\"potentialAction\":[{\"@type\":\"SearchAction\",\"target\":{\"@type\":\"EntryPoint\",\"urlTemplate\":\"https:\\\/\\\/poblenouurbandistrict.com\\\/ca\\\/?s={search_term_string}\"},\"query-input\":{\"@type\":\"PropertyValueSpecification\",\"valueRequired\":true,\"valueName\":\"search_term_string\"}}],\"inLanguage\":\"ca\"},{\"@type\":\"Person\",\"@id\":\"https:\\\/\\\/poblenouurbandistrict.com\\\/#\\\/schema\\\/person\\\/980a2cf34b399d5218205730acd54a7e\",\"name\":\"pnud\",\"image\":{\"@type\":\"ImageObject\",\"inLanguage\":\"ca\",\"@id\":\"https:\\\/\\\/secure.gravatar.com\\\/avatar\\\/67146597b405ee077a24e519f75c3e2031736596d6ce35af3a34c122c93d0d7b?s=96&d=retro&r=g\",\"url\":\"https:\\\/\\\/secure.gravatar.com\\\/avatar\\\/67146597b405ee077a24e519f75c3e2031736596d6ce35af3a34c122c93d0d7b?s=96&d=retro&r=g\",\"contentUrl\":\"https:\\\/\\\/secure.gravatar.com\\\/avatar\\\/67146597b405ee077a24e519f75c3e2031736596d6ce35af3a34c122c93d0d7b?s=96&d=retro&r=g\",\"caption\":\"pnud\"}}]}<\/script>\n<!-- \/ Yoast SEO plugin. -->","yoast_head_json":{"title":"Consulta tota la programaci\u00f3 de la nau WAC Lab Valkiria, el hub creatiu i cultural del Poblenou Open Day &#8211; Poblenou Urban District","robots":{"index":"index","follow":"follow","max-snippet":"max-snippet:-1","max-image-preview":"max-image-preview:large","max-video-preview":"max-video-preview:-1"},"canonical":"https:\/\/poblenouurbandistrict.com\/ca\/toda-la-programacion-de-la-nave-wac-lab-valkiria-el-hub-creativo-y-cultural-de-poblenou-open-day\/","og_locale":"ca_ES","og_type":"article","og_title":"Consulta tota la programaci\u00f3 de la nau WAC Lab Valkiria, el hub creatiu i cultural del Poblenou Open Day &#8211; Poblenou Urban District","og_description":"Est\u00e0s preparat per viure un Poblenou Open Day ple d&#8217;emocions? Vine a la Nau Wac Lab Valkiria, ubicada al carrer... M\u00e9s \u2192","og_url":"https:\/\/poblenouurbandistrict.com\/ca\/toda-la-programacion-de-la-nave-wac-lab-valkiria-el-hub-creativo-y-cultural-de-poblenou-open-day\/","og_site_name":"Poblenou Urban District","article_published_time":"2023-05-05T15:30:47+00:00","article_modified_time":"2023-05-05T21:23:10+00:00","og_image":[{"width":2048,"height":1536,"url":"https:\/\/poblenouurbandistrict.com\/wp-content\/uploads\/2023\/04\/whatsapp-image-2023-04-27-at-172810-1.jpeg","type":"image\/jpeg"}],"author":"pnud","twitter_card":"summary_large_image","twitter_misc":{"Escrit per":"pnud","Temps estimat de lectura":"3 minuts"},"schema":{"@context":"https:\/\/schema.org","@graph":[{"@type":"Article","@id":"https:\/\/poblenouurbandistrict.com\/toda-la-programacion-de-la-nave-wac-lab-valkiria-el-hub-creativo-y-cultural-de-poblenou-open-day\/#article","isPartOf":{"@id":"https:\/\/poblenouurbandistrict.com\/toda-la-programacion-de-la-nave-wac-lab-valkiria-el-hub-creativo-y-cultural-de-poblenou-open-day\/"},"author":{"name":"pnud","@id":"https:\/\/poblenouurbandistrict.com\/#\/schema\/person\/980a2cf34b399d5218205730acd54a7e"},"headline":"Consulta tota la programaci\u00f3 de la nau WAC Lab Valkiria, el hub creatiu i cultural del Poblenou Open Day","datePublished":"2023-05-05T15:30:47+00:00","dateModified":"2023-05-05T21:23:10+00:00","mainEntityOfPage":{"@id":"https:\/\/poblenouurbandistrict.com\/toda-la-programacion-de-la-nave-wac-lab-valkiria-el-hub-creativo-y-cultural-de-poblenou-open-day\/"},"wordCount":860,"image":{"@id":"https:\/\/poblenouurbandistrict.com\/toda-la-programacion-de-la-nave-wac-lab-valkiria-el-hub-creativo-y-cultural-de-poblenou-open-day\/#primaryimage"},"thumbnailUrl":"https:\/\/media.poblenouurbandistrict.com\/2023\/04\/25062145\/whatsapp-image-2023-04-27-at-172810-1.jpeg","articleSection":["Poblenou Open Day","WAC"],"inLanguage":"ca"},{"@type":"WebPage","@id":"https:\/\/poblenouurbandistrict.com\/ca\/toda-la-programacion-de-la-nave-wac-lab-valkiria-el-hub-creativo-y-cultural-de-poblenou-open-day\/","url":"https:\/\/poblenouurbandistrict.com\/ca\/toda-la-programacion-de-la-nave-wac-lab-valkiria-el-hub-creativo-y-cultural-de-poblenou-open-day\/","name":"Consulta tota la programaci\u00f3 de la nau WAC Lab Valkiria, el hub creatiu i cultural del Poblenou Open Day &#8211; Poblenou Urban District","isPartOf":{"@id":"https:\/\/poblenouurbandistrict.com\/ca\/#website"},"primaryImageOfPage":{"@id":"https:\/\/poblenouurbandistrict.com\/ca\/toda-la-programacion-de-la-nave-wac-lab-valkiria-el-hub-creativo-y-cultural-de-poblenou-open-day\/#primaryimage"},"image":{"@id":"https:\/\/poblenouurbandistrict.com\/toda-la-programacion-de-la-nave-wac-lab-valkiria-el-hub-creativo-y-cultural-de-poblenou-open-day\/#primaryimage"},"thumbnailUrl":"https:\/\/media.poblenouurbandistrict.com\/2023\/04\/25062145\/whatsapp-image-2023-04-27-at-172810-1.jpeg","datePublished":"2023-05-05T15:30:47+00:00","dateModified":"2023-05-05T21:23:10+00:00","author":{"@id":"https:\/\/poblenouurbandistrict.com\/#\/schema\/person\/980a2cf34b399d5218205730acd54a7e"},"breadcrumb":{"@id":"https:\/\/poblenouurbandistrict.com\/ca\/toda-la-programacion-de-la-nave-wac-lab-valkiria-el-hub-creativo-y-cultural-de-poblenou-open-day\/#breadcrumb"},"inLanguage":"ca","potentialAction":[{"@type":"ReadAction","target":[["https:\/\/poblenouurbandistrict.com\/ca\/toda-la-programacion-de-la-nave-wac-lab-valkiria-el-hub-creativo-y-cultural-de-poblenou-open-day\/"]]}]},{"@type":"ImageObject","inLanguage":"ca","@id":"https:\/\/poblenouurbandistrict.com\/ca\/toda-la-programacion-de-la-nave-wac-lab-valkiria-el-hub-creativo-y-cultural-de-poblenou-open-day\/#primaryimage","url":"https:\/\/media.poblenouurbandistrict.com\/2023\/04\/25062145\/whatsapp-image-2023-04-27-at-172810-1.jpeg","contentUrl":"https:\/\/media.poblenouurbandistrict.com\/2023\/04\/25062145\/whatsapp-image-2023-04-27-at-172810-1.jpeg","width":2048,"height":1536},{"@type":"BreadcrumbList","@id":"https:\/\/poblenouurbandistrict.com\/ca\/toda-la-programacion-de-la-nave-wac-lab-valkiria-el-hub-creativo-y-cultural-de-poblenou-open-day\/#breadcrumb","itemListElement":[{"@type":"ListItem","position":1,"name":"Home","item":"https:\/\/poblenouurbandistrict.com\/ca\/"},{"@type":"ListItem","position":2,"name":"Consulta tota la programaci\u00f3 de la nau WAC Lab Valkiria, el hub creatiu i cultural del Poblenou Open Day"}]},{"@type":"WebSite","@id":"https:\/\/poblenouurbandistrict.com\/ca\/#website","url":"https:\/\/poblenouurbandistrict.com\/ca\/","name":"Poblenou Urban District","description":"Comunitat Creativa","potentialAction":[{"@type":"SearchAction","target":{"@type":"EntryPoint","urlTemplate":"https:\/\/poblenouurbandistrict.com\/ca\/?s={search_term_string}"},"query-input":{"@type":"PropertyValueSpecification","valueRequired":true,"valueName":"search_term_string"}}],"inLanguage":"ca"},{"@type":"Person","@id":"https:\/\/poblenouurbandistrict.com\/#\/schema\/person\/980a2cf34b399d5218205730acd54a7e","name":"pnud","image":{"@type":"ImageObject","inLanguage":"ca","@id":"https:\/\/secure.gravatar.com\/avatar\/67146597b405ee077a24e519f75c3e2031736596d6ce35af3a34c122c93d0d7b?s=96&d=retro&r=g","url":"https:\/\/secure.gravatar.com\/avatar\/67146597b405ee077a24e519f75c3e2031736596d6ce35af3a34c122c93d0d7b?s=96&d=retro&r=g","contentUrl":"https:\/\/secure.gravatar.com\/avatar\/67146597b405ee077a24e519f75c3e2031736596d6ce35af3a34c122c93d0d7b?s=96&d=retro&r=g","caption":"pnud"}}]}},"_links":{"self":[{"href":"https:\/\/poblenouurbandistrict.com\/ca\/wp-json\/wp\/v2\/posts\/38674","targetHints":{"allow":["GET"]}}],"collection":[{"href":"https:\/\/poblenouurbandistrict.com\/ca\/wp-json\/wp\/v2\/posts"}],"about":[{"href":"https:\/\/poblenouurbandistrict.com\/ca\/wp-json\/wp\/v2\/types\/post"}],"author":[{"embeddable":true,"href":"https:\/\/poblenouurbandistrict.com\/ca\/wp-json\/wp\/v2\/users\/5"}],"replies":[{"embeddable":true,"href":"https:\/\/poblenouurbandistrict.com\/ca\/wp-json\/wp\/v2\/comments?post=38674"}],"version-history":[{"count":48,"href":"https:\/\/poblenouurbandistrict.com\/ca\/wp-json\/wp\/v2\/posts\/38674\/revisions"}],"predecessor-version":[{"id":39058,"href":"https:\/\/poblenouurbandistrict.com\/ca\/wp-json\/wp\/v2\/posts\/38674\/revisions\/39058"}],"wp:featuredmedia":[{"embeddable":true,"href":"https:\/\/poblenouurbandistrict.com\/ca\/wp-json\/wp\/v2\/media\/38686"}],"wp:attachment":[{"href":"https:\/\/poblenouurbandistrict.com\/ca\/wp-json\/wp\/v2\/media?parent=38674"}],"wp:term":[{"taxonomy":"category","embeddable":true,"href":"https:\/\/poblenouurbandistrict.com\/ca\/wp-json\/wp\/v2\/categories?post=38674"},{"taxonomy":"post_tag","embeddable":true,"href":"https:\/\/poblenouurbandistrict.com\/ca\/wp-json\/wp\/v2\/tags?post=38674"}],"curies":[{"name":"wp","href":"https:\/\/api.w.org\/{rel}","templated":true}]}}