{"id":38823,"date":"2023-05-03T19:40:18","date_gmt":"2023-05-03T17:40:18","guid":{"rendered":"https:\/\/poblenouurbandistrict.com\/?p=38823"},"modified":"2023-05-04T13:16:05","modified_gmt":"2023-05-04T11:16:05","slug":"talk-2-frontera-artificial-1","status":"publish","type":"post","link":"https:\/\/poblenouurbandistrict.com\/ca\/talk-2-frontera-artificial-1\/","title":{"rendered":"TALK #2 \u201cFrontera artificial\u201d | 4 de maig al Disseny Hub"},"content":{"rendered":"<p>Poblenou Urban District, <a href=\"http:\/\/laplataformabcn.com\/laplataformabcn.html\">La Plataforma<\/a> i <a href=\"https:\/\/litwstudio.com\/case-study\/esci-upf\/\">Life In The Woods<\/a> organitzen el 4 de maig, la 6a edici\u00f3 de les <a href=\"https:\/\/poblenouurbandistrict.com\/ca\/urban-talks-6\/\">Urban Talks<\/a> a l\u2019auditori del\u00a0<a href=\"https:\/\/ajuntament.barcelona.cat\/museudeldisseny\/ca\">Disseny Hub<\/a>, de 17 h a 20 h. Enguany, el tema \u00e9s &#8220;Frontera Artificial: IA, Art i Creativitat\u201d per debatre sobre la intel\u00b7lig\u00e8ncia artificial en els camps de l\u2019art i la creativitat.<\/p>\n<p>Frankie Piz\u00e1, Chief Creative Officer (CCO) &amp; Co-founder de <a href=\"https:\/\/www.guzzu.io\/\">GUZZU<\/a>, moderar\u00e0 la xerrada amb la finalitat de reflexionar sobre si ens trobem davant d&#8217;una nova frontera en la nostra comprensi\u00f3 del que \u00e9s, com funciona i com es valora l&#8217;art contemporani.<\/p>\n<h3><b>TALK #2:\u00a0<\/b>\u201cFrontera artificial\u201d<\/h3>\n<p>M\u00e9s r\u00e0pid o m\u00e9s nou? M\u00e9s variables o nous camins? M\u00e9s reproductibilitat o nous horitzons? Des de l\u2019esclat dels sistemes d\u2019IA, el futur de molts professionals del disseny i de l\u2019art contemporani ha canviat, i no precisament perqu\u00e8 aquestes eines amplien seva creativitat o efici\u00e8ncia, sin\u00f3 perqu\u00e8 es comencen a intuir canvis profunds, de la pr\u00e0ctica m\u00e9s rutin\u00e0ria a la m\u00e9s exclusiva i diferenciadora.<\/p>\n<p>Participants TALK #2: Pots llegir m\u00e9s sobre ells <a href=\"https:\/\/poblenouurbandistrict.com\/ca\/coneix-els-ponents-de-les-6-urban-talks\/\">aqu\u00ed<\/a>.<\/p>\n<ul>\n<li><span style=\"font-weight: 400;\">Sa\u00fal Baeza (Director Creativo)<\/span><\/li>\n<li><span style=\"font-weight: 400;\">Cristina Checa (<a href=\"https:\/\/www.instagram.com\/desertgrup\/?hl=es\">Desert<\/a>\/Guzzu)<\/span><\/li>\n<li><span style=\"font-weight: 400;\">Sebastian Soriano\u00a0 (Cofundador <a href=\"https:\/\/www.lowkeymoves.com\/\">Low Key Moves<\/a>)<\/span><\/li>\n<\/ul>\n<h4 style=\"text-align: center;\">Segueix les Urban Talks en streaming a trav\u00e9s del nostre <a href=\"https:\/\/www.youtube.com\/channel\/UCyVb54OCWKmehErJQbsO7Gw\">canal de Youtube<\/a>\u00a0i\u00a0<a href=\"https:\/\/www.instagram.com\/poblenouud\/\">perfil d\u2019Instagram<\/a><\/h4>\n<hr \/>\n<h5><strong><span style=\"color: #808080;\">INFORMACI\u00d3 ADDICIONAL<\/span><\/strong><\/h5>\n<ul>\n<li><span style=\"color: #808080;\"><strong>Dia:<\/strong>\u00a04 de maig de 2023<\/span><\/li>\n<li><span style=\"color: #808080;\"><strong>Horari:<\/strong> 18.30 h<\/span><\/li>\n<li><span style=\"color: #808080;\"><strong>Lloc:<\/strong>\u00a0Disseny Hub Barcelona (Auditori)\u00a0<\/span><\/li>\n<li><span style=\"color: #808080;\"><strong>Transport:<\/strong>\u00a0Metro: Gl\u00f2ries (L\u00ednia 1) \/ Clot (L\u00ednia 2) \/ Monumental (L\u00ednia 2) | Tram: Gl\u00f2ries (L\u00ednies T4, T5 i T6) | Bus: H12, 92, 192<\/span><\/li>\n<li><span style=\"color: #808080;\"><strong>Adre\u00e7a:<\/strong>\u00a0Pl. de les Gl\u00f2ries Catalanes, 37 \u2013 38, 08018 Barcelona<\/span><\/li>\n<li><span style=\"color: #808080;\"><strong>Entrada:<\/strong>\u00a0Gratu\u00efta<\/span><\/li>\n<li><span style=\"color: #808080;\"><strong>Idiomes:<\/strong>\u00a0Castell\u00e0<\/span><\/li>\n<\/ul>\n<p><\/p>","protected":false},"excerpt":{"rendered":"<p>Poblenou Urban District, La Plataforma i Life In The Woods organitzen el 4 de maig, la 6a edici\u00f3 de les&#8230; <a href=\"https:\/\/poblenouurbandistrict.com\/ca\/talk-2-frontera-artificial-1\/\">M\u00e9s  \u2192<\/a><\/p>\n","protected":false},"author":5,"featured_media":38821,"comment_status":"closed","ping_status":"closed","sticky":false,"template":"","format":"standard","meta":{"_acf_changed":false,"footnotes":""},"categories":[3429],"tags":[],"class_list":["post-38823","post","type-post","status-publish","format-standard","has-post-thumbnail","hentry","category-urban-talks"],"acf":[],"yoast_head":"<!-- This site is optimized with the Yoast SEO plugin v27.4 - https:\/\/yoast.com\/product\/yoast-seo-wordpress\/ -->\n<title>TALK #2 \u201cFrontera artificial\u201d | 4 de maig al Disseny Hub &#8211; Poblenou Urban District<\/title>\n<meta name=\"robots\" content=\"index, follow, max-snippet:-1, max-image-preview:large, max-video-preview:-1\" \/>\n<link rel=\"canonical\" href=\"https:\/\/poblenouurbandistrict.com\/ca\/talk-2-frontera-artificial-1\/\" \/>\n<meta property=\"og:locale\" content=\"ca_ES\" \/>\n<meta property=\"og:type\" content=\"article\" \/>\n<meta property=\"og:title\" content=\"TALK #2 \u201cFrontera artificial\u201d | 4 de maig al Disseny Hub &#8211; Poblenou Urban District\" \/>\n<meta property=\"og:description\" content=\"Poblenou Urban District, La Plataforma i Life In The Woods organitzen el 4 de maig, la 6a edici\u00f3 de les... M\u00e9s \u2192\" \/>\n<meta property=\"og:url\" content=\"https:\/\/poblenouurbandistrict.com\/ca\/talk-2-frontera-artificial-1\/\" \/>\n<meta property=\"og:site_name\" content=\"Poblenou Urban District\" \/>\n<meta property=\"article:published_time\" content=\"2023-05-03T17:40:18+00:00\" \/>\n<meta property=\"article:modified_time\" content=\"2023-05-04T11:16:05+00:00\" \/>\n<meta property=\"og:image\" content=\"https:\/\/poblenouurbandistrict.com\/wp-content\/uploads\/2023\/05\/ut-web-690x4302-1.jpg\" \/>\n\t<meta property=\"og:image:width\" content=\"920\" \/>\n\t<meta property=\"og:image:height\" content=\"573\" \/>\n\t<meta property=\"og:image:type\" content=\"image\/jpeg\" \/>\n<meta name=\"author\" content=\"pnud\" \/>\n<meta name=\"twitter:card\" content=\"summary_large_image\" \/>\n<meta name=\"twitter:label1\" content=\"Escrit per\" \/>\n\t<meta name=\"twitter:data1\" content=\"pnud\" \/>\n\t<meta name=\"twitter:label2\" content=\"Temps estimat de lectura\" \/>\n\t<meta name=\"twitter:data2\" content=\"2 minuts\" \/>\n<script type=\"application\/ld+json\" class=\"yoast-schema-graph\">{\"@context\":\"https:\\\/\\\/schema.org\",\"@graph\":[{\"@type\":\"Article\",\"@id\":\"https:\\\/\\\/poblenouurbandistrict.com\\\/talk-2-frontera-artificial-1\\\/#article\",\"isPartOf\":{\"@id\":\"https:\\\/\\\/poblenouurbandistrict.com\\\/talk-2-frontera-artificial-1\\\/\"},\"author\":{\"name\":\"pnud\",\"@id\":\"https:\\\/\\\/poblenouurbandistrict.com\\\/#\\\/schema\\\/person\\\/980a2cf34b399d5218205730acd54a7e\"},\"headline\":\"TALK #2 \u201cFrontera artificial\u201d | 4 de maig al Disseny Hub\",\"datePublished\":\"2023-05-03T17:40:18+00:00\",\"dateModified\":\"2023-05-04T11:16:05+00:00\",\"mainEntityOfPage\":{\"@id\":\"https:\\\/\\\/poblenouurbandistrict.com\\\/talk-2-frontera-artificial-1\\\/\"},\"wordCount\":604,\"image\":{\"@id\":\"https:\\\/\\\/poblenouurbandistrict.com\\\/talk-2-frontera-artificial-1\\\/#primaryimage\"},\"thumbnailUrl\":\"https:\\\/\\\/media.poblenouurbandistrict.com\\\/2023\\\/05\\\/25062239\\\/ut-web-690x4302-1.jpg\",\"articleSection\":[\"Urban Talks\"],\"inLanguage\":\"ca\"},{\"@type\":\"WebPage\",\"@id\":\"https:\\\/\\\/poblenouurbandistrict.com\\\/ca\\\/talk-2-frontera-artificial-1\\\/\",\"url\":\"https:\\\/\\\/poblenouurbandistrict.com\\\/ca\\\/talk-2-frontera-artificial-1\\\/\",\"name\":\"TALK #2 \u201cFrontera artificial\u201d | 4 de maig al Disseny Hub &#8211; Poblenou Urban District\",\"isPartOf\":{\"@id\":\"https:\\\/\\\/poblenouurbandistrict.com\\\/ca\\\/#website\"},\"primaryImageOfPage\":{\"@id\":\"https:\\\/\\\/poblenouurbandistrict.com\\\/ca\\\/talk-2-frontera-artificial-1\\\/#primaryimage\"},\"image\":{\"@id\":\"https:\\\/\\\/poblenouurbandistrict.com\\\/talk-2-frontera-artificial-1\\\/#primaryimage\"},\"thumbnailUrl\":\"https:\\\/\\\/media.poblenouurbandistrict.com\\\/2023\\\/05\\\/25062239\\\/ut-web-690x4302-1.jpg\",\"datePublished\":\"2023-05-03T17:40:18+00:00\",\"dateModified\":\"2023-05-04T11:16:05+00:00\",\"author\":{\"@id\":\"https:\\\/\\\/poblenouurbandistrict.com\\\/#\\\/schema\\\/person\\\/980a2cf34b399d5218205730acd54a7e\"},\"breadcrumb\":{\"@id\":\"https:\\\/\\\/poblenouurbandistrict.com\\\/ca\\\/talk-2-frontera-artificial-1\\\/#breadcrumb\"},\"inLanguage\":\"ca\",\"potentialAction\":[{\"@type\":\"ReadAction\",\"target\":[[\"https:\\\/\\\/poblenouurbandistrict.com\\\/ca\\\/talk-2-frontera-artificial-1\\\/\"]]}]},{\"@type\":\"ImageObject\",\"inLanguage\":\"ca\",\"@id\":\"https:\\\/\\\/poblenouurbandistrict.com\\\/ca\\\/talk-2-frontera-artificial-1\\\/#primaryimage\",\"url\":\"https:\\\/\\\/media.poblenouurbandistrict.com\\\/2023\\\/05\\\/25062239\\\/ut-web-690x4302-1.jpg\",\"contentUrl\":\"https:\\\/\\\/media.poblenouurbandistrict.com\\\/2023\\\/05\\\/25062239\\\/ut-web-690x4302-1.jpg\",\"width\":920,\"height\":573},{\"@type\":\"BreadcrumbList\",\"@id\":\"https:\\\/\\\/poblenouurbandistrict.com\\\/ca\\\/talk-2-frontera-artificial-1\\\/#breadcrumb\",\"itemListElement\":[{\"@type\":\"ListItem\",\"position\":1,\"name\":\"Home\",\"item\":\"https:\\\/\\\/poblenouurbandistrict.com\\\/ca\\\/\"},{\"@type\":\"ListItem\",\"position\":2,\"name\":\"TALK #2 \u201cFrontera artificial\u201d | 4 de maig al Disseny Hub\"}]},{\"@type\":\"WebSite\",\"@id\":\"https:\\\/\\\/poblenouurbandistrict.com\\\/ca\\\/#website\",\"url\":\"https:\\\/\\\/poblenouurbandistrict.com\\\/ca\\\/\",\"name\":\"Poblenou Urban District\",\"description\":\"Comunitat Creativa\",\"potentialAction\":[{\"@type\":\"SearchAction\",\"target\":{\"@type\":\"EntryPoint\",\"urlTemplate\":\"https:\\\/\\\/poblenouurbandistrict.com\\\/ca\\\/?s={search_term_string}\"},\"query-input\":{\"@type\":\"PropertyValueSpecification\",\"valueRequired\":true,\"valueName\":\"search_term_string\"}}],\"inLanguage\":\"ca\"},{\"@type\":\"Person\",\"@id\":\"https:\\\/\\\/poblenouurbandistrict.com\\\/#\\\/schema\\\/person\\\/980a2cf34b399d5218205730acd54a7e\",\"name\":\"pnud\",\"image\":{\"@type\":\"ImageObject\",\"inLanguage\":\"ca\",\"@id\":\"https:\\\/\\\/secure.gravatar.com\\\/avatar\\\/67146597b405ee077a24e519f75c3e2031736596d6ce35af3a34c122c93d0d7b?s=96&d=retro&r=g\",\"url\":\"https:\\\/\\\/secure.gravatar.com\\\/avatar\\\/67146597b405ee077a24e519f75c3e2031736596d6ce35af3a34c122c93d0d7b?s=96&d=retro&r=g\",\"contentUrl\":\"https:\\\/\\\/secure.gravatar.com\\\/avatar\\\/67146597b405ee077a24e519f75c3e2031736596d6ce35af3a34c122c93d0d7b?s=96&d=retro&r=g\",\"caption\":\"pnud\"}}]}<\/script>\n<!-- \/ Yoast SEO plugin. -->","yoast_head_json":{"title":"TALK #2 \u201cFrontera artificial\u201d | 4 de maig al Disseny Hub &#8211; Poblenou Urban District","robots":{"index":"index","follow":"follow","max-snippet":"max-snippet:-1","max-image-preview":"max-image-preview:large","max-video-preview":"max-video-preview:-1"},"canonical":"https:\/\/poblenouurbandistrict.com\/ca\/talk-2-frontera-artificial-1\/","og_locale":"ca_ES","og_type":"article","og_title":"TALK #2 \u201cFrontera artificial\u201d | 4 de maig al Disseny Hub &#8211; Poblenou Urban District","og_description":"Poblenou Urban District, La Plataforma i Life In The Woods organitzen el 4 de maig, la 6a edici\u00f3 de les... M\u00e9s \u2192","og_url":"https:\/\/poblenouurbandistrict.com\/ca\/talk-2-frontera-artificial-1\/","og_site_name":"Poblenou Urban District","article_published_time":"2023-05-03T17:40:18+00:00","article_modified_time":"2023-05-04T11:16:05+00:00","og_image":[{"width":920,"height":573,"url":"https:\/\/poblenouurbandistrict.com\/wp-content\/uploads\/2023\/05\/ut-web-690x4302-1.jpg","type":"image\/jpeg"}],"author":"pnud","twitter_card":"summary_large_image","twitter_misc":{"Escrit per":"pnud","Temps estimat de lectura":"2 minuts"},"schema":{"@context":"https:\/\/schema.org","@graph":[{"@type":"Article","@id":"https:\/\/poblenouurbandistrict.com\/talk-2-frontera-artificial-1\/#article","isPartOf":{"@id":"https:\/\/poblenouurbandistrict.com\/talk-2-frontera-artificial-1\/"},"author":{"name":"pnud","@id":"https:\/\/poblenouurbandistrict.com\/#\/schema\/person\/980a2cf34b399d5218205730acd54a7e"},"headline":"TALK #2 \u201cFrontera artificial\u201d | 4 de maig al Disseny Hub","datePublished":"2023-05-03T17:40:18+00:00","dateModified":"2023-05-04T11:16:05+00:00","mainEntityOfPage":{"@id":"https:\/\/poblenouurbandistrict.com\/talk-2-frontera-artificial-1\/"},"wordCount":604,"image":{"@id":"https:\/\/poblenouurbandistrict.com\/talk-2-frontera-artificial-1\/#primaryimage"},"thumbnailUrl":"https:\/\/media.poblenouurbandistrict.com\/2023\/05\/25062239\/ut-web-690x4302-1.jpg","articleSection":["Urban Talks"],"inLanguage":"ca"},{"@type":"WebPage","@id":"https:\/\/poblenouurbandistrict.com\/ca\/talk-2-frontera-artificial-1\/","url":"https:\/\/poblenouurbandistrict.com\/ca\/talk-2-frontera-artificial-1\/","name":"TALK #2 \u201cFrontera artificial\u201d | 4 de maig al Disseny Hub &#8211; Poblenou Urban District","isPartOf":{"@id":"https:\/\/poblenouurbandistrict.com\/ca\/#website"},"primaryImageOfPage":{"@id":"https:\/\/poblenouurbandistrict.com\/ca\/talk-2-frontera-artificial-1\/#primaryimage"},"image":{"@id":"https:\/\/poblenouurbandistrict.com\/talk-2-frontera-artificial-1\/#primaryimage"},"thumbnailUrl":"https:\/\/media.poblenouurbandistrict.com\/2023\/05\/25062239\/ut-web-690x4302-1.jpg","datePublished":"2023-05-03T17:40:18+00:00","dateModified":"2023-05-04T11:16:05+00:00","author":{"@id":"https:\/\/poblenouurbandistrict.com\/#\/schema\/person\/980a2cf34b399d5218205730acd54a7e"},"breadcrumb":{"@id":"https:\/\/poblenouurbandistrict.com\/ca\/talk-2-frontera-artificial-1\/#breadcrumb"},"inLanguage":"ca","potentialAction":[{"@type":"ReadAction","target":[["https:\/\/poblenouurbandistrict.com\/ca\/talk-2-frontera-artificial-1\/"]]}]},{"@type":"ImageObject","inLanguage":"ca","@id":"https:\/\/poblenouurbandistrict.com\/ca\/talk-2-frontera-artificial-1\/#primaryimage","url":"https:\/\/media.poblenouurbandistrict.com\/2023\/05\/25062239\/ut-web-690x4302-1.jpg","contentUrl":"https:\/\/media.poblenouurbandistrict.com\/2023\/05\/25062239\/ut-web-690x4302-1.jpg","width":920,"height":573},{"@type":"BreadcrumbList","@id":"https:\/\/poblenouurbandistrict.com\/ca\/talk-2-frontera-artificial-1\/#breadcrumb","itemListElement":[{"@type":"ListItem","position":1,"name":"Home","item":"https:\/\/poblenouurbandistrict.com\/ca\/"},{"@type":"ListItem","position":2,"name":"TALK #2 \u201cFrontera artificial\u201d | 4 de maig al Disseny Hub"}]},{"@type":"WebSite","@id":"https:\/\/poblenouurbandistrict.com\/ca\/#website","url":"https:\/\/poblenouurbandistrict.com\/ca\/","name":"Poblenou Urban District","description":"Comunitat Creativa","potentialAction":[{"@type":"SearchAction","target":{"@type":"EntryPoint","urlTemplate":"https:\/\/poblenouurbandistrict.com\/ca\/?s={search_term_string}"},"query-input":{"@type":"PropertyValueSpecification","valueRequired":true,"valueName":"search_term_string"}}],"inLanguage":"ca"},{"@type":"Person","@id":"https:\/\/poblenouurbandistrict.com\/#\/schema\/person\/980a2cf34b399d5218205730acd54a7e","name":"pnud","image":{"@type":"ImageObject","inLanguage":"ca","@id":"https:\/\/secure.gravatar.com\/avatar\/67146597b405ee077a24e519f75c3e2031736596d6ce35af3a34c122c93d0d7b?s=96&d=retro&r=g","url":"https:\/\/secure.gravatar.com\/avatar\/67146597b405ee077a24e519f75c3e2031736596d6ce35af3a34c122c93d0d7b?s=96&d=retro&r=g","contentUrl":"https:\/\/secure.gravatar.com\/avatar\/67146597b405ee077a24e519f75c3e2031736596d6ce35af3a34c122c93d0d7b?s=96&d=retro&r=g","caption":"pnud"}}]}},"_links":{"self":[{"href":"https:\/\/poblenouurbandistrict.com\/ca\/wp-json\/wp\/v2\/posts\/38823","targetHints":{"allow":["GET"]}}],"collection":[{"href":"https:\/\/poblenouurbandistrict.com\/ca\/wp-json\/wp\/v2\/posts"}],"about":[{"href":"https:\/\/poblenouurbandistrict.com\/ca\/wp-json\/wp\/v2\/types\/post"}],"author":[{"embeddable":true,"href":"https:\/\/poblenouurbandistrict.com\/ca\/wp-json\/wp\/v2\/users\/5"}],"replies":[{"embeddable":true,"href":"https:\/\/poblenouurbandistrict.com\/ca\/wp-json\/wp\/v2\/comments?post=38823"}],"version-history":[{"count":19,"href":"https:\/\/poblenouurbandistrict.com\/ca\/wp-json\/wp\/v2\/posts\/38823\/revisions"}],"predecessor-version":[{"id":38921,"href":"https:\/\/poblenouurbandistrict.com\/ca\/wp-json\/wp\/v2\/posts\/38823\/revisions\/38921"}],"wp:featuredmedia":[{"embeddable":true,"href":"https:\/\/poblenouurbandistrict.com\/ca\/wp-json\/wp\/v2\/media\/38821"}],"wp:attachment":[{"href":"https:\/\/poblenouurbandistrict.com\/ca\/wp-json\/wp\/v2\/media?parent=38823"}],"wp:term":[{"taxonomy":"category","embeddable":true,"href":"https:\/\/poblenouurbandistrict.com\/ca\/wp-json\/wp\/v2\/categories?post=38823"},{"taxonomy":"post_tag","embeddable":true,"href":"https:\/\/poblenouurbandistrict.com\/ca\/wp-json\/wp\/v2\/tags?post=38823"}],"curies":[{"name":"wp","href":"https:\/\/api.w.org\/{rel}","templated":true}]}}