{"id":38956,"date":"2023-05-05T17:04:42","date_gmt":"2023-05-05T15:04:42","guid":{"rendered":"https:\/\/poblenouurbandistrict.com\/?p=38956"},"modified":"2023-05-05T23:26:53","modified_gmt":"2023-05-05T21:26:53","slug":"aquestes-son-les-localitzacions-del-windows-art-circuit","status":"publish","type":"post","link":"https:\/\/poblenouurbandistrict.com\/ca\/aquestes-son-les-localitzacions-del-windows-art-circuit\/","title":{"rendered":"Aquestes s\u00f3n les localitzacions de la 8a edici\u00f3 del Windows Art Circuit"},"content":{"rendered":"<p><span style=\"color: #333333;\">El <a href=\"https:\/\/poblenouurbandistrict.com\/ca\/windows-art-circuit\/\">Windows Art Circuit \/ WAC<\/a> est\u00e0 de tornada! El pr\u00f2xim 6 de maig, en el marc del <a style=\"color: #333333;\" href=\"https:\/\/poblenouurbandistrict.com\/es\/open-day\/\">Poblenou Open Day<\/a>,<\/span> descobreix les propostes d&#8217;una quarantena d&#8217;artistes que intervindran en directe diferents localitzacions del Districte Creatiu de Barcelona. L&#8217;objectiu \u00e9s construir un circuit d&#8217;art ef\u00edmer, reclamar els carrers com espai p\u00fablic, recuperar zones en des\u00fas com a \u00e0rees de gran valor cultural i permetre al p\u00fablic experimentar el proc\u00e9s complet de creaci\u00f3 sobre suports no convencionals.<\/p>\n<p>Un Jurat format per professionals del sector creatiu, galeristes d&#8217;art i dinamitzadors culturals (coneix <a href=\"https:\/\/poblenouurbandistrict.com\/ca\/presentem-els-membres-del-jurat-de-la-8a-edicio-del-windows-art-circuit\/\">aqu\u00ed<\/a> els membres) ha estat l&#8217;encarregat de seleccionar, d&#8217;entre m\u00e9s de 130 propostes, els artistes que finalment participaran en la 8a edici\u00f3 del WAC.<\/p>\n<p>La <a href=\"https:\/\/poblenouurbandistrict.com\/ca\/nau-wac-lab-el-hub-creatiu-i-cultural-del-poblenou-open-day\/\"><strong>nau WAC Lab Valkiria<\/strong><\/a><strong>,<\/strong> ubicada al carrer Puigcerd\u00e0, 77, ser\u00e0 un punt de trobada destacat dins de la programaci\u00f3 del Windows Art Circuit. De fet, la joia de la corona seran les intervencions murals i l&#8217;exposici\u00f3 col\u00b7lectiva de diferents artistes que experimentaran amb noves t\u00e8cniques i materials. Tota aquesta proposta creativa conviur\u00e0 amb sessions de DJ&#8217;s, Art Corner, gastronomia, tallers, xerrades, i moltes m\u00e9s sorpreses.<\/p>\n<p>Els artistes de la nau s\u00f3n: <a href=\"https:\/\/www.instagram.com\/abbpainting\/\">Alessandra B-B<\/a>, <a href=\"https:\/\/www.instagram.com\/asispercales\/?hl=es\">Asis Percales<\/a>, <a href=\"https:\/\/www.instagram.com\/creto.ums\/\">Creto<\/a>, <a href=\"https:\/\/www.instagram.com\/daanajey\/\">Dana Jey<\/a>, <a href=\"https:\/\/www.instagram.com\/dominiart\/\">Domini<\/a>, <a href=\"https:\/\/www.instagram.com\/eldiosdelostres\/\">El Dios de los tres<\/a>, <a href=\"https:\/\/www.instagram.com\/emma.ll.palacio\/\">Emma Ll. Palacio<\/a>, <a href=\"https:\/\/www.instagram.com\/eva___alonso\/\">Eva Alonso<\/a>, <a href=\"https:\/\/www.instagram.com\/evamik_\/\">Evamik<\/a>, <a href=\"https:\/\/www.instagram.com\/fernandoloyol\/\">Fernando Loyola<\/a>, <a href=\"https:\/\/www.instagram.com\/freisari\/\">Freisari<\/a>, <a href=\"https:\/\/www.instagram.com\/geco.gec0\/\">Geco<\/a>, <a href=\"https:\/\/www.instagram.com\/lepetitmutant\/\">Le Petit Mutant<\/a>, <a href=\"https:\/\/www.instagram.com\/lulari.design\/\">Lulari<\/a>, <a href=\"https:\/\/www.instagram.com\/marcospeinadoart\/\">Marcos Peinado<\/a>, <a href=\"https:\/\/www.instagram.com\/margalef.co\/\">Margalef<\/a>, <a href=\"https:\/\/www.instagram.com\/marzia.mz\/\">Marzia.MZ<\/a>, <a href=\"https:\/\/www.instagram.com\/watercolor_by_mykola\/\">Mykola<\/a>, <a href=\"https:\/\/www.instagram.com\/noquedatinte\/\">No Queda Tinte<\/a>, <a href=\"https:\/\/www.instagram.com\/pol_pinto\/\">Pol Pint\u00f3<\/a>, <a href=\"https:\/\/www.instagram.com\/ramon_paris_ilustrador\/\">Ram\u00f3n Paris<\/a>, <a href=\"https:\/\/www.instagram.com\/holasejal\/\">Sejal Parekh<\/a>, <a href=\"https:\/\/www.instagram.com\/art.silviabardani\/\">Silvia Bardani<\/a>, <a href=\"https:\/\/www.instagram.com\/studio.arde\/\">Studio Arde<\/a>, <a href=\"https:\/\/www.instagram.com\/vitamyna_caricaturista\/\">Vitamyna caricaturista<\/a>, <a href=\"http:\/\/www.instagram.com\/vito_thiel\">Vito Thiel<\/a>, <a href=\"https:\/\/www.instagram.com\/everythinghasbeauty_bcn\/\">Yaiza Hern\u00e1ndez<\/a> y <a href=\"http:\/\/www.instagram.com\/dragoncaballo\">Yoshihito Suzuki<\/a>.<\/p>\n<p><strong>La Fa\u00e7ana<\/strong> ser\u00e0 un altre punt de trobada on l&#8217;artista <a href=\"https:\/\/www.instagram.com\/aleix_font_arroyo\/\">Aleix Font Arroyo a.k.a Rata Con Corbata<\/a> intervindr\u00e0 amb la seva obra al mur del carrer \u00c0vila, 75. Just al costat hi ha <strong>El Lateral<\/strong>, on intervindran <a href=\"https:\/\/www.instagram.com\/theartofcane\/\">Cane<\/a>, <span style=\"color: #333333;\"><span style=\"font-weight: 400;\"><a href=\"https:\/\/www.instagram.com\/lisalisabcn\/\">Lisa Rubin<\/a>, <\/span><\/span><a href=\"https:\/\/www.instagram.com\/plain.jein\/\">Plain Jein<\/a> i <a href=\"https:\/\/www.instagram.com\/27lletres\/\">27 lletres<\/a>. Aquest espai neix com un reclam d&#8217;aquells edificis que al seu dia van tenir activitat industrial, per\u00f2 que actualment es troben en des\u00fas i es poden convertir en un gran llen\u00e7.<\/p>\n<p>Les altres ubicacions on trobar intervencions murals s\u00f3n:<\/p>\n<p><span style=\"color: #333333;\"><a href=\"https:\/\/www.instagram.com\/wearecacho\/\"> <strong>Cacho<\/strong><\/a> amb <a href=\"https:\/\/www.instagram.com\/muchacha_pinta\/\">Muchacha Pinta<\/a> \u00b7 <a href=\"https:\/\/www.instagram.com\/hiltondiagonalmarbcn\/\"><strong>Hilton Diagonal Mar Barcelona<\/strong><\/a> amb <a href=\"http:\/\/www.instagram.com\/silviaospina.art\">Silvia Ospina<\/a> \u00b7 <a href=\"https:\/\/www.instagram.com\/ibisstylesbarcelonacity\/\"><strong>IBIS Styles Barcelona City Bogatell<\/strong><\/a> amb <a href=\"http:\/\/www.instagram.com\/osokina.tattoo\">Daria Osokina<\/a> \u00b7 <a href=\"https:\/\/www.instagram.com\/bcnprincess\/\"><strong>Hotel Princess Barcelona<\/strong><\/a> amb <a href=\"https:\/\/www.instagram.com\/_silpic_\/\">Silpic<\/a> \u00b7 <a href=\"https:\/\/www.instagram.com\/apartostudentspain\/\"><strong>Aparto Pallars Barcelona<\/strong><\/a> amb <a href=\"http:\/\/www.instagram.com\/aleix_font_arroyo\">Rata Con Corbata<\/a> i <a href=\"https:\/\/www.instagram.com\/dominiart\/\">Domini<\/a> \u00b7 <a href=\"https:\/\/www.instagram.com\/indissoluble_\/\"><strong>Indissoluble<\/strong><\/a> amb <a href=\"http:\/\/www.instagram.com\/malpegados\">Malpegados<\/a> \u00b7 <strong>Invermick<\/strong> amb <a href=\"https:\/\/www.instagram.com\/alessiainart\/\">Alessia Innocenti<\/a><\/span><\/p>\n<p>I no oblidis que tamb\u00e9 hi haur\u00e0 tallers organitzats per:<\/p>\n<p><a href=\"https:\/\/www.instagram.com\/emma.ll.palacio\/\">Emma Ll. Palacio<\/a> \u00b7 <a href=\"https:\/\/www.instagram.com\/studio.arde\/\">STUDIO ARDE<\/a> \u00b7 <a href=\"https:\/\/www.instagram.com\/marzia.mz\/\">Marzia de Domenici<\/a> \u00b7 <a href=\"https:\/\/www.instagram.com\/ramon_paris_ilustrador\/\">Ram\u00f3n Paris<\/a> \u00b7\u00a0<strong><a href=\"https:\/\/www.instagram.com\/esirmaborges\/\">Irma Borges<\/a> \u00b7 <\/strong><a href=\"https:\/\/www.instagram.com\/noquedatinte\/\">Marina Salazar<\/a> \u00b7 <a href=\"http:\/\/www.instagram.com\/tallerdelsedus\">Taller dels Edus<\/a><\/p>","protected":false},"excerpt":{"rendered":"<p>El Windows Art Circuit \/ WAC est\u00e0 de tornada! El pr\u00f2xim 6 de maig, en el marc del Poblenou Open&#8230; <a href=\"https:\/\/poblenouurbandistrict.com\/ca\/aquestes-son-les-localitzacions-del-windows-art-circuit\/\">M\u00e9s  \u2192<\/a><\/p>\n","protected":false},"author":5,"featured_media":38994,"comment_status":"closed","ping_status":"closed","sticky":false,"template":"","format":"standard","meta":{"_acf_changed":false,"footnotes":""},"categories":[3567,3558],"tags":[],"class_list":["post-38956","post","type-post","status-publish","format-standard","has-post-thumbnail","hentry","category-poblenou-open-day-2","category-wac"],"acf":[],"yoast_head":"<!-- This site is optimized with the Yoast SEO plugin v27.5 - https:\/\/yoast.com\/product\/yoast-seo-wordpress\/ -->\n<title>Aquestes s\u00f3n les localitzacions de la 8a edici\u00f3 del Windows Art Circuit &#8211; Poblenou Urban District<\/title>\n<meta name=\"robots\" content=\"index, follow, max-snippet:-1, max-image-preview:large, max-video-preview:-1\" \/>\n<link rel=\"canonical\" href=\"https:\/\/poblenouurbandistrict.com\/ca\/aquestes-son-les-localitzacions-del-windows-art-circuit\/\" \/>\n<meta property=\"og:locale\" content=\"ca_ES\" \/>\n<meta property=\"og:type\" content=\"article\" \/>\n<meta property=\"og:title\" content=\"Aquestes s\u00f3n les localitzacions de la 8a edici\u00f3 del Windows Art Circuit &#8211; Poblenou Urban District\" \/>\n<meta property=\"og:description\" content=\"El Windows Art Circuit \/ WAC est\u00e0 de tornada! El pr\u00f2xim 6 de maig, en el marc del Poblenou Open... M\u00e9s \u2192\" \/>\n<meta property=\"og:url\" content=\"https:\/\/poblenouurbandistrict.com\/ca\/aquestes-son-les-localitzacions-del-windows-art-circuit\/\" \/>\n<meta property=\"og:site_name\" content=\"Poblenou Urban District\" \/>\n<meta property=\"article:published_time\" content=\"2023-05-05T15:04:42+00:00\" \/>\n<meta property=\"article:modified_time\" content=\"2023-05-05T21:26:53+00:00\" \/>\n<meta property=\"og:image\" content=\"https:\/\/poblenouurbandistrict.com\/wp-content\/uploads\/2023\/05\/img-9379-scaled.jpg\" \/>\n\t<meta property=\"og:image:width\" content=\"2560\" \/>\n\t<meta property=\"og:image:height\" content=\"1920\" \/>\n\t<meta property=\"og:image:type\" content=\"image\/jpeg\" \/>\n<meta name=\"author\" content=\"pnud\" \/>\n<meta name=\"twitter:card\" content=\"summary_large_image\" \/>\n<meta name=\"twitter:label1\" content=\"Escrit per\" \/>\n\t<meta name=\"twitter:data1\" content=\"pnud\" \/>\n\t<meta name=\"twitter:label2\" content=\"Temps estimat de lectura\" \/>\n\t<meta name=\"twitter:data2\" content=\"3 minuts\" \/>\n<script type=\"application\/ld+json\" class=\"yoast-schema-graph\">{\"@context\":\"https:\\\/\\\/schema.org\",\"@graph\":[{\"@type\":\"Article\",\"@id\":\"https:\\\/\\\/poblenouurbandistrict.com\\\/aquestes-son-les-localitzacions-del-windows-art-circuit\\\/#article\",\"isPartOf\":{\"@id\":\"https:\\\/\\\/poblenouurbandistrict.com\\\/aquestes-son-les-localitzacions-del-windows-art-circuit\\\/\"},\"author\":{\"name\":\"pnud\",\"@id\":\"https:\\\/\\\/poblenouurbandistrict.com\\\/#\\\/schema\\\/person\\\/980a2cf34b399d5218205730acd54a7e\"},\"headline\":\"Aquestes s\u00f3n les localitzacions de la 8a edici\u00f3 del Windows Art Circuit\",\"datePublished\":\"2023-05-05T15:04:42+00:00\",\"dateModified\":\"2023-05-05T21:26:53+00:00\",\"mainEntityOfPage\":{\"@id\":\"https:\\\/\\\/poblenouurbandistrict.com\\\/aquestes-son-les-localitzacions-del-windows-art-circuit\\\/\"},\"wordCount\":837,\"image\":{\"@id\":\"https:\\\/\\\/poblenouurbandistrict.com\\\/aquestes-son-les-localitzacions-del-windows-art-circuit\\\/#primaryimage\"},\"thumbnailUrl\":\"https:\\\/\\\/media.poblenouurbandistrict.com\\\/2023\\\/05\\\/25062353\\\/img-9379-scaled.jpg\",\"articleSection\":[\"Poblenou Open Day\",\"WAC\"],\"inLanguage\":\"ca\"},{\"@type\":\"WebPage\",\"@id\":\"https:\\\/\\\/poblenouurbandistrict.com\\\/ca\\\/aquestes-son-les-localitzacions-del-windows-art-circuit\\\/\",\"url\":\"https:\\\/\\\/poblenouurbandistrict.com\\\/ca\\\/aquestes-son-les-localitzacions-del-windows-art-circuit\\\/\",\"name\":\"Aquestes s\u00f3n les localitzacions de la 8a edici\u00f3 del Windows Art Circuit &#8211; Poblenou Urban District\",\"isPartOf\":{\"@id\":\"https:\\\/\\\/poblenouurbandistrict.com\\\/ca\\\/#website\"},\"primaryImageOfPage\":{\"@id\":\"https:\\\/\\\/poblenouurbandistrict.com\\\/ca\\\/aquestes-son-les-localitzacions-del-windows-art-circuit\\\/#primaryimage\"},\"image\":{\"@id\":\"https:\\\/\\\/poblenouurbandistrict.com\\\/aquestes-son-les-localitzacions-del-windows-art-circuit\\\/#primaryimage\"},\"thumbnailUrl\":\"https:\\\/\\\/media.poblenouurbandistrict.com\\\/2023\\\/05\\\/25062353\\\/img-9379-scaled.jpg\",\"datePublished\":\"2023-05-05T15:04:42+00:00\",\"dateModified\":\"2023-05-05T21:26:53+00:00\",\"author\":{\"@id\":\"https:\\\/\\\/poblenouurbandistrict.com\\\/#\\\/schema\\\/person\\\/980a2cf34b399d5218205730acd54a7e\"},\"breadcrumb\":{\"@id\":\"https:\\\/\\\/poblenouurbandistrict.com\\\/ca\\\/aquestes-son-les-localitzacions-del-windows-art-circuit\\\/#breadcrumb\"},\"inLanguage\":\"ca\",\"potentialAction\":[{\"@type\":\"ReadAction\",\"target\":[[\"https:\\\/\\\/poblenouurbandistrict.com\\\/ca\\\/aquestes-son-les-localitzacions-del-windows-art-circuit\\\/\"]]}]},{\"@type\":\"ImageObject\",\"inLanguage\":\"ca\",\"@id\":\"https:\\\/\\\/poblenouurbandistrict.com\\\/ca\\\/aquestes-son-les-localitzacions-del-windows-art-circuit\\\/#primaryimage\",\"url\":\"https:\\\/\\\/media.poblenouurbandistrict.com\\\/2023\\\/05\\\/25062353\\\/img-9379-scaled.jpg\",\"contentUrl\":\"https:\\\/\\\/media.poblenouurbandistrict.com\\\/2023\\\/05\\\/25062353\\\/img-9379-scaled.jpg\",\"width\":2560,\"height\":1920},{\"@type\":\"BreadcrumbList\",\"@id\":\"https:\\\/\\\/poblenouurbandistrict.com\\\/ca\\\/aquestes-son-les-localitzacions-del-windows-art-circuit\\\/#breadcrumb\",\"itemListElement\":[{\"@type\":\"ListItem\",\"position\":1,\"name\":\"Home\",\"item\":\"https:\\\/\\\/poblenouurbandistrict.com\\\/ca\\\/\"},{\"@type\":\"ListItem\",\"position\":2,\"name\":\"Aquestes s\u00f3n les localitzacions de la 8a edici\u00f3 del Windows Art Circuit\"}]},{\"@type\":\"WebSite\",\"@id\":\"https:\\\/\\\/poblenouurbandistrict.com\\\/ca\\\/#website\",\"url\":\"https:\\\/\\\/poblenouurbandistrict.com\\\/ca\\\/\",\"name\":\"Poblenou Urban District\",\"description\":\"Comunitat Creativa\",\"potentialAction\":[{\"@type\":\"SearchAction\",\"target\":{\"@type\":\"EntryPoint\",\"urlTemplate\":\"https:\\\/\\\/poblenouurbandistrict.com\\\/ca\\\/?s={search_term_string}\"},\"query-input\":{\"@type\":\"PropertyValueSpecification\",\"valueRequired\":true,\"valueName\":\"search_term_string\"}}],\"inLanguage\":\"ca\"},{\"@type\":\"Person\",\"@id\":\"https:\\\/\\\/poblenouurbandistrict.com\\\/#\\\/schema\\\/person\\\/980a2cf34b399d5218205730acd54a7e\",\"name\":\"pnud\",\"image\":{\"@type\":\"ImageObject\",\"inLanguage\":\"ca\",\"@id\":\"https:\\\/\\\/secure.gravatar.com\\\/avatar\\\/67146597b405ee077a24e519f75c3e2031736596d6ce35af3a34c122c93d0d7b?s=96&d=retro&r=g\",\"url\":\"https:\\\/\\\/secure.gravatar.com\\\/avatar\\\/67146597b405ee077a24e519f75c3e2031736596d6ce35af3a34c122c93d0d7b?s=96&d=retro&r=g\",\"contentUrl\":\"https:\\\/\\\/secure.gravatar.com\\\/avatar\\\/67146597b405ee077a24e519f75c3e2031736596d6ce35af3a34c122c93d0d7b?s=96&d=retro&r=g\",\"caption\":\"pnud\"}}]}<\/script>\n<!-- \/ Yoast SEO plugin. -->","yoast_head_json":{"title":"Aquestes s\u00f3n les localitzacions de la 8a edici\u00f3 del Windows Art Circuit &#8211; Poblenou Urban District","robots":{"index":"index","follow":"follow","max-snippet":"max-snippet:-1","max-image-preview":"max-image-preview:large","max-video-preview":"max-video-preview:-1"},"canonical":"https:\/\/poblenouurbandistrict.com\/ca\/aquestes-son-les-localitzacions-del-windows-art-circuit\/","og_locale":"ca_ES","og_type":"article","og_title":"Aquestes s\u00f3n les localitzacions de la 8a edici\u00f3 del Windows Art Circuit &#8211; Poblenou Urban District","og_description":"El Windows Art Circuit \/ WAC est\u00e0 de tornada! El pr\u00f2xim 6 de maig, en el marc del Poblenou Open... M\u00e9s \u2192","og_url":"https:\/\/poblenouurbandistrict.com\/ca\/aquestes-son-les-localitzacions-del-windows-art-circuit\/","og_site_name":"Poblenou Urban District","article_published_time":"2023-05-05T15:04:42+00:00","article_modified_time":"2023-05-05T21:26:53+00:00","og_image":[{"width":2560,"height":1920,"url":"https:\/\/poblenouurbandistrict.com\/wp-content\/uploads\/2023\/05\/img-9379-scaled.jpg","type":"image\/jpeg"}],"author":"pnud","twitter_card":"summary_large_image","twitter_misc":{"Escrit per":"pnud","Temps estimat de lectura":"3 minuts"},"schema":{"@context":"https:\/\/schema.org","@graph":[{"@type":"Article","@id":"https:\/\/poblenouurbandistrict.com\/aquestes-son-les-localitzacions-del-windows-art-circuit\/#article","isPartOf":{"@id":"https:\/\/poblenouurbandistrict.com\/aquestes-son-les-localitzacions-del-windows-art-circuit\/"},"author":{"name":"pnud","@id":"https:\/\/poblenouurbandistrict.com\/#\/schema\/person\/980a2cf34b399d5218205730acd54a7e"},"headline":"Aquestes s\u00f3n les localitzacions de la 8a edici\u00f3 del Windows Art Circuit","datePublished":"2023-05-05T15:04:42+00:00","dateModified":"2023-05-05T21:26:53+00:00","mainEntityOfPage":{"@id":"https:\/\/poblenouurbandistrict.com\/aquestes-son-les-localitzacions-del-windows-art-circuit\/"},"wordCount":837,"image":{"@id":"https:\/\/poblenouurbandistrict.com\/aquestes-son-les-localitzacions-del-windows-art-circuit\/#primaryimage"},"thumbnailUrl":"https:\/\/media.poblenouurbandistrict.com\/2023\/05\/25062353\/img-9379-scaled.jpg","articleSection":["Poblenou Open Day","WAC"],"inLanguage":"ca"},{"@type":"WebPage","@id":"https:\/\/poblenouurbandistrict.com\/ca\/aquestes-son-les-localitzacions-del-windows-art-circuit\/","url":"https:\/\/poblenouurbandistrict.com\/ca\/aquestes-son-les-localitzacions-del-windows-art-circuit\/","name":"Aquestes s\u00f3n les localitzacions de la 8a edici\u00f3 del Windows Art Circuit &#8211; Poblenou Urban District","isPartOf":{"@id":"https:\/\/poblenouurbandistrict.com\/ca\/#website"},"primaryImageOfPage":{"@id":"https:\/\/poblenouurbandistrict.com\/ca\/aquestes-son-les-localitzacions-del-windows-art-circuit\/#primaryimage"},"image":{"@id":"https:\/\/poblenouurbandistrict.com\/aquestes-son-les-localitzacions-del-windows-art-circuit\/#primaryimage"},"thumbnailUrl":"https:\/\/media.poblenouurbandistrict.com\/2023\/05\/25062353\/img-9379-scaled.jpg","datePublished":"2023-05-05T15:04:42+00:00","dateModified":"2023-05-05T21:26:53+00:00","author":{"@id":"https:\/\/poblenouurbandistrict.com\/#\/schema\/person\/980a2cf34b399d5218205730acd54a7e"},"breadcrumb":{"@id":"https:\/\/poblenouurbandistrict.com\/ca\/aquestes-son-les-localitzacions-del-windows-art-circuit\/#breadcrumb"},"inLanguage":"ca","potentialAction":[{"@type":"ReadAction","target":[["https:\/\/poblenouurbandistrict.com\/ca\/aquestes-son-les-localitzacions-del-windows-art-circuit\/"]]}]},{"@type":"ImageObject","inLanguage":"ca","@id":"https:\/\/poblenouurbandistrict.com\/ca\/aquestes-son-les-localitzacions-del-windows-art-circuit\/#primaryimage","url":"https:\/\/media.poblenouurbandistrict.com\/2023\/05\/25062353\/img-9379-scaled.jpg","contentUrl":"https:\/\/media.poblenouurbandistrict.com\/2023\/05\/25062353\/img-9379-scaled.jpg","width":2560,"height":1920},{"@type":"BreadcrumbList","@id":"https:\/\/poblenouurbandistrict.com\/ca\/aquestes-son-les-localitzacions-del-windows-art-circuit\/#breadcrumb","itemListElement":[{"@type":"ListItem","position":1,"name":"Home","item":"https:\/\/poblenouurbandistrict.com\/ca\/"},{"@type":"ListItem","position":2,"name":"Aquestes s\u00f3n les localitzacions de la 8a edici\u00f3 del Windows Art Circuit"}]},{"@type":"WebSite","@id":"https:\/\/poblenouurbandistrict.com\/ca\/#website","url":"https:\/\/poblenouurbandistrict.com\/ca\/","name":"Poblenou Urban District","description":"Comunitat Creativa","potentialAction":[{"@type":"SearchAction","target":{"@type":"EntryPoint","urlTemplate":"https:\/\/poblenouurbandistrict.com\/ca\/?s={search_term_string}"},"query-input":{"@type":"PropertyValueSpecification","valueRequired":true,"valueName":"search_term_string"}}],"inLanguage":"ca"},{"@type":"Person","@id":"https:\/\/poblenouurbandistrict.com\/#\/schema\/person\/980a2cf34b399d5218205730acd54a7e","name":"pnud","image":{"@type":"ImageObject","inLanguage":"ca","@id":"https:\/\/secure.gravatar.com\/avatar\/67146597b405ee077a24e519f75c3e2031736596d6ce35af3a34c122c93d0d7b?s=96&d=retro&r=g","url":"https:\/\/secure.gravatar.com\/avatar\/67146597b405ee077a24e519f75c3e2031736596d6ce35af3a34c122c93d0d7b?s=96&d=retro&r=g","contentUrl":"https:\/\/secure.gravatar.com\/avatar\/67146597b405ee077a24e519f75c3e2031736596d6ce35af3a34c122c93d0d7b?s=96&d=retro&r=g","caption":"pnud"}}]}},"_links":{"self":[{"href":"https:\/\/poblenouurbandistrict.com\/ca\/wp-json\/wp\/v2\/posts\/38956","targetHints":{"allow":["GET"]}}],"collection":[{"href":"https:\/\/poblenouurbandistrict.com\/ca\/wp-json\/wp\/v2\/posts"}],"about":[{"href":"https:\/\/poblenouurbandistrict.com\/ca\/wp-json\/wp\/v2\/types\/post"}],"author":[{"embeddable":true,"href":"https:\/\/poblenouurbandistrict.com\/ca\/wp-json\/wp\/v2\/users\/5"}],"replies":[{"embeddable":true,"href":"https:\/\/poblenouurbandistrict.com\/ca\/wp-json\/wp\/v2\/comments?post=38956"}],"version-history":[{"count":21,"href":"https:\/\/poblenouurbandistrict.com\/ca\/wp-json\/wp\/v2\/posts\/38956\/revisions"}],"predecessor-version":[{"id":39061,"href":"https:\/\/poblenouurbandistrict.com\/ca\/wp-json\/wp\/v2\/posts\/38956\/revisions\/39061"}],"wp:featuredmedia":[{"embeddable":true,"href":"https:\/\/poblenouurbandistrict.com\/ca\/wp-json\/wp\/v2\/media\/38994"}],"wp:attachment":[{"href":"https:\/\/poblenouurbandistrict.com\/ca\/wp-json\/wp\/v2\/media?parent=38956"}],"wp:term":[{"taxonomy":"category","embeddable":true,"href":"https:\/\/poblenouurbandistrict.com\/ca\/wp-json\/wp\/v2\/categories?post=38956"},{"taxonomy":"post_tag","embeddable":true,"href":"https:\/\/poblenouurbandistrict.com\/ca\/wp-json\/wp\/v2\/tags?post=38956"}],"curies":[{"name":"wp","href":"https:\/\/api.w.org\/{rel}","templated":true}]}}