{"id":39092,"date":"2023-05-11T15:35:54","date_gmt":"2023-05-11T13:35:54","guid":{"rendered":"https:\/\/poblenouurbandistrict.com\/?p=39092"},"modified":"2023-05-11T16:50:43","modified_gmt":"2023-05-11T14:50:43","slug":"gracies-per-acompanyar-nos-en-l11a-edicio-del-poblenou-open-day","status":"publish","type":"post","link":"https:\/\/poblenouurbandistrict.com\/ca\/gracies-per-acompanyar-nos-en-l11a-edicio-del-poblenou-open-day\/","title":{"rendered":"Gr\u00e0cies per acompanyar-nos en l&#8217;11a edici\u00f3 del Poblenou Open Day"},"content":{"rendered":"<p>El passat 6 de maig, el Poblenou m\u00e9s creatiu va tornar a sortir al carrer per presentar una programaci\u00f3 variada d&#8217;exposicions, xerrades, tallers, visites guiades, m\u00fasica i gastronomia durant 10 hores ininterrompudes.<\/p>\n<p>Dins la programaci\u00f3 del Poblenou Open Day vam celebrar tamb\u00e9 la vuitena edici\u00f3 del <a href=\"https:\/\/poblenouurbandistrict.com\/ca\/windows-art-circuit\/\">Windows Art Circuit (WAC)<\/a>, on les intervencions murals van posar una vegada m\u00e9s en valor l&#8217;espai p\u00fablic amb unes propostes creatives incre\u00efbles a la nau WAC Lab Valkiria, a la fa\u00e7ana del carrer \u00c0vila 75, i als exteriors dels espais d&#8217;alguns socis: <strong><a href=\"https:\/\/www.instagram.com\/apartostudentspain\/\">Aparto Pallars Barcelona<\/a>,<\/strong> <a href=\"https:\/\/www.instagram.com\/wearecacho\/\"><strong>Cacho<\/strong><\/a>, <a href=\"https:\/\/www.instagram.com\/hiltondiagonalmarbcn\/\"><strong>Hilton Diagonal Mar Barcelona<\/strong><\/a>,\u00a0<a href=\"https:\/\/www.instagram.com\/bcnprincess\/\"><strong>Hotel Princess Barcelona<\/strong><\/a><strong>, <a href=\"https:\/\/www.instagram.com\/ibisstylesbarcelonacity\/\">IBIS Styles Barcelona City Bogatell<\/a>,\u00a0<a href=\"https:\/\/www.instagram.com\/indissoluble_\/\">Indissoluble<\/a><\/strong> i <strong>Invermick.<\/strong><\/p>\n<p>Des de Poblenou Urban District volem donar les gr\u00e0cies als m\u00e9s de 60 espais que van obrir les seves portes per oferir propostes de qualitat, aconseguint que aquesta nova cita amb el p\u00fablic hagi estat tot un \u00e8xit.<\/p>\n<p>No ens oblidem de totes les persones que durant el dia us vau apropar a galeries d&#8217;art, museus, centres de creaci\u00f3, estudis de disseny i arquitectura, teatres, bars, restaurants, hotels i molts m\u00e9s per con\u00e8ixer de primera m\u00e0 la seva programaci\u00f3. Sense vosaltres l&#8217;11a edici\u00f3 no hagu\u00e9s estat possible!<\/p>\n<p>Finalment, volem agrair especialment a <a href=\"https:\/\/valkiriahubspace.com\/\">Valkiria Hub Space<\/a> i\u00a0<a href=\"https:\/\/www.instituteforfutures.com\/en\/\">Institute For Futures<\/a> per compartir amb nosaltres l&#8217;espectacular instal\u00b7laci\u00f3 de la nau WAC Lab; <a href=\"http:\/\/odoo.debasa.es:8280\/\">Debasa<\/a>, <a href=\"https:\/\/www.loxamhune.com\/\">LoxamHune<\/a>, <a href=\"https:\/\/www.montanacolors.com\/\">Montana Colors<\/a> i\u00a0<a href=\"https:\/\/marc-marti.com\/\">Marc Mart\u00ed<\/a> per col\u00b7laborar amb el projecte any rere any i <a href=\"https:\/\/cervezaelaguila.es\/edad\">El \u00c1guila<\/a> per ser el patrocinador oficial de l&#8217;esdeveniment.<\/p>\n<p>Cristina Morera (<a class=\"x1i10hfl xjbqb8w x6umtig x1b1mbwd xaqea5y xav7gou x9f619 x1ypdohk xt0psk2 xe8uvvx xdj266r x11i5rnm xat24cr x1mh8g0r xexx8yu x4uap5 x18d9i69 xkhd6sd x16tdsg8 x1hl2dhg xggy1nq x1a2a7pz notranslate _a6hd\" tabindex=\"0\" role=\"link\" href=\"https:\/\/www.instagram.com\/thewanting_\/\">@thewanting_<\/a>), Julia Godoy (<a href=\"https:\/\/www.instagram.com\/juligodoyyyy\/?hl=es\">@juligodoyyyy<\/a>) i Emiliano del Piccolo (<a class=\"x1i10hfl xjbqb8w x6umtig x1b1mbwd xaqea5y xav7gou x9f619 x1ypdohk xt0psk2 xe8uvvx xdj266r x11i5rnm xat24cr x1mh8g0r xexx8yu x4uap5 x18d9i69 xkhd6sd x16tdsg8 x1hl2dhg xggy1nq x1a2a7pz notranslate _a6hd\" tabindex=\"0\" role=\"link\" href=\"https:\/\/www.instagram.com\/emidelpiccolo\/\">@emidelpiccolo<\/a>) van ser els fot\u00f2grafs encarregats de capturar l&#8217;ess\u00e8ncia de la jornada. Aqu\u00ed us deixem un recull amb les millors imatges.<\/p>\n<h3 style=\"text-align: center;\"><a href=\"https:\/\/www.facebook.com\/media\/set\/?set=a.540943388232255&amp;type=3\">Poblenou Open Day 2023 vol.1<\/a> \/\/ <a href=\"https:\/\/www.facebook.com\/media\/set\/?set=a.541440578182536&amp;type=3\">Poblenou Open Day 2023 vol.2<\/a><\/h3>\n<p>Els espais associats a Poblenou Urban District continuen oberts la resta de l\u2019any amb moltes activitats interessants. No els hi perdeu la pista, sempre tenen alguna cosa entre mans.<\/p>","protected":false},"excerpt":{"rendered":"<p>El passat 6 de maig, el Poblenou m\u00e9s creatiu va tornar a sortir al carrer per presentar una programaci\u00f3 variada&#8230; <a href=\"https:\/\/poblenouurbandistrict.com\/ca\/gracies-per-acompanyar-nos-en-l11a-edicio-del-poblenou-open-day\/\">M\u00e9s  \u2192<\/a><\/p>\n","protected":false},"author":5,"featured_media":39086,"comment_status":"closed","ping_status":"closed","sticky":false,"template":"","format":"standard","meta":{"_acf_changed":false,"footnotes":""},"categories":[3567],"tags":[],"class_list":["post-39092","post","type-post","status-publish","format-standard","has-post-thumbnail","hentry","category-poblenou-open-day-2"],"acf":[],"yoast_head":"<!-- This site is optimized with the Yoast SEO plugin v27.5 - https:\/\/yoast.com\/product\/yoast-seo-wordpress\/ -->\n<title>Gr\u00e0cies per acompanyar-nos en l&#039;11a edici\u00f3 del Poblenou Open Day &#8211; Poblenou Urban District<\/title>\n<meta name=\"robots\" content=\"index, follow, max-snippet:-1, max-image-preview:large, max-video-preview:-1\" \/>\n<link rel=\"canonical\" href=\"https:\/\/poblenouurbandistrict.com\/ca\/gracies-per-acompanyar-nos-en-l11a-edicio-del-poblenou-open-day\/\" \/>\n<meta property=\"og:locale\" content=\"ca_ES\" \/>\n<meta property=\"og:type\" content=\"article\" \/>\n<meta property=\"og:title\" content=\"Gr\u00e0cies per acompanyar-nos en l&#039;11a edici\u00f3 del Poblenou Open Day &#8211; Poblenou Urban District\" \/>\n<meta property=\"og:description\" content=\"El passat 6 de maig, el Poblenou m\u00e9s creatiu va tornar a sortir al carrer per presentar una programaci\u00f3 variada... M\u00e9s \u2192\" \/>\n<meta property=\"og:url\" content=\"https:\/\/poblenouurbandistrict.com\/ca\/gracies-per-acompanyar-nos-en-l11a-edicio-del-poblenou-open-day\/\" \/>\n<meta property=\"og:site_name\" content=\"Poblenou Urban District\" \/>\n<meta property=\"article:published_time\" content=\"2023-05-11T13:35:54+00:00\" \/>\n<meta property=\"article:modified_time\" content=\"2023-05-11T14:50:43+00:00\" \/>\n<meta property=\"og:image\" content=\"https:\/\/poblenouurbandistrict.com\/wp-content\/uploads\/2023\/05\/open-day-x-emidelpiccolo-443-scaled.jpg\" \/>\n\t<meta property=\"og:image:width\" content=\"2560\" \/>\n\t<meta property=\"og:image:height\" content=\"1709\" \/>\n\t<meta property=\"og:image:type\" content=\"image\/jpeg\" \/>\n<meta name=\"author\" content=\"pnud\" \/>\n<meta name=\"twitter:card\" content=\"summary_large_image\" \/>\n<meta name=\"twitter:label1\" content=\"Escrit per\" \/>\n\t<meta name=\"twitter:data1\" content=\"pnud\" \/>\n\t<meta name=\"twitter:label2\" content=\"Temps estimat de lectura\" \/>\n\t<meta name=\"twitter:data2\" content=\"2 minuts\" \/>\n<script type=\"application\/ld+json\" class=\"yoast-schema-graph\">{\"@context\":\"https:\\\/\\\/schema.org\",\"@graph\":[{\"@type\":\"Article\",\"@id\":\"https:\\\/\\\/poblenouurbandistrict.com\\\/gracies-per-acompanyar-nos-en-l11a-edicio-del-poblenou-open-day\\\/#article\",\"isPartOf\":{\"@id\":\"https:\\\/\\\/poblenouurbandistrict.com\\\/gracies-per-acompanyar-nos-en-l11a-edicio-del-poblenou-open-day\\\/\"},\"author\":{\"name\":\"pnud\",\"@id\":\"https:\\\/\\\/poblenouurbandistrict.com\\\/#\\\/schema\\\/person\\\/980a2cf34b399d5218205730acd54a7e\"},\"headline\":\"Gr\u00e0cies per acompanyar-nos en l&#8217;11a edici\u00f3 del Poblenou Open Day\",\"datePublished\":\"2023-05-11T13:35:54+00:00\",\"dateModified\":\"2023-05-11T14:50:43+00:00\",\"mainEntityOfPage\":{\"@id\":\"https:\\\/\\\/poblenouurbandistrict.com\\\/gracies-per-acompanyar-nos-en-l11a-edicio-del-poblenou-open-day\\\/\"},\"wordCount\":686,\"image\":{\"@id\":\"https:\\\/\\\/poblenouurbandistrict.com\\\/gracies-per-acompanyar-nos-en-l11a-edicio-del-poblenou-open-day\\\/#primaryimage\"},\"thumbnailUrl\":\"https:\\\/\\\/media.poblenouurbandistrict.com\\\/2023\\\/05\\\/25062426\\\/open-day-x-emidelpiccolo-443-scaled.jpg\",\"articleSection\":[\"Poblenou Open Day\"],\"inLanguage\":\"ca\"},{\"@type\":\"WebPage\",\"@id\":\"https:\\\/\\\/poblenouurbandistrict.com\\\/ca\\\/gracies-per-acompanyar-nos-en-l11a-edicio-del-poblenou-open-day\\\/\",\"url\":\"https:\\\/\\\/poblenouurbandistrict.com\\\/ca\\\/gracies-per-acompanyar-nos-en-l11a-edicio-del-poblenou-open-day\\\/\",\"name\":\"Gr\u00e0cies per acompanyar-nos en l'11a edici\u00f3 del Poblenou Open Day &#8211; Poblenou Urban District\",\"isPartOf\":{\"@id\":\"https:\\\/\\\/poblenouurbandistrict.com\\\/ca\\\/#website\"},\"primaryImageOfPage\":{\"@id\":\"https:\\\/\\\/poblenouurbandistrict.com\\\/ca\\\/gracies-per-acompanyar-nos-en-l11a-edicio-del-poblenou-open-day\\\/#primaryimage\"},\"image\":{\"@id\":\"https:\\\/\\\/poblenouurbandistrict.com\\\/gracies-per-acompanyar-nos-en-l11a-edicio-del-poblenou-open-day\\\/#primaryimage\"},\"thumbnailUrl\":\"https:\\\/\\\/media.poblenouurbandistrict.com\\\/2023\\\/05\\\/25062426\\\/open-day-x-emidelpiccolo-443-scaled.jpg\",\"datePublished\":\"2023-05-11T13:35:54+00:00\",\"dateModified\":\"2023-05-11T14:50:43+00:00\",\"author\":{\"@id\":\"https:\\\/\\\/poblenouurbandistrict.com\\\/#\\\/schema\\\/person\\\/980a2cf34b399d5218205730acd54a7e\"},\"breadcrumb\":{\"@id\":\"https:\\\/\\\/poblenouurbandistrict.com\\\/ca\\\/gracies-per-acompanyar-nos-en-l11a-edicio-del-poblenou-open-day\\\/#breadcrumb\"},\"inLanguage\":\"ca\",\"potentialAction\":[{\"@type\":\"ReadAction\",\"target\":[[\"https:\\\/\\\/poblenouurbandistrict.com\\\/ca\\\/gracies-per-acompanyar-nos-en-l11a-edicio-del-poblenou-open-day\\\/\"]]}]},{\"@type\":\"ImageObject\",\"inLanguage\":\"ca\",\"@id\":\"https:\\\/\\\/poblenouurbandistrict.com\\\/ca\\\/gracies-per-acompanyar-nos-en-l11a-edicio-del-poblenou-open-day\\\/#primaryimage\",\"url\":\"https:\\\/\\\/media.poblenouurbandistrict.com\\\/2023\\\/05\\\/25062426\\\/open-day-x-emidelpiccolo-443-scaled.jpg\",\"contentUrl\":\"https:\\\/\\\/media.poblenouurbandistrict.com\\\/2023\\\/05\\\/25062426\\\/open-day-x-emidelpiccolo-443-scaled.jpg\",\"width\":2560,\"height\":1709},{\"@type\":\"BreadcrumbList\",\"@id\":\"https:\\\/\\\/poblenouurbandistrict.com\\\/ca\\\/gracies-per-acompanyar-nos-en-l11a-edicio-del-poblenou-open-day\\\/#breadcrumb\",\"itemListElement\":[{\"@type\":\"ListItem\",\"position\":1,\"name\":\"Home\",\"item\":\"https:\\\/\\\/poblenouurbandistrict.com\\\/ca\\\/\"},{\"@type\":\"ListItem\",\"position\":2,\"name\":\"Gr\u00e0cies per acompanyar-nos en l&#8217;11a edici\u00f3 del Poblenou Open Day\"}]},{\"@type\":\"WebSite\",\"@id\":\"https:\\\/\\\/poblenouurbandistrict.com\\\/ca\\\/#website\",\"url\":\"https:\\\/\\\/poblenouurbandistrict.com\\\/ca\\\/\",\"name\":\"Poblenou Urban District\",\"description\":\"Comunitat Creativa\",\"potentialAction\":[{\"@type\":\"SearchAction\",\"target\":{\"@type\":\"EntryPoint\",\"urlTemplate\":\"https:\\\/\\\/poblenouurbandistrict.com\\\/ca\\\/?s={search_term_string}\"},\"query-input\":{\"@type\":\"PropertyValueSpecification\",\"valueRequired\":true,\"valueName\":\"search_term_string\"}}],\"inLanguage\":\"ca\"},{\"@type\":\"Person\",\"@id\":\"https:\\\/\\\/poblenouurbandistrict.com\\\/#\\\/schema\\\/person\\\/980a2cf34b399d5218205730acd54a7e\",\"name\":\"pnud\",\"image\":{\"@type\":\"ImageObject\",\"inLanguage\":\"ca\",\"@id\":\"https:\\\/\\\/secure.gravatar.com\\\/avatar\\\/67146597b405ee077a24e519f75c3e2031736596d6ce35af3a34c122c93d0d7b?s=96&d=retro&r=g\",\"url\":\"https:\\\/\\\/secure.gravatar.com\\\/avatar\\\/67146597b405ee077a24e519f75c3e2031736596d6ce35af3a34c122c93d0d7b?s=96&d=retro&r=g\",\"contentUrl\":\"https:\\\/\\\/secure.gravatar.com\\\/avatar\\\/67146597b405ee077a24e519f75c3e2031736596d6ce35af3a34c122c93d0d7b?s=96&d=retro&r=g\",\"caption\":\"pnud\"}}]}<\/script>\n<!-- \/ Yoast SEO plugin. -->","yoast_head_json":{"title":"Gr\u00e0cies per acompanyar-nos en l'11a edici\u00f3 del Poblenou Open Day &#8211; Poblenou Urban District","robots":{"index":"index","follow":"follow","max-snippet":"max-snippet:-1","max-image-preview":"max-image-preview:large","max-video-preview":"max-video-preview:-1"},"canonical":"https:\/\/poblenouurbandistrict.com\/ca\/gracies-per-acompanyar-nos-en-l11a-edicio-del-poblenou-open-day\/","og_locale":"ca_ES","og_type":"article","og_title":"Gr\u00e0cies per acompanyar-nos en l'11a edici\u00f3 del Poblenou Open Day &#8211; Poblenou Urban District","og_description":"El passat 6 de maig, el Poblenou m\u00e9s creatiu va tornar a sortir al carrer per presentar una programaci\u00f3 variada... M\u00e9s \u2192","og_url":"https:\/\/poblenouurbandistrict.com\/ca\/gracies-per-acompanyar-nos-en-l11a-edicio-del-poblenou-open-day\/","og_site_name":"Poblenou Urban District","article_published_time":"2023-05-11T13:35:54+00:00","article_modified_time":"2023-05-11T14:50:43+00:00","og_image":[{"width":2560,"height":1709,"url":"https:\/\/poblenouurbandistrict.com\/wp-content\/uploads\/2023\/05\/open-day-x-emidelpiccolo-443-scaled.jpg","type":"image\/jpeg"}],"author":"pnud","twitter_card":"summary_large_image","twitter_misc":{"Escrit per":"pnud","Temps estimat de lectura":"2 minuts"},"schema":{"@context":"https:\/\/schema.org","@graph":[{"@type":"Article","@id":"https:\/\/poblenouurbandistrict.com\/gracies-per-acompanyar-nos-en-l11a-edicio-del-poblenou-open-day\/#article","isPartOf":{"@id":"https:\/\/poblenouurbandistrict.com\/gracies-per-acompanyar-nos-en-l11a-edicio-del-poblenou-open-day\/"},"author":{"name":"pnud","@id":"https:\/\/poblenouurbandistrict.com\/#\/schema\/person\/980a2cf34b399d5218205730acd54a7e"},"headline":"Gr\u00e0cies per acompanyar-nos en l&#8217;11a edici\u00f3 del Poblenou Open Day","datePublished":"2023-05-11T13:35:54+00:00","dateModified":"2023-05-11T14:50:43+00:00","mainEntityOfPage":{"@id":"https:\/\/poblenouurbandistrict.com\/gracies-per-acompanyar-nos-en-l11a-edicio-del-poblenou-open-day\/"},"wordCount":686,"image":{"@id":"https:\/\/poblenouurbandistrict.com\/gracies-per-acompanyar-nos-en-l11a-edicio-del-poblenou-open-day\/#primaryimage"},"thumbnailUrl":"https:\/\/media.poblenouurbandistrict.com\/2023\/05\/25062426\/open-day-x-emidelpiccolo-443-scaled.jpg","articleSection":["Poblenou Open Day"],"inLanguage":"ca"},{"@type":"WebPage","@id":"https:\/\/poblenouurbandistrict.com\/ca\/gracies-per-acompanyar-nos-en-l11a-edicio-del-poblenou-open-day\/","url":"https:\/\/poblenouurbandistrict.com\/ca\/gracies-per-acompanyar-nos-en-l11a-edicio-del-poblenou-open-day\/","name":"Gr\u00e0cies per acompanyar-nos en l'11a edici\u00f3 del Poblenou Open Day &#8211; Poblenou Urban District","isPartOf":{"@id":"https:\/\/poblenouurbandistrict.com\/ca\/#website"},"primaryImageOfPage":{"@id":"https:\/\/poblenouurbandistrict.com\/ca\/gracies-per-acompanyar-nos-en-l11a-edicio-del-poblenou-open-day\/#primaryimage"},"image":{"@id":"https:\/\/poblenouurbandistrict.com\/gracies-per-acompanyar-nos-en-l11a-edicio-del-poblenou-open-day\/#primaryimage"},"thumbnailUrl":"https:\/\/media.poblenouurbandistrict.com\/2023\/05\/25062426\/open-day-x-emidelpiccolo-443-scaled.jpg","datePublished":"2023-05-11T13:35:54+00:00","dateModified":"2023-05-11T14:50:43+00:00","author":{"@id":"https:\/\/poblenouurbandistrict.com\/#\/schema\/person\/980a2cf34b399d5218205730acd54a7e"},"breadcrumb":{"@id":"https:\/\/poblenouurbandistrict.com\/ca\/gracies-per-acompanyar-nos-en-l11a-edicio-del-poblenou-open-day\/#breadcrumb"},"inLanguage":"ca","potentialAction":[{"@type":"ReadAction","target":[["https:\/\/poblenouurbandistrict.com\/ca\/gracies-per-acompanyar-nos-en-l11a-edicio-del-poblenou-open-day\/"]]}]},{"@type":"ImageObject","inLanguage":"ca","@id":"https:\/\/poblenouurbandistrict.com\/ca\/gracies-per-acompanyar-nos-en-l11a-edicio-del-poblenou-open-day\/#primaryimage","url":"https:\/\/media.poblenouurbandistrict.com\/2023\/05\/25062426\/open-day-x-emidelpiccolo-443-scaled.jpg","contentUrl":"https:\/\/media.poblenouurbandistrict.com\/2023\/05\/25062426\/open-day-x-emidelpiccolo-443-scaled.jpg","width":2560,"height":1709},{"@type":"BreadcrumbList","@id":"https:\/\/poblenouurbandistrict.com\/ca\/gracies-per-acompanyar-nos-en-l11a-edicio-del-poblenou-open-day\/#breadcrumb","itemListElement":[{"@type":"ListItem","position":1,"name":"Home","item":"https:\/\/poblenouurbandistrict.com\/ca\/"},{"@type":"ListItem","position":2,"name":"Gr\u00e0cies per acompanyar-nos en l&#8217;11a edici\u00f3 del Poblenou Open Day"}]},{"@type":"WebSite","@id":"https:\/\/poblenouurbandistrict.com\/ca\/#website","url":"https:\/\/poblenouurbandistrict.com\/ca\/","name":"Poblenou Urban District","description":"Comunitat Creativa","potentialAction":[{"@type":"SearchAction","target":{"@type":"EntryPoint","urlTemplate":"https:\/\/poblenouurbandistrict.com\/ca\/?s={search_term_string}"},"query-input":{"@type":"PropertyValueSpecification","valueRequired":true,"valueName":"search_term_string"}}],"inLanguage":"ca"},{"@type":"Person","@id":"https:\/\/poblenouurbandistrict.com\/#\/schema\/person\/980a2cf34b399d5218205730acd54a7e","name":"pnud","image":{"@type":"ImageObject","inLanguage":"ca","@id":"https:\/\/secure.gravatar.com\/avatar\/67146597b405ee077a24e519f75c3e2031736596d6ce35af3a34c122c93d0d7b?s=96&d=retro&r=g","url":"https:\/\/secure.gravatar.com\/avatar\/67146597b405ee077a24e519f75c3e2031736596d6ce35af3a34c122c93d0d7b?s=96&d=retro&r=g","contentUrl":"https:\/\/secure.gravatar.com\/avatar\/67146597b405ee077a24e519f75c3e2031736596d6ce35af3a34c122c93d0d7b?s=96&d=retro&r=g","caption":"pnud"}}]}},"_links":{"self":[{"href":"https:\/\/poblenouurbandistrict.com\/ca\/wp-json\/wp\/v2\/posts\/39092","targetHints":{"allow":["GET"]}}],"collection":[{"href":"https:\/\/poblenouurbandistrict.com\/ca\/wp-json\/wp\/v2\/posts"}],"about":[{"href":"https:\/\/poblenouurbandistrict.com\/ca\/wp-json\/wp\/v2\/types\/post"}],"author":[{"embeddable":true,"href":"https:\/\/poblenouurbandistrict.com\/ca\/wp-json\/wp\/v2\/users\/5"}],"replies":[{"embeddable":true,"href":"https:\/\/poblenouurbandistrict.com\/ca\/wp-json\/wp\/v2\/comments?post=39092"}],"version-history":[{"count":19,"href":"https:\/\/poblenouurbandistrict.com\/ca\/wp-json\/wp\/v2\/posts\/39092\/revisions"}],"predecessor-version":[{"id":39221,"href":"https:\/\/poblenouurbandistrict.com\/ca\/wp-json\/wp\/v2\/posts\/39092\/revisions\/39221"}],"wp:featuredmedia":[{"embeddable":true,"href":"https:\/\/poblenouurbandistrict.com\/ca\/wp-json\/wp\/v2\/media\/39086"}],"wp:attachment":[{"href":"https:\/\/poblenouurbandistrict.com\/ca\/wp-json\/wp\/v2\/media?parent=39092"}],"wp:term":[{"taxonomy":"category","embeddable":true,"href":"https:\/\/poblenouurbandistrict.com\/ca\/wp-json\/wp\/v2\/categories?post=39092"},{"taxonomy":"post_tag","embeddable":true,"href":"https:\/\/poblenouurbandistrict.com\/ca\/wp-json\/wp\/v2\/tags?post=39092"}],"curies":[{"name":"wp","href":"https:\/\/api.w.org\/{rel}","templated":true}]}}