{"id":39452,"date":"2023-06-01T16:01:40","date_gmt":"2023-06-01T14:01:40","guid":{"rendered":"https:\/\/poblenouurbandistrict.com\/?p=39452"},"modified":"2023-06-03T13:50:53","modified_gmt":"2023-06-03T11:50:53","slug":"cicle-de-pellicules-lgtbiq-a-the-social-hub-hotel-1","status":"publish","type":"post","link":"https:\/\/poblenouurbandistrict.com\/ca\/cicle-de-pellicules-lgtbiq-a-the-social-hub-hotel-1\/","title":{"rendered":"Cicle de pel\u00b7l\u00edcules LGTBIQ+ a The Social Hub Hotel"},"content":{"rendered":"<p><a href=\"https:\/\/www.thesocialhub.co\/es\/barcelona-poblenou\/estancia\/estancia-estudiantes\/?utm_source=google&amp;utm_medium=cpc&amp;utm_campaign=generic&amp;utm_content=esp-en&amp;utm_source_platform=semester-all&amp;utm_creative_format=rich-media&amp;utm_marketing_tactic=act&amp;gclid=CjwKCAjwg-GjBhBnEiwAMUvNWyRUURZkxTPxN4Rqvmh2vTO0b7GU_Z-1zxrNqdMORV71kJQ3Sd1PHxoCMbwQAvD_BwE\">The Social Hub Hotel<\/a> i <a href=\"https:\/\/www.filmin.es\/suscribete?gclid=CjwKCAjwg-GjBhBnEiwAMUvNW-5lkfOKzknmyn9cnutjPJI3nU-aNRbel8m_fLkfVfMhpDLCeYvzoBoCUMMQAvD_BwE\">Filmin<\/a> s&#8217;uneixen per organitzar les Jornades de Cinema LGTBIQ+, un esdeveniment cinematogr\u00e0fic que tindr\u00e0 lloc del 7 al 9 de juny a l&#8217;auditori de The Social Hub.<\/p>\n<p>Es retransmetran 3 pel\u00b7l\u00edcules: \u201cMoffie\u201d, \u201cBlue Jean\u201d i \u201cMy Emptiness and I\u201d sobre la diversitat de g\u00e8nere, l&#8217;homosexualitat, el lesbianisme i la inclusivitat.<\/p>\n<h3>\u201cMoffie\u201d (2019)<\/h3>\n<p>Pel\u00b7l\u00edcula basada en les mem\u00f2ries d&#8217;Andr\u00e9 Carl van der Merwe, un conegut autor que narra la seva experi\u00e8ncia com a recluta del servei militar de Sud-\u00e0frica al principi de la d\u00e8cada dels 80, al mig de l&#8217;Apartheid com a home gai.<\/p>\n<h4 style=\"text-align: center;\">7 de juny a les 19 h<\/h4>\n<h3>&#8220;Blue Jean&#8221; (2022)<\/h3>\n<p>Es remunta al 1988 a Anglaterra en un context hist\u00f2ric hostil. Jean, una professora de gimn\u00e0stica, se sent obligada a mantenir en secret la seva sexualitat, cosa que finalment l&#8217;enfronta amb la seva parella Viv, que viu obertament com a lesbiana.<\/p>\n<h4 style=\"text-align: center;\">8 de juny a les 19 h<\/h4>\n<h3>\u201cMy emptiness and I\u201d (2022)<\/h3>\n<p>La protagonista Rapha\u00eblle P\u00e9rez representa el paper d&#8217;una jove anomenada Raphi que, despr\u00e9s de ser diagnosticada amb disf\u00f2ria de g\u00e8nere, empr\u00e8n un cam\u00ed per reconciliar-se amb la seva identitat.<\/p>\n<h4 style=\"text-align: center;\">9 de juny a les 19 h<\/h4>\n<hr \/>\n<p>Despr\u00e9s de cada passi de cinema, puja a la seva terrassa i gaudeix d&#8217;una sessi\u00f3 de DJ. Aconsegueix les entrades gratu\u00eftes en aquest <a href=\"https:\/\/www.eventbrite.com.ar\/e\/entradas-lgtbiq-film-days-638693508477\">enlla\u00e7<\/a>.<\/p>\n<p>M\u00e9s enll\u00e0 d&#8217;aix\u00f2, et recordem que cada dijous hi ha sessi\u00f3 de m\u00fasica en directe, des de les 18 h fins a les 22 h, amb una selecci\u00f3 de DJ&#8217;s que venen directament del conegut Bus Terraza.<\/p>","protected":false},"excerpt":{"rendered":"<p>The Social Hub Hotel i Filmin s&#8217;uneixen per organitzar les Jornades de Cinema LGTBIQ+, un esdeveniment cinematogr\u00e0fic que tindr\u00e0 lloc&#8230; <a href=\"https:\/\/poblenouurbandistrict.com\/ca\/cicle-de-pellicules-lgtbiq-a-the-social-hub-hotel-1\/\">M\u00e9s  \u2192<\/a><\/p>\n","protected":false},"author":5,"featured_media":39528,"comment_status":"closed","ping_status":"closed","sticky":false,"template":"","format":"standard","meta":{"_acf_changed":false,"footnotes":""},"categories":[3599,3363],"tags":[],"class_list":["post-39452","post","type-post","status-publish","format-standard","has-post-thumbnail","hentry","category-cinema","category-places"],"acf":[],"yoast_head":"<!-- This site is optimized with the Yoast SEO plugin v27.4 - https:\/\/yoast.com\/product\/yoast-seo-wordpress\/ -->\n<title>Cicle de pel\u00b7l\u00edcules LGTBIQ+ a The Social Hub Hotel &#8211; Poblenou Urban District<\/title>\n<meta name=\"robots\" content=\"index, follow, max-snippet:-1, max-image-preview:large, max-video-preview:-1\" \/>\n<link rel=\"canonical\" href=\"https:\/\/poblenouurbandistrict.com\/ca\/cicle-de-pellicules-lgtbiq-a-the-social-hub-hotel-1\/\" \/>\n<meta property=\"og:locale\" content=\"ca_ES\" \/>\n<meta property=\"og:type\" content=\"article\" \/>\n<meta property=\"og:title\" content=\"Cicle de pel\u00b7l\u00edcules LGTBIQ+ a The Social Hub Hotel &#8211; Poblenou Urban District\" \/>\n<meta property=\"og:description\" content=\"The Social Hub Hotel i Filmin s&#8217;uneixen per organitzar les Jornades de Cinema LGTBIQ+, un esdeveniment cinematogr\u00e0fic que tindr\u00e0 lloc... M\u00e9s \u2192\" \/>\n<meta property=\"og:url\" content=\"https:\/\/poblenouurbandistrict.com\/ca\/cicle-de-pellicules-lgtbiq-a-the-social-hub-hotel-1\/\" \/>\n<meta property=\"og:site_name\" content=\"Poblenou Urban District\" \/>\n<meta property=\"article:published_time\" content=\"2023-06-01T14:01:40+00:00\" \/>\n<meta property=\"article:modified_time\" content=\"2023-06-03T11:50:53+00:00\" \/>\n<meta property=\"og:image\" content=\"https:\/\/poblenouurbandistrict.com\/wp-content\/uploads\/2023\/06\/whatsapp-image-2023-06-01-at-165122-e1685631185804.jpeg\" \/>\n\t<meta property=\"og:image:width\" content=\"1366\" \/>\n\t<meta property=\"og:image:height\" content=\"1326\" \/>\n\t<meta property=\"og:image:type\" content=\"image\/jpeg\" \/>\n<meta name=\"author\" content=\"pnud\" \/>\n<meta name=\"twitter:card\" content=\"summary_large_image\" \/>\n<meta name=\"twitter:label1\" content=\"Escrit per\" \/>\n\t<meta name=\"twitter:data1\" content=\"pnud\" \/>\n\t<meta name=\"twitter:label2\" content=\"Temps estimat de lectura\" \/>\n\t<meta name=\"twitter:data2\" content=\"2 minuts\" \/>\n<script type=\"application\/ld+json\" class=\"yoast-schema-graph\">{\"@context\":\"https:\\\/\\\/schema.org\",\"@graph\":[{\"@type\":\"Article\",\"@id\":\"https:\\\/\\\/poblenouurbandistrict.com\\\/cicle-de-pellicules-lgtbiq-a-the-social-hub-hotel-1\\\/#article\",\"isPartOf\":{\"@id\":\"https:\\\/\\\/poblenouurbandistrict.com\\\/cicle-de-pellicules-lgtbiq-a-the-social-hub-hotel-1\\\/\"},\"author\":{\"name\":\"pnud\",\"@id\":\"https:\\\/\\\/poblenouurbandistrict.com\\\/#\\\/schema\\\/person\\\/980a2cf34b399d5218205730acd54a7e\"},\"headline\":\"Cicle de pel\u00b7l\u00edcules LGTBIQ+ a The Social Hub Hotel\",\"datePublished\":\"2023-06-01T14:01:40+00:00\",\"dateModified\":\"2023-06-03T11:50:53+00:00\",\"mainEntityOfPage\":{\"@id\":\"https:\\\/\\\/poblenouurbandistrict.com\\\/cicle-de-pellicules-lgtbiq-a-the-social-hub-hotel-1\\\/\"},\"wordCount\":560,\"image\":{\"@id\":\"https:\\\/\\\/poblenouurbandistrict.com\\\/cicle-de-pellicules-lgtbiq-a-the-social-hub-hotel-1\\\/#primaryimage\"},\"thumbnailUrl\":\"https:\\\/\\\/media.poblenouurbandistrict.com\\\/2023\\\/06\\\/25063024\\\/whatsapp-image-2023-06-01-at-165122-e1685631185804.jpeg\",\"articleSection\":[\"Cinema\",\"Espais\"],\"inLanguage\":\"ca\"},{\"@type\":\"WebPage\",\"@id\":\"https:\\\/\\\/poblenouurbandistrict.com\\\/ca\\\/cicle-de-pellicules-lgtbiq-a-the-social-hub-hotel-1\\\/\",\"url\":\"https:\\\/\\\/poblenouurbandistrict.com\\\/ca\\\/cicle-de-pellicules-lgtbiq-a-the-social-hub-hotel-1\\\/\",\"name\":\"Cicle de pel\u00b7l\u00edcules LGTBIQ+ a The Social Hub Hotel &#8211; Poblenou Urban District\",\"isPartOf\":{\"@id\":\"https:\\\/\\\/poblenouurbandistrict.com\\\/ca\\\/#website\"},\"primaryImageOfPage\":{\"@id\":\"https:\\\/\\\/poblenouurbandistrict.com\\\/ca\\\/cicle-de-pellicules-lgtbiq-a-the-social-hub-hotel-1\\\/#primaryimage\"},\"image\":{\"@id\":\"https:\\\/\\\/poblenouurbandistrict.com\\\/cicle-de-pellicules-lgtbiq-a-the-social-hub-hotel-1\\\/#primaryimage\"},\"thumbnailUrl\":\"https:\\\/\\\/media.poblenouurbandistrict.com\\\/2023\\\/06\\\/25063024\\\/whatsapp-image-2023-06-01-at-165122-e1685631185804.jpeg\",\"datePublished\":\"2023-06-01T14:01:40+00:00\",\"dateModified\":\"2023-06-03T11:50:53+00:00\",\"author\":{\"@id\":\"https:\\\/\\\/poblenouurbandistrict.com\\\/#\\\/schema\\\/person\\\/980a2cf34b399d5218205730acd54a7e\"},\"breadcrumb\":{\"@id\":\"https:\\\/\\\/poblenouurbandistrict.com\\\/ca\\\/cicle-de-pellicules-lgtbiq-a-the-social-hub-hotel-1\\\/#breadcrumb\"},\"inLanguage\":\"ca\",\"potentialAction\":[{\"@type\":\"ReadAction\",\"target\":[[\"https:\\\/\\\/poblenouurbandistrict.com\\\/ca\\\/cicle-de-pellicules-lgtbiq-a-the-social-hub-hotel-1\\\/\"]]}]},{\"@type\":\"ImageObject\",\"inLanguage\":\"ca\",\"@id\":\"https:\\\/\\\/poblenouurbandistrict.com\\\/ca\\\/cicle-de-pellicules-lgtbiq-a-the-social-hub-hotel-1\\\/#primaryimage\",\"url\":\"https:\\\/\\\/media.poblenouurbandistrict.com\\\/2023\\\/06\\\/25063024\\\/whatsapp-image-2023-06-01-at-165122-e1685631185804.jpeg\",\"contentUrl\":\"https:\\\/\\\/media.poblenouurbandistrict.com\\\/2023\\\/06\\\/25063024\\\/whatsapp-image-2023-06-01-at-165122-e1685631185804.jpeg\",\"width\":1366,\"height\":1326},{\"@type\":\"BreadcrumbList\",\"@id\":\"https:\\\/\\\/poblenouurbandistrict.com\\\/ca\\\/cicle-de-pellicules-lgtbiq-a-the-social-hub-hotel-1\\\/#breadcrumb\",\"itemListElement\":[{\"@type\":\"ListItem\",\"position\":1,\"name\":\"Home\",\"item\":\"https:\\\/\\\/poblenouurbandistrict.com\\\/ca\\\/\"},{\"@type\":\"ListItem\",\"position\":2,\"name\":\"Cicle de pel\u00b7l\u00edcules LGTBIQ+ a The Social Hub Hotel\"}]},{\"@type\":\"WebSite\",\"@id\":\"https:\\\/\\\/poblenouurbandistrict.com\\\/ca\\\/#website\",\"url\":\"https:\\\/\\\/poblenouurbandistrict.com\\\/ca\\\/\",\"name\":\"Poblenou Urban District\",\"description\":\"Comunitat Creativa\",\"potentialAction\":[{\"@type\":\"SearchAction\",\"target\":{\"@type\":\"EntryPoint\",\"urlTemplate\":\"https:\\\/\\\/poblenouurbandistrict.com\\\/ca\\\/?s={search_term_string}\"},\"query-input\":{\"@type\":\"PropertyValueSpecification\",\"valueRequired\":true,\"valueName\":\"search_term_string\"}}],\"inLanguage\":\"ca\"},{\"@type\":\"Person\",\"@id\":\"https:\\\/\\\/poblenouurbandistrict.com\\\/#\\\/schema\\\/person\\\/980a2cf34b399d5218205730acd54a7e\",\"name\":\"pnud\",\"image\":{\"@type\":\"ImageObject\",\"inLanguage\":\"ca\",\"@id\":\"https:\\\/\\\/secure.gravatar.com\\\/avatar\\\/67146597b405ee077a24e519f75c3e2031736596d6ce35af3a34c122c93d0d7b?s=96&d=retro&r=g\",\"url\":\"https:\\\/\\\/secure.gravatar.com\\\/avatar\\\/67146597b405ee077a24e519f75c3e2031736596d6ce35af3a34c122c93d0d7b?s=96&d=retro&r=g\",\"contentUrl\":\"https:\\\/\\\/secure.gravatar.com\\\/avatar\\\/67146597b405ee077a24e519f75c3e2031736596d6ce35af3a34c122c93d0d7b?s=96&d=retro&r=g\",\"caption\":\"pnud\"}}]}<\/script>\n<!-- \/ Yoast SEO plugin. -->","yoast_head_json":{"title":"Cicle de pel\u00b7l\u00edcules LGTBIQ+ a The Social Hub Hotel &#8211; Poblenou Urban District","robots":{"index":"index","follow":"follow","max-snippet":"max-snippet:-1","max-image-preview":"max-image-preview:large","max-video-preview":"max-video-preview:-1"},"canonical":"https:\/\/poblenouurbandistrict.com\/ca\/cicle-de-pellicules-lgtbiq-a-the-social-hub-hotel-1\/","og_locale":"ca_ES","og_type":"article","og_title":"Cicle de pel\u00b7l\u00edcules LGTBIQ+ a The Social Hub Hotel &#8211; Poblenou Urban District","og_description":"The Social Hub Hotel i Filmin s&#8217;uneixen per organitzar les Jornades de Cinema LGTBIQ+, un esdeveniment cinematogr\u00e0fic que tindr\u00e0 lloc... M\u00e9s \u2192","og_url":"https:\/\/poblenouurbandistrict.com\/ca\/cicle-de-pellicules-lgtbiq-a-the-social-hub-hotel-1\/","og_site_name":"Poblenou Urban District","article_published_time":"2023-06-01T14:01:40+00:00","article_modified_time":"2023-06-03T11:50:53+00:00","og_image":[{"width":1366,"height":1326,"url":"https:\/\/poblenouurbandistrict.com\/wp-content\/uploads\/2023\/06\/whatsapp-image-2023-06-01-at-165122-e1685631185804.jpeg","type":"image\/jpeg"}],"author":"pnud","twitter_card":"summary_large_image","twitter_misc":{"Escrit per":"pnud","Temps estimat de lectura":"2 minuts"},"schema":{"@context":"https:\/\/schema.org","@graph":[{"@type":"Article","@id":"https:\/\/poblenouurbandistrict.com\/cicle-de-pellicules-lgtbiq-a-the-social-hub-hotel-1\/#article","isPartOf":{"@id":"https:\/\/poblenouurbandistrict.com\/cicle-de-pellicules-lgtbiq-a-the-social-hub-hotel-1\/"},"author":{"name":"pnud","@id":"https:\/\/poblenouurbandistrict.com\/#\/schema\/person\/980a2cf34b399d5218205730acd54a7e"},"headline":"Cicle de pel\u00b7l\u00edcules LGTBIQ+ a The Social Hub Hotel","datePublished":"2023-06-01T14:01:40+00:00","dateModified":"2023-06-03T11:50:53+00:00","mainEntityOfPage":{"@id":"https:\/\/poblenouurbandistrict.com\/cicle-de-pellicules-lgtbiq-a-the-social-hub-hotel-1\/"},"wordCount":560,"image":{"@id":"https:\/\/poblenouurbandistrict.com\/cicle-de-pellicules-lgtbiq-a-the-social-hub-hotel-1\/#primaryimage"},"thumbnailUrl":"https:\/\/media.poblenouurbandistrict.com\/2023\/06\/25063024\/whatsapp-image-2023-06-01-at-165122-e1685631185804.jpeg","articleSection":["Cinema","Espais"],"inLanguage":"ca"},{"@type":"WebPage","@id":"https:\/\/poblenouurbandistrict.com\/ca\/cicle-de-pellicules-lgtbiq-a-the-social-hub-hotel-1\/","url":"https:\/\/poblenouurbandistrict.com\/ca\/cicle-de-pellicules-lgtbiq-a-the-social-hub-hotel-1\/","name":"Cicle de pel\u00b7l\u00edcules LGTBIQ+ a The Social Hub Hotel &#8211; Poblenou Urban District","isPartOf":{"@id":"https:\/\/poblenouurbandistrict.com\/ca\/#website"},"primaryImageOfPage":{"@id":"https:\/\/poblenouurbandistrict.com\/ca\/cicle-de-pellicules-lgtbiq-a-the-social-hub-hotel-1\/#primaryimage"},"image":{"@id":"https:\/\/poblenouurbandistrict.com\/cicle-de-pellicules-lgtbiq-a-the-social-hub-hotel-1\/#primaryimage"},"thumbnailUrl":"https:\/\/media.poblenouurbandistrict.com\/2023\/06\/25063024\/whatsapp-image-2023-06-01-at-165122-e1685631185804.jpeg","datePublished":"2023-06-01T14:01:40+00:00","dateModified":"2023-06-03T11:50:53+00:00","author":{"@id":"https:\/\/poblenouurbandistrict.com\/#\/schema\/person\/980a2cf34b399d5218205730acd54a7e"},"breadcrumb":{"@id":"https:\/\/poblenouurbandistrict.com\/ca\/cicle-de-pellicules-lgtbiq-a-the-social-hub-hotel-1\/#breadcrumb"},"inLanguage":"ca","potentialAction":[{"@type":"ReadAction","target":[["https:\/\/poblenouurbandistrict.com\/ca\/cicle-de-pellicules-lgtbiq-a-the-social-hub-hotel-1\/"]]}]},{"@type":"ImageObject","inLanguage":"ca","@id":"https:\/\/poblenouurbandistrict.com\/ca\/cicle-de-pellicules-lgtbiq-a-the-social-hub-hotel-1\/#primaryimage","url":"https:\/\/media.poblenouurbandistrict.com\/2023\/06\/25063024\/whatsapp-image-2023-06-01-at-165122-e1685631185804.jpeg","contentUrl":"https:\/\/media.poblenouurbandistrict.com\/2023\/06\/25063024\/whatsapp-image-2023-06-01-at-165122-e1685631185804.jpeg","width":1366,"height":1326},{"@type":"BreadcrumbList","@id":"https:\/\/poblenouurbandistrict.com\/ca\/cicle-de-pellicules-lgtbiq-a-the-social-hub-hotel-1\/#breadcrumb","itemListElement":[{"@type":"ListItem","position":1,"name":"Home","item":"https:\/\/poblenouurbandistrict.com\/ca\/"},{"@type":"ListItem","position":2,"name":"Cicle de pel\u00b7l\u00edcules LGTBIQ+ a The Social Hub Hotel"}]},{"@type":"WebSite","@id":"https:\/\/poblenouurbandistrict.com\/ca\/#website","url":"https:\/\/poblenouurbandistrict.com\/ca\/","name":"Poblenou Urban District","description":"Comunitat Creativa","potentialAction":[{"@type":"SearchAction","target":{"@type":"EntryPoint","urlTemplate":"https:\/\/poblenouurbandistrict.com\/ca\/?s={search_term_string}"},"query-input":{"@type":"PropertyValueSpecification","valueRequired":true,"valueName":"search_term_string"}}],"inLanguage":"ca"},{"@type":"Person","@id":"https:\/\/poblenouurbandistrict.com\/#\/schema\/person\/980a2cf34b399d5218205730acd54a7e","name":"pnud","image":{"@type":"ImageObject","inLanguage":"ca","@id":"https:\/\/secure.gravatar.com\/avatar\/67146597b405ee077a24e519f75c3e2031736596d6ce35af3a34c122c93d0d7b?s=96&d=retro&r=g","url":"https:\/\/secure.gravatar.com\/avatar\/67146597b405ee077a24e519f75c3e2031736596d6ce35af3a34c122c93d0d7b?s=96&d=retro&r=g","contentUrl":"https:\/\/secure.gravatar.com\/avatar\/67146597b405ee077a24e519f75c3e2031736596d6ce35af3a34c122c93d0d7b?s=96&d=retro&r=g","caption":"pnud"}}]}},"_links":{"self":[{"href":"https:\/\/poblenouurbandistrict.com\/ca\/wp-json\/wp\/v2\/posts\/39452","targetHints":{"allow":["GET"]}}],"collection":[{"href":"https:\/\/poblenouurbandistrict.com\/ca\/wp-json\/wp\/v2\/posts"}],"about":[{"href":"https:\/\/poblenouurbandistrict.com\/ca\/wp-json\/wp\/v2\/types\/post"}],"author":[{"embeddable":true,"href":"https:\/\/poblenouurbandistrict.com\/ca\/wp-json\/wp\/v2\/users\/5"}],"replies":[{"embeddable":true,"href":"https:\/\/poblenouurbandistrict.com\/ca\/wp-json\/wp\/v2\/comments?post=39452"}],"version-history":[{"count":12,"href":"https:\/\/poblenouurbandistrict.com\/ca\/wp-json\/wp\/v2\/posts\/39452\/revisions"}],"predecessor-version":[{"id":39562,"href":"https:\/\/poblenouurbandistrict.com\/ca\/wp-json\/wp\/v2\/posts\/39452\/revisions\/39562"}],"wp:featuredmedia":[{"embeddable":true,"href":"https:\/\/poblenouurbandistrict.com\/ca\/wp-json\/wp\/v2\/media\/39528"}],"wp:attachment":[{"href":"https:\/\/poblenouurbandistrict.com\/ca\/wp-json\/wp\/v2\/media?parent=39452"}],"wp:term":[{"taxonomy":"category","embeddable":true,"href":"https:\/\/poblenouurbandistrict.com\/ca\/wp-json\/wp\/v2\/categories?post=39452"},{"taxonomy":"post_tag","embeddable":true,"href":"https:\/\/poblenouurbandistrict.com\/ca\/wp-json\/wp\/v2\/tags?post=39452"}],"curies":[{"name":"wp","href":"https:\/\/api.w.org\/{rel}","templated":true}]}}