{"id":39596,"date":"2023-06-08T15:17:02","date_gmt":"2023-06-08T13:17:02","guid":{"rendered":"https:\/\/poblenouurbandistrict.com\/?p=39596"},"modified":"2023-06-08T16:10:05","modified_gmt":"2023-06-08T14:10:05","slug":"espai-granada-endolceix-lestiu-dels-mes-petits-amb-els-casals-gastronomics","status":"publish","type":"post","link":"https:\/\/poblenouurbandistrict.com\/ca\/espai-granada-endolceix-lestiu-dels-mes-petits-amb-els-casals-gastronomics\/","title":{"rendered":"Espai Granada endolceix l&#8217;estiu dels m\u00e9s petits amb els seus casals gastron\u00f2mics"},"content":{"rendered":"<p><a href=\"https:\/\/www.espaigranada.com\/\">Espai Granada<\/a> endolcir\u00e0 l&#8217;estiu dels m\u00e9s petits. Els nens i nenes d&#8217;entre 6 i 16 anys que hi participin tindran l&#8217;oportunitat d&#8217;explorar la creativitat culin\u00e0ria i aprendre noves habilitats en aquests divertits i diferents casals: des de la preparaci\u00f3 de delicioses pizzes casolanes fins a la decoraci\u00f3 de cupcakes colorits.<\/p>\n<p>Els tallers seran guiats per xefs experimentats, que compartiran el seu coneixement i passi\u00f3 per la cuina. Els participants aprendran sobre els ingredients, les t\u00e8cniques de cuina i la import\u00e0ncia d&#8217;una alimentaci\u00f3 saludable d&#8217;una manera pr\u00e0ctica i divertida.<\/p>\n<h3><a href=\"https:\/\/www.espaigranada.com\/informacion-del-evento\/casal-de-cocina-de-pelicula\">Cuina de Pel\u00b7l\u00edcula<\/a><\/h3>\n<p>Cuina i cinema. Els nens i nenes tindran dues tasques. D&#8217;una banda, cuinar receptes de cinema i esdevenir aut\u00e8ntics xefs de la cuina francesa, japonesa i mexicana. D&#8217;altra banda, ser directors i productors de cinema i enregistrar totes les seves creacions per a un curtmetratge.<\/p>\n<h4 style=\"text-align: center;\">26 al 30 de juny<br \/>\nDe 9 h a 17 h<\/h4>\n<hr \/>\n<h3><a href=\"https:\/\/www.espaigranada.com\/informacion-del-evento\/casal-cocinando-por-la-historia\">Cuinant per la hist\u00f2ria<\/a><\/h3>\n<p>Els nens i nenes es convertiran en arque\u00f2legs i exploraran la gastronomia de les grans civilitzacions de la hist\u00f2ria com l&#8217;Antic Egipte, la Gr\u00e8cia Cl\u00e0ssica i l&#8217;Imperi Rom\u00e0.<\/p>\n<h4 style=\"text-align: center;\">3 al 7 de juliol<br \/>\nDe 9 h a 17 h<\/h4>\n<hr \/>\n<h3><a href=\"https:\/\/www.espaigranada.com\/informacion-del-evento\/casal-cocina-oriente-fascinante\">Cuina Orient Fascinant<\/a><\/h3>\n<p>Els nens i nenes s&#8217;endinsaran en un viatge culinari pel Jap\u00f3 amb els makis; per la Xina, assaborint dumplings; i per Corea, delectant-nos amb mandu i kimchi. A m\u00e9s, faran sortides a cuines professionals perqu\u00e8 vegin amb els seus propis ulls com funcionen.<\/p>\n<h4 style=\"text-align: center;\">10 al 14 de juliol<br \/>\nDe 9 h a 17 h<\/h4>\n<hr \/>\n<h3><a href=\"https:\/\/www.espaigranada.com\/informacion-del-evento\/casal-de-cocina-sostenible\">Cuina sostenible<\/a><\/h3>\n<p>Els nens i nenes s&#8217;embarcaran en un viatge per la sostenibilitat i l&#8217;ess\u00e8ncia mediterr\u00e0nia mitjan\u00e7ant el consum de productes de temporada i de proximitat, aix\u00ed com la reducci\u00f3 de residus.<\/p>\n<h4 style=\"text-align: center;\">17 al 21 de juliol<br \/>\nDe 9 h a 17 h<\/h4>\n<hr \/>\n<h3><a href=\"https:\/\/www.espaigranada.com\/informacion-del-evento\/casal-de-cocina-paraiso-tropical\">Cuina Parad\u00eds Tropical<\/a><\/h3>\n<p>Els nens i nenes descobriran la cuina i la hist\u00f2ria d&#8217;Am\u00e8rica Llatina \u2013M\u00e8xic, Per\u00fa i Col\u00f2mbia\u2013 a trav\u00e9s del paladar.<\/p>\n<h4 style=\"text-align: center;\">24 al 28 de juliol<br \/>\nDe 9 h a 17 h<\/h4>\n<p><\/p>","protected":false},"excerpt":{"rendered":"<p>Espai Granada endolcir\u00e0 l&#8217;estiu dels m\u00e9s petits. Els nens i nenes d&#8217;entre 6 i 16 anys que hi participin tindran&#8230; <a href=\"https:\/\/poblenouurbandistrict.com\/ca\/espai-granada-endolceix-lestiu-dels-mes-petits-amb-els-casals-gastronomics\/\">M\u00e9s  \u2192<\/a><\/p>\n","protected":false},"author":5,"featured_media":18565,"comment_status":"closed","ping_status":"closed","sticky":false,"template":"","format":"standard","meta":{"_acf_changed":false,"footnotes":""},"categories":[3363,3345,3353],"tags":[],"class_list":["post-39596","post","type-post","status-publish","format-standard","has-post-thumbnail","hentry","category-places","category-formacion","category-gastronomia"],"acf":[],"yoast_head":"<!-- This site is optimized with the Yoast SEO plugin v27.4 - https:\/\/yoast.com\/product\/yoast-seo-wordpress\/ -->\n<title>Espai Granada endolceix l&#039;estiu dels m\u00e9s petits amb els seus casals gastron\u00f2mics &#8211; Poblenou Urban District<\/title>\n<meta name=\"robots\" content=\"index, follow, max-snippet:-1, max-image-preview:large, max-video-preview:-1\" \/>\n<link rel=\"canonical\" href=\"https:\/\/poblenouurbandistrict.com\/ca\/espai-granada-endolceix-lestiu-dels-mes-petits-amb-els-casals-gastronomics\/\" \/>\n<meta property=\"og:locale\" content=\"ca_ES\" \/>\n<meta property=\"og:type\" content=\"article\" \/>\n<meta property=\"og:title\" content=\"Espai Granada endolceix l&#039;estiu dels m\u00e9s petits amb els seus casals gastron\u00f2mics &#8211; Poblenou Urban District\" \/>\n<meta property=\"og:description\" content=\"Espai Granada endolcir\u00e0 l&#8217;estiu dels m\u00e9s petits. Els nens i nenes d&#8217;entre 6 i 16 anys que hi participin tindran... M\u00e9s \u2192\" \/>\n<meta property=\"og:url\" content=\"https:\/\/poblenouurbandistrict.com\/ca\/espai-granada-endolceix-lestiu-dels-mes-petits-amb-els-casals-gastronomics\/\" \/>\n<meta property=\"og:site_name\" content=\"Poblenou Urban District\" \/>\n<meta property=\"article:published_time\" content=\"2023-06-08T13:17:02+00:00\" \/>\n<meta property=\"article:modified_time\" content=\"2023-06-08T14:10:05+00:00\" \/>\n<meta property=\"og:image\" content=\"https:\/\/poblenouurbandistrict.com\/wp-content\/uploads\/2020\/05\/espaigranada.jpg\" \/>\n\t<meta property=\"og:image:width\" content=\"1280\" \/>\n\t<meta property=\"og:image:height\" content=\"853\" \/>\n\t<meta property=\"og:image:type\" content=\"image\/jpeg\" \/>\n<meta name=\"author\" content=\"pnud\" \/>\n<meta name=\"twitter:card\" content=\"summary_large_image\" \/>\n<meta name=\"twitter:label1\" content=\"Escrit per\" \/>\n\t<meta name=\"twitter:data1\" content=\"pnud\" \/>\n\t<meta name=\"twitter:label2\" content=\"Temps estimat de lectura\" \/>\n\t<meta name=\"twitter:data2\" content=\"2 minuts\" \/>\n<script type=\"application\/ld+json\" class=\"yoast-schema-graph\">{\"@context\":\"https:\\\/\\\/schema.org\",\"@graph\":[{\"@type\":\"Article\",\"@id\":\"https:\\\/\\\/poblenouurbandistrict.com\\\/espai-granada-endolceix-lestiu-dels-mes-petits-amb-els-casals-gastronomics\\\/#article\",\"isPartOf\":{\"@id\":\"https:\\\/\\\/poblenouurbandistrict.com\\\/espai-granada-endolceix-lestiu-dels-mes-petits-amb-els-casals-gastronomics\\\/\"},\"author\":{\"name\":\"pnud\",\"@id\":\"https:\\\/\\\/poblenouurbandistrict.com\\\/#\\\/schema\\\/person\\\/980a2cf34b399d5218205730acd54a7e\"},\"headline\":\"Espai Granada endolceix l&#8217;estiu dels m\u00e9s petits amb els seus casals gastron\u00f2mics\",\"datePublished\":\"2023-06-08T13:17:02+00:00\",\"dateModified\":\"2023-06-08T14:10:05+00:00\",\"mainEntityOfPage\":{\"@id\":\"https:\\\/\\\/poblenouurbandistrict.com\\\/espai-granada-endolceix-lestiu-dels-mes-petits-amb-els-casals-gastronomics\\\/\"},\"wordCount\":717,\"image\":{\"@id\":\"https:\\\/\\\/poblenouurbandistrict.com\\\/espai-granada-endolceix-lestiu-dels-mes-petits-amb-els-casals-gastronomics\\\/#primaryimage\"},\"thumbnailUrl\":\"https:\\\/\\\/media.poblenouurbandistrict.com\\\/2020\\\/05\\\/25031143\\\/espaigranada.jpg\",\"articleSection\":[\"Espais\",\"Formaci\u00f3\",\"Gastronomia\"],\"inLanguage\":\"ca\"},{\"@type\":\"WebPage\",\"@id\":\"https:\\\/\\\/poblenouurbandistrict.com\\\/ca\\\/espai-granada-endolceix-lestiu-dels-mes-petits-amb-els-casals-gastronomics\\\/\",\"url\":\"https:\\\/\\\/poblenouurbandistrict.com\\\/ca\\\/espai-granada-endolceix-lestiu-dels-mes-petits-amb-els-casals-gastronomics\\\/\",\"name\":\"Espai Granada endolceix l'estiu dels m\u00e9s petits amb els seus casals gastron\u00f2mics &#8211; Poblenou Urban District\",\"isPartOf\":{\"@id\":\"https:\\\/\\\/poblenouurbandistrict.com\\\/ca\\\/#website\"},\"primaryImageOfPage\":{\"@id\":\"https:\\\/\\\/poblenouurbandistrict.com\\\/ca\\\/espai-granada-endolceix-lestiu-dels-mes-petits-amb-els-casals-gastronomics\\\/#primaryimage\"},\"image\":{\"@id\":\"https:\\\/\\\/poblenouurbandistrict.com\\\/espai-granada-endolceix-lestiu-dels-mes-petits-amb-els-casals-gastronomics\\\/#primaryimage\"},\"thumbnailUrl\":\"https:\\\/\\\/media.poblenouurbandistrict.com\\\/2020\\\/05\\\/25031143\\\/espaigranada.jpg\",\"datePublished\":\"2023-06-08T13:17:02+00:00\",\"dateModified\":\"2023-06-08T14:10:05+00:00\",\"author\":{\"@id\":\"https:\\\/\\\/poblenouurbandistrict.com\\\/#\\\/schema\\\/person\\\/980a2cf34b399d5218205730acd54a7e\"},\"breadcrumb\":{\"@id\":\"https:\\\/\\\/poblenouurbandistrict.com\\\/ca\\\/espai-granada-endolceix-lestiu-dels-mes-petits-amb-els-casals-gastronomics\\\/#breadcrumb\"},\"inLanguage\":\"ca\",\"potentialAction\":[{\"@type\":\"ReadAction\",\"target\":[[\"https:\\\/\\\/poblenouurbandistrict.com\\\/ca\\\/espai-granada-endolceix-lestiu-dels-mes-petits-amb-els-casals-gastronomics\\\/\"]]}]},{\"@type\":\"ImageObject\",\"inLanguage\":\"ca\",\"@id\":\"https:\\\/\\\/poblenouurbandistrict.com\\\/ca\\\/espai-granada-endolceix-lestiu-dels-mes-petits-amb-els-casals-gastronomics\\\/#primaryimage\",\"url\":\"https:\\\/\\\/media.poblenouurbandistrict.com\\\/2020\\\/05\\\/25031143\\\/espaigranada.jpg\",\"contentUrl\":\"https:\\\/\\\/media.poblenouurbandistrict.com\\\/2020\\\/05\\\/25031143\\\/espaigranada.jpg\",\"width\":1280,\"height\":853},{\"@type\":\"BreadcrumbList\",\"@id\":\"https:\\\/\\\/poblenouurbandistrict.com\\\/ca\\\/espai-granada-endolceix-lestiu-dels-mes-petits-amb-els-casals-gastronomics\\\/#breadcrumb\",\"itemListElement\":[{\"@type\":\"ListItem\",\"position\":1,\"name\":\"Home\",\"item\":\"https:\\\/\\\/poblenouurbandistrict.com\\\/ca\\\/\"},{\"@type\":\"ListItem\",\"position\":2,\"name\":\"Espai Granada endolceix l&#8217;estiu dels m\u00e9s petits amb els seus casals gastron\u00f2mics\"}]},{\"@type\":\"WebSite\",\"@id\":\"https:\\\/\\\/poblenouurbandistrict.com\\\/ca\\\/#website\",\"url\":\"https:\\\/\\\/poblenouurbandistrict.com\\\/ca\\\/\",\"name\":\"Poblenou Urban District\",\"description\":\"Comunitat Creativa\",\"potentialAction\":[{\"@type\":\"SearchAction\",\"target\":{\"@type\":\"EntryPoint\",\"urlTemplate\":\"https:\\\/\\\/poblenouurbandistrict.com\\\/ca\\\/?s={search_term_string}\"},\"query-input\":{\"@type\":\"PropertyValueSpecification\",\"valueRequired\":true,\"valueName\":\"search_term_string\"}}],\"inLanguage\":\"ca\"},{\"@type\":\"Person\",\"@id\":\"https:\\\/\\\/poblenouurbandistrict.com\\\/#\\\/schema\\\/person\\\/980a2cf34b399d5218205730acd54a7e\",\"name\":\"pnud\",\"image\":{\"@type\":\"ImageObject\",\"inLanguage\":\"ca\",\"@id\":\"https:\\\/\\\/secure.gravatar.com\\\/avatar\\\/67146597b405ee077a24e519f75c3e2031736596d6ce35af3a34c122c93d0d7b?s=96&d=retro&r=g\",\"url\":\"https:\\\/\\\/secure.gravatar.com\\\/avatar\\\/67146597b405ee077a24e519f75c3e2031736596d6ce35af3a34c122c93d0d7b?s=96&d=retro&r=g\",\"contentUrl\":\"https:\\\/\\\/secure.gravatar.com\\\/avatar\\\/67146597b405ee077a24e519f75c3e2031736596d6ce35af3a34c122c93d0d7b?s=96&d=retro&r=g\",\"caption\":\"pnud\"}}]}<\/script>\n<!-- \/ Yoast SEO plugin. -->","yoast_head_json":{"title":"Espai Granada endolceix l'estiu dels m\u00e9s petits amb els seus casals gastron\u00f2mics &#8211; Poblenou Urban District","robots":{"index":"index","follow":"follow","max-snippet":"max-snippet:-1","max-image-preview":"max-image-preview:large","max-video-preview":"max-video-preview:-1"},"canonical":"https:\/\/poblenouurbandistrict.com\/ca\/espai-granada-endolceix-lestiu-dels-mes-petits-amb-els-casals-gastronomics\/","og_locale":"ca_ES","og_type":"article","og_title":"Espai Granada endolceix l'estiu dels m\u00e9s petits amb els seus casals gastron\u00f2mics &#8211; Poblenou Urban District","og_description":"Espai Granada endolcir\u00e0 l&#8217;estiu dels m\u00e9s petits. Els nens i nenes d&#8217;entre 6 i 16 anys que hi participin tindran... M\u00e9s \u2192","og_url":"https:\/\/poblenouurbandistrict.com\/ca\/espai-granada-endolceix-lestiu-dels-mes-petits-amb-els-casals-gastronomics\/","og_site_name":"Poblenou Urban District","article_published_time":"2023-06-08T13:17:02+00:00","article_modified_time":"2023-06-08T14:10:05+00:00","og_image":[{"width":1280,"height":853,"url":"https:\/\/poblenouurbandistrict.com\/wp-content\/uploads\/2020\/05\/espaigranada.jpg","type":"image\/jpeg"}],"author":"pnud","twitter_card":"summary_large_image","twitter_misc":{"Escrit per":"pnud","Temps estimat de lectura":"2 minuts"},"schema":{"@context":"https:\/\/schema.org","@graph":[{"@type":"Article","@id":"https:\/\/poblenouurbandistrict.com\/espai-granada-endolceix-lestiu-dels-mes-petits-amb-els-casals-gastronomics\/#article","isPartOf":{"@id":"https:\/\/poblenouurbandistrict.com\/espai-granada-endolceix-lestiu-dels-mes-petits-amb-els-casals-gastronomics\/"},"author":{"name":"pnud","@id":"https:\/\/poblenouurbandistrict.com\/#\/schema\/person\/980a2cf34b399d5218205730acd54a7e"},"headline":"Espai Granada endolceix l&#8217;estiu dels m\u00e9s petits amb els seus casals gastron\u00f2mics","datePublished":"2023-06-08T13:17:02+00:00","dateModified":"2023-06-08T14:10:05+00:00","mainEntityOfPage":{"@id":"https:\/\/poblenouurbandistrict.com\/espai-granada-endolceix-lestiu-dels-mes-petits-amb-els-casals-gastronomics\/"},"wordCount":717,"image":{"@id":"https:\/\/poblenouurbandistrict.com\/espai-granada-endolceix-lestiu-dels-mes-petits-amb-els-casals-gastronomics\/#primaryimage"},"thumbnailUrl":"https:\/\/media.poblenouurbandistrict.com\/2020\/05\/25031143\/espaigranada.jpg","articleSection":["Espais","Formaci\u00f3","Gastronomia"],"inLanguage":"ca"},{"@type":"WebPage","@id":"https:\/\/poblenouurbandistrict.com\/ca\/espai-granada-endolceix-lestiu-dels-mes-petits-amb-els-casals-gastronomics\/","url":"https:\/\/poblenouurbandistrict.com\/ca\/espai-granada-endolceix-lestiu-dels-mes-petits-amb-els-casals-gastronomics\/","name":"Espai Granada endolceix l'estiu dels m\u00e9s petits amb els seus casals gastron\u00f2mics &#8211; Poblenou Urban District","isPartOf":{"@id":"https:\/\/poblenouurbandistrict.com\/ca\/#website"},"primaryImageOfPage":{"@id":"https:\/\/poblenouurbandistrict.com\/ca\/espai-granada-endolceix-lestiu-dels-mes-petits-amb-els-casals-gastronomics\/#primaryimage"},"image":{"@id":"https:\/\/poblenouurbandistrict.com\/espai-granada-endolceix-lestiu-dels-mes-petits-amb-els-casals-gastronomics\/#primaryimage"},"thumbnailUrl":"https:\/\/media.poblenouurbandistrict.com\/2020\/05\/25031143\/espaigranada.jpg","datePublished":"2023-06-08T13:17:02+00:00","dateModified":"2023-06-08T14:10:05+00:00","author":{"@id":"https:\/\/poblenouurbandistrict.com\/#\/schema\/person\/980a2cf34b399d5218205730acd54a7e"},"breadcrumb":{"@id":"https:\/\/poblenouurbandistrict.com\/ca\/espai-granada-endolceix-lestiu-dels-mes-petits-amb-els-casals-gastronomics\/#breadcrumb"},"inLanguage":"ca","potentialAction":[{"@type":"ReadAction","target":[["https:\/\/poblenouurbandistrict.com\/ca\/espai-granada-endolceix-lestiu-dels-mes-petits-amb-els-casals-gastronomics\/"]]}]},{"@type":"ImageObject","inLanguage":"ca","@id":"https:\/\/poblenouurbandistrict.com\/ca\/espai-granada-endolceix-lestiu-dels-mes-petits-amb-els-casals-gastronomics\/#primaryimage","url":"https:\/\/media.poblenouurbandistrict.com\/2020\/05\/25031143\/espaigranada.jpg","contentUrl":"https:\/\/media.poblenouurbandistrict.com\/2020\/05\/25031143\/espaigranada.jpg","width":1280,"height":853},{"@type":"BreadcrumbList","@id":"https:\/\/poblenouurbandistrict.com\/ca\/espai-granada-endolceix-lestiu-dels-mes-petits-amb-els-casals-gastronomics\/#breadcrumb","itemListElement":[{"@type":"ListItem","position":1,"name":"Home","item":"https:\/\/poblenouurbandistrict.com\/ca\/"},{"@type":"ListItem","position":2,"name":"Espai Granada endolceix l&#8217;estiu dels m\u00e9s petits amb els seus casals gastron\u00f2mics"}]},{"@type":"WebSite","@id":"https:\/\/poblenouurbandistrict.com\/ca\/#website","url":"https:\/\/poblenouurbandistrict.com\/ca\/","name":"Poblenou Urban District","description":"Comunitat Creativa","potentialAction":[{"@type":"SearchAction","target":{"@type":"EntryPoint","urlTemplate":"https:\/\/poblenouurbandistrict.com\/ca\/?s={search_term_string}"},"query-input":{"@type":"PropertyValueSpecification","valueRequired":true,"valueName":"search_term_string"}}],"inLanguage":"ca"},{"@type":"Person","@id":"https:\/\/poblenouurbandistrict.com\/#\/schema\/person\/980a2cf34b399d5218205730acd54a7e","name":"pnud","image":{"@type":"ImageObject","inLanguage":"ca","@id":"https:\/\/secure.gravatar.com\/avatar\/67146597b405ee077a24e519f75c3e2031736596d6ce35af3a34c122c93d0d7b?s=96&d=retro&r=g","url":"https:\/\/secure.gravatar.com\/avatar\/67146597b405ee077a24e519f75c3e2031736596d6ce35af3a34c122c93d0d7b?s=96&d=retro&r=g","contentUrl":"https:\/\/secure.gravatar.com\/avatar\/67146597b405ee077a24e519f75c3e2031736596d6ce35af3a34c122c93d0d7b?s=96&d=retro&r=g","caption":"pnud"}}]}},"_links":{"self":[{"href":"https:\/\/poblenouurbandistrict.com\/ca\/wp-json\/wp\/v2\/posts\/39596","targetHints":{"allow":["GET"]}}],"collection":[{"href":"https:\/\/poblenouurbandistrict.com\/ca\/wp-json\/wp\/v2\/posts"}],"about":[{"href":"https:\/\/poblenouurbandistrict.com\/ca\/wp-json\/wp\/v2\/types\/post"}],"author":[{"embeddable":true,"href":"https:\/\/poblenouurbandistrict.com\/ca\/wp-json\/wp\/v2\/users\/5"}],"replies":[{"embeddable":true,"href":"https:\/\/poblenouurbandistrict.com\/ca\/wp-json\/wp\/v2\/comments?post=39596"}],"version-history":[{"count":5,"href":"https:\/\/poblenouurbandistrict.com\/ca\/wp-json\/wp\/v2\/posts\/39596\/revisions"}],"predecessor-version":[{"id":39651,"href":"https:\/\/poblenouurbandistrict.com\/ca\/wp-json\/wp\/v2\/posts\/39596\/revisions\/39651"}],"wp:featuredmedia":[{"embeddable":true,"href":"https:\/\/poblenouurbandistrict.com\/ca\/wp-json\/wp\/v2\/media\/18565"}],"wp:attachment":[{"href":"https:\/\/poblenouurbandistrict.com\/ca\/wp-json\/wp\/v2\/media?parent=39596"}],"wp:term":[{"taxonomy":"category","embeddable":true,"href":"https:\/\/poblenouurbandistrict.com\/ca\/wp-json\/wp\/v2\/categories?post=39596"},{"taxonomy":"post_tag","embeddable":true,"href":"https:\/\/poblenouurbandistrict.com\/ca\/wp-json\/wp\/v2\/tags?post=39596"}],"curies":[{"name":"wp","href":"https:\/\/api.w.org\/{rel}","templated":true}]}}