{"id":40826,"date":"2023-08-31T14:21:36","date_gmt":"2023-08-31T12:21:36","guid":{"rendered":"https:\/\/poblenouurbandistrict.com\/?p=40826"},"modified":"2023-09-01T18:02:24","modified_gmt":"2023-09-01T16:02:24","slug":"bruncherie-estrena-nova-carta-amb-plats-innovadors-i-originals","status":"publish","type":"post","link":"https:\/\/poblenouurbandistrict.com\/ca\/bruncherie-estrena-nova-carta-amb-plats-innovadors-i-originals\/","title":{"rendered":"Bruncherie estrena nova carta amb plats innovadors i originals"},"content":{"rendered":"<p><span style=\"font-weight: 400;\">Has tastat algun cop un esmorzar a l\u2019estil cowboy? Ous remenats, salsitxes, bac\u00f3, patates rosti de Su\u00efssa&#8230; Aquesta \u00e9s una de les especialitats de <a href=\"https:\/\/bruncheriebcn.wordpress.com\/\">Bruncherie<\/a>, el nou local especialitzat en brunch que estrena carta amb <\/span><span style=\"font-weight: 400;\">plats innovadors i originals que no et podr\u00e0s treure del cap. Per exemple, la torrada de ferrero, com si fos d\u2019alvocat, per\u00f2 amb crema d\u2019avellanes i mascarpone o l\u2019hamburguesa D\u00e9lice Lotus (s\u00ed, amb galeta Lotus per sobre) per fusionar el salat i el dol\u00e7.<\/span><\/p>\n<p><span style=\"font-weight: 400;\">Per\u00f2 aix\u00f2 no \u00e9s tot&#8230; a la carta tamb\u00e9 trobar\u00e0s sandvitxos, bowls d&#8217;a\u00e7a\u00ed, amanides, pastissos artesanals, plats per compartir, <\/span>rebosteria i caf\u00e8 d&#8217;especialitat. <span style=\"font-weight: 400;\">A m\u00e9s, si ets fan de Barbie, tenen uns pancakes color rosa amb fruits vermells.<\/span> Per altra banda, si ho prefereixes, a l&#8217;hora de dinar ofereixen un men\u00fa executiu, de 13 h a 15 h, que inclou beguda i hamburguesa o amanida.<\/p>\n<p><span style=\"font-weight: 400;\">Bruncherie obre de dilluns a divendres de 9 h a 18 h i dissabtes i diumenges de 10 h a 15 h. Fes la teva reserva ja!<\/span><\/p>","protected":false},"excerpt":{"rendered":"<p>Has tastat algun cop un esmorzar a l\u2019estil cowboy? Ous remenats, salsitxes, bac\u00f3, patates rosti de Su\u00efssa&#8230; Aquesta \u00e9s una&#8230; <a href=\"https:\/\/poblenouurbandistrict.com\/ca\/bruncherie-estrena-nova-carta-amb-plats-innovadors-i-originals\/\">M\u00e9s  \u2192<\/a><\/p>\n","protected":false},"author":5,"featured_media":40830,"comment_status":"closed","ping_status":"closed","sticky":false,"template":"","format":"standard","meta":{"_acf_changed":false,"footnotes":""},"categories":[3353],"tags":[],"class_list":["post-40826","post","type-post","status-publish","format-standard","has-post-thumbnail","hentry","category-gastronomia"],"acf":[],"yoast_head":"<!-- This site is optimized with the Yoast SEO plugin v27.4 - https:\/\/yoast.com\/product\/yoast-seo-wordpress\/ -->\n<title>Bruncherie estrena nova carta amb plats innovadors i originals &#8211; Poblenou Urban District<\/title>\n<meta name=\"robots\" content=\"index, follow, max-snippet:-1, max-image-preview:large, max-video-preview:-1\" \/>\n<link rel=\"canonical\" href=\"https:\/\/poblenouurbandistrict.com\/ca\/bruncherie-estrena-nova-carta-amb-plats-innovadors-i-originals\/\" \/>\n<meta property=\"og:locale\" content=\"ca_ES\" \/>\n<meta property=\"og:type\" content=\"article\" \/>\n<meta property=\"og:title\" content=\"Bruncherie estrena nova carta amb plats innovadors i originals &#8211; Poblenou Urban District\" \/>\n<meta property=\"og:description\" content=\"Has tastat algun cop un esmorzar a l\u2019estil cowboy? Ous remenats, salsitxes, bac\u00f3, patates rosti de Su\u00efssa&#8230; Aquesta \u00e9s una... M\u00e9s \u2192\" \/>\n<meta property=\"og:url\" content=\"https:\/\/poblenouurbandistrict.com\/ca\/bruncherie-estrena-nova-carta-amb-plats-innovadors-i-originals\/\" \/>\n<meta property=\"og:site_name\" content=\"Poblenou Urban District\" \/>\n<meta property=\"article:published_time\" content=\"2023-08-31T12:21:36+00:00\" \/>\n<meta property=\"article:modified_time\" content=\"2023-09-01T16:02:24+00:00\" \/>\n<meta property=\"og:image\" content=\"https:\/\/poblenouurbandistrict.com\/wp-content\/uploads\/2023\/08\/45778d44-7c54-4858-9a93-f03352166612.jpg\" \/>\n\t<meta property=\"og:image:width\" content=\"1440\" \/>\n\t<meta property=\"og:image:height\" content=\"1917\" \/>\n\t<meta property=\"og:image:type\" content=\"image\/jpeg\" \/>\n<meta name=\"author\" content=\"pnud\" \/>\n<meta name=\"twitter:card\" content=\"summary_large_image\" \/>\n<meta name=\"twitter:label1\" content=\"Escrit per\" \/>\n\t<meta name=\"twitter:data1\" content=\"pnud\" \/>\n\t<meta name=\"twitter:label2\" content=\"Temps estimat de lectura\" \/>\n\t<meta name=\"twitter:data2\" content=\"1 minut\" \/>\n<script type=\"application\/ld+json\" class=\"yoast-schema-graph\">{\"@context\":\"https:\\\/\\\/schema.org\",\"@graph\":[{\"@type\":\"Article\",\"@id\":\"https:\\\/\\\/poblenouurbandistrict.com\\\/bruncherie-estrena-nova-carta-amb-plats-innovadors-i-originals\\\/#article\",\"isPartOf\":{\"@id\":\"https:\\\/\\\/poblenouurbandistrict.com\\\/bruncherie-estrena-nova-carta-amb-plats-innovadors-i-originals\\\/\"},\"author\":{\"name\":\"pnud\",\"@id\":\"https:\\\/\\\/poblenouurbandistrict.com\\\/#\\\/schema\\\/person\\\/980a2cf34b399d5218205730acd54a7e\"},\"headline\":\"Bruncherie estrena nova carta amb plats innovadors i originals\",\"datePublished\":\"2023-08-31T12:21:36+00:00\",\"dateModified\":\"2023-09-01T16:02:24+00:00\",\"mainEntityOfPage\":{\"@id\":\"https:\\\/\\\/poblenouurbandistrict.com\\\/bruncherie-estrena-nova-carta-amb-plats-innovadors-i-originals\\\/\"},\"wordCount\":377,\"image\":{\"@id\":\"https:\\\/\\\/poblenouurbandistrict.com\\\/bruncherie-estrena-nova-carta-amb-plats-innovadors-i-originals\\\/#primaryimage\"},\"thumbnailUrl\":\"https:\\\/\\\/media.poblenouurbandistrict.com\\\/2023\\\/08\\\/25064413\\\/45778d44-7c54-4858-9a93-f03352166612.jpg\",\"articleSection\":[\"Gastronomia\"],\"inLanguage\":\"ca\"},{\"@type\":\"WebPage\",\"@id\":\"https:\\\/\\\/poblenouurbandistrict.com\\\/ca\\\/bruncherie-estrena-nova-carta-amb-plats-innovadors-i-originals\\\/\",\"url\":\"https:\\\/\\\/poblenouurbandistrict.com\\\/ca\\\/bruncherie-estrena-nova-carta-amb-plats-innovadors-i-originals\\\/\",\"name\":\"Bruncherie estrena nova carta amb plats innovadors i originals &#8211; Poblenou Urban District\",\"isPartOf\":{\"@id\":\"https:\\\/\\\/poblenouurbandistrict.com\\\/ca\\\/#website\"},\"primaryImageOfPage\":{\"@id\":\"https:\\\/\\\/poblenouurbandistrict.com\\\/ca\\\/bruncherie-estrena-nova-carta-amb-plats-innovadors-i-originals\\\/#primaryimage\"},\"image\":{\"@id\":\"https:\\\/\\\/poblenouurbandistrict.com\\\/bruncherie-estrena-nova-carta-amb-plats-innovadors-i-originals\\\/#primaryimage\"},\"thumbnailUrl\":\"https:\\\/\\\/media.poblenouurbandistrict.com\\\/2023\\\/08\\\/25064413\\\/45778d44-7c54-4858-9a93-f03352166612.jpg\",\"datePublished\":\"2023-08-31T12:21:36+00:00\",\"dateModified\":\"2023-09-01T16:02:24+00:00\",\"author\":{\"@id\":\"https:\\\/\\\/poblenouurbandistrict.com\\\/#\\\/schema\\\/person\\\/980a2cf34b399d5218205730acd54a7e\"},\"breadcrumb\":{\"@id\":\"https:\\\/\\\/poblenouurbandistrict.com\\\/ca\\\/bruncherie-estrena-nova-carta-amb-plats-innovadors-i-originals\\\/#breadcrumb\"},\"inLanguage\":\"ca\",\"potentialAction\":[{\"@type\":\"ReadAction\",\"target\":[[\"https:\\\/\\\/poblenouurbandistrict.com\\\/ca\\\/bruncherie-estrena-nova-carta-amb-plats-innovadors-i-originals\\\/\"]]}]},{\"@type\":\"ImageObject\",\"inLanguage\":\"ca\",\"@id\":\"https:\\\/\\\/poblenouurbandistrict.com\\\/ca\\\/bruncherie-estrena-nova-carta-amb-plats-innovadors-i-originals\\\/#primaryimage\",\"url\":\"https:\\\/\\\/media.poblenouurbandistrict.com\\\/2023\\\/08\\\/25064413\\\/45778d44-7c54-4858-9a93-f03352166612.jpg\",\"contentUrl\":\"https:\\\/\\\/media.poblenouurbandistrict.com\\\/2023\\\/08\\\/25064413\\\/45778d44-7c54-4858-9a93-f03352166612.jpg\",\"width\":1440,\"height\":1917},{\"@type\":\"BreadcrumbList\",\"@id\":\"https:\\\/\\\/poblenouurbandistrict.com\\\/ca\\\/bruncherie-estrena-nova-carta-amb-plats-innovadors-i-originals\\\/#breadcrumb\",\"itemListElement\":[{\"@type\":\"ListItem\",\"position\":1,\"name\":\"Home\",\"item\":\"https:\\\/\\\/poblenouurbandistrict.com\\\/ca\\\/\"},{\"@type\":\"ListItem\",\"position\":2,\"name\":\"Bruncherie estrena nova carta amb plats innovadors i originals\"}]},{\"@type\":\"WebSite\",\"@id\":\"https:\\\/\\\/poblenouurbandistrict.com\\\/ca\\\/#website\",\"url\":\"https:\\\/\\\/poblenouurbandistrict.com\\\/ca\\\/\",\"name\":\"Poblenou Urban District\",\"description\":\"Comunitat Creativa\",\"potentialAction\":[{\"@type\":\"SearchAction\",\"target\":{\"@type\":\"EntryPoint\",\"urlTemplate\":\"https:\\\/\\\/poblenouurbandistrict.com\\\/ca\\\/?s={search_term_string}\"},\"query-input\":{\"@type\":\"PropertyValueSpecification\",\"valueRequired\":true,\"valueName\":\"search_term_string\"}}],\"inLanguage\":\"ca\"},{\"@type\":\"Person\",\"@id\":\"https:\\\/\\\/poblenouurbandistrict.com\\\/#\\\/schema\\\/person\\\/980a2cf34b399d5218205730acd54a7e\",\"name\":\"pnud\",\"image\":{\"@type\":\"ImageObject\",\"inLanguage\":\"ca\",\"@id\":\"https:\\\/\\\/secure.gravatar.com\\\/avatar\\\/67146597b405ee077a24e519f75c3e2031736596d6ce35af3a34c122c93d0d7b?s=96&d=retro&r=g\",\"url\":\"https:\\\/\\\/secure.gravatar.com\\\/avatar\\\/67146597b405ee077a24e519f75c3e2031736596d6ce35af3a34c122c93d0d7b?s=96&d=retro&r=g\",\"contentUrl\":\"https:\\\/\\\/secure.gravatar.com\\\/avatar\\\/67146597b405ee077a24e519f75c3e2031736596d6ce35af3a34c122c93d0d7b?s=96&d=retro&r=g\",\"caption\":\"pnud\"}}]}<\/script>\n<!-- \/ Yoast SEO plugin. -->","yoast_head_json":{"title":"Bruncherie estrena nova carta amb plats innovadors i originals &#8211; Poblenou Urban District","robots":{"index":"index","follow":"follow","max-snippet":"max-snippet:-1","max-image-preview":"max-image-preview:large","max-video-preview":"max-video-preview:-1"},"canonical":"https:\/\/poblenouurbandistrict.com\/ca\/bruncherie-estrena-nova-carta-amb-plats-innovadors-i-originals\/","og_locale":"ca_ES","og_type":"article","og_title":"Bruncherie estrena nova carta amb plats innovadors i originals &#8211; Poblenou Urban District","og_description":"Has tastat algun cop un esmorzar a l\u2019estil cowboy? Ous remenats, salsitxes, bac\u00f3, patates rosti de Su\u00efssa&#8230; Aquesta \u00e9s una... M\u00e9s \u2192","og_url":"https:\/\/poblenouurbandistrict.com\/ca\/bruncherie-estrena-nova-carta-amb-plats-innovadors-i-originals\/","og_site_name":"Poblenou Urban District","article_published_time":"2023-08-31T12:21:36+00:00","article_modified_time":"2023-09-01T16:02:24+00:00","og_image":[{"width":1440,"height":1917,"url":"https:\/\/poblenouurbandistrict.com\/wp-content\/uploads\/2023\/08\/45778d44-7c54-4858-9a93-f03352166612.jpg","type":"image\/jpeg"}],"author":"pnud","twitter_card":"summary_large_image","twitter_misc":{"Escrit per":"pnud","Temps estimat de lectura":"1 minut"},"schema":{"@context":"https:\/\/schema.org","@graph":[{"@type":"Article","@id":"https:\/\/poblenouurbandistrict.com\/bruncherie-estrena-nova-carta-amb-plats-innovadors-i-originals\/#article","isPartOf":{"@id":"https:\/\/poblenouurbandistrict.com\/bruncherie-estrena-nova-carta-amb-plats-innovadors-i-originals\/"},"author":{"name":"pnud","@id":"https:\/\/poblenouurbandistrict.com\/#\/schema\/person\/980a2cf34b399d5218205730acd54a7e"},"headline":"Bruncherie estrena nova carta amb plats innovadors i originals","datePublished":"2023-08-31T12:21:36+00:00","dateModified":"2023-09-01T16:02:24+00:00","mainEntityOfPage":{"@id":"https:\/\/poblenouurbandistrict.com\/bruncherie-estrena-nova-carta-amb-plats-innovadors-i-originals\/"},"wordCount":377,"image":{"@id":"https:\/\/poblenouurbandistrict.com\/bruncherie-estrena-nova-carta-amb-plats-innovadors-i-originals\/#primaryimage"},"thumbnailUrl":"https:\/\/media.poblenouurbandistrict.com\/2023\/08\/25064413\/45778d44-7c54-4858-9a93-f03352166612.jpg","articleSection":["Gastronomia"],"inLanguage":"ca"},{"@type":"WebPage","@id":"https:\/\/poblenouurbandistrict.com\/ca\/bruncherie-estrena-nova-carta-amb-plats-innovadors-i-originals\/","url":"https:\/\/poblenouurbandistrict.com\/ca\/bruncherie-estrena-nova-carta-amb-plats-innovadors-i-originals\/","name":"Bruncherie estrena nova carta amb plats innovadors i originals &#8211; Poblenou Urban District","isPartOf":{"@id":"https:\/\/poblenouurbandistrict.com\/ca\/#website"},"primaryImageOfPage":{"@id":"https:\/\/poblenouurbandistrict.com\/ca\/bruncherie-estrena-nova-carta-amb-plats-innovadors-i-originals\/#primaryimage"},"image":{"@id":"https:\/\/poblenouurbandistrict.com\/bruncherie-estrena-nova-carta-amb-plats-innovadors-i-originals\/#primaryimage"},"thumbnailUrl":"https:\/\/media.poblenouurbandistrict.com\/2023\/08\/25064413\/45778d44-7c54-4858-9a93-f03352166612.jpg","datePublished":"2023-08-31T12:21:36+00:00","dateModified":"2023-09-01T16:02:24+00:00","author":{"@id":"https:\/\/poblenouurbandistrict.com\/#\/schema\/person\/980a2cf34b399d5218205730acd54a7e"},"breadcrumb":{"@id":"https:\/\/poblenouurbandistrict.com\/ca\/bruncherie-estrena-nova-carta-amb-plats-innovadors-i-originals\/#breadcrumb"},"inLanguage":"ca","potentialAction":[{"@type":"ReadAction","target":[["https:\/\/poblenouurbandistrict.com\/ca\/bruncherie-estrena-nova-carta-amb-plats-innovadors-i-originals\/"]]}]},{"@type":"ImageObject","inLanguage":"ca","@id":"https:\/\/poblenouurbandistrict.com\/ca\/bruncherie-estrena-nova-carta-amb-plats-innovadors-i-originals\/#primaryimage","url":"https:\/\/media.poblenouurbandistrict.com\/2023\/08\/25064413\/45778d44-7c54-4858-9a93-f03352166612.jpg","contentUrl":"https:\/\/media.poblenouurbandistrict.com\/2023\/08\/25064413\/45778d44-7c54-4858-9a93-f03352166612.jpg","width":1440,"height":1917},{"@type":"BreadcrumbList","@id":"https:\/\/poblenouurbandistrict.com\/ca\/bruncherie-estrena-nova-carta-amb-plats-innovadors-i-originals\/#breadcrumb","itemListElement":[{"@type":"ListItem","position":1,"name":"Home","item":"https:\/\/poblenouurbandistrict.com\/ca\/"},{"@type":"ListItem","position":2,"name":"Bruncherie estrena nova carta amb plats innovadors i originals"}]},{"@type":"WebSite","@id":"https:\/\/poblenouurbandistrict.com\/ca\/#website","url":"https:\/\/poblenouurbandistrict.com\/ca\/","name":"Poblenou Urban District","description":"Comunitat Creativa","potentialAction":[{"@type":"SearchAction","target":{"@type":"EntryPoint","urlTemplate":"https:\/\/poblenouurbandistrict.com\/ca\/?s={search_term_string}"},"query-input":{"@type":"PropertyValueSpecification","valueRequired":true,"valueName":"search_term_string"}}],"inLanguage":"ca"},{"@type":"Person","@id":"https:\/\/poblenouurbandistrict.com\/#\/schema\/person\/980a2cf34b399d5218205730acd54a7e","name":"pnud","image":{"@type":"ImageObject","inLanguage":"ca","@id":"https:\/\/secure.gravatar.com\/avatar\/67146597b405ee077a24e519f75c3e2031736596d6ce35af3a34c122c93d0d7b?s=96&d=retro&r=g","url":"https:\/\/secure.gravatar.com\/avatar\/67146597b405ee077a24e519f75c3e2031736596d6ce35af3a34c122c93d0d7b?s=96&d=retro&r=g","contentUrl":"https:\/\/secure.gravatar.com\/avatar\/67146597b405ee077a24e519f75c3e2031736596d6ce35af3a34c122c93d0d7b?s=96&d=retro&r=g","caption":"pnud"}}]}},"_links":{"self":[{"href":"https:\/\/poblenouurbandistrict.com\/ca\/wp-json\/wp\/v2\/posts\/40826","targetHints":{"allow":["GET"]}}],"collection":[{"href":"https:\/\/poblenouurbandistrict.com\/ca\/wp-json\/wp\/v2\/posts"}],"about":[{"href":"https:\/\/poblenouurbandistrict.com\/ca\/wp-json\/wp\/v2\/types\/post"}],"author":[{"embeddable":true,"href":"https:\/\/poblenouurbandistrict.com\/ca\/wp-json\/wp\/v2\/users\/5"}],"replies":[{"embeddable":true,"href":"https:\/\/poblenouurbandistrict.com\/ca\/wp-json\/wp\/v2\/comments?post=40826"}],"version-history":[{"count":6,"href":"https:\/\/poblenouurbandistrict.com\/ca\/wp-json\/wp\/v2\/posts\/40826\/revisions"}],"predecessor-version":[{"id":40868,"href":"https:\/\/poblenouurbandistrict.com\/ca\/wp-json\/wp\/v2\/posts\/40826\/revisions\/40868"}],"wp:featuredmedia":[{"embeddable":true,"href":"https:\/\/poblenouurbandistrict.com\/ca\/wp-json\/wp\/v2\/media\/40830"}],"wp:attachment":[{"href":"https:\/\/poblenouurbandistrict.com\/ca\/wp-json\/wp\/v2\/media?parent=40826"}],"wp:term":[{"taxonomy":"category","embeddable":true,"href":"https:\/\/poblenouurbandistrict.com\/ca\/wp-json\/wp\/v2\/categories?post=40826"},{"taxonomy":"post_tag","embeddable":true,"href":"https:\/\/poblenouurbandistrict.com\/ca\/wp-json\/wp\/v2\/tags?post=40826"}],"curies":[{"name":"wp","href":"https:\/\/api.w.org\/{rel}","templated":true}]}}