{"id":40944,"date":"2023-09-07T17:00:31","date_gmt":"2023-09-07T15:00:31","guid":{"rendered":"https:\/\/poblenouurbandistrict.com\/?p=40944"},"modified":"2023-09-08T21:03:40","modified_gmt":"2023-09-08T19:03:40","slug":"arrenca-la-festa-major-del-poblenou","status":"publish","type":"post","link":"https:\/\/poblenouurbandistrict.com\/ca\/arrenca-la-festa-major-del-poblenou\/","title":{"rendered":"Arrenca la Festa Major del Poblenou"},"content":{"rendered":"<p><strong>Enguany, se celebra el 150\u00e8 aniversari de la <a href=\"https:\/\/www.festamajorpoblenou.org\/\">Festa Major del Poblenou<\/a><\/strong>, una de les cites m\u00e9s esperades pels ve\u00efns. <strong>Del 8 al 17 de setembre<\/strong>, gaudeix de les festes del Districte Creatiu de Barcelona amb una programaci\u00f3 variada de fins a 300 activitats que reivindiquen la cultura popular i el teixit associatiu del barri.<\/p>\n<p>Des de tallers fins a concerts, carreres esportives, gimcanes, batucades, correfocs, gegants, visites guiades, microteatre, xerrades&#8230; Activitats dissenyades per atraure persones de totes les edats i interessos. La periodista i ve\u00efna del barri, Maria Fav\u00e0, donar\u00e0 el preg\u00f3 d&#8217;inici de festes, dissabte 9 de setembre, a les 19 h.<\/p>\n<p>&#8220;Aquest \u00e9s el moment perfecte per construir espais \u00fanics de fraternitat i contribuir a enfortir els lla\u00e7os als nostres barris. Compartirem moments de sorpresa i gaudirem de la intensitat de la vida al barri&#8221;, afirma el regidor del Districte de Sant Mart\u00ed, David Escud\u00e9 Rodr\u00edguez.<\/p>\n<p>Una part especial d&#8217;aquesta celebraci\u00f3 \u00e9s l&#8217;exposici\u00f3 sobre la hist\u00f2ria del Poblenou al <a href=\"https:\/\/www.cccanfelipa.cat\/\">Centre C\u00edvic Can Felipa<\/a> que t\u00e9 com a objectiu recordar els or\u00edgens fabrils i la identitat industrial del barri. Aix\u00ed mateix, ens convida a reflexionar sobre les transformacions urban\u00edstiques que pateix el districte.<\/p>\n<p><strong>Per obtenir m\u00e9s informaci\u00f3 sobre la programaci\u00f3 completa, pots consultar aquest <a href=\"https:\/\/media-edg.barcelona.cat\/wp-content\/uploads\/2023\/09\/05103921\/Festa-Major-del-Poblenou-2023-Diari-en-linia.pdf\">enlla\u00e7<\/a>.<\/strong><\/p>\n<p>Anna Font Rubio, il\u00b7lustradora i dissenyadora, ha estat l&#8217;encarregada de fer la creativitat d&#8217;aquest any, captant l&#8217;ess\u00e8ncia del Poblenou: arquitectura fabril i moderna, platja, parcs, tecnologia, comer\u00e7 local, hubs creatius, cultura&#8230;<\/p>\n<p><strong>Us desitgem unes bones festes!<\/strong><\/p>\n<p><img loading=\"lazy\" decoding=\"async\" class=\"aligncenter size-medium wp-image-40946\" src=\"https:\/\/media.poblenouurbandistrict.com\/2023\/09\/25064615\/captura-de-pantalla-2023-09-07-a-las-144902-620x728.jpg\" alt=\"\" width=\"620\" height=\"728\" \/><\/p>","protected":false},"excerpt":{"rendered":"<p>Enguany, se celebra el 150\u00e8 aniversari de la Festa Major del Poblenou, una de les cites m\u00e9s esperades pels ve\u00efns&#8230;. <a href=\"https:\/\/poblenouurbandistrict.com\/ca\/arrenca-la-festa-major-del-poblenou\/\">M\u00e9s  \u2192<\/a><\/p>\n","protected":false},"author":5,"featured_media":40945,"comment_status":"closed","ping_status":"closed","sticky":false,"template":"","format":"standard","meta":{"_acf_changed":false,"footnotes":""},"categories":[3602,1],"tags":[],"class_list":["post-40944","post","type-post","status-publish","format-standard","has-post-thumbnail","hentry","category-poblenou","category-noticias"],"acf":[],"yoast_head":"<!-- This site is optimized with the Yoast SEO plugin v27.5 - https:\/\/yoast.com\/product\/yoast-seo-wordpress\/ -->\n<title>Arrenca la Festa Major del Poblenou &#8211; Poblenou Urban District<\/title>\n<meta name=\"robots\" content=\"index, follow, max-snippet:-1, max-image-preview:large, max-video-preview:-1\" \/>\n<link rel=\"canonical\" href=\"https:\/\/poblenouurbandistrict.com\/ca\/arrenca-la-festa-major-del-poblenou\/\" \/>\n<meta property=\"og:locale\" content=\"ca_ES\" \/>\n<meta property=\"og:type\" content=\"article\" \/>\n<meta property=\"og:title\" content=\"Arrenca la Festa Major del Poblenou &#8211; Poblenou Urban District\" \/>\n<meta property=\"og:description\" content=\"Enguany, se celebra el 150\u00e8 aniversari de la Festa Major del Poblenou, una de les cites m\u00e9s esperades pels ve\u00efns.... M\u00e9s \u2192\" \/>\n<meta property=\"og:url\" content=\"https:\/\/poblenouurbandistrict.com\/ca\/arrenca-la-festa-major-del-poblenou\/\" \/>\n<meta property=\"og:site_name\" content=\"Poblenou Urban District\" \/>\n<meta property=\"article:published_time\" content=\"2023-09-07T15:00:31+00:00\" \/>\n<meta property=\"article:modified_time\" content=\"2023-09-08T19:03:40+00:00\" \/>\n<meta property=\"og:image\" content=\"https:\/\/poblenouurbandistrict.com\/wp-content\/uploads\/2023\/09\/open-day-x-emidelpiccolo-398-4-scaled.jpg\" \/>\n\t<meta property=\"og:image:width\" content=\"2560\" \/>\n\t<meta property=\"og:image:height\" content=\"1709\" \/>\n\t<meta property=\"og:image:type\" content=\"image\/jpeg\" \/>\n<meta name=\"author\" content=\"pnud\" \/>\n<meta name=\"twitter:card\" content=\"summary_large_image\" \/>\n<meta name=\"twitter:label1\" content=\"Escrit per\" \/>\n\t<meta name=\"twitter:data1\" content=\"pnud\" \/>\n\t<meta name=\"twitter:label2\" content=\"Temps estimat de lectura\" \/>\n\t<meta name=\"twitter:data2\" content=\"2 minuts\" \/>\n<script type=\"application\/ld+json\" class=\"yoast-schema-graph\">{\"@context\":\"https:\\\/\\\/schema.org\",\"@graph\":[{\"@type\":\"Article\",\"@id\":\"https:\\\/\\\/poblenouurbandistrict.com\\\/arrenca-la-festa-major-del-poblenou\\\/#article\",\"isPartOf\":{\"@id\":\"https:\\\/\\\/poblenouurbandistrict.com\\\/arrenca-la-festa-major-del-poblenou\\\/\"},\"author\":{\"name\":\"pnud\",\"@id\":\"https:\\\/\\\/poblenouurbandistrict.com\\\/#\\\/schema\\\/person\\\/980a2cf34b399d5218205730acd54a7e\"},\"headline\":\"Arrenca la Festa Major del Poblenou\",\"datePublished\":\"2023-09-07T15:00:31+00:00\",\"dateModified\":\"2023-09-08T19:03:40+00:00\",\"mainEntityOfPage\":{\"@id\":\"https:\\\/\\\/poblenouurbandistrict.com\\\/arrenca-la-festa-major-del-poblenou\\\/\"},\"wordCount\":534,\"image\":{\"@id\":\"https:\\\/\\\/poblenouurbandistrict.com\\\/arrenca-la-festa-major-del-poblenou\\\/#primaryimage\"},\"thumbnailUrl\":\"https:\\\/\\\/media.poblenouurbandistrict.com\\\/2023\\\/09\\\/25064613\\\/open-day-x-emidelpiccolo-398-4-scaled.jpg\",\"articleSection\":[\"Poblenou\",\"Est\u00e0 passant\"],\"inLanguage\":\"ca\"},{\"@type\":\"WebPage\",\"@id\":\"https:\\\/\\\/poblenouurbandistrict.com\\\/ca\\\/arrenca-la-festa-major-del-poblenou\\\/\",\"url\":\"https:\\\/\\\/poblenouurbandistrict.com\\\/ca\\\/arrenca-la-festa-major-del-poblenou\\\/\",\"name\":\"Arrenca la Festa Major del Poblenou &#8211; Poblenou Urban District\",\"isPartOf\":{\"@id\":\"https:\\\/\\\/poblenouurbandistrict.com\\\/ca\\\/#website\"},\"primaryImageOfPage\":{\"@id\":\"https:\\\/\\\/poblenouurbandistrict.com\\\/ca\\\/arrenca-la-festa-major-del-poblenou\\\/#primaryimage\"},\"image\":{\"@id\":\"https:\\\/\\\/poblenouurbandistrict.com\\\/arrenca-la-festa-major-del-poblenou\\\/#primaryimage\"},\"thumbnailUrl\":\"https:\\\/\\\/media.poblenouurbandistrict.com\\\/2023\\\/09\\\/25064613\\\/open-day-x-emidelpiccolo-398-4-scaled.jpg\",\"datePublished\":\"2023-09-07T15:00:31+00:00\",\"dateModified\":\"2023-09-08T19:03:40+00:00\",\"author\":{\"@id\":\"https:\\\/\\\/poblenouurbandistrict.com\\\/#\\\/schema\\\/person\\\/980a2cf34b399d5218205730acd54a7e\"},\"breadcrumb\":{\"@id\":\"https:\\\/\\\/poblenouurbandistrict.com\\\/ca\\\/arrenca-la-festa-major-del-poblenou\\\/#breadcrumb\"},\"inLanguage\":\"ca\",\"potentialAction\":[{\"@type\":\"ReadAction\",\"target\":[[\"https:\\\/\\\/poblenouurbandistrict.com\\\/ca\\\/arrenca-la-festa-major-del-poblenou\\\/\"]]}]},{\"@type\":\"ImageObject\",\"inLanguage\":\"ca\",\"@id\":\"https:\\\/\\\/poblenouurbandistrict.com\\\/ca\\\/arrenca-la-festa-major-del-poblenou\\\/#primaryimage\",\"url\":\"https:\\\/\\\/media.poblenouurbandistrict.com\\\/2023\\\/09\\\/25064613\\\/open-day-x-emidelpiccolo-398-4-scaled.jpg\",\"contentUrl\":\"https:\\\/\\\/media.poblenouurbandistrict.com\\\/2023\\\/09\\\/25064613\\\/open-day-x-emidelpiccolo-398-4-scaled.jpg\",\"width\":2560,\"height\":1709},{\"@type\":\"BreadcrumbList\",\"@id\":\"https:\\\/\\\/poblenouurbandistrict.com\\\/ca\\\/arrenca-la-festa-major-del-poblenou\\\/#breadcrumb\",\"itemListElement\":[{\"@type\":\"ListItem\",\"position\":1,\"name\":\"Home\",\"item\":\"https:\\\/\\\/poblenouurbandistrict.com\\\/ca\\\/\"},{\"@type\":\"ListItem\",\"position\":2,\"name\":\"Arrenca la Festa Major del Poblenou\"}]},{\"@type\":\"WebSite\",\"@id\":\"https:\\\/\\\/poblenouurbandistrict.com\\\/ca\\\/#website\",\"url\":\"https:\\\/\\\/poblenouurbandistrict.com\\\/ca\\\/\",\"name\":\"Poblenou Urban District\",\"description\":\"Comunitat Creativa\",\"potentialAction\":[{\"@type\":\"SearchAction\",\"target\":{\"@type\":\"EntryPoint\",\"urlTemplate\":\"https:\\\/\\\/poblenouurbandistrict.com\\\/ca\\\/?s={search_term_string}\"},\"query-input\":{\"@type\":\"PropertyValueSpecification\",\"valueRequired\":true,\"valueName\":\"search_term_string\"}}],\"inLanguage\":\"ca\"},{\"@type\":\"Person\",\"@id\":\"https:\\\/\\\/poblenouurbandistrict.com\\\/#\\\/schema\\\/person\\\/980a2cf34b399d5218205730acd54a7e\",\"name\":\"pnud\",\"image\":{\"@type\":\"ImageObject\",\"inLanguage\":\"ca\",\"@id\":\"https:\\\/\\\/secure.gravatar.com\\\/avatar\\\/67146597b405ee077a24e519f75c3e2031736596d6ce35af3a34c122c93d0d7b?s=96&d=retro&r=g\",\"url\":\"https:\\\/\\\/secure.gravatar.com\\\/avatar\\\/67146597b405ee077a24e519f75c3e2031736596d6ce35af3a34c122c93d0d7b?s=96&d=retro&r=g\",\"contentUrl\":\"https:\\\/\\\/secure.gravatar.com\\\/avatar\\\/67146597b405ee077a24e519f75c3e2031736596d6ce35af3a34c122c93d0d7b?s=96&d=retro&r=g\",\"caption\":\"pnud\"}}]}<\/script>\n<!-- \/ Yoast SEO plugin. -->","yoast_head_json":{"title":"Arrenca la Festa Major del Poblenou &#8211; Poblenou Urban District","robots":{"index":"index","follow":"follow","max-snippet":"max-snippet:-1","max-image-preview":"max-image-preview:large","max-video-preview":"max-video-preview:-1"},"canonical":"https:\/\/poblenouurbandistrict.com\/ca\/arrenca-la-festa-major-del-poblenou\/","og_locale":"ca_ES","og_type":"article","og_title":"Arrenca la Festa Major del Poblenou &#8211; Poblenou Urban District","og_description":"Enguany, se celebra el 150\u00e8 aniversari de la Festa Major del Poblenou, una de les cites m\u00e9s esperades pels ve\u00efns.... M\u00e9s \u2192","og_url":"https:\/\/poblenouurbandistrict.com\/ca\/arrenca-la-festa-major-del-poblenou\/","og_site_name":"Poblenou Urban District","article_published_time":"2023-09-07T15:00:31+00:00","article_modified_time":"2023-09-08T19:03:40+00:00","og_image":[{"width":2560,"height":1709,"url":"https:\/\/poblenouurbandistrict.com\/wp-content\/uploads\/2023\/09\/open-day-x-emidelpiccolo-398-4-scaled.jpg","type":"image\/jpeg"}],"author":"pnud","twitter_card":"summary_large_image","twitter_misc":{"Escrit per":"pnud","Temps estimat de lectura":"2 minuts"},"schema":{"@context":"https:\/\/schema.org","@graph":[{"@type":"Article","@id":"https:\/\/poblenouurbandistrict.com\/arrenca-la-festa-major-del-poblenou\/#article","isPartOf":{"@id":"https:\/\/poblenouurbandistrict.com\/arrenca-la-festa-major-del-poblenou\/"},"author":{"name":"pnud","@id":"https:\/\/poblenouurbandistrict.com\/#\/schema\/person\/980a2cf34b399d5218205730acd54a7e"},"headline":"Arrenca la Festa Major del Poblenou","datePublished":"2023-09-07T15:00:31+00:00","dateModified":"2023-09-08T19:03:40+00:00","mainEntityOfPage":{"@id":"https:\/\/poblenouurbandistrict.com\/arrenca-la-festa-major-del-poblenou\/"},"wordCount":534,"image":{"@id":"https:\/\/poblenouurbandistrict.com\/arrenca-la-festa-major-del-poblenou\/#primaryimage"},"thumbnailUrl":"https:\/\/media.poblenouurbandistrict.com\/2023\/09\/25064613\/open-day-x-emidelpiccolo-398-4-scaled.jpg","articleSection":["Poblenou","Est\u00e0 passant"],"inLanguage":"ca"},{"@type":"WebPage","@id":"https:\/\/poblenouurbandistrict.com\/ca\/arrenca-la-festa-major-del-poblenou\/","url":"https:\/\/poblenouurbandistrict.com\/ca\/arrenca-la-festa-major-del-poblenou\/","name":"Arrenca la Festa Major del Poblenou &#8211; Poblenou Urban District","isPartOf":{"@id":"https:\/\/poblenouurbandistrict.com\/ca\/#website"},"primaryImageOfPage":{"@id":"https:\/\/poblenouurbandistrict.com\/ca\/arrenca-la-festa-major-del-poblenou\/#primaryimage"},"image":{"@id":"https:\/\/poblenouurbandistrict.com\/arrenca-la-festa-major-del-poblenou\/#primaryimage"},"thumbnailUrl":"https:\/\/media.poblenouurbandistrict.com\/2023\/09\/25064613\/open-day-x-emidelpiccolo-398-4-scaled.jpg","datePublished":"2023-09-07T15:00:31+00:00","dateModified":"2023-09-08T19:03:40+00:00","author":{"@id":"https:\/\/poblenouurbandistrict.com\/#\/schema\/person\/980a2cf34b399d5218205730acd54a7e"},"breadcrumb":{"@id":"https:\/\/poblenouurbandistrict.com\/ca\/arrenca-la-festa-major-del-poblenou\/#breadcrumb"},"inLanguage":"ca","potentialAction":[{"@type":"ReadAction","target":[["https:\/\/poblenouurbandistrict.com\/ca\/arrenca-la-festa-major-del-poblenou\/"]]}]},{"@type":"ImageObject","inLanguage":"ca","@id":"https:\/\/poblenouurbandistrict.com\/ca\/arrenca-la-festa-major-del-poblenou\/#primaryimage","url":"https:\/\/media.poblenouurbandistrict.com\/2023\/09\/25064613\/open-day-x-emidelpiccolo-398-4-scaled.jpg","contentUrl":"https:\/\/media.poblenouurbandistrict.com\/2023\/09\/25064613\/open-day-x-emidelpiccolo-398-4-scaled.jpg","width":2560,"height":1709},{"@type":"BreadcrumbList","@id":"https:\/\/poblenouurbandistrict.com\/ca\/arrenca-la-festa-major-del-poblenou\/#breadcrumb","itemListElement":[{"@type":"ListItem","position":1,"name":"Home","item":"https:\/\/poblenouurbandistrict.com\/ca\/"},{"@type":"ListItem","position":2,"name":"Arrenca la Festa Major del Poblenou"}]},{"@type":"WebSite","@id":"https:\/\/poblenouurbandistrict.com\/ca\/#website","url":"https:\/\/poblenouurbandistrict.com\/ca\/","name":"Poblenou Urban District","description":"Comunitat Creativa","potentialAction":[{"@type":"SearchAction","target":{"@type":"EntryPoint","urlTemplate":"https:\/\/poblenouurbandistrict.com\/ca\/?s={search_term_string}"},"query-input":{"@type":"PropertyValueSpecification","valueRequired":true,"valueName":"search_term_string"}}],"inLanguage":"ca"},{"@type":"Person","@id":"https:\/\/poblenouurbandistrict.com\/#\/schema\/person\/980a2cf34b399d5218205730acd54a7e","name":"pnud","image":{"@type":"ImageObject","inLanguage":"ca","@id":"https:\/\/secure.gravatar.com\/avatar\/67146597b405ee077a24e519f75c3e2031736596d6ce35af3a34c122c93d0d7b?s=96&d=retro&r=g","url":"https:\/\/secure.gravatar.com\/avatar\/67146597b405ee077a24e519f75c3e2031736596d6ce35af3a34c122c93d0d7b?s=96&d=retro&r=g","contentUrl":"https:\/\/secure.gravatar.com\/avatar\/67146597b405ee077a24e519f75c3e2031736596d6ce35af3a34c122c93d0d7b?s=96&d=retro&r=g","caption":"pnud"}}]}},"_links":{"self":[{"href":"https:\/\/poblenouurbandistrict.com\/ca\/wp-json\/wp\/v2\/posts\/40944","targetHints":{"allow":["GET"]}}],"collection":[{"href":"https:\/\/poblenouurbandistrict.com\/ca\/wp-json\/wp\/v2\/posts"}],"about":[{"href":"https:\/\/poblenouurbandistrict.com\/ca\/wp-json\/wp\/v2\/types\/post"}],"author":[{"embeddable":true,"href":"https:\/\/poblenouurbandistrict.com\/ca\/wp-json\/wp\/v2\/users\/5"}],"replies":[{"embeddable":true,"href":"https:\/\/poblenouurbandistrict.com\/ca\/wp-json\/wp\/v2\/comments?post=40944"}],"version-history":[{"count":12,"href":"https:\/\/poblenouurbandistrict.com\/ca\/wp-json\/wp\/v2\/posts\/40944\/revisions"}],"predecessor-version":[{"id":41097,"href":"https:\/\/poblenouurbandistrict.com\/ca\/wp-json\/wp\/v2\/posts\/40944\/revisions\/41097"}],"wp:featuredmedia":[{"embeddable":true,"href":"https:\/\/poblenouurbandistrict.com\/ca\/wp-json\/wp\/v2\/media\/40945"}],"wp:attachment":[{"href":"https:\/\/poblenouurbandistrict.com\/ca\/wp-json\/wp\/v2\/media?parent=40944"}],"wp:term":[{"taxonomy":"category","embeddable":true,"href":"https:\/\/poblenouurbandistrict.com\/ca\/wp-json\/wp\/v2\/categories?post=40944"},{"taxonomy":"post_tag","embeddable":true,"href":"https:\/\/poblenouurbandistrict.com\/ca\/wp-json\/wp\/v2\/tags?post=40944"}],"curies":[{"name":"wp","href":"https:\/\/api.w.org\/{rel}","templated":true}]}}