{"id":41254,"date":"2023-09-14T15:37:49","date_gmt":"2023-09-14T13:37:49","guid":{"rendered":"https:\/\/poblenouurbandistrict.com\/?p=41254"},"modified":"2023-09-14T15:37:49","modified_gmt":"2023-09-14T13:37:49","slug":"piramidon-inaugura-lexposicio-individual-stanzas-deduard-resbier","status":"publish","type":"post","link":"https:\/\/poblenouurbandistrict.com\/ca\/piramidon-inaugura-lexposicio-individual-stanzas-deduard-resbier\/","title":{"rendered":"Piramid\u00f3n inaugura l\u2019exposici\u00f3 individual \u201cStanzas\u201d d\u2019Eduard Resbier"},"content":{"rendered":"<p>Est\u00e0s preparada per q\u00fcestionar-te la realitat i deixar volar la teva imaginaci\u00f3? El Centre d\u2019Art Contemporani <a href=\"https:\/\/www.piramidon.com\/es\/\">Piramid\u00f3n<\/a> presenta \u201cStanzas\u201d, la nova exposici\u00f3 individual de l\u2019artista resident <a href=\"https:\/\/www.instagram.com\/eduardresbier\/\">Eduard Resbier<\/a> que explora la fina l\u00ednia entre figuraci\u00f3 i abstracci\u00f3, realitat i ficci\u00f3, a trav\u00e9s del desenfocament i la difuminaci\u00f3.<\/p>\n<p>\u201cStanzas\u201d \u00e9s un univers pict\u00f2ric que explora els l\u00edmits de la pintura convencional, creant nous escenaris que redefineixen la percepci\u00f3 visual dels espectadors. Resbier crea atmosferes desenfocades que estan banyades per colors molt vius i brillants amb molta saturaci\u00f3 que creen nous jocs amb les llums. D\u2019aquesta manera, l\u2019artista aconsegueix confondre i canviar la visi\u00f3 de qui observa la seva obra, no sabent qu\u00e8 hi ha de real, imaginari o ficci\u00f3.<\/p>\n<p>Piramid\u00f3n et convida a la inauguraci\u00f3 del pr\u00f2xim dissabte, 16 de setembre, a partir de les 11 h, coincidint amb els seus tradicionals vermuts a la terrassa de la 16a planta.<\/p>\n<p><strong>Tens temps per visitar la mostra fins al 14 de novembre.<\/strong><\/p>","protected":false},"excerpt":{"rendered":"<p>Est\u00e0s preparada per q\u00fcestionar-te la realitat i deixar volar la teva imaginaci\u00f3? El Centre d\u2019Art Contemporani Piramid\u00f3n presenta \u201cStanzas\u201d, la&#8230; <a href=\"https:\/\/poblenouurbandistrict.com\/ca\/piramidon-inaugura-lexposicio-individual-stanzas-deduard-resbier\/\">M\u00e9s  \u2192<\/a><\/p>\n","protected":false},"author":5,"featured_media":41302,"comment_status":"closed","ping_status":"closed","sticky":false,"template":"","format":"standard","meta":{"_acf_changed":false,"footnotes":""},"categories":[3342],"tags":[],"class_list":["post-41254","post","type-post","status-publish","format-standard","has-post-thumbnail","hentry","category-art"],"acf":[],"yoast_head":"<!-- This site is optimized with the Yoast SEO plugin v27.5 - https:\/\/yoast.com\/product\/yoast-seo-wordpress\/ -->\n<title>Piramid\u00f3n inaugura l\u2019exposici\u00f3 individual \u201cStanzas\u201d d\u2019Eduard Resbier &#8211; Poblenou Urban District<\/title>\n<meta name=\"robots\" content=\"index, follow, max-snippet:-1, max-image-preview:large, max-video-preview:-1\" \/>\n<link rel=\"canonical\" href=\"https:\/\/poblenouurbandistrict.com\/ca\/piramidon-inaugura-lexposicio-individual-stanzas-deduard-resbier\/\" \/>\n<meta property=\"og:locale\" content=\"ca_ES\" \/>\n<meta property=\"og:type\" content=\"article\" \/>\n<meta property=\"og:title\" content=\"Piramid\u00f3n inaugura l\u2019exposici\u00f3 individual \u201cStanzas\u201d d\u2019Eduard Resbier &#8211; Poblenou Urban District\" \/>\n<meta property=\"og:description\" content=\"Est\u00e0s preparada per q\u00fcestionar-te la realitat i deixar volar la teva imaginaci\u00f3? El Centre d\u2019Art Contemporani Piramid\u00f3n presenta \u201cStanzas\u201d, la... M\u00e9s \u2192\" \/>\n<meta property=\"og:url\" content=\"https:\/\/poblenouurbandistrict.com\/ca\/piramidon-inaugura-lexposicio-individual-stanzas-deduard-resbier\/\" \/>\n<meta property=\"og:site_name\" content=\"Poblenou Urban District\" \/>\n<meta property=\"article:published_time\" content=\"2023-09-14T13:37:49+00:00\" \/>\n<meta property=\"og:image\" content=\"https:\/\/poblenouurbandistrict.com\/wp-content\/uploads\/2023\/09\/f1-scaled.jpg\" \/>\n\t<meta property=\"og:image:width\" content=\"2560\" \/>\n\t<meta property=\"og:image:height\" content=\"1691\" \/>\n\t<meta property=\"og:image:type\" content=\"image\/jpeg\" \/>\n<meta name=\"author\" content=\"pnud\" \/>\n<meta name=\"twitter:card\" content=\"summary_large_image\" \/>\n<meta name=\"twitter:label1\" content=\"Escrit per\" \/>\n\t<meta name=\"twitter:data1\" content=\"pnud\" \/>\n\t<meta name=\"twitter:label2\" content=\"Temps estimat de lectura\" \/>\n\t<meta name=\"twitter:data2\" content=\"1 minut\" \/>\n<script type=\"application\/ld+json\" class=\"yoast-schema-graph\">{\"@context\":\"https:\\\/\\\/schema.org\",\"@graph\":[{\"@type\":\"Article\",\"@id\":\"https:\\\/\\\/poblenouurbandistrict.com\\\/piramidon-inaugura-lexposicio-individual-stanzas-deduard-resbier\\\/#article\",\"isPartOf\":{\"@id\":\"https:\\\/\\\/poblenouurbandistrict.com\\\/piramidon-inaugura-lexposicio-individual-stanzas-deduard-resbier\\\/\"},\"author\":{\"name\":\"pnud\",\"@id\":\"https:\\\/\\\/poblenouurbandistrict.com\\\/#\\\/schema\\\/person\\\/980a2cf34b399d5218205730acd54a7e\"},\"headline\":\"Piramid\u00f3n inaugura l\u2019exposici\u00f3 individual \u201cStanzas\u201d d\u2019Eduard Resbier\",\"datePublished\":\"2023-09-14T13:37:49+00:00\",\"mainEntityOfPage\":{\"@id\":\"https:\\\/\\\/poblenouurbandistrict.com\\\/piramidon-inaugura-lexposicio-individual-stanzas-deduard-resbier\\\/\"},\"wordCount\":374,\"image\":{\"@id\":\"https:\\\/\\\/poblenouurbandistrict.com\\\/piramidon-inaugura-lexposicio-individual-stanzas-deduard-resbier\\\/#primaryimage\"},\"thumbnailUrl\":\"https:\\\/\\\/media.poblenouurbandistrict.com\\\/2023\\\/09\\\/25064746\\\/f1-scaled.jpg\",\"articleSection\":[\"Art\"],\"inLanguage\":\"ca\"},{\"@type\":\"WebPage\",\"@id\":\"https:\\\/\\\/poblenouurbandistrict.com\\\/ca\\\/piramidon-inaugura-lexposicio-individual-stanzas-deduard-resbier\\\/\",\"url\":\"https:\\\/\\\/poblenouurbandistrict.com\\\/ca\\\/piramidon-inaugura-lexposicio-individual-stanzas-deduard-resbier\\\/\",\"name\":\"Piramid\u00f3n inaugura l\u2019exposici\u00f3 individual \u201cStanzas\u201d d\u2019Eduard Resbier &#8211; Poblenou Urban District\",\"isPartOf\":{\"@id\":\"https:\\\/\\\/poblenouurbandistrict.com\\\/ca\\\/#website\"},\"primaryImageOfPage\":{\"@id\":\"https:\\\/\\\/poblenouurbandistrict.com\\\/ca\\\/piramidon-inaugura-lexposicio-individual-stanzas-deduard-resbier\\\/#primaryimage\"},\"image\":{\"@id\":\"https:\\\/\\\/poblenouurbandistrict.com\\\/piramidon-inaugura-lexposicio-individual-stanzas-deduard-resbier\\\/#primaryimage\"},\"thumbnailUrl\":\"https:\\\/\\\/media.poblenouurbandistrict.com\\\/2023\\\/09\\\/25064746\\\/f1-scaled.jpg\",\"datePublished\":\"2023-09-14T13:37:49+00:00\",\"author\":{\"@id\":\"https:\\\/\\\/poblenouurbandistrict.com\\\/#\\\/schema\\\/person\\\/980a2cf34b399d5218205730acd54a7e\"},\"breadcrumb\":{\"@id\":\"https:\\\/\\\/poblenouurbandistrict.com\\\/ca\\\/piramidon-inaugura-lexposicio-individual-stanzas-deduard-resbier\\\/#breadcrumb\"},\"inLanguage\":\"ca\",\"potentialAction\":[{\"@type\":\"ReadAction\",\"target\":[[\"https:\\\/\\\/poblenouurbandistrict.com\\\/ca\\\/piramidon-inaugura-lexposicio-individual-stanzas-deduard-resbier\\\/\"]]}]},{\"@type\":\"ImageObject\",\"inLanguage\":\"ca\",\"@id\":\"https:\\\/\\\/poblenouurbandistrict.com\\\/ca\\\/piramidon-inaugura-lexposicio-individual-stanzas-deduard-resbier\\\/#primaryimage\",\"url\":\"https:\\\/\\\/media.poblenouurbandistrict.com\\\/2023\\\/09\\\/25064746\\\/f1-scaled.jpg\",\"contentUrl\":\"https:\\\/\\\/media.poblenouurbandistrict.com\\\/2023\\\/09\\\/25064746\\\/f1-scaled.jpg\",\"width\":2560,\"height\":1691},{\"@type\":\"BreadcrumbList\",\"@id\":\"https:\\\/\\\/poblenouurbandistrict.com\\\/ca\\\/piramidon-inaugura-lexposicio-individual-stanzas-deduard-resbier\\\/#breadcrumb\",\"itemListElement\":[{\"@type\":\"ListItem\",\"position\":1,\"name\":\"Home\",\"item\":\"https:\\\/\\\/poblenouurbandistrict.com\\\/ca\\\/\"},{\"@type\":\"ListItem\",\"position\":2,\"name\":\"Piramid\u00f3n inaugura l\u2019exposici\u00f3 individual \u201cStanzas\u201d d\u2019Eduard Resbier\"}]},{\"@type\":\"WebSite\",\"@id\":\"https:\\\/\\\/poblenouurbandistrict.com\\\/ca\\\/#website\",\"url\":\"https:\\\/\\\/poblenouurbandistrict.com\\\/ca\\\/\",\"name\":\"Poblenou Urban District\",\"description\":\"Comunitat Creativa\",\"potentialAction\":[{\"@type\":\"SearchAction\",\"target\":{\"@type\":\"EntryPoint\",\"urlTemplate\":\"https:\\\/\\\/poblenouurbandistrict.com\\\/ca\\\/?s={search_term_string}\"},\"query-input\":{\"@type\":\"PropertyValueSpecification\",\"valueRequired\":true,\"valueName\":\"search_term_string\"}}],\"inLanguage\":\"ca\"},{\"@type\":\"Person\",\"@id\":\"https:\\\/\\\/poblenouurbandistrict.com\\\/#\\\/schema\\\/person\\\/980a2cf34b399d5218205730acd54a7e\",\"name\":\"pnud\",\"image\":{\"@type\":\"ImageObject\",\"inLanguage\":\"ca\",\"@id\":\"https:\\\/\\\/secure.gravatar.com\\\/avatar\\\/67146597b405ee077a24e519f75c3e2031736596d6ce35af3a34c122c93d0d7b?s=96&d=retro&r=g\",\"url\":\"https:\\\/\\\/secure.gravatar.com\\\/avatar\\\/67146597b405ee077a24e519f75c3e2031736596d6ce35af3a34c122c93d0d7b?s=96&d=retro&r=g\",\"contentUrl\":\"https:\\\/\\\/secure.gravatar.com\\\/avatar\\\/67146597b405ee077a24e519f75c3e2031736596d6ce35af3a34c122c93d0d7b?s=96&d=retro&r=g\",\"caption\":\"pnud\"}}]}<\/script>\n<!-- \/ Yoast SEO plugin. -->","yoast_head_json":{"title":"Piramid\u00f3n inaugura l\u2019exposici\u00f3 individual \u201cStanzas\u201d d\u2019Eduard Resbier &#8211; Poblenou Urban District","robots":{"index":"index","follow":"follow","max-snippet":"max-snippet:-1","max-image-preview":"max-image-preview:large","max-video-preview":"max-video-preview:-1"},"canonical":"https:\/\/poblenouurbandistrict.com\/ca\/piramidon-inaugura-lexposicio-individual-stanzas-deduard-resbier\/","og_locale":"ca_ES","og_type":"article","og_title":"Piramid\u00f3n inaugura l\u2019exposici\u00f3 individual \u201cStanzas\u201d d\u2019Eduard Resbier &#8211; Poblenou Urban District","og_description":"Est\u00e0s preparada per q\u00fcestionar-te la realitat i deixar volar la teva imaginaci\u00f3? El Centre d\u2019Art Contemporani Piramid\u00f3n presenta \u201cStanzas\u201d, la... M\u00e9s \u2192","og_url":"https:\/\/poblenouurbandistrict.com\/ca\/piramidon-inaugura-lexposicio-individual-stanzas-deduard-resbier\/","og_site_name":"Poblenou Urban District","article_published_time":"2023-09-14T13:37:49+00:00","og_image":[{"width":2560,"height":1691,"url":"https:\/\/poblenouurbandistrict.com\/wp-content\/uploads\/2023\/09\/f1-scaled.jpg","type":"image\/jpeg"}],"author":"pnud","twitter_card":"summary_large_image","twitter_misc":{"Escrit per":"pnud","Temps estimat de lectura":"1 minut"},"schema":{"@context":"https:\/\/schema.org","@graph":[{"@type":"Article","@id":"https:\/\/poblenouurbandistrict.com\/piramidon-inaugura-lexposicio-individual-stanzas-deduard-resbier\/#article","isPartOf":{"@id":"https:\/\/poblenouurbandistrict.com\/piramidon-inaugura-lexposicio-individual-stanzas-deduard-resbier\/"},"author":{"name":"pnud","@id":"https:\/\/poblenouurbandistrict.com\/#\/schema\/person\/980a2cf34b399d5218205730acd54a7e"},"headline":"Piramid\u00f3n inaugura l\u2019exposici\u00f3 individual \u201cStanzas\u201d d\u2019Eduard Resbier","datePublished":"2023-09-14T13:37:49+00:00","mainEntityOfPage":{"@id":"https:\/\/poblenouurbandistrict.com\/piramidon-inaugura-lexposicio-individual-stanzas-deduard-resbier\/"},"wordCount":374,"image":{"@id":"https:\/\/poblenouurbandistrict.com\/piramidon-inaugura-lexposicio-individual-stanzas-deduard-resbier\/#primaryimage"},"thumbnailUrl":"https:\/\/media.poblenouurbandistrict.com\/2023\/09\/25064746\/f1-scaled.jpg","articleSection":["Art"],"inLanguage":"ca"},{"@type":"WebPage","@id":"https:\/\/poblenouurbandistrict.com\/ca\/piramidon-inaugura-lexposicio-individual-stanzas-deduard-resbier\/","url":"https:\/\/poblenouurbandistrict.com\/ca\/piramidon-inaugura-lexposicio-individual-stanzas-deduard-resbier\/","name":"Piramid\u00f3n inaugura l\u2019exposici\u00f3 individual \u201cStanzas\u201d d\u2019Eduard Resbier &#8211; Poblenou Urban District","isPartOf":{"@id":"https:\/\/poblenouurbandistrict.com\/ca\/#website"},"primaryImageOfPage":{"@id":"https:\/\/poblenouurbandistrict.com\/ca\/piramidon-inaugura-lexposicio-individual-stanzas-deduard-resbier\/#primaryimage"},"image":{"@id":"https:\/\/poblenouurbandistrict.com\/piramidon-inaugura-lexposicio-individual-stanzas-deduard-resbier\/#primaryimage"},"thumbnailUrl":"https:\/\/media.poblenouurbandistrict.com\/2023\/09\/25064746\/f1-scaled.jpg","datePublished":"2023-09-14T13:37:49+00:00","author":{"@id":"https:\/\/poblenouurbandistrict.com\/#\/schema\/person\/980a2cf34b399d5218205730acd54a7e"},"breadcrumb":{"@id":"https:\/\/poblenouurbandistrict.com\/ca\/piramidon-inaugura-lexposicio-individual-stanzas-deduard-resbier\/#breadcrumb"},"inLanguage":"ca","potentialAction":[{"@type":"ReadAction","target":[["https:\/\/poblenouurbandistrict.com\/ca\/piramidon-inaugura-lexposicio-individual-stanzas-deduard-resbier\/"]]}]},{"@type":"ImageObject","inLanguage":"ca","@id":"https:\/\/poblenouurbandistrict.com\/ca\/piramidon-inaugura-lexposicio-individual-stanzas-deduard-resbier\/#primaryimage","url":"https:\/\/media.poblenouurbandistrict.com\/2023\/09\/25064746\/f1-scaled.jpg","contentUrl":"https:\/\/media.poblenouurbandistrict.com\/2023\/09\/25064746\/f1-scaled.jpg","width":2560,"height":1691},{"@type":"BreadcrumbList","@id":"https:\/\/poblenouurbandistrict.com\/ca\/piramidon-inaugura-lexposicio-individual-stanzas-deduard-resbier\/#breadcrumb","itemListElement":[{"@type":"ListItem","position":1,"name":"Home","item":"https:\/\/poblenouurbandistrict.com\/ca\/"},{"@type":"ListItem","position":2,"name":"Piramid\u00f3n inaugura l\u2019exposici\u00f3 individual \u201cStanzas\u201d d\u2019Eduard Resbier"}]},{"@type":"WebSite","@id":"https:\/\/poblenouurbandistrict.com\/ca\/#website","url":"https:\/\/poblenouurbandistrict.com\/ca\/","name":"Poblenou Urban District","description":"Comunitat Creativa","potentialAction":[{"@type":"SearchAction","target":{"@type":"EntryPoint","urlTemplate":"https:\/\/poblenouurbandistrict.com\/ca\/?s={search_term_string}"},"query-input":{"@type":"PropertyValueSpecification","valueRequired":true,"valueName":"search_term_string"}}],"inLanguage":"ca"},{"@type":"Person","@id":"https:\/\/poblenouurbandistrict.com\/#\/schema\/person\/980a2cf34b399d5218205730acd54a7e","name":"pnud","image":{"@type":"ImageObject","inLanguage":"ca","@id":"https:\/\/secure.gravatar.com\/avatar\/67146597b405ee077a24e519f75c3e2031736596d6ce35af3a34c122c93d0d7b?s=96&d=retro&r=g","url":"https:\/\/secure.gravatar.com\/avatar\/67146597b405ee077a24e519f75c3e2031736596d6ce35af3a34c122c93d0d7b?s=96&d=retro&r=g","contentUrl":"https:\/\/secure.gravatar.com\/avatar\/67146597b405ee077a24e519f75c3e2031736596d6ce35af3a34c122c93d0d7b?s=96&d=retro&r=g","caption":"pnud"}}]}},"_links":{"self":[{"href":"https:\/\/poblenouurbandistrict.com\/ca\/wp-json\/wp\/v2\/posts\/41254","targetHints":{"allow":["GET"]}}],"collection":[{"href":"https:\/\/poblenouurbandistrict.com\/ca\/wp-json\/wp\/v2\/posts"}],"about":[{"href":"https:\/\/poblenouurbandistrict.com\/ca\/wp-json\/wp\/v2\/types\/post"}],"author":[{"embeddable":true,"href":"https:\/\/poblenouurbandistrict.com\/ca\/wp-json\/wp\/v2\/users\/5"}],"replies":[{"embeddable":true,"href":"https:\/\/poblenouurbandistrict.com\/ca\/wp-json\/wp\/v2\/comments?post=41254"}],"version-history":[{"count":2,"href":"https:\/\/poblenouurbandistrict.com\/ca\/wp-json\/wp\/v2\/posts\/41254\/revisions"}],"predecessor-version":[{"id":41303,"href":"https:\/\/poblenouurbandistrict.com\/ca\/wp-json\/wp\/v2\/posts\/41254\/revisions\/41303"}],"wp:featuredmedia":[{"embeddable":true,"href":"https:\/\/poblenouurbandistrict.com\/ca\/wp-json\/wp\/v2\/media\/41302"}],"wp:attachment":[{"href":"https:\/\/poblenouurbandistrict.com\/ca\/wp-json\/wp\/v2\/media?parent=41254"}],"wp:term":[{"taxonomy":"category","embeddable":true,"href":"https:\/\/poblenouurbandistrict.com\/ca\/wp-json\/wp\/v2\/categories?post=41254"},{"taxonomy":"post_tag","embeddable":true,"href":"https:\/\/poblenouurbandistrict.com\/ca\/wp-json\/wp\/v2\/tags?post=41254"}],"curies":[{"name":"wp","href":"https:\/\/api.w.org\/{rel}","templated":true}]}}