{"id":41393,"date":"2023-09-21T14:12:59","date_gmt":"2023-09-21T12:12:59","guid":{"rendered":"https:\/\/poblenouurbandistrict.com\/?p=41393"},"modified":"2023-10-03T17:25:27","modified_gmt":"2023-10-03T15:25:27","slug":"coneix-la-nova-residencia-vita-student-poblenou-un-edifici-avantguardista-amb-estetica-industrial","status":"publish","type":"post","link":"https:\/\/poblenouurbandistrict.com\/ca\/coneix-la-nova-residencia-vita-student-poblenou-un-edifici-avantguardista-amb-estetica-industrial\/","title":{"rendered":"Coneix Vita Student Poblenou, la nova resid\u00e8ncia d&#8217;estudiants avantguardista amb est\u00e8tica industrial"},"content":{"rendered":"<p>Poblenou suma una nova resid\u00e8ncia d&#8217;estudiants: <a href=\"https:\/\/www.vitastudent.com\/es\/ciudades\/barcelona\/poblenou\/\">Vita Student<\/a> amb 350 habitacions i 12.000 m\u00b2.\u00a0Una de les caracter\u00edstiques m\u00e9s destacables de Vita \u00e9s l&#8217;arquitectura de l&#8217;edifici que evoca el passat industrial de Poblenou amb dues torres de 12 plantes de ma\u00f3 fosc. Els grans finestrals contribueixen a crear un hub d&#8217;activitat on les mirades d&#8217;estudiants i vianants poden creuar-se.<\/p>\n<p>En la construcci\u00f3 i el disseny de Vita Student s&#8217;han incorporat m\u00faltiples estrat\u00e8gies de sostenibilitat amb l&#8217;objectiu de ser un edifici comprom\u00e8s amb el planeta. Per exemple, la fa\u00e7ana de ma\u00f3 i cambra ventilada garanteix la durabilitat a llarg termini.<\/p>\n<p>Totes les habitacions estan plantejades com a estudis d&#8217;\u00fas individual, amb bany i cuina completa, llit doble, espai d&#8217;emmagatzematge, escriptori, televisi\u00f3, aire condicionat i calefacci\u00f3. Les \u00e0rees comunes de l&#8217;edifici tamb\u00e9 inclouen un gimn\u00e0s completament equipat i un <em>rooftop\u00a0<\/em>amb piscina <em>infinity<\/em> i vistes a la Sagrada Fam\u00edlia.<\/p>\n<h4>Programaci\u00f3 cultural variada<\/h4>\n<p>Dins de l&#8217;edifici s&#8217;organitzen esdeveniments i activitats gaireb\u00e9 cada dia de la setmana, sent els esdeveniments m\u00e9s destacats les classes de cuina amb xef privat i les classes de fitness amb entrenador personal. Tamb\u00e9 s&#8217;organitzen tallers de diferents tem\u00e0tiques (cosm\u00e8tica, manualitats, nutrici\u00f3\u2026), trobades amb menjar i beguda, sortides i activitats per a descobrir la ciutat i esdeveniments per Halloween o Nadal.<\/p>\n<p>Per\u00f2 no sols aix\u00f2, sin\u00f3 que la principal proposta d&#8217;aquesta resid\u00e8ncia \u00e9s \u201cBegin\u00a0Big\u201d, una s\u00e8rie de xerrades i\u00a0workshops\u00a0mensuals sobre carreres,\u00a0<em>Iife\u00a0skills<\/em>\u00a0i orientaci\u00f3 professional amb l&#8217;objectiu d&#8217;acompanyar als estudiants durant la seva traject\u00f2ria universit\u00e0ria.<\/p>\n<p>Si desitges saber m\u00e9s sobre\u00a0Vita\u00a0Student, pots visitar <a href=\"http:\/\/www.vitastudent.com\">www.vitastudent.com<\/a>.<\/p>","protected":false},"excerpt":{"rendered":"<p>Poblenou suma una nova resid\u00e8ncia d&#8217;estudiants: Vita Student amb 350 habitacions i 12.000 m\u00b2.\u00a0Una de les caracter\u00edstiques m\u00e9s destacables de&#8230; <a href=\"https:\/\/poblenouurbandistrict.com\/ca\/coneix-la-nova-residencia-vita-student-poblenou-un-edifici-avantguardista-amb-estetica-industrial\/\">M\u00e9s  \u2192<\/a><\/p>\n","protected":false},"author":5,"featured_media":41405,"comment_status":"closed","ping_status":"closed","sticky":false,"template":"","format":"standard","meta":{"_acf_changed":false,"footnotes":""},"categories":[3601],"tags":[],"class_list":["post-41393","post","type-post","status-publish","format-standard","has-post-thumbnail","hentry","category-residencies"],"acf":[],"yoast_head":"<!-- This site is optimized with the Yoast SEO plugin v27.5 - https:\/\/yoast.com\/product\/yoast-seo-wordpress\/ -->\n<title>Coneix Vita Student Poblenou, la nova resid\u00e8ncia d&#039;estudiants avantguardista amb est\u00e8tica industrial &#8211; Poblenou Urban District<\/title>\n<meta name=\"robots\" content=\"index, follow, max-snippet:-1, max-image-preview:large, max-video-preview:-1\" \/>\n<link rel=\"canonical\" href=\"https:\/\/poblenouurbandistrict.com\/ca\/coneix-la-nova-residencia-vita-student-poblenou-un-edifici-avantguardista-amb-estetica-industrial\/\" \/>\n<meta property=\"og:locale\" content=\"ca_ES\" \/>\n<meta property=\"og:type\" content=\"article\" \/>\n<meta property=\"og:title\" content=\"Coneix Vita Student Poblenou, la nova resid\u00e8ncia d&#039;estudiants avantguardista amb est\u00e8tica industrial &#8211; Poblenou Urban District\" \/>\n<meta property=\"og:description\" content=\"Poblenou suma una nova resid\u00e8ncia d&#8217;estudiants: Vita Student amb 350 habitacions i 12.000 m\u00b2.\u00a0Una de les caracter\u00edstiques m\u00e9s destacables de... M\u00e9s \u2192\" \/>\n<meta property=\"og:url\" content=\"https:\/\/poblenouurbandistrict.com\/ca\/coneix-la-nova-residencia-vita-student-poblenou-un-edifici-avantguardista-amb-estetica-industrial\/\" \/>\n<meta property=\"og:site_name\" content=\"Poblenou Urban District\" \/>\n<meta property=\"article:published_time\" content=\"2023-09-21T12:12:59+00:00\" \/>\n<meta property=\"article:modified_time\" content=\"2023-10-03T15:25:27+00:00\" \/>\n<meta property=\"og:image\" content=\"https:\/\/poblenouurbandistrict.com\/wp-content\/uploads\/2023\/09\/dsc1315-copia-scaled.jpg\" \/>\n\t<meta property=\"og:image:width\" content=\"2560\" \/>\n\t<meta property=\"og:image:height\" content=\"1703\" \/>\n\t<meta property=\"og:image:type\" content=\"image\/jpeg\" \/>\n<meta name=\"author\" content=\"pnud\" \/>\n<meta name=\"twitter:card\" content=\"summary_large_image\" \/>\n<meta name=\"twitter:label1\" content=\"Escrit per\" \/>\n\t<meta name=\"twitter:data1\" content=\"pnud\" \/>\n\t<meta name=\"twitter:label2\" content=\"Temps estimat de lectura\" \/>\n\t<meta name=\"twitter:data2\" content=\"2 minuts\" \/>\n<script type=\"application\/ld+json\" class=\"yoast-schema-graph\">{\"@context\":\"https:\\\/\\\/schema.org\",\"@graph\":[{\"@type\":\"Article\",\"@id\":\"https:\\\/\\\/poblenouurbandistrict.com\\\/coneix-la-nova-residencia-vita-student-poblenou-un-edifici-avantguardista-amb-estetica-industrial\\\/#article\",\"isPartOf\":{\"@id\":\"https:\\\/\\\/poblenouurbandistrict.com\\\/coneix-la-nova-residencia-vita-student-poblenou-un-edifici-avantguardista-amb-estetica-industrial\\\/\"},\"author\":{\"name\":\"pnud\",\"@id\":\"https:\\\/\\\/poblenouurbandistrict.com\\\/#\\\/schema\\\/person\\\/980a2cf34b399d5218205730acd54a7e\"},\"headline\":\"Coneix Vita Student Poblenou, la nova resid\u00e8ncia d&#8217;estudiants avantguardista amb est\u00e8tica industrial\",\"datePublished\":\"2023-09-21T12:12:59+00:00\",\"dateModified\":\"2023-10-03T15:25:27+00:00\",\"mainEntityOfPage\":{\"@id\":\"https:\\\/\\\/poblenouurbandistrict.com\\\/coneix-la-nova-residencia-vita-student-poblenou-un-edifici-avantguardista-amb-estetica-industrial\\\/\"},\"wordCount\":621,\"image\":{\"@id\":\"https:\\\/\\\/poblenouurbandistrict.com\\\/coneix-la-nova-residencia-vita-student-poblenou-un-edifici-avantguardista-amb-estetica-industrial\\\/#primaryimage\"},\"thumbnailUrl\":\"https:\\\/\\\/media.poblenouurbandistrict.com\\\/2023\\\/09\\\/25064845\\\/dsc1315-copia-scaled.jpg\",\"articleSection\":[\"Resid\u00e8ncies\"],\"inLanguage\":\"ca\"},{\"@type\":\"WebPage\",\"@id\":\"https:\\\/\\\/poblenouurbandistrict.com\\\/ca\\\/coneix-la-nova-residencia-vita-student-poblenou-un-edifici-avantguardista-amb-estetica-industrial\\\/\",\"url\":\"https:\\\/\\\/poblenouurbandistrict.com\\\/ca\\\/coneix-la-nova-residencia-vita-student-poblenou-un-edifici-avantguardista-amb-estetica-industrial\\\/\",\"name\":\"Coneix Vita Student Poblenou, la nova resid\u00e8ncia d'estudiants avantguardista amb est\u00e8tica industrial &#8211; Poblenou Urban District\",\"isPartOf\":{\"@id\":\"https:\\\/\\\/poblenouurbandistrict.com\\\/ca\\\/#website\"},\"primaryImageOfPage\":{\"@id\":\"https:\\\/\\\/poblenouurbandistrict.com\\\/ca\\\/coneix-la-nova-residencia-vita-student-poblenou-un-edifici-avantguardista-amb-estetica-industrial\\\/#primaryimage\"},\"image\":{\"@id\":\"https:\\\/\\\/poblenouurbandistrict.com\\\/coneix-la-nova-residencia-vita-student-poblenou-un-edifici-avantguardista-amb-estetica-industrial\\\/#primaryimage\"},\"thumbnailUrl\":\"https:\\\/\\\/media.poblenouurbandistrict.com\\\/2023\\\/09\\\/25064845\\\/dsc1315-copia-scaled.jpg\",\"datePublished\":\"2023-09-21T12:12:59+00:00\",\"dateModified\":\"2023-10-03T15:25:27+00:00\",\"author\":{\"@id\":\"https:\\\/\\\/poblenouurbandistrict.com\\\/#\\\/schema\\\/person\\\/980a2cf34b399d5218205730acd54a7e\"},\"breadcrumb\":{\"@id\":\"https:\\\/\\\/poblenouurbandistrict.com\\\/ca\\\/coneix-la-nova-residencia-vita-student-poblenou-un-edifici-avantguardista-amb-estetica-industrial\\\/#breadcrumb\"},\"inLanguage\":\"ca\",\"potentialAction\":[{\"@type\":\"ReadAction\",\"target\":[[\"https:\\\/\\\/poblenouurbandistrict.com\\\/ca\\\/coneix-la-nova-residencia-vita-student-poblenou-un-edifici-avantguardista-amb-estetica-industrial\\\/\"]]}]},{\"@type\":\"ImageObject\",\"inLanguage\":\"ca\",\"@id\":\"https:\\\/\\\/poblenouurbandistrict.com\\\/ca\\\/coneix-la-nova-residencia-vita-student-poblenou-un-edifici-avantguardista-amb-estetica-industrial\\\/#primaryimage\",\"url\":\"https:\\\/\\\/media.poblenouurbandistrict.com\\\/2023\\\/09\\\/25064845\\\/dsc1315-copia-scaled.jpg\",\"contentUrl\":\"https:\\\/\\\/media.poblenouurbandistrict.com\\\/2023\\\/09\\\/25064845\\\/dsc1315-copia-scaled.jpg\",\"width\":2560,\"height\":1703},{\"@type\":\"BreadcrumbList\",\"@id\":\"https:\\\/\\\/poblenouurbandistrict.com\\\/ca\\\/coneix-la-nova-residencia-vita-student-poblenou-un-edifici-avantguardista-amb-estetica-industrial\\\/#breadcrumb\",\"itemListElement\":[{\"@type\":\"ListItem\",\"position\":1,\"name\":\"Home\",\"item\":\"https:\\\/\\\/poblenouurbandistrict.com\\\/ca\\\/\"},{\"@type\":\"ListItem\",\"position\":2,\"name\":\"Coneix Vita Student Poblenou, la nova resid\u00e8ncia d&#8217;estudiants avantguardista amb est\u00e8tica industrial\"}]},{\"@type\":\"WebSite\",\"@id\":\"https:\\\/\\\/poblenouurbandistrict.com\\\/ca\\\/#website\",\"url\":\"https:\\\/\\\/poblenouurbandistrict.com\\\/ca\\\/\",\"name\":\"Poblenou Urban District\",\"description\":\"Comunitat Creativa\",\"potentialAction\":[{\"@type\":\"SearchAction\",\"target\":{\"@type\":\"EntryPoint\",\"urlTemplate\":\"https:\\\/\\\/poblenouurbandistrict.com\\\/ca\\\/?s={search_term_string}\"},\"query-input\":{\"@type\":\"PropertyValueSpecification\",\"valueRequired\":true,\"valueName\":\"search_term_string\"}}],\"inLanguage\":\"ca\"},{\"@type\":\"Person\",\"@id\":\"https:\\\/\\\/poblenouurbandistrict.com\\\/#\\\/schema\\\/person\\\/980a2cf34b399d5218205730acd54a7e\",\"name\":\"pnud\",\"image\":{\"@type\":\"ImageObject\",\"inLanguage\":\"ca\",\"@id\":\"https:\\\/\\\/secure.gravatar.com\\\/avatar\\\/67146597b405ee077a24e519f75c3e2031736596d6ce35af3a34c122c93d0d7b?s=96&d=retro&r=g\",\"url\":\"https:\\\/\\\/secure.gravatar.com\\\/avatar\\\/67146597b405ee077a24e519f75c3e2031736596d6ce35af3a34c122c93d0d7b?s=96&d=retro&r=g\",\"contentUrl\":\"https:\\\/\\\/secure.gravatar.com\\\/avatar\\\/67146597b405ee077a24e519f75c3e2031736596d6ce35af3a34c122c93d0d7b?s=96&d=retro&r=g\",\"caption\":\"pnud\"}}]}<\/script>\n<!-- \/ Yoast SEO plugin. -->","yoast_head_json":{"title":"Coneix Vita Student Poblenou, la nova resid\u00e8ncia d'estudiants avantguardista amb est\u00e8tica industrial &#8211; Poblenou Urban District","robots":{"index":"index","follow":"follow","max-snippet":"max-snippet:-1","max-image-preview":"max-image-preview:large","max-video-preview":"max-video-preview:-1"},"canonical":"https:\/\/poblenouurbandistrict.com\/ca\/coneix-la-nova-residencia-vita-student-poblenou-un-edifici-avantguardista-amb-estetica-industrial\/","og_locale":"ca_ES","og_type":"article","og_title":"Coneix Vita Student Poblenou, la nova resid\u00e8ncia d'estudiants avantguardista amb est\u00e8tica industrial &#8211; Poblenou Urban District","og_description":"Poblenou suma una nova resid\u00e8ncia d&#8217;estudiants: Vita Student amb 350 habitacions i 12.000 m\u00b2.\u00a0Una de les caracter\u00edstiques m\u00e9s destacables de... M\u00e9s \u2192","og_url":"https:\/\/poblenouurbandistrict.com\/ca\/coneix-la-nova-residencia-vita-student-poblenou-un-edifici-avantguardista-amb-estetica-industrial\/","og_site_name":"Poblenou Urban District","article_published_time":"2023-09-21T12:12:59+00:00","article_modified_time":"2023-10-03T15:25:27+00:00","og_image":[{"width":2560,"height":1703,"url":"https:\/\/poblenouurbandistrict.com\/wp-content\/uploads\/2023\/09\/dsc1315-copia-scaled.jpg","type":"image\/jpeg"}],"author":"pnud","twitter_card":"summary_large_image","twitter_misc":{"Escrit per":"pnud","Temps estimat de lectura":"2 minuts"},"schema":{"@context":"https:\/\/schema.org","@graph":[{"@type":"Article","@id":"https:\/\/poblenouurbandistrict.com\/coneix-la-nova-residencia-vita-student-poblenou-un-edifici-avantguardista-amb-estetica-industrial\/#article","isPartOf":{"@id":"https:\/\/poblenouurbandistrict.com\/coneix-la-nova-residencia-vita-student-poblenou-un-edifici-avantguardista-amb-estetica-industrial\/"},"author":{"name":"pnud","@id":"https:\/\/poblenouurbandistrict.com\/#\/schema\/person\/980a2cf34b399d5218205730acd54a7e"},"headline":"Coneix Vita Student Poblenou, la nova resid\u00e8ncia d&#8217;estudiants avantguardista amb est\u00e8tica industrial","datePublished":"2023-09-21T12:12:59+00:00","dateModified":"2023-10-03T15:25:27+00:00","mainEntityOfPage":{"@id":"https:\/\/poblenouurbandistrict.com\/coneix-la-nova-residencia-vita-student-poblenou-un-edifici-avantguardista-amb-estetica-industrial\/"},"wordCount":621,"image":{"@id":"https:\/\/poblenouurbandistrict.com\/coneix-la-nova-residencia-vita-student-poblenou-un-edifici-avantguardista-amb-estetica-industrial\/#primaryimage"},"thumbnailUrl":"https:\/\/media.poblenouurbandistrict.com\/2023\/09\/25064845\/dsc1315-copia-scaled.jpg","articleSection":["Resid\u00e8ncies"],"inLanguage":"ca"},{"@type":"WebPage","@id":"https:\/\/poblenouurbandistrict.com\/ca\/coneix-la-nova-residencia-vita-student-poblenou-un-edifici-avantguardista-amb-estetica-industrial\/","url":"https:\/\/poblenouurbandistrict.com\/ca\/coneix-la-nova-residencia-vita-student-poblenou-un-edifici-avantguardista-amb-estetica-industrial\/","name":"Coneix Vita Student Poblenou, la nova resid\u00e8ncia d'estudiants avantguardista amb est\u00e8tica industrial &#8211; Poblenou Urban District","isPartOf":{"@id":"https:\/\/poblenouurbandistrict.com\/ca\/#website"},"primaryImageOfPage":{"@id":"https:\/\/poblenouurbandistrict.com\/ca\/coneix-la-nova-residencia-vita-student-poblenou-un-edifici-avantguardista-amb-estetica-industrial\/#primaryimage"},"image":{"@id":"https:\/\/poblenouurbandistrict.com\/coneix-la-nova-residencia-vita-student-poblenou-un-edifici-avantguardista-amb-estetica-industrial\/#primaryimage"},"thumbnailUrl":"https:\/\/media.poblenouurbandistrict.com\/2023\/09\/25064845\/dsc1315-copia-scaled.jpg","datePublished":"2023-09-21T12:12:59+00:00","dateModified":"2023-10-03T15:25:27+00:00","author":{"@id":"https:\/\/poblenouurbandistrict.com\/#\/schema\/person\/980a2cf34b399d5218205730acd54a7e"},"breadcrumb":{"@id":"https:\/\/poblenouurbandistrict.com\/ca\/coneix-la-nova-residencia-vita-student-poblenou-un-edifici-avantguardista-amb-estetica-industrial\/#breadcrumb"},"inLanguage":"ca","potentialAction":[{"@type":"ReadAction","target":[["https:\/\/poblenouurbandistrict.com\/ca\/coneix-la-nova-residencia-vita-student-poblenou-un-edifici-avantguardista-amb-estetica-industrial\/"]]}]},{"@type":"ImageObject","inLanguage":"ca","@id":"https:\/\/poblenouurbandistrict.com\/ca\/coneix-la-nova-residencia-vita-student-poblenou-un-edifici-avantguardista-amb-estetica-industrial\/#primaryimage","url":"https:\/\/media.poblenouurbandistrict.com\/2023\/09\/25064845\/dsc1315-copia-scaled.jpg","contentUrl":"https:\/\/media.poblenouurbandistrict.com\/2023\/09\/25064845\/dsc1315-copia-scaled.jpg","width":2560,"height":1703},{"@type":"BreadcrumbList","@id":"https:\/\/poblenouurbandistrict.com\/ca\/coneix-la-nova-residencia-vita-student-poblenou-un-edifici-avantguardista-amb-estetica-industrial\/#breadcrumb","itemListElement":[{"@type":"ListItem","position":1,"name":"Home","item":"https:\/\/poblenouurbandistrict.com\/ca\/"},{"@type":"ListItem","position":2,"name":"Coneix Vita Student Poblenou, la nova resid\u00e8ncia d&#8217;estudiants avantguardista amb est\u00e8tica industrial"}]},{"@type":"WebSite","@id":"https:\/\/poblenouurbandistrict.com\/ca\/#website","url":"https:\/\/poblenouurbandistrict.com\/ca\/","name":"Poblenou Urban District","description":"Comunitat Creativa","potentialAction":[{"@type":"SearchAction","target":{"@type":"EntryPoint","urlTemplate":"https:\/\/poblenouurbandistrict.com\/ca\/?s={search_term_string}"},"query-input":{"@type":"PropertyValueSpecification","valueRequired":true,"valueName":"search_term_string"}}],"inLanguage":"ca"},{"@type":"Person","@id":"https:\/\/poblenouurbandistrict.com\/#\/schema\/person\/980a2cf34b399d5218205730acd54a7e","name":"pnud","image":{"@type":"ImageObject","inLanguage":"ca","@id":"https:\/\/secure.gravatar.com\/avatar\/67146597b405ee077a24e519f75c3e2031736596d6ce35af3a34c122c93d0d7b?s=96&d=retro&r=g","url":"https:\/\/secure.gravatar.com\/avatar\/67146597b405ee077a24e519f75c3e2031736596d6ce35af3a34c122c93d0d7b?s=96&d=retro&r=g","contentUrl":"https:\/\/secure.gravatar.com\/avatar\/67146597b405ee077a24e519f75c3e2031736596d6ce35af3a34c122c93d0d7b?s=96&d=retro&r=g","caption":"pnud"}}]}},"_links":{"self":[{"href":"https:\/\/poblenouurbandistrict.com\/ca\/wp-json\/wp\/v2\/posts\/41393","targetHints":{"allow":["GET"]}}],"collection":[{"href":"https:\/\/poblenouurbandistrict.com\/ca\/wp-json\/wp\/v2\/posts"}],"about":[{"href":"https:\/\/poblenouurbandistrict.com\/ca\/wp-json\/wp\/v2\/types\/post"}],"author":[{"embeddable":true,"href":"https:\/\/poblenouurbandistrict.com\/ca\/wp-json\/wp\/v2\/users\/5"}],"replies":[{"embeddable":true,"href":"https:\/\/poblenouurbandistrict.com\/ca\/wp-json\/wp\/v2\/comments?post=41393"}],"version-history":[{"count":7,"href":"https:\/\/poblenouurbandistrict.com\/ca\/wp-json\/wp\/v2\/posts\/41393\/revisions"}],"predecessor-version":[{"id":41706,"href":"https:\/\/poblenouurbandistrict.com\/ca\/wp-json\/wp\/v2\/posts\/41393\/revisions\/41706"}],"wp:featuredmedia":[{"embeddable":true,"href":"https:\/\/poblenouurbandistrict.com\/ca\/wp-json\/wp\/v2\/media\/41405"}],"wp:attachment":[{"href":"https:\/\/poblenouurbandistrict.com\/ca\/wp-json\/wp\/v2\/media?parent=41393"}],"wp:term":[{"taxonomy":"category","embeddable":true,"href":"https:\/\/poblenouurbandistrict.com\/ca\/wp-json\/wp\/v2\/categories?post=41393"},{"taxonomy":"post_tag","embeddable":true,"href":"https:\/\/poblenouurbandistrict.com\/ca\/wp-json\/wp\/v2\/tags?post=41393"}],"curies":[{"name":"wp","href":"https:\/\/api.w.org\/{rel}","templated":true}]}}