{"id":41404,"date":"2023-09-21T12:20:59","date_gmt":"2023-09-21T10:20:59","guid":{"rendered":"https:\/\/poblenouurbandistrict.com\/?p=41404"},"modified":"2023-09-21T18:48:23","modified_gmt":"2023-09-21T16:48:23","slug":"valkiria-hub-space-estrena-nou-restaurant-i-minimarket","status":"publish","type":"post","link":"https:\/\/poblenouurbandistrict.com\/ca\/valkiria-hub-space-estrena-nou-restaurant-i-minimarket\/","title":{"rendered":"Valkiria Hub Space estrena nou restaurant i minimarket"},"content":{"rendered":"<p><a href=\"https:\/\/valkiriahubspace.com\/\">Valkiria Hub Space<\/a> est\u00e0 d&#8217;estrena amb una nova fa\u00e7ana de color blanc, restaurant i minimarket dins de les seves instal\u00b7lacions. Aquesta nau de 1500m2 \u00e9s tamb\u00e9 un hub especialitzat en esdeveniments corporatius amb sales polivalents i multifuncionals que poden ser llogades per organitzar tota classe d&#8217;activitats.<\/p>\n<p>El nou restaurant de menjar saludable ofereix servei d&#8217;esmorzar de 8 h a 12.30 h i restauraci\u00f3 de dilluns a divendres de 12.30 h a 16 h amb opcions equilibrades i saludables.<\/p>\n<p>D&#8217;altra banda, al minimarket trobar\u00e0s productes del dia a dia com begudes i aliments de consum r\u00e0pid. Si necessites fer una pausa de la feina i recarregar piles, aqu\u00ed trobar\u00e0s l&#8217;snack perfecte. L&#8217;horari \u00e9s de 8 h a 16 h.<\/p>\n<p>Tots aquests canvis responen a uns objectius de renovaci\u00f3 i reinvenci\u00f3 per tal d&#8217;acollir projectes diversos i fer que tothom sigui benvingut.<\/p>","protected":false},"excerpt":{"rendered":"<p>Valkiria Hub Space est\u00e0 d&#8217;estrena amb una nova fa\u00e7ana de color blanc, restaurant i minimarket dins de les seves instal\u00b7lacions&#8230;. <a href=\"https:\/\/poblenouurbandistrict.com\/ca\/valkiria-hub-space-estrena-nou-restaurant-i-minimarket\/\">M\u00e9s  \u2192<\/a><\/p>\n","protected":false},"author":5,"featured_media":41420,"comment_status":"closed","ping_status":"closed","sticky":false,"template":"","format":"standard","meta":{"_acf_changed":false,"footnotes":""},"categories":[3363],"tags":[],"class_list":["post-41404","post","type-post","status-publish","format-standard","has-post-thumbnail","hentry","category-places"],"acf":[],"yoast_head":"<!-- This site is optimized with the Yoast SEO plugin v27.5 - https:\/\/yoast.com\/product\/yoast-seo-wordpress\/ -->\n<title>Valkiria Hub Space estrena nou restaurant i minimarket &#8211; Poblenou Urban District<\/title>\n<meta name=\"robots\" content=\"index, follow, max-snippet:-1, max-image-preview:large, max-video-preview:-1\" \/>\n<link rel=\"canonical\" href=\"https:\/\/poblenouurbandistrict.com\/ca\/valkiria-hub-space-estrena-nou-restaurant-i-minimarket\/\" \/>\n<meta property=\"og:locale\" content=\"ca_ES\" \/>\n<meta property=\"og:type\" content=\"article\" \/>\n<meta property=\"og:title\" content=\"Valkiria Hub Space estrena nou restaurant i minimarket &#8211; Poblenou Urban District\" \/>\n<meta property=\"og:description\" content=\"Valkiria Hub Space est\u00e0 d&#8217;estrena amb una nova fa\u00e7ana de color blanc, restaurant i minimarket dins de les seves instal\u00b7lacions.... M\u00e9s \u2192\" \/>\n<meta property=\"og:url\" content=\"https:\/\/poblenouurbandistrict.com\/ca\/valkiria-hub-space-estrena-nou-restaurant-i-minimarket\/\" \/>\n<meta property=\"og:site_name\" content=\"Poblenou Urban District\" \/>\n<meta property=\"article:published_time\" content=\"2023-09-21T10:20:59+00:00\" \/>\n<meta property=\"article:modified_time\" content=\"2023-09-21T16:48:23+00:00\" \/>\n<meta property=\"og:image\" content=\"https:\/\/poblenouurbandistrict.com\/wp-content\/uploads\/2023\/09\/img-7283-scaled.jpg\" \/>\n\t<meta property=\"og:image:width\" content=\"2560\" \/>\n\t<meta property=\"og:image:height\" content=\"1707\" \/>\n\t<meta property=\"og:image:type\" content=\"image\/jpeg\" \/>\n<meta name=\"author\" content=\"pnud\" \/>\n<meta name=\"twitter:card\" content=\"summary_large_image\" \/>\n<meta name=\"twitter:label1\" content=\"Escrit per\" \/>\n\t<meta name=\"twitter:data1\" content=\"pnud\" \/>\n\t<meta name=\"twitter:label2\" content=\"Temps estimat de lectura\" \/>\n\t<meta name=\"twitter:data2\" content=\"1 minut\" \/>\n<script type=\"application\/ld+json\" class=\"yoast-schema-graph\">{\"@context\":\"https:\\\/\\\/schema.org\",\"@graph\":[{\"@type\":\"Article\",\"@id\":\"https:\\\/\\\/poblenouurbandistrict.com\\\/valkiria-hub-space-estrena-nou-restaurant-i-minimarket\\\/#article\",\"isPartOf\":{\"@id\":\"https:\\\/\\\/poblenouurbandistrict.com\\\/valkiria-hub-space-estrena-nou-restaurant-i-minimarket\\\/\"},\"author\":{\"name\":\"pnud\",\"@id\":\"https:\\\/\\\/poblenouurbandistrict.com\\\/#\\\/schema\\\/person\\\/980a2cf34b399d5218205730acd54a7e\"},\"headline\":\"Valkiria Hub Space estrena nou restaurant i minimarket\",\"datePublished\":\"2023-09-21T10:20:59+00:00\",\"dateModified\":\"2023-09-21T16:48:23+00:00\",\"mainEntityOfPage\":{\"@id\":\"https:\\\/\\\/poblenouurbandistrict.com\\\/valkiria-hub-space-estrena-nou-restaurant-i-minimarket\\\/\"},\"wordCount\":320,\"image\":{\"@id\":\"https:\\\/\\\/poblenouurbandistrict.com\\\/valkiria-hub-space-estrena-nou-restaurant-i-minimarket\\\/#primaryimage\"},\"thumbnailUrl\":\"https:\\\/\\\/media.poblenouurbandistrict.com\\\/2023\\\/09\\\/25064909\\\/img-7283-scaled.jpg\",\"articleSection\":[\"Espais\"],\"inLanguage\":\"ca\"},{\"@type\":\"WebPage\",\"@id\":\"https:\\\/\\\/poblenouurbandistrict.com\\\/ca\\\/valkiria-hub-space-estrena-nou-restaurant-i-minimarket\\\/\",\"url\":\"https:\\\/\\\/poblenouurbandistrict.com\\\/ca\\\/valkiria-hub-space-estrena-nou-restaurant-i-minimarket\\\/\",\"name\":\"Valkiria Hub Space estrena nou restaurant i minimarket &#8211; Poblenou Urban District\",\"isPartOf\":{\"@id\":\"https:\\\/\\\/poblenouurbandistrict.com\\\/ca\\\/#website\"},\"primaryImageOfPage\":{\"@id\":\"https:\\\/\\\/poblenouurbandistrict.com\\\/ca\\\/valkiria-hub-space-estrena-nou-restaurant-i-minimarket\\\/#primaryimage\"},\"image\":{\"@id\":\"https:\\\/\\\/poblenouurbandistrict.com\\\/valkiria-hub-space-estrena-nou-restaurant-i-minimarket\\\/#primaryimage\"},\"thumbnailUrl\":\"https:\\\/\\\/media.poblenouurbandistrict.com\\\/2023\\\/09\\\/25064909\\\/img-7283-scaled.jpg\",\"datePublished\":\"2023-09-21T10:20:59+00:00\",\"dateModified\":\"2023-09-21T16:48:23+00:00\",\"author\":{\"@id\":\"https:\\\/\\\/poblenouurbandistrict.com\\\/#\\\/schema\\\/person\\\/980a2cf34b399d5218205730acd54a7e\"},\"breadcrumb\":{\"@id\":\"https:\\\/\\\/poblenouurbandistrict.com\\\/ca\\\/valkiria-hub-space-estrena-nou-restaurant-i-minimarket\\\/#breadcrumb\"},\"inLanguage\":\"ca\",\"potentialAction\":[{\"@type\":\"ReadAction\",\"target\":[[\"https:\\\/\\\/poblenouurbandistrict.com\\\/ca\\\/valkiria-hub-space-estrena-nou-restaurant-i-minimarket\\\/\"]]}]},{\"@type\":\"ImageObject\",\"inLanguage\":\"ca\",\"@id\":\"https:\\\/\\\/poblenouurbandistrict.com\\\/ca\\\/valkiria-hub-space-estrena-nou-restaurant-i-minimarket\\\/#primaryimage\",\"url\":\"https:\\\/\\\/media.poblenouurbandistrict.com\\\/2023\\\/09\\\/25064909\\\/img-7283-scaled.jpg\",\"contentUrl\":\"https:\\\/\\\/media.poblenouurbandistrict.com\\\/2023\\\/09\\\/25064909\\\/img-7283-scaled.jpg\",\"width\":2560,\"height\":1707},{\"@type\":\"BreadcrumbList\",\"@id\":\"https:\\\/\\\/poblenouurbandistrict.com\\\/ca\\\/valkiria-hub-space-estrena-nou-restaurant-i-minimarket\\\/#breadcrumb\",\"itemListElement\":[{\"@type\":\"ListItem\",\"position\":1,\"name\":\"Home\",\"item\":\"https:\\\/\\\/poblenouurbandistrict.com\\\/ca\\\/\"},{\"@type\":\"ListItem\",\"position\":2,\"name\":\"Valkiria Hub Space estrena nou restaurant i minimarket\"}]},{\"@type\":\"WebSite\",\"@id\":\"https:\\\/\\\/poblenouurbandistrict.com\\\/ca\\\/#website\",\"url\":\"https:\\\/\\\/poblenouurbandistrict.com\\\/ca\\\/\",\"name\":\"Poblenou Urban District\",\"description\":\"Comunitat Creativa\",\"potentialAction\":[{\"@type\":\"SearchAction\",\"target\":{\"@type\":\"EntryPoint\",\"urlTemplate\":\"https:\\\/\\\/poblenouurbandistrict.com\\\/ca\\\/?s={search_term_string}\"},\"query-input\":{\"@type\":\"PropertyValueSpecification\",\"valueRequired\":true,\"valueName\":\"search_term_string\"}}],\"inLanguage\":\"ca\"},{\"@type\":\"Person\",\"@id\":\"https:\\\/\\\/poblenouurbandistrict.com\\\/#\\\/schema\\\/person\\\/980a2cf34b399d5218205730acd54a7e\",\"name\":\"pnud\",\"image\":{\"@type\":\"ImageObject\",\"inLanguage\":\"ca\",\"@id\":\"https:\\\/\\\/secure.gravatar.com\\\/avatar\\\/67146597b405ee077a24e519f75c3e2031736596d6ce35af3a34c122c93d0d7b?s=96&d=retro&r=g\",\"url\":\"https:\\\/\\\/secure.gravatar.com\\\/avatar\\\/67146597b405ee077a24e519f75c3e2031736596d6ce35af3a34c122c93d0d7b?s=96&d=retro&r=g\",\"contentUrl\":\"https:\\\/\\\/secure.gravatar.com\\\/avatar\\\/67146597b405ee077a24e519f75c3e2031736596d6ce35af3a34c122c93d0d7b?s=96&d=retro&r=g\",\"caption\":\"pnud\"}}]}<\/script>\n<!-- \/ Yoast SEO plugin. -->","yoast_head_json":{"title":"Valkiria Hub Space estrena nou restaurant i minimarket &#8211; Poblenou Urban District","robots":{"index":"index","follow":"follow","max-snippet":"max-snippet:-1","max-image-preview":"max-image-preview:large","max-video-preview":"max-video-preview:-1"},"canonical":"https:\/\/poblenouurbandistrict.com\/ca\/valkiria-hub-space-estrena-nou-restaurant-i-minimarket\/","og_locale":"ca_ES","og_type":"article","og_title":"Valkiria Hub Space estrena nou restaurant i minimarket &#8211; Poblenou Urban District","og_description":"Valkiria Hub Space est\u00e0 d&#8217;estrena amb una nova fa\u00e7ana de color blanc, restaurant i minimarket dins de les seves instal\u00b7lacions.... M\u00e9s \u2192","og_url":"https:\/\/poblenouurbandistrict.com\/ca\/valkiria-hub-space-estrena-nou-restaurant-i-minimarket\/","og_site_name":"Poblenou Urban District","article_published_time":"2023-09-21T10:20:59+00:00","article_modified_time":"2023-09-21T16:48:23+00:00","og_image":[{"width":2560,"height":1707,"url":"https:\/\/poblenouurbandistrict.com\/wp-content\/uploads\/2023\/09\/img-7283-scaled.jpg","type":"image\/jpeg"}],"author":"pnud","twitter_card":"summary_large_image","twitter_misc":{"Escrit per":"pnud","Temps estimat de lectura":"1 minut"},"schema":{"@context":"https:\/\/schema.org","@graph":[{"@type":"Article","@id":"https:\/\/poblenouurbandistrict.com\/valkiria-hub-space-estrena-nou-restaurant-i-minimarket\/#article","isPartOf":{"@id":"https:\/\/poblenouurbandistrict.com\/valkiria-hub-space-estrena-nou-restaurant-i-minimarket\/"},"author":{"name":"pnud","@id":"https:\/\/poblenouurbandistrict.com\/#\/schema\/person\/980a2cf34b399d5218205730acd54a7e"},"headline":"Valkiria Hub Space estrena nou restaurant i minimarket","datePublished":"2023-09-21T10:20:59+00:00","dateModified":"2023-09-21T16:48:23+00:00","mainEntityOfPage":{"@id":"https:\/\/poblenouurbandistrict.com\/valkiria-hub-space-estrena-nou-restaurant-i-minimarket\/"},"wordCount":320,"image":{"@id":"https:\/\/poblenouurbandistrict.com\/valkiria-hub-space-estrena-nou-restaurant-i-minimarket\/#primaryimage"},"thumbnailUrl":"https:\/\/media.poblenouurbandistrict.com\/2023\/09\/25064909\/img-7283-scaled.jpg","articleSection":["Espais"],"inLanguage":"ca"},{"@type":"WebPage","@id":"https:\/\/poblenouurbandistrict.com\/ca\/valkiria-hub-space-estrena-nou-restaurant-i-minimarket\/","url":"https:\/\/poblenouurbandistrict.com\/ca\/valkiria-hub-space-estrena-nou-restaurant-i-minimarket\/","name":"Valkiria Hub Space estrena nou restaurant i minimarket &#8211; Poblenou Urban District","isPartOf":{"@id":"https:\/\/poblenouurbandistrict.com\/ca\/#website"},"primaryImageOfPage":{"@id":"https:\/\/poblenouurbandistrict.com\/ca\/valkiria-hub-space-estrena-nou-restaurant-i-minimarket\/#primaryimage"},"image":{"@id":"https:\/\/poblenouurbandistrict.com\/valkiria-hub-space-estrena-nou-restaurant-i-minimarket\/#primaryimage"},"thumbnailUrl":"https:\/\/media.poblenouurbandistrict.com\/2023\/09\/25064909\/img-7283-scaled.jpg","datePublished":"2023-09-21T10:20:59+00:00","dateModified":"2023-09-21T16:48:23+00:00","author":{"@id":"https:\/\/poblenouurbandistrict.com\/#\/schema\/person\/980a2cf34b399d5218205730acd54a7e"},"breadcrumb":{"@id":"https:\/\/poblenouurbandistrict.com\/ca\/valkiria-hub-space-estrena-nou-restaurant-i-minimarket\/#breadcrumb"},"inLanguage":"ca","potentialAction":[{"@type":"ReadAction","target":[["https:\/\/poblenouurbandistrict.com\/ca\/valkiria-hub-space-estrena-nou-restaurant-i-minimarket\/"]]}]},{"@type":"ImageObject","inLanguage":"ca","@id":"https:\/\/poblenouurbandistrict.com\/ca\/valkiria-hub-space-estrena-nou-restaurant-i-minimarket\/#primaryimage","url":"https:\/\/media.poblenouurbandistrict.com\/2023\/09\/25064909\/img-7283-scaled.jpg","contentUrl":"https:\/\/media.poblenouurbandistrict.com\/2023\/09\/25064909\/img-7283-scaled.jpg","width":2560,"height":1707},{"@type":"BreadcrumbList","@id":"https:\/\/poblenouurbandistrict.com\/ca\/valkiria-hub-space-estrena-nou-restaurant-i-minimarket\/#breadcrumb","itemListElement":[{"@type":"ListItem","position":1,"name":"Home","item":"https:\/\/poblenouurbandistrict.com\/ca\/"},{"@type":"ListItem","position":2,"name":"Valkiria Hub Space estrena nou restaurant i minimarket"}]},{"@type":"WebSite","@id":"https:\/\/poblenouurbandistrict.com\/ca\/#website","url":"https:\/\/poblenouurbandistrict.com\/ca\/","name":"Poblenou Urban District","description":"Comunitat Creativa","potentialAction":[{"@type":"SearchAction","target":{"@type":"EntryPoint","urlTemplate":"https:\/\/poblenouurbandistrict.com\/ca\/?s={search_term_string}"},"query-input":{"@type":"PropertyValueSpecification","valueRequired":true,"valueName":"search_term_string"}}],"inLanguage":"ca"},{"@type":"Person","@id":"https:\/\/poblenouurbandistrict.com\/#\/schema\/person\/980a2cf34b399d5218205730acd54a7e","name":"pnud","image":{"@type":"ImageObject","inLanguage":"ca","@id":"https:\/\/secure.gravatar.com\/avatar\/67146597b405ee077a24e519f75c3e2031736596d6ce35af3a34c122c93d0d7b?s=96&d=retro&r=g","url":"https:\/\/secure.gravatar.com\/avatar\/67146597b405ee077a24e519f75c3e2031736596d6ce35af3a34c122c93d0d7b?s=96&d=retro&r=g","contentUrl":"https:\/\/secure.gravatar.com\/avatar\/67146597b405ee077a24e519f75c3e2031736596d6ce35af3a34c122c93d0d7b?s=96&d=retro&r=g","caption":"pnud"}}]}},"_links":{"self":[{"href":"https:\/\/poblenouurbandistrict.com\/ca\/wp-json\/wp\/v2\/posts\/41404","targetHints":{"allow":["GET"]}}],"collection":[{"href":"https:\/\/poblenouurbandistrict.com\/ca\/wp-json\/wp\/v2\/posts"}],"about":[{"href":"https:\/\/poblenouurbandistrict.com\/ca\/wp-json\/wp\/v2\/types\/post"}],"author":[{"embeddable":true,"href":"https:\/\/poblenouurbandistrict.com\/ca\/wp-json\/wp\/v2\/users\/5"}],"replies":[{"embeddable":true,"href":"https:\/\/poblenouurbandistrict.com\/ca\/wp-json\/wp\/v2\/comments?post=41404"}],"version-history":[{"count":3,"href":"https:\/\/poblenouurbandistrict.com\/ca\/wp-json\/wp\/v2\/posts\/41404\/revisions"}],"predecessor-version":[{"id":41474,"href":"https:\/\/poblenouurbandistrict.com\/ca\/wp-json\/wp\/v2\/posts\/41404\/revisions\/41474"}],"wp:featuredmedia":[{"embeddable":true,"href":"https:\/\/poblenouurbandistrict.com\/ca\/wp-json\/wp\/v2\/media\/41420"}],"wp:attachment":[{"href":"https:\/\/poblenouurbandistrict.com\/ca\/wp-json\/wp\/v2\/media?parent=41404"}],"wp:term":[{"taxonomy":"category","embeddable":true,"href":"https:\/\/poblenouurbandistrict.com\/ca\/wp-json\/wp\/v2\/categories?post=41404"},{"taxonomy":"post_tag","embeddable":true,"href":"https:\/\/poblenouurbandistrict.com\/ca\/wp-json\/wp\/v2\/tags?post=41404"}],"curies":[{"name":"wp","href":"https:\/\/api.w.org\/{rel}","templated":true}]}}