{"id":41529,"date":"2023-09-28T15:54:42","date_gmt":"2023-09-28T13:54:42","guid":{"rendered":"https:\/\/poblenouurbandistrict.com\/?p=41529"},"modified":"2023-09-28T17:26:51","modified_gmt":"2023-09-28T15:26:51","slug":"descobreix-els-tallers-de-tardor-despai-granada","status":"publish","type":"post","link":"https:\/\/poblenouurbandistrict.com\/ca\/descobreix-els-tallers-de-tardor-despai-granada\/","title":{"rendered":"Descobreix els tallers d&#8217;Espai Granada per aquesta tardor"},"content":{"rendered":"<p>Torna la programaci\u00f3 de tallers d&#8217;<a href=\"https:\/\/www.espaigranada.com\/\">Espai Granada<\/a>. Cada mes, aquest espai ofereix una gran varietat <a href=\"https:\/\/www.espaigranada.com\/cursos-y-talleres-gastronomicos\">d&#8217;activitats gastron\u00f2miques<\/a> per gaudir amb amics i fam\u00edlia de la cuina local i internacional. Si t&#8217;agrada tastar noves gastronomies, no et perdis la programaci\u00f3 per aquesta tardor.<\/p>\n<h3><a href=\"https:\/\/www.espaigranada.com\/informacion-del-evento\/taller-dumplings-4\">Taller de Dumplings<\/a> &#8211; 4 d&#8217;octubre<\/h3>\n<p>Descobreix totes les varietats de dumplings de la m\u00e0 de la xef Mayela Armas. Per exemple, farcits de porc o verdura i panets al vapor carregats de marisc o pollastre.<\/p>\n<h3><a href=\"https:\/\/www.espaigranada.com\/informacion-del-evento\/talleres-en-familia-con-peques\">Tallers en fam\u00edlia amb els m\u00e9s petits<\/a> &#8211; 7 d&#8217;octubre \/ 4 i 25 de novembre<\/h3>\n<p>Torna a reconnectar amb els teus fills, nebots o nets ara que han tornat a l&#8217;escola. Aquest taller est\u00e0 dissenyat per a nens petits de 2 a 6 anys, els quals tindran l&#8217;oportunitat de submergir-se en el m\u00f3n de la cuina italiana elaborant uns nyoquis de patata amb salsa de tom\u00e0quet, aprendre a fer dumplings o explorar la cuina mexicana amb burritos i quesadillas.<\/p>\n<h3><a href=\"https:\/\/www.espaigranada.com\/informacion-del-evento\/cocina-mexicana-2\">Cuina Mexicana<\/a> &#8211; 11 d&#8217;octubre<\/h3>\n<p>Descobreix els secrets de la cuina mexicana de la m\u00e0 de la Xef Mayela, famosa per l&#8217;\u00fas atrevit d&#8217;esp\u00e8cies, sabors intensos, varietat de verdures i diversitat de colors i textures. Alguns dels plats que aprendr\u00e0s a elaborar seran les gringas de moniato amb salsa agredol\u00e7a o els tacs de bistec amb salsa taquera.<\/p>\n<h3><a href=\"https:\/\/www.espaigranada.com\/informacion-del-evento\/taller-de-cocina-india-2\">Taller de cuina \u00edndia<\/a> &#8211; 25 d&#8217;octubre<\/h3>\n<p>Explora les esp\u00e8cies, els colors intensos i el picant de l&#8217;\u00cdndia amb la xef Mayela, que ensenyar\u00e0 a elaborar les receptes m\u00e9s t\u00edpiques del pa\u00eds com l&#8217;amanida \u00edndia de cogombre o el Pulao.<\/p>\n<h3><a href=\"https:\/\/www.espaigranada.com\/informacion-del-evento\/taller-halloween-decoracion-galletas-en-familia\">Taller de galetes de Halloween<\/a> &#8211; 29 d&#8217;octubre<\/h3>\n<p>Sabem que encara queden unes setmanes per Halloween, per\u00f2 Espai Granada ja ha preparat un taller de decoraci\u00f3 de galetes en forma de monstres, fantasmes o bruixes. 4 sessions per aprendre diferents t\u00e8cniques com l&#8217;\u00fas de fondant o retoladors de tinta comestible.<\/p>\n<p><strong>Per a m\u00e9s informaci\u00f3, dona una ullada a la seva <a href=\"https:\/\/www.espaigranada.com\/\">p\u00e0gina web<\/a>.<\/strong><\/p>","protected":false},"excerpt":{"rendered":"<p>Torna la programaci\u00f3 de tallers d&#8217;Espai Granada. Cada mes, aquest espai ofereix una gran varietat d&#8217;activitats gastron\u00f2miques per gaudir amb&#8230; <a href=\"https:\/\/poblenouurbandistrict.com\/ca\/descobreix-els-tallers-de-tardor-despai-granada\/\">M\u00e9s  \u2192<\/a><\/p>\n","protected":false},"author":5,"featured_media":36596,"comment_status":"closed","ping_status":"closed","sticky":false,"template":"","format":"standard","meta":{"_acf_changed":false,"footnotes":""},"categories":[3596],"tags":[],"class_list":["post-41529","post","type-post","status-publish","format-standard","has-post-thumbnail","hentry","category-tallers"],"acf":[],"yoast_head":"<!-- This site is optimized with the Yoast SEO plugin v27.5 - https:\/\/yoast.com\/product\/yoast-seo-wordpress\/ -->\n<title>Descobreix els tallers d&#039;Espai Granada per aquesta tardor &#8211; Poblenou Urban District<\/title>\n<meta name=\"robots\" content=\"index, follow, max-snippet:-1, max-image-preview:large, max-video-preview:-1\" \/>\n<link rel=\"canonical\" href=\"https:\/\/poblenouurbandistrict.com\/ca\/descobreix-els-tallers-de-tardor-despai-granada\/\" \/>\n<meta property=\"og:locale\" content=\"ca_ES\" \/>\n<meta property=\"og:type\" content=\"article\" \/>\n<meta property=\"og:title\" content=\"Descobreix els tallers d&#039;Espai Granada per aquesta tardor &#8211; Poblenou Urban District\" \/>\n<meta property=\"og:description\" content=\"Torna la programaci\u00f3 de tallers d&#8217;Espai Granada. Cada mes, aquest espai ofereix una gran varietat d&#8217;activitats gastron\u00f2miques per gaudir amb... M\u00e9s \u2192\" \/>\n<meta property=\"og:url\" content=\"https:\/\/poblenouurbandistrict.com\/ca\/descobreix-els-tallers-de-tardor-despai-granada\/\" \/>\n<meta property=\"og:site_name\" content=\"Poblenou Urban District\" \/>\n<meta property=\"article:published_time\" content=\"2023-09-28T13:54:42+00:00\" \/>\n<meta property=\"article:modified_time\" content=\"2023-09-28T15:26:51+00:00\" \/>\n<meta property=\"og:image\" content=\"https:\/\/poblenouurbandistrict.com\/wp-content\/uploads\/2023\/01\/espai-granada-3.jpeg\" \/>\n\t<meta property=\"og:image:width\" content=\"1080\" \/>\n\t<meta property=\"og:image:height\" content=\"720\" \/>\n\t<meta property=\"og:image:type\" content=\"image\/jpeg\" \/>\n<meta name=\"author\" content=\"pnud\" \/>\n<meta name=\"twitter:card\" content=\"summary_large_image\" \/>\n<meta name=\"twitter:label1\" content=\"Escrit per\" \/>\n\t<meta name=\"twitter:data1\" content=\"pnud\" \/>\n\t<meta name=\"twitter:label2\" content=\"Temps estimat de lectura\" \/>\n\t<meta name=\"twitter:data2\" content=\"2 minuts\" \/>\n<script type=\"application\/ld+json\" class=\"yoast-schema-graph\">{\"@context\":\"https:\\\/\\\/schema.org\",\"@graph\":[{\"@type\":\"Article\",\"@id\":\"https:\\\/\\\/poblenouurbandistrict.com\\\/descobreix-els-tallers-de-tardor-despai-granada\\\/#article\",\"isPartOf\":{\"@id\":\"https:\\\/\\\/poblenouurbandistrict.com\\\/descobreix-els-tallers-de-tardor-despai-granada\\\/\"},\"author\":{\"name\":\"pnud\",\"@id\":\"https:\\\/\\\/poblenouurbandistrict.com\\\/#\\\/schema\\\/person\\\/980a2cf34b399d5218205730acd54a7e\"},\"headline\":\"Descobreix els tallers d&#8217;Espai Granada per aquesta tardor\",\"datePublished\":\"2023-09-28T13:54:42+00:00\",\"dateModified\":\"2023-09-28T15:26:51+00:00\",\"mainEntityOfPage\":{\"@id\":\"https:\\\/\\\/poblenouurbandistrict.com\\\/descobreix-els-tallers-de-tardor-despai-granada\\\/\"},\"wordCount\":706,\"image\":{\"@id\":\"https:\\\/\\\/poblenouurbandistrict.com\\\/descobreix-els-tallers-de-tardor-despai-granada\\\/#primaryimage\"},\"thumbnailUrl\":\"https:\\\/\\\/media.poblenouurbandistrict.com\\\/2023\\\/01\\\/25055801\\\/espai-granada-3.jpeg\",\"articleSection\":[\"Tallers\"],\"inLanguage\":\"ca\"},{\"@type\":\"WebPage\",\"@id\":\"https:\\\/\\\/poblenouurbandistrict.com\\\/ca\\\/descobreix-els-tallers-de-tardor-despai-granada\\\/\",\"url\":\"https:\\\/\\\/poblenouurbandistrict.com\\\/ca\\\/descobreix-els-tallers-de-tardor-despai-granada\\\/\",\"name\":\"Descobreix els tallers d'Espai Granada per aquesta tardor &#8211; Poblenou Urban District\",\"isPartOf\":{\"@id\":\"https:\\\/\\\/poblenouurbandistrict.com\\\/ca\\\/#website\"},\"primaryImageOfPage\":{\"@id\":\"https:\\\/\\\/poblenouurbandistrict.com\\\/ca\\\/descobreix-els-tallers-de-tardor-despai-granada\\\/#primaryimage\"},\"image\":{\"@id\":\"https:\\\/\\\/poblenouurbandistrict.com\\\/descobreix-els-tallers-de-tardor-despai-granada\\\/#primaryimage\"},\"thumbnailUrl\":\"https:\\\/\\\/media.poblenouurbandistrict.com\\\/2023\\\/01\\\/25055801\\\/espai-granada-3.jpeg\",\"datePublished\":\"2023-09-28T13:54:42+00:00\",\"dateModified\":\"2023-09-28T15:26:51+00:00\",\"author\":{\"@id\":\"https:\\\/\\\/poblenouurbandistrict.com\\\/#\\\/schema\\\/person\\\/980a2cf34b399d5218205730acd54a7e\"},\"breadcrumb\":{\"@id\":\"https:\\\/\\\/poblenouurbandistrict.com\\\/ca\\\/descobreix-els-tallers-de-tardor-despai-granada\\\/#breadcrumb\"},\"inLanguage\":\"ca\",\"potentialAction\":[{\"@type\":\"ReadAction\",\"target\":[[\"https:\\\/\\\/poblenouurbandistrict.com\\\/ca\\\/descobreix-els-tallers-de-tardor-despai-granada\\\/\"]]}]},{\"@type\":\"ImageObject\",\"inLanguage\":\"ca\",\"@id\":\"https:\\\/\\\/poblenouurbandistrict.com\\\/ca\\\/descobreix-els-tallers-de-tardor-despai-granada\\\/#primaryimage\",\"url\":\"https:\\\/\\\/media.poblenouurbandistrict.com\\\/2023\\\/01\\\/25055801\\\/espai-granada-3.jpeg\",\"contentUrl\":\"https:\\\/\\\/media.poblenouurbandistrict.com\\\/2023\\\/01\\\/25055801\\\/espai-granada-3.jpeg\",\"width\":1080,\"height\":720},{\"@type\":\"BreadcrumbList\",\"@id\":\"https:\\\/\\\/poblenouurbandistrict.com\\\/ca\\\/descobreix-els-tallers-de-tardor-despai-granada\\\/#breadcrumb\",\"itemListElement\":[{\"@type\":\"ListItem\",\"position\":1,\"name\":\"Home\",\"item\":\"https:\\\/\\\/poblenouurbandistrict.com\\\/ca\\\/\"},{\"@type\":\"ListItem\",\"position\":2,\"name\":\"Descobreix els tallers d&#8217;Espai Granada per aquesta tardor\"}]},{\"@type\":\"WebSite\",\"@id\":\"https:\\\/\\\/poblenouurbandistrict.com\\\/ca\\\/#website\",\"url\":\"https:\\\/\\\/poblenouurbandistrict.com\\\/ca\\\/\",\"name\":\"Poblenou Urban District\",\"description\":\"Comunitat Creativa\",\"potentialAction\":[{\"@type\":\"SearchAction\",\"target\":{\"@type\":\"EntryPoint\",\"urlTemplate\":\"https:\\\/\\\/poblenouurbandistrict.com\\\/ca\\\/?s={search_term_string}\"},\"query-input\":{\"@type\":\"PropertyValueSpecification\",\"valueRequired\":true,\"valueName\":\"search_term_string\"}}],\"inLanguage\":\"ca\"},{\"@type\":\"Person\",\"@id\":\"https:\\\/\\\/poblenouurbandistrict.com\\\/#\\\/schema\\\/person\\\/980a2cf34b399d5218205730acd54a7e\",\"name\":\"pnud\",\"image\":{\"@type\":\"ImageObject\",\"inLanguage\":\"ca\",\"@id\":\"https:\\\/\\\/secure.gravatar.com\\\/avatar\\\/67146597b405ee077a24e519f75c3e2031736596d6ce35af3a34c122c93d0d7b?s=96&d=retro&r=g\",\"url\":\"https:\\\/\\\/secure.gravatar.com\\\/avatar\\\/67146597b405ee077a24e519f75c3e2031736596d6ce35af3a34c122c93d0d7b?s=96&d=retro&r=g\",\"contentUrl\":\"https:\\\/\\\/secure.gravatar.com\\\/avatar\\\/67146597b405ee077a24e519f75c3e2031736596d6ce35af3a34c122c93d0d7b?s=96&d=retro&r=g\",\"caption\":\"pnud\"}}]}<\/script>\n<!-- \/ Yoast SEO plugin. -->","yoast_head_json":{"title":"Descobreix els tallers d'Espai Granada per aquesta tardor &#8211; Poblenou Urban District","robots":{"index":"index","follow":"follow","max-snippet":"max-snippet:-1","max-image-preview":"max-image-preview:large","max-video-preview":"max-video-preview:-1"},"canonical":"https:\/\/poblenouurbandistrict.com\/ca\/descobreix-els-tallers-de-tardor-despai-granada\/","og_locale":"ca_ES","og_type":"article","og_title":"Descobreix els tallers d'Espai Granada per aquesta tardor &#8211; Poblenou Urban District","og_description":"Torna la programaci\u00f3 de tallers d&#8217;Espai Granada. Cada mes, aquest espai ofereix una gran varietat d&#8217;activitats gastron\u00f2miques per gaudir amb... M\u00e9s \u2192","og_url":"https:\/\/poblenouurbandistrict.com\/ca\/descobreix-els-tallers-de-tardor-despai-granada\/","og_site_name":"Poblenou Urban District","article_published_time":"2023-09-28T13:54:42+00:00","article_modified_time":"2023-09-28T15:26:51+00:00","og_image":[{"width":1080,"height":720,"url":"https:\/\/poblenouurbandistrict.com\/wp-content\/uploads\/2023\/01\/espai-granada-3.jpeg","type":"image\/jpeg"}],"author":"pnud","twitter_card":"summary_large_image","twitter_misc":{"Escrit per":"pnud","Temps estimat de lectura":"2 minuts"},"schema":{"@context":"https:\/\/schema.org","@graph":[{"@type":"Article","@id":"https:\/\/poblenouurbandistrict.com\/descobreix-els-tallers-de-tardor-despai-granada\/#article","isPartOf":{"@id":"https:\/\/poblenouurbandistrict.com\/descobreix-els-tallers-de-tardor-despai-granada\/"},"author":{"name":"pnud","@id":"https:\/\/poblenouurbandistrict.com\/#\/schema\/person\/980a2cf34b399d5218205730acd54a7e"},"headline":"Descobreix els tallers d&#8217;Espai Granada per aquesta tardor","datePublished":"2023-09-28T13:54:42+00:00","dateModified":"2023-09-28T15:26:51+00:00","mainEntityOfPage":{"@id":"https:\/\/poblenouurbandistrict.com\/descobreix-els-tallers-de-tardor-despai-granada\/"},"wordCount":706,"image":{"@id":"https:\/\/poblenouurbandistrict.com\/descobreix-els-tallers-de-tardor-despai-granada\/#primaryimage"},"thumbnailUrl":"https:\/\/media.poblenouurbandistrict.com\/2023\/01\/25055801\/espai-granada-3.jpeg","articleSection":["Tallers"],"inLanguage":"ca"},{"@type":"WebPage","@id":"https:\/\/poblenouurbandistrict.com\/ca\/descobreix-els-tallers-de-tardor-despai-granada\/","url":"https:\/\/poblenouurbandistrict.com\/ca\/descobreix-els-tallers-de-tardor-despai-granada\/","name":"Descobreix els tallers d'Espai Granada per aquesta tardor &#8211; Poblenou Urban District","isPartOf":{"@id":"https:\/\/poblenouurbandistrict.com\/ca\/#website"},"primaryImageOfPage":{"@id":"https:\/\/poblenouurbandistrict.com\/ca\/descobreix-els-tallers-de-tardor-despai-granada\/#primaryimage"},"image":{"@id":"https:\/\/poblenouurbandistrict.com\/descobreix-els-tallers-de-tardor-despai-granada\/#primaryimage"},"thumbnailUrl":"https:\/\/media.poblenouurbandistrict.com\/2023\/01\/25055801\/espai-granada-3.jpeg","datePublished":"2023-09-28T13:54:42+00:00","dateModified":"2023-09-28T15:26:51+00:00","author":{"@id":"https:\/\/poblenouurbandistrict.com\/#\/schema\/person\/980a2cf34b399d5218205730acd54a7e"},"breadcrumb":{"@id":"https:\/\/poblenouurbandistrict.com\/ca\/descobreix-els-tallers-de-tardor-despai-granada\/#breadcrumb"},"inLanguage":"ca","potentialAction":[{"@type":"ReadAction","target":[["https:\/\/poblenouurbandistrict.com\/ca\/descobreix-els-tallers-de-tardor-despai-granada\/"]]}]},{"@type":"ImageObject","inLanguage":"ca","@id":"https:\/\/poblenouurbandistrict.com\/ca\/descobreix-els-tallers-de-tardor-despai-granada\/#primaryimage","url":"https:\/\/media.poblenouurbandistrict.com\/2023\/01\/25055801\/espai-granada-3.jpeg","contentUrl":"https:\/\/media.poblenouurbandistrict.com\/2023\/01\/25055801\/espai-granada-3.jpeg","width":1080,"height":720},{"@type":"BreadcrumbList","@id":"https:\/\/poblenouurbandistrict.com\/ca\/descobreix-els-tallers-de-tardor-despai-granada\/#breadcrumb","itemListElement":[{"@type":"ListItem","position":1,"name":"Home","item":"https:\/\/poblenouurbandistrict.com\/ca\/"},{"@type":"ListItem","position":2,"name":"Descobreix els tallers d&#8217;Espai Granada per aquesta tardor"}]},{"@type":"WebSite","@id":"https:\/\/poblenouurbandistrict.com\/ca\/#website","url":"https:\/\/poblenouurbandistrict.com\/ca\/","name":"Poblenou Urban District","description":"Comunitat Creativa","potentialAction":[{"@type":"SearchAction","target":{"@type":"EntryPoint","urlTemplate":"https:\/\/poblenouurbandistrict.com\/ca\/?s={search_term_string}"},"query-input":{"@type":"PropertyValueSpecification","valueRequired":true,"valueName":"search_term_string"}}],"inLanguage":"ca"},{"@type":"Person","@id":"https:\/\/poblenouurbandistrict.com\/#\/schema\/person\/980a2cf34b399d5218205730acd54a7e","name":"pnud","image":{"@type":"ImageObject","inLanguage":"ca","@id":"https:\/\/secure.gravatar.com\/avatar\/67146597b405ee077a24e519f75c3e2031736596d6ce35af3a34c122c93d0d7b?s=96&d=retro&r=g","url":"https:\/\/secure.gravatar.com\/avatar\/67146597b405ee077a24e519f75c3e2031736596d6ce35af3a34c122c93d0d7b?s=96&d=retro&r=g","contentUrl":"https:\/\/secure.gravatar.com\/avatar\/67146597b405ee077a24e519f75c3e2031736596d6ce35af3a34c122c93d0d7b?s=96&d=retro&r=g","caption":"pnud"}}]}},"_links":{"self":[{"href":"https:\/\/poblenouurbandistrict.com\/ca\/wp-json\/wp\/v2\/posts\/41529","targetHints":{"allow":["GET"]}}],"collection":[{"href":"https:\/\/poblenouurbandistrict.com\/ca\/wp-json\/wp\/v2\/posts"}],"about":[{"href":"https:\/\/poblenouurbandistrict.com\/ca\/wp-json\/wp\/v2\/types\/post"}],"author":[{"embeddable":true,"href":"https:\/\/poblenouurbandistrict.com\/ca\/wp-json\/wp\/v2\/users\/5"}],"replies":[{"embeddable":true,"href":"https:\/\/poblenouurbandistrict.com\/ca\/wp-json\/wp\/v2\/comments?post=41529"}],"version-history":[{"count":7,"href":"https:\/\/poblenouurbandistrict.com\/ca\/wp-json\/wp\/v2\/posts\/41529\/revisions"}],"predecessor-version":[{"id":41593,"href":"https:\/\/poblenouurbandistrict.com\/ca\/wp-json\/wp\/v2\/posts\/41529\/revisions\/41593"}],"wp:featuredmedia":[{"embeddable":true,"href":"https:\/\/poblenouurbandistrict.com\/ca\/wp-json\/wp\/v2\/media\/36596"}],"wp:attachment":[{"href":"https:\/\/poblenouurbandistrict.com\/ca\/wp-json\/wp\/v2\/media?parent=41529"}],"wp:term":[{"taxonomy":"category","embeddable":true,"href":"https:\/\/poblenouurbandistrict.com\/ca\/wp-json\/wp\/v2\/categories?post=41529"},{"taxonomy":"post_tag","embeddable":true,"href":"https:\/\/poblenouurbandistrict.com\/ca\/wp-json\/wp\/v2\/tags?post=41529"}],"curies":[{"name":"wp","href":"https:\/\/api.w.org\/{rel}","templated":true}]}}