{"id":41859,"date":"2023-10-11T14:14:03","date_gmt":"2023-10-11T12:14:03","guid":{"rendered":"https:\/\/poblenouurbandistrict.com\/?p=41859"},"modified":"2023-10-12T13:20:36","modified_gmt":"2023-10-12T11:20:36","slug":"bridge_48-celebra-la-2a-edicio-del-seu-festival-experimental-de-musica-i-creativitat","status":"publish","type":"post","link":"https:\/\/poblenouurbandistrict.com\/ca\/bridge_48-celebra-la-2a-edicio-del-seu-festival-experimental-de-musica-i-creativitat\/","title":{"rendered":"BRIDGE 48 celebra la 2a edici\u00f3 del seu festival experimental de m\u00fasica i creativitat"},"content":{"rendered":"<p><a href=\"https:\/\/mailchi.mp\/bridge48\/festival2\">El Festival Bridge 48<\/a> se celebrar\u00e0 el 14 d&#8217;octubre amb DJ&#8217;s de m\u00fasica electr\u00f2nica, bandes d&#8217;indie &amp; funk, food trucks, art digital, realitat augmentada, live painting\u2026 Tota una experi\u00e8ncia immersiva que va m\u00e9s enll\u00e0 de la m\u00fasica per convertir-se en una festa de la creativitat i la innovaci\u00f3.<\/p>\n<p>&#8220;Un pont per connectar&#8221; \u00e9s l&#8217;objectiu que persegueix Bridge 48, laboratori i espai referent de la m\u00fasica emergent del Poblenou, amb qu\u00e8 reivindica la import\u00e0ncia d&#8217;enfortir la xarxa art\u00edstica i musical de la ciutat. A m\u00e9s d&#8217;apropar aquesta mena de trobades a tots els p\u00fablics.<\/p>\n<p>El festival es desplegar\u00e0 a sis espais diferents dins del mateix recinte amb una varietat d&#8217;activitats que van des de concerts fins a exposicions d&#8217;art digital, escultura, pintura\u2026 i que s&#8217;allargaran durant tot el dia, de 12h a 22h.<\/p>\n<p>El festival comptar\u00e0 amb la participaci\u00f3 de 50 artistes, els quals molts s&#8217;han format a Bridge 48, com <a href=\"https:\/\/www.instagram.com\/muv.banda\/?hl=es\">MUV<\/a>, <a href=\"https:\/\/www.instagram.com\/baltsessions\/\">Balt Session<\/a>, <a href=\"https:\/\/www.instagram.com\/checkpointmusicart\/\">Checkpoint<\/a>, <a href=\"https:\/\/www.instagram.com\/pinealbarcelona\/\">Pineal<\/a>, <a href=\"https:\/\/www.instagram.com\/musica_a_ciegas_bcn\/\">M\u00fasica a Ciegas<\/a>, <a href=\"https:\/\/www.instagram.com\/playroom_events\/\">Playroom<\/a>, <a href=\"https:\/\/www.instagram.com\/watermelon.bcn\/\">Watermelon<\/a>, <a href=\"https:\/\/www.instagram.com\/la__aso\/\">La Aso<\/a>&#8230;<\/p>\n<p>Reserva ja les teves entrades en el seg\u00fcent <a href=\"https:\/\/mailchi.mp\/bridge48\/festival2\">enlla\u00e7<\/a>, s&#8217;estan esgotant!<\/p>","protected":false},"excerpt":{"rendered":"<p>El Festival Bridge 48 se celebrar\u00e0 el 14 d&#8217;octubre amb DJ&#8217;s de m\u00fasica electr\u00f2nica, bandes d&#8217;indie &amp; funk, food trucks,&#8230; <a href=\"https:\/\/poblenouurbandistrict.com\/ca\/bridge_48-celebra-la-2a-edicio-del-seu-festival-experimental-de-musica-i-creativitat\/\">M\u00e9s  \u2192<\/a><\/p>\n","protected":false},"author":5,"featured_media":41887,"comment_status":"closed","ping_status":"closed","sticky":false,"template":"","format":"standard","meta":{"_acf_changed":false,"footnotes":""},"categories":[3348],"tags":[],"class_list":["post-41859","post","type-post","status-publish","format-standard","has-post-thumbnail","hentry","category-musica"],"acf":[],"yoast_head":"<!-- This site is optimized with the Yoast SEO plugin v27.5 - https:\/\/yoast.com\/product\/yoast-seo-wordpress\/ -->\n<title>BRIDGE 48 celebra la 2a edici\u00f3 del seu festival experimental de m\u00fasica i creativitat &#8211; Poblenou Urban District<\/title>\n<meta name=\"robots\" content=\"index, follow, max-snippet:-1, max-image-preview:large, max-video-preview:-1\" \/>\n<link rel=\"canonical\" href=\"https:\/\/poblenouurbandistrict.com\/ca\/bridge_48-celebra-la-2a-edicio-del-seu-festival-experimental-de-musica-i-creativitat\/\" \/>\n<meta property=\"og:locale\" content=\"ca_ES\" \/>\n<meta property=\"og:type\" content=\"article\" \/>\n<meta property=\"og:title\" content=\"BRIDGE 48 celebra la 2a edici\u00f3 del seu festival experimental de m\u00fasica i creativitat &#8211; Poblenou Urban District\" \/>\n<meta property=\"og:description\" content=\"El Festival Bridge 48 se celebrar\u00e0 el 14 d&#8217;octubre amb DJ&#8217;s de m\u00fasica electr\u00f2nica, bandes d&#8217;indie &amp; funk, food trucks,... M\u00e9s \u2192\" \/>\n<meta property=\"og:url\" content=\"https:\/\/poblenouurbandistrict.com\/ca\/bridge_48-celebra-la-2a-edicio-del-seu-festival-experimental-de-musica-i-creativitat\/\" \/>\n<meta property=\"og:site_name\" content=\"Poblenou Urban District\" \/>\n<meta property=\"article:published_time\" content=\"2023-10-11T12:14:03+00:00\" \/>\n<meta property=\"article:modified_time\" content=\"2023-10-12T11:20:36+00:00\" \/>\n<meta property=\"og:image\" content=\"https:\/\/poblenouurbandistrict.com\/wp-content\/uploads\/2023\/10\/2c0a2d61-b031-79d3-ac94-2b1912625d67-1.jpg\" \/>\n\t<meta property=\"og:image:width\" content=\"1600\" \/>\n\t<meta property=\"og:image:height\" content=\"1067\" \/>\n\t<meta property=\"og:image:type\" content=\"image\/jpeg\" \/>\n<meta name=\"author\" content=\"pnud\" \/>\n<meta name=\"twitter:card\" content=\"summary_large_image\" \/>\n<meta name=\"twitter:label1\" content=\"Escrit per\" \/>\n\t<meta name=\"twitter:data1\" content=\"pnud\" \/>\n\t<meta name=\"twitter:label2\" content=\"Temps estimat de lectura\" \/>\n\t<meta name=\"twitter:data2\" content=\"1 minut\" \/>\n<script type=\"application\/ld+json\" class=\"yoast-schema-graph\">{\"@context\":\"https:\\\/\\\/schema.org\",\"@graph\":[{\"@type\":\"Article\",\"@id\":\"https:\\\/\\\/poblenouurbandistrict.com\\\/bridge_48-celebra-la-2a-edicio-del-seu-festival-experimental-de-musica-i-creativitat\\\/#article\",\"isPartOf\":{\"@id\":\"https:\\\/\\\/poblenouurbandistrict.com\\\/bridge_48-celebra-la-2a-edicio-del-seu-festival-experimental-de-musica-i-creativitat\\\/\"},\"author\":{\"name\":\"pnud\",\"@id\":\"https:\\\/\\\/poblenouurbandistrict.com\\\/#\\\/schema\\\/person\\\/980a2cf34b399d5218205730acd54a7e\"},\"headline\":\"BRIDGE 48 celebra la 2a edici\u00f3 del seu festival experimental de m\u00fasica i creativitat\",\"datePublished\":\"2023-10-11T12:14:03+00:00\",\"dateModified\":\"2023-10-12T11:20:36+00:00\",\"mainEntityOfPage\":{\"@id\":\"https:\\\/\\\/poblenouurbandistrict.com\\\/bridge_48-celebra-la-2a-edicio-del-seu-festival-experimental-de-musica-i-creativitat\\\/\"},\"wordCount\":415,\"image\":{\"@id\":\"https:\\\/\\\/poblenouurbandistrict.com\\\/bridge_48-celebra-la-2a-edicio-del-seu-festival-experimental-de-musica-i-creativitat\\\/#primaryimage\"},\"thumbnailUrl\":\"https:\\\/\\\/media.poblenouurbandistrict.com\\\/2023\\\/10\\\/25065435\\\/2c0a2d61-b031-79d3-ac94-2b1912625d67-1.jpg\",\"articleSection\":[\"M\u00fasica\"],\"inLanguage\":\"ca\"},{\"@type\":\"WebPage\",\"@id\":\"https:\\\/\\\/poblenouurbandistrict.com\\\/ca\\\/bridge_48-celebra-la-2a-edicio-del-seu-festival-experimental-de-musica-i-creativitat\\\/\",\"url\":\"https:\\\/\\\/poblenouurbandistrict.com\\\/ca\\\/bridge_48-celebra-la-2a-edicio-del-seu-festival-experimental-de-musica-i-creativitat\\\/\",\"name\":\"BRIDGE 48 celebra la 2a edici\u00f3 del seu festival experimental de m\u00fasica i creativitat &#8211; Poblenou Urban District\",\"isPartOf\":{\"@id\":\"https:\\\/\\\/poblenouurbandistrict.com\\\/ca\\\/#website\"},\"primaryImageOfPage\":{\"@id\":\"https:\\\/\\\/poblenouurbandistrict.com\\\/ca\\\/bridge_48-celebra-la-2a-edicio-del-seu-festival-experimental-de-musica-i-creativitat\\\/#primaryimage\"},\"image\":{\"@id\":\"https:\\\/\\\/poblenouurbandistrict.com\\\/bridge_48-celebra-la-2a-edicio-del-seu-festival-experimental-de-musica-i-creativitat\\\/#primaryimage\"},\"thumbnailUrl\":\"https:\\\/\\\/media.poblenouurbandistrict.com\\\/2023\\\/10\\\/25065435\\\/2c0a2d61-b031-79d3-ac94-2b1912625d67-1.jpg\",\"datePublished\":\"2023-10-11T12:14:03+00:00\",\"dateModified\":\"2023-10-12T11:20:36+00:00\",\"author\":{\"@id\":\"https:\\\/\\\/poblenouurbandistrict.com\\\/#\\\/schema\\\/person\\\/980a2cf34b399d5218205730acd54a7e\"},\"breadcrumb\":{\"@id\":\"https:\\\/\\\/poblenouurbandistrict.com\\\/ca\\\/bridge_48-celebra-la-2a-edicio-del-seu-festival-experimental-de-musica-i-creativitat\\\/#breadcrumb\"},\"inLanguage\":\"ca\",\"potentialAction\":[{\"@type\":\"ReadAction\",\"target\":[[\"https:\\\/\\\/poblenouurbandistrict.com\\\/ca\\\/bridge_48-celebra-la-2a-edicio-del-seu-festival-experimental-de-musica-i-creativitat\\\/\"]]}]},{\"@type\":\"ImageObject\",\"inLanguage\":\"ca\",\"@id\":\"https:\\\/\\\/poblenouurbandistrict.com\\\/ca\\\/bridge_48-celebra-la-2a-edicio-del-seu-festival-experimental-de-musica-i-creativitat\\\/#primaryimage\",\"url\":\"https:\\\/\\\/media.poblenouurbandistrict.com\\\/2023\\\/10\\\/25065435\\\/2c0a2d61-b031-79d3-ac94-2b1912625d67-1.jpg\",\"contentUrl\":\"https:\\\/\\\/media.poblenouurbandistrict.com\\\/2023\\\/10\\\/25065435\\\/2c0a2d61-b031-79d3-ac94-2b1912625d67-1.jpg\",\"width\":1600,\"height\":1067},{\"@type\":\"BreadcrumbList\",\"@id\":\"https:\\\/\\\/poblenouurbandistrict.com\\\/ca\\\/bridge_48-celebra-la-2a-edicio-del-seu-festival-experimental-de-musica-i-creativitat\\\/#breadcrumb\",\"itemListElement\":[{\"@type\":\"ListItem\",\"position\":1,\"name\":\"Home\",\"item\":\"https:\\\/\\\/poblenouurbandistrict.com\\\/ca\\\/\"},{\"@type\":\"ListItem\",\"position\":2,\"name\":\"BRIDGE 48 celebra la 2a edici\u00f3 del seu festival experimental de m\u00fasica i creativitat\"}]},{\"@type\":\"WebSite\",\"@id\":\"https:\\\/\\\/poblenouurbandistrict.com\\\/ca\\\/#website\",\"url\":\"https:\\\/\\\/poblenouurbandistrict.com\\\/ca\\\/\",\"name\":\"Poblenou Urban District\",\"description\":\"Comunitat Creativa\",\"potentialAction\":[{\"@type\":\"SearchAction\",\"target\":{\"@type\":\"EntryPoint\",\"urlTemplate\":\"https:\\\/\\\/poblenouurbandistrict.com\\\/ca\\\/?s={search_term_string}\"},\"query-input\":{\"@type\":\"PropertyValueSpecification\",\"valueRequired\":true,\"valueName\":\"search_term_string\"}}],\"inLanguage\":\"ca\"},{\"@type\":\"Person\",\"@id\":\"https:\\\/\\\/poblenouurbandistrict.com\\\/#\\\/schema\\\/person\\\/980a2cf34b399d5218205730acd54a7e\",\"name\":\"pnud\",\"image\":{\"@type\":\"ImageObject\",\"inLanguage\":\"ca\",\"@id\":\"https:\\\/\\\/secure.gravatar.com\\\/avatar\\\/67146597b405ee077a24e519f75c3e2031736596d6ce35af3a34c122c93d0d7b?s=96&d=retro&r=g\",\"url\":\"https:\\\/\\\/secure.gravatar.com\\\/avatar\\\/67146597b405ee077a24e519f75c3e2031736596d6ce35af3a34c122c93d0d7b?s=96&d=retro&r=g\",\"contentUrl\":\"https:\\\/\\\/secure.gravatar.com\\\/avatar\\\/67146597b405ee077a24e519f75c3e2031736596d6ce35af3a34c122c93d0d7b?s=96&d=retro&r=g\",\"caption\":\"pnud\"}}]}<\/script>\n<!-- \/ Yoast SEO plugin. -->","yoast_head_json":{"title":"BRIDGE 48 celebra la 2a edici\u00f3 del seu festival experimental de m\u00fasica i creativitat &#8211; Poblenou Urban District","robots":{"index":"index","follow":"follow","max-snippet":"max-snippet:-1","max-image-preview":"max-image-preview:large","max-video-preview":"max-video-preview:-1"},"canonical":"https:\/\/poblenouurbandistrict.com\/ca\/bridge_48-celebra-la-2a-edicio-del-seu-festival-experimental-de-musica-i-creativitat\/","og_locale":"ca_ES","og_type":"article","og_title":"BRIDGE 48 celebra la 2a edici\u00f3 del seu festival experimental de m\u00fasica i creativitat &#8211; Poblenou Urban District","og_description":"El Festival Bridge 48 se celebrar\u00e0 el 14 d&#8217;octubre amb DJ&#8217;s de m\u00fasica electr\u00f2nica, bandes d&#8217;indie &amp; funk, food trucks,... M\u00e9s \u2192","og_url":"https:\/\/poblenouurbandistrict.com\/ca\/bridge_48-celebra-la-2a-edicio-del-seu-festival-experimental-de-musica-i-creativitat\/","og_site_name":"Poblenou Urban District","article_published_time":"2023-10-11T12:14:03+00:00","article_modified_time":"2023-10-12T11:20:36+00:00","og_image":[{"width":1600,"height":1067,"url":"https:\/\/poblenouurbandistrict.com\/wp-content\/uploads\/2023\/10\/2c0a2d61-b031-79d3-ac94-2b1912625d67-1.jpg","type":"image\/jpeg"}],"author":"pnud","twitter_card":"summary_large_image","twitter_misc":{"Escrit per":"pnud","Temps estimat de lectura":"1 minut"},"schema":{"@context":"https:\/\/schema.org","@graph":[{"@type":"Article","@id":"https:\/\/poblenouurbandistrict.com\/bridge_48-celebra-la-2a-edicio-del-seu-festival-experimental-de-musica-i-creativitat\/#article","isPartOf":{"@id":"https:\/\/poblenouurbandistrict.com\/bridge_48-celebra-la-2a-edicio-del-seu-festival-experimental-de-musica-i-creativitat\/"},"author":{"name":"pnud","@id":"https:\/\/poblenouurbandistrict.com\/#\/schema\/person\/980a2cf34b399d5218205730acd54a7e"},"headline":"BRIDGE 48 celebra la 2a edici\u00f3 del seu festival experimental de m\u00fasica i creativitat","datePublished":"2023-10-11T12:14:03+00:00","dateModified":"2023-10-12T11:20:36+00:00","mainEntityOfPage":{"@id":"https:\/\/poblenouurbandistrict.com\/bridge_48-celebra-la-2a-edicio-del-seu-festival-experimental-de-musica-i-creativitat\/"},"wordCount":415,"image":{"@id":"https:\/\/poblenouurbandistrict.com\/bridge_48-celebra-la-2a-edicio-del-seu-festival-experimental-de-musica-i-creativitat\/#primaryimage"},"thumbnailUrl":"https:\/\/media.poblenouurbandistrict.com\/2023\/10\/25065435\/2c0a2d61-b031-79d3-ac94-2b1912625d67-1.jpg","articleSection":["M\u00fasica"],"inLanguage":"ca"},{"@type":"WebPage","@id":"https:\/\/poblenouurbandistrict.com\/ca\/bridge_48-celebra-la-2a-edicio-del-seu-festival-experimental-de-musica-i-creativitat\/","url":"https:\/\/poblenouurbandistrict.com\/ca\/bridge_48-celebra-la-2a-edicio-del-seu-festival-experimental-de-musica-i-creativitat\/","name":"BRIDGE 48 celebra la 2a edici\u00f3 del seu festival experimental de m\u00fasica i creativitat &#8211; Poblenou Urban District","isPartOf":{"@id":"https:\/\/poblenouurbandistrict.com\/ca\/#website"},"primaryImageOfPage":{"@id":"https:\/\/poblenouurbandistrict.com\/ca\/bridge_48-celebra-la-2a-edicio-del-seu-festival-experimental-de-musica-i-creativitat\/#primaryimage"},"image":{"@id":"https:\/\/poblenouurbandistrict.com\/bridge_48-celebra-la-2a-edicio-del-seu-festival-experimental-de-musica-i-creativitat\/#primaryimage"},"thumbnailUrl":"https:\/\/media.poblenouurbandistrict.com\/2023\/10\/25065435\/2c0a2d61-b031-79d3-ac94-2b1912625d67-1.jpg","datePublished":"2023-10-11T12:14:03+00:00","dateModified":"2023-10-12T11:20:36+00:00","author":{"@id":"https:\/\/poblenouurbandistrict.com\/#\/schema\/person\/980a2cf34b399d5218205730acd54a7e"},"breadcrumb":{"@id":"https:\/\/poblenouurbandistrict.com\/ca\/bridge_48-celebra-la-2a-edicio-del-seu-festival-experimental-de-musica-i-creativitat\/#breadcrumb"},"inLanguage":"ca","potentialAction":[{"@type":"ReadAction","target":[["https:\/\/poblenouurbandistrict.com\/ca\/bridge_48-celebra-la-2a-edicio-del-seu-festival-experimental-de-musica-i-creativitat\/"]]}]},{"@type":"ImageObject","inLanguage":"ca","@id":"https:\/\/poblenouurbandistrict.com\/ca\/bridge_48-celebra-la-2a-edicio-del-seu-festival-experimental-de-musica-i-creativitat\/#primaryimage","url":"https:\/\/media.poblenouurbandistrict.com\/2023\/10\/25065435\/2c0a2d61-b031-79d3-ac94-2b1912625d67-1.jpg","contentUrl":"https:\/\/media.poblenouurbandistrict.com\/2023\/10\/25065435\/2c0a2d61-b031-79d3-ac94-2b1912625d67-1.jpg","width":1600,"height":1067},{"@type":"BreadcrumbList","@id":"https:\/\/poblenouurbandistrict.com\/ca\/bridge_48-celebra-la-2a-edicio-del-seu-festival-experimental-de-musica-i-creativitat\/#breadcrumb","itemListElement":[{"@type":"ListItem","position":1,"name":"Home","item":"https:\/\/poblenouurbandistrict.com\/ca\/"},{"@type":"ListItem","position":2,"name":"BRIDGE 48 celebra la 2a edici\u00f3 del seu festival experimental de m\u00fasica i creativitat"}]},{"@type":"WebSite","@id":"https:\/\/poblenouurbandistrict.com\/ca\/#website","url":"https:\/\/poblenouurbandistrict.com\/ca\/","name":"Poblenou Urban District","description":"Comunitat Creativa","potentialAction":[{"@type":"SearchAction","target":{"@type":"EntryPoint","urlTemplate":"https:\/\/poblenouurbandistrict.com\/ca\/?s={search_term_string}"},"query-input":{"@type":"PropertyValueSpecification","valueRequired":true,"valueName":"search_term_string"}}],"inLanguage":"ca"},{"@type":"Person","@id":"https:\/\/poblenouurbandistrict.com\/#\/schema\/person\/980a2cf34b399d5218205730acd54a7e","name":"pnud","image":{"@type":"ImageObject","inLanguage":"ca","@id":"https:\/\/secure.gravatar.com\/avatar\/67146597b405ee077a24e519f75c3e2031736596d6ce35af3a34c122c93d0d7b?s=96&d=retro&r=g","url":"https:\/\/secure.gravatar.com\/avatar\/67146597b405ee077a24e519f75c3e2031736596d6ce35af3a34c122c93d0d7b?s=96&d=retro&r=g","contentUrl":"https:\/\/secure.gravatar.com\/avatar\/67146597b405ee077a24e519f75c3e2031736596d6ce35af3a34c122c93d0d7b?s=96&d=retro&r=g","caption":"pnud"}}]}},"_links":{"self":[{"href":"https:\/\/poblenouurbandistrict.com\/ca\/wp-json\/wp\/v2\/posts\/41859","targetHints":{"allow":["GET"]}}],"collection":[{"href":"https:\/\/poblenouurbandistrict.com\/ca\/wp-json\/wp\/v2\/posts"}],"about":[{"href":"https:\/\/poblenouurbandistrict.com\/ca\/wp-json\/wp\/v2\/types\/post"}],"author":[{"embeddable":true,"href":"https:\/\/poblenouurbandistrict.com\/ca\/wp-json\/wp\/v2\/users\/5"}],"replies":[{"embeddable":true,"href":"https:\/\/poblenouurbandistrict.com\/ca\/wp-json\/wp\/v2\/comments?post=41859"}],"version-history":[{"count":8,"href":"https:\/\/poblenouurbandistrict.com\/ca\/wp-json\/wp\/v2\/posts\/41859\/revisions"}],"predecessor-version":[{"id":41954,"href":"https:\/\/poblenouurbandistrict.com\/ca\/wp-json\/wp\/v2\/posts\/41859\/revisions\/41954"}],"wp:featuredmedia":[{"embeddable":true,"href":"https:\/\/poblenouurbandistrict.com\/ca\/wp-json\/wp\/v2\/media\/41887"}],"wp:attachment":[{"href":"https:\/\/poblenouurbandistrict.com\/ca\/wp-json\/wp\/v2\/media?parent=41859"}],"wp:term":[{"taxonomy":"category","embeddable":true,"href":"https:\/\/poblenouurbandistrict.com\/ca\/wp-json\/wp\/v2\/categories?post=41859"},{"taxonomy":"post_tag","embeddable":true,"href":"https:\/\/poblenouurbandistrict.com\/ca\/wp-json\/wp\/v2\/tags?post=41859"}],"curies":[{"name":"wp","href":"https:\/\/api.w.org\/{rel}","templated":true}]}}