{"id":41910,"date":"2023-10-11T15:49:06","date_gmt":"2023-10-11T13:49:06","guid":{"rendered":"https:\/\/poblenouurbandistrict.com\/?p=41910"},"modified":"2023-10-12T13:17:21","modified_gmt":"2023-10-12T11:17:21","slug":"el-disseny-hub-barcelona-celebra-linici-de-la-barcelona-design-week-amb-la-jornada-no18-design-for-human-future","status":"publish","type":"post","link":"https:\/\/poblenouurbandistrict.com\/ca\/el-disseny-hub-barcelona-celebra-linici-de-la-barcelona-design-week-amb-la-jornada-no18-design-for-human-future\/","title":{"rendered":"El Disseny Hub Barcelona celebra l\u2019inici de la Barcelona Design Week amb la jornada N\u00ba18 Design For Human Future"},"content":{"rendered":"<p>Del 16 al 28 d&#8217;octubre se celebra la <a href=\"https:\/\/barcelonadesignweek.com\/es\/\">Barcelona Design Week<\/a>, un esdeveniment global sobre disseny, art i creativitat amb instal\u00b7lacions, exposicions, showrooms, xerrades, tallers i rutes organitzades per diferents espais i institucions. L&#8217;edici\u00f3 d&#8217;enguany aborda el tema dels Objectius de Desenvolupament Sostenible (ODS).<\/p>\n<p>L&#8217;objectiu de la 18a edici\u00f3 de la BDW \u00e9s impulsar un nou ODS que giri al voltant de la idea de \u201cDesign for Human Future\u201d per promoure un futur m\u00e9s hum\u00e0 i human\u00edstic. A trav\u00e9s de tota la programaci\u00f3, que dura gaireb\u00e9 dues setmanes, es busca reflexionar sobre el futur de la humanitat, el paper del disseny en l&#8217;actualitat i com es pot generar un impacte positiu en el terreny global.<\/p>\n<p>L&#8217;acte d&#8217;inauguraci\u00f3 del 18 d&#8217;octubre al Disseny Hub Barcelona inclour\u00e0 tres taules rodones moderades per Alessandro Manetti, Guido Woska, Oriol Guimer\u00e0 i Luki Huber, els quals conversaran amb convidats experts en el sector i la ind\u00fastria creativa.<\/p>\n<p>El programa de la BDW acull les <a href=\"https:\/\/barcelonadesignweek.com\/es\/activitats\/7-urban-talks-desterritorialitzacio-art-i-noves-formes-de-creacio\/\">Urban Talks<\/a>, un cicle de xerrades itinerants, organitzades pel <b>Poblenou Urban District<\/b><span style=\"font-weight: 400;\">, <\/span><a href=\"http:\/\/laplataformabcn.com\/laplataformabcn.html\"><b>La Plataforma<\/b><\/a><span style=\"font-weight: 400;\"> i\u00a0<\/span><a href=\"https:\/\/litwstudio.com\/\"><b>Life In The Woods<\/b><\/a>, que tenen com a objectiu obrir un debat amb la ciutadania sobre cultura i creativitat en relaci\u00f3 amb lentorn urb\u00e0. Tindran lloc el pr\u00f2xim 19 d&#8217;octubre, de 17h a 20h, a l&#8217;auditori del Disseny Hub Barcelona.<\/p>\n<p>Pots consultar el llistat complet de totes les activitats en el seg\u00fcent <a href=\"https:\/\/barcelonadesignweek.com\/es\/actividades\/\">enlla\u00e7<\/a>.<\/p>","protected":false},"excerpt":{"rendered":"<p>Del 16 al 28 d&#8217;octubre se celebra la Barcelona Design Week, un esdeveniment global sobre disseny, art i creativitat amb&#8230; <a href=\"https:\/\/poblenouurbandistrict.com\/ca\/el-disseny-hub-barcelona-celebra-linici-de-la-barcelona-design-week-amb-la-jornada-no18-design-for-human-future\/\">M\u00e9s  \u2192<\/a><\/p>\n","protected":false},"author":5,"featured_media":41913,"comment_status":"closed","ping_status":"closed","sticky":false,"template":"","format":"standard","meta":{"_acf_changed":false,"footnotes":""},"categories":[3501],"tags":[],"class_list":["post-41910","post","type-post","status-publish","format-standard","has-post-thumbnail","hentry","category-disseny"],"acf":[],"yoast_head":"<!-- This site is optimized with the Yoast SEO plugin v27.5 - https:\/\/yoast.com\/product\/yoast-seo-wordpress\/ -->\n<title>El Disseny Hub Barcelona celebra l\u2019inici de la Barcelona Design Week amb la jornada N\u00ba18 Design For Human Future &#8211; Poblenou Urban District<\/title>\n<meta name=\"robots\" content=\"index, follow, max-snippet:-1, max-image-preview:large, max-video-preview:-1\" \/>\n<link rel=\"canonical\" href=\"https:\/\/poblenouurbandistrict.com\/ca\/el-disseny-hub-barcelona-celebra-linici-de-la-barcelona-design-week-amb-la-jornada-no18-design-for-human-future\/\" \/>\n<meta property=\"og:locale\" content=\"ca_ES\" \/>\n<meta property=\"og:type\" content=\"article\" \/>\n<meta property=\"og:title\" content=\"El Disseny Hub Barcelona celebra l\u2019inici de la Barcelona Design Week amb la jornada N\u00ba18 Design For Human Future &#8211; Poblenou Urban District\" \/>\n<meta property=\"og:description\" content=\"Del 16 al 28 d&#8217;octubre se celebra la Barcelona Design Week, un esdeveniment global sobre disseny, art i creativitat amb... M\u00e9s \u2192\" \/>\n<meta property=\"og:url\" content=\"https:\/\/poblenouurbandistrict.com\/ca\/el-disseny-hub-barcelona-celebra-linici-de-la-barcelona-design-week-amb-la-jornada-no18-design-for-human-future\/\" \/>\n<meta property=\"og:site_name\" content=\"Poblenou Urban District\" \/>\n<meta property=\"article:published_time\" content=\"2023-10-11T13:49:06+00:00\" \/>\n<meta property=\"article:modified_time\" content=\"2023-10-12T11:17:21+00:00\" \/>\n<meta property=\"og:image\" content=\"https:\/\/poblenouurbandistrict.com\/wp-content\/uploads\/2023\/10\/diseno-sin-titulo.jpg\" \/>\n\t<meta property=\"og:image:width\" content=\"940\" \/>\n\t<meta property=\"og:image:height\" content=\"788\" \/>\n\t<meta property=\"og:image:type\" content=\"image\/jpeg\" \/>\n<meta name=\"author\" content=\"pnud\" \/>\n<meta name=\"twitter:card\" content=\"summary_large_image\" \/>\n<meta name=\"twitter:label1\" content=\"Escrit per\" \/>\n\t<meta name=\"twitter:data1\" content=\"pnud\" \/>\n\t<meta name=\"twitter:label2\" content=\"Temps estimat de lectura\" \/>\n\t<meta name=\"twitter:data2\" content=\"2 minuts\" \/>\n<script type=\"application\/ld+json\" class=\"yoast-schema-graph\">{\"@context\":\"https:\\\/\\\/schema.org\",\"@graph\":[{\"@type\":\"Article\",\"@id\":\"https:\\\/\\\/poblenouurbandistrict.com\\\/el-disseny-hub-barcelona-celebra-linici-de-la-barcelona-design-week-amb-la-jornada-no18-design-for-human-future\\\/#article\",\"isPartOf\":{\"@id\":\"https:\\\/\\\/poblenouurbandistrict.com\\\/el-disseny-hub-barcelona-celebra-linici-de-la-barcelona-design-week-amb-la-jornada-no18-design-for-human-future\\\/\"},\"author\":{\"name\":\"pnud\",\"@id\":\"https:\\\/\\\/poblenouurbandistrict.com\\\/#\\\/schema\\\/person\\\/980a2cf34b399d5218205730acd54a7e\"},\"headline\":\"El Disseny Hub Barcelona celebra l\u2019inici de la Barcelona Design Week amb la jornada N\u00ba18 Design For Human Future\",\"datePublished\":\"2023-10-11T13:49:06+00:00\",\"dateModified\":\"2023-10-12T11:17:21+00:00\",\"mainEntityOfPage\":{\"@id\":\"https:\\\/\\\/poblenouurbandistrict.com\\\/el-disseny-hub-barcelona-celebra-linici-de-la-barcelona-design-week-amb-la-jornada-no18-design-for-human-future\\\/\"},\"wordCount\":532,\"image\":{\"@id\":\"https:\\\/\\\/poblenouurbandistrict.com\\\/el-disseny-hub-barcelona-celebra-linici-de-la-barcelona-design-week-amb-la-jornada-no18-design-for-human-future\\\/#primaryimage\"},\"thumbnailUrl\":\"https:\\\/\\\/media.poblenouurbandistrict.com\\\/2023\\\/10\\\/25065441\\\/diseno-sin-titulo.jpg\",\"articleSection\":[\"Disseny\"],\"inLanguage\":\"ca\"},{\"@type\":\"WebPage\",\"@id\":\"https:\\\/\\\/poblenouurbandistrict.com\\\/ca\\\/el-disseny-hub-barcelona-celebra-linici-de-la-barcelona-design-week-amb-la-jornada-no18-design-for-human-future\\\/\",\"url\":\"https:\\\/\\\/poblenouurbandistrict.com\\\/ca\\\/el-disseny-hub-barcelona-celebra-linici-de-la-barcelona-design-week-amb-la-jornada-no18-design-for-human-future\\\/\",\"name\":\"El Disseny Hub Barcelona celebra l\u2019inici de la Barcelona Design Week amb la jornada N\u00ba18 Design For Human Future &#8211; Poblenou Urban District\",\"isPartOf\":{\"@id\":\"https:\\\/\\\/poblenouurbandistrict.com\\\/ca\\\/#website\"},\"primaryImageOfPage\":{\"@id\":\"https:\\\/\\\/poblenouurbandistrict.com\\\/ca\\\/el-disseny-hub-barcelona-celebra-linici-de-la-barcelona-design-week-amb-la-jornada-no18-design-for-human-future\\\/#primaryimage\"},\"image\":{\"@id\":\"https:\\\/\\\/poblenouurbandistrict.com\\\/el-disseny-hub-barcelona-celebra-linici-de-la-barcelona-design-week-amb-la-jornada-no18-design-for-human-future\\\/#primaryimage\"},\"thumbnailUrl\":\"https:\\\/\\\/media.poblenouurbandistrict.com\\\/2023\\\/10\\\/25065441\\\/diseno-sin-titulo.jpg\",\"datePublished\":\"2023-10-11T13:49:06+00:00\",\"dateModified\":\"2023-10-12T11:17:21+00:00\",\"author\":{\"@id\":\"https:\\\/\\\/poblenouurbandistrict.com\\\/#\\\/schema\\\/person\\\/980a2cf34b399d5218205730acd54a7e\"},\"breadcrumb\":{\"@id\":\"https:\\\/\\\/poblenouurbandistrict.com\\\/ca\\\/el-disseny-hub-barcelona-celebra-linici-de-la-barcelona-design-week-amb-la-jornada-no18-design-for-human-future\\\/#breadcrumb\"},\"inLanguage\":\"ca\",\"potentialAction\":[{\"@type\":\"ReadAction\",\"target\":[[\"https:\\\/\\\/poblenouurbandistrict.com\\\/ca\\\/el-disseny-hub-barcelona-celebra-linici-de-la-barcelona-design-week-amb-la-jornada-no18-design-for-human-future\\\/\"]]}]},{\"@type\":\"ImageObject\",\"inLanguage\":\"ca\",\"@id\":\"https:\\\/\\\/poblenouurbandistrict.com\\\/ca\\\/el-disseny-hub-barcelona-celebra-linici-de-la-barcelona-design-week-amb-la-jornada-no18-design-for-human-future\\\/#primaryimage\",\"url\":\"https:\\\/\\\/media.poblenouurbandistrict.com\\\/2023\\\/10\\\/25065441\\\/diseno-sin-titulo.jpg\",\"contentUrl\":\"https:\\\/\\\/media.poblenouurbandistrict.com\\\/2023\\\/10\\\/25065441\\\/diseno-sin-titulo.jpg\",\"width\":940,\"height\":788},{\"@type\":\"BreadcrumbList\",\"@id\":\"https:\\\/\\\/poblenouurbandistrict.com\\\/ca\\\/el-disseny-hub-barcelona-celebra-linici-de-la-barcelona-design-week-amb-la-jornada-no18-design-for-human-future\\\/#breadcrumb\",\"itemListElement\":[{\"@type\":\"ListItem\",\"position\":1,\"name\":\"Home\",\"item\":\"https:\\\/\\\/poblenouurbandistrict.com\\\/ca\\\/\"},{\"@type\":\"ListItem\",\"position\":2,\"name\":\"El Disseny Hub Barcelona celebra l\u2019inici de la Barcelona Design Week amb la jornada N\u00ba18 Design For Human Future\"}]},{\"@type\":\"WebSite\",\"@id\":\"https:\\\/\\\/poblenouurbandistrict.com\\\/ca\\\/#website\",\"url\":\"https:\\\/\\\/poblenouurbandistrict.com\\\/ca\\\/\",\"name\":\"Poblenou Urban District\",\"description\":\"Comunitat Creativa\",\"potentialAction\":[{\"@type\":\"SearchAction\",\"target\":{\"@type\":\"EntryPoint\",\"urlTemplate\":\"https:\\\/\\\/poblenouurbandistrict.com\\\/ca\\\/?s={search_term_string}\"},\"query-input\":{\"@type\":\"PropertyValueSpecification\",\"valueRequired\":true,\"valueName\":\"search_term_string\"}}],\"inLanguage\":\"ca\"},{\"@type\":\"Person\",\"@id\":\"https:\\\/\\\/poblenouurbandistrict.com\\\/#\\\/schema\\\/person\\\/980a2cf34b399d5218205730acd54a7e\",\"name\":\"pnud\",\"image\":{\"@type\":\"ImageObject\",\"inLanguage\":\"ca\",\"@id\":\"https:\\\/\\\/secure.gravatar.com\\\/avatar\\\/67146597b405ee077a24e519f75c3e2031736596d6ce35af3a34c122c93d0d7b?s=96&d=retro&r=g\",\"url\":\"https:\\\/\\\/secure.gravatar.com\\\/avatar\\\/67146597b405ee077a24e519f75c3e2031736596d6ce35af3a34c122c93d0d7b?s=96&d=retro&r=g\",\"contentUrl\":\"https:\\\/\\\/secure.gravatar.com\\\/avatar\\\/67146597b405ee077a24e519f75c3e2031736596d6ce35af3a34c122c93d0d7b?s=96&d=retro&r=g\",\"caption\":\"pnud\"}}]}<\/script>\n<!-- \/ Yoast SEO plugin. -->","yoast_head_json":{"title":"El Disseny Hub Barcelona celebra l\u2019inici de la Barcelona Design Week amb la jornada N\u00ba18 Design For Human Future &#8211; Poblenou Urban District","robots":{"index":"index","follow":"follow","max-snippet":"max-snippet:-1","max-image-preview":"max-image-preview:large","max-video-preview":"max-video-preview:-1"},"canonical":"https:\/\/poblenouurbandistrict.com\/ca\/el-disseny-hub-barcelona-celebra-linici-de-la-barcelona-design-week-amb-la-jornada-no18-design-for-human-future\/","og_locale":"ca_ES","og_type":"article","og_title":"El Disseny Hub Barcelona celebra l\u2019inici de la Barcelona Design Week amb la jornada N\u00ba18 Design For Human Future &#8211; Poblenou Urban District","og_description":"Del 16 al 28 d&#8217;octubre se celebra la Barcelona Design Week, un esdeveniment global sobre disseny, art i creativitat amb... M\u00e9s \u2192","og_url":"https:\/\/poblenouurbandistrict.com\/ca\/el-disseny-hub-barcelona-celebra-linici-de-la-barcelona-design-week-amb-la-jornada-no18-design-for-human-future\/","og_site_name":"Poblenou Urban District","article_published_time":"2023-10-11T13:49:06+00:00","article_modified_time":"2023-10-12T11:17:21+00:00","og_image":[{"width":940,"height":788,"url":"https:\/\/poblenouurbandistrict.com\/wp-content\/uploads\/2023\/10\/diseno-sin-titulo.jpg","type":"image\/jpeg"}],"author":"pnud","twitter_card":"summary_large_image","twitter_misc":{"Escrit per":"pnud","Temps estimat de lectura":"2 minuts"},"schema":{"@context":"https:\/\/schema.org","@graph":[{"@type":"Article","@id":"https:\/\/poblenouurbandistrict.com\/el-disseny-hub-barcelona-celebra-linici-de-la-barcelona-design-week-amb-la-jornada-no18-design-for-human-future\/#article","isPartOf":{"@id":"https:\/\/poblenouurbandistrict.com\/el-disseny-hub-barcelona-celebra-linici-de-la-barcelona-design-week-amb-la-jornada-no18-design-for-human-future\/"},"author":{"name":"pnud","@id":"https:\/\/poblenouurbandistrict.com\/#\/schema\/person\/980a2cf34b399d5218205730acd54a7e"},"headline":"El Disseny Hub Barcelona celebra l\u2019inici de la Barcelona Design Week amb la jornada N\u00ba18 Design For Human Future","datePublished":"2023-10-11T13:49:06+00:00","dateModified":"2023-10-12T11:17:21+00:00","mainEntityOfPage":{"@id":"https:\/\/poblenouurbandistrict.com\/el-disseny-hub-barcelona-celebra-linici-de-la-barcelona-design-week-amb-la-jornada-no18-design-for-human-future\/"},"wordCount":532,"image":{"@id":"https:\/\/poblenouurbandistrict.com\/el-disseny-hub-barcelona-celebra-linici-de-la-barcelona-design-week-amb-la-jornada-no18-design-for-human-future\/#primaryimage"},"thumbnailUrl":"https:\/\/media.poblenouurbandistrict.com\/2023\/10\/25065441\/diseno-sin-titulo.jpg","articleSection":["Disseny"],"inLanguage":"ca"},{"@type":"WebPage","@id":"https:\/\/poblenouurbandistrict.com\/ca\/el-disseny-hub-barcelona-celebra-linici-de-la-barcelona-design-week-amb-la-jornada-no18-design-for-human-future\/","url":"https:\/\/poblenouurbandistrict.com\/ca\/el-disseny-hub-barcelona-celebra-linici-de-la-barcelona-design-week-amb-la-jornada-no18-design-for-human-future\/","name":"El Disseny Hub Barcelona celebra l\u2019inici de la Barcelona Design Week amb la jornada N\u00ba18 Design For Human Future &#8211; Poblenou Urban District","isPartOf":{"@id":"https:\/\/poblenouurbandistrict.com\/ca\/#website"},"primaryImageOfPage":{"@id":"https:\/\/poblenouurbandistrict.com\/ca\/el-disseny-hub-barcelona-celebra-linici-de-la-barcelona-design-week-amb-la-jornada-no18-design-for-human-future\/#primaryimage"},"image":{"@id":"https:\/\/poblenouurbandistrict.com\/el-disseny-hub-barcelona-celebra-linici-de-la-barcelona-design-week-amb-la-jornada-no18-design-for-human-future\/#primaryimage"},"thumbnailUrl":"https:\/\/media.poblenouurbandistrict.com\/2023\/10\/25065441\/diseno-sin-titulo.jpg","datePublished":"2023-10-11T13:49:06+00:00","dateModified":"2023-10-12T11:17:21+00:00","author":{"@id":"https:\/\/poblenouurbandistrict.com\/#\/schema\/person\/980a2cf34b399d5218205730acd54a7e"},"breadcrumb":{"@id":"https:\/\/poblenouurbandistrict.com\/ca\/el-disseny-hub-barcelona-celebra-linici-de-la-barcelona-design-week-amb-la-jornada-no18-design-for-human-future\/#breadcrumb"},"inLanguage":"ca","potentialAction":[{"@type":"ReadAction","target":[["https:\/\/poblenouurbandistrict.com\/ca\/el-disseny-hub-barcelona-celebra-linici-de-la-barcelona-design-week-amb-la-jornada-no18-design-for-human-future\/"]]}]},{"@type":"ImageObject","inLanguage":"ca","@id":"https:\/\/poblenouurbandistrict.com\/ca\/el-disseny-hub-barcelona-celebra-linici-de-la-barcelona-design-week-amb-la-jornada-no18-design-for-human-future\/#primaryimage","url":"https:\/\/media.poblenouurbandistrict.com\/2023\/10\/25065441\/diseno-sin-titulo.jpg","contentUrl":"https:\/\/media.poblenouurbandistrict.com\/2023\/10\/25065441\/diseno-sin-titulo.jpg","width":940,"height":788},{"@type":"BreadcrumbList","@id":"https:\/\/poblenouurbandistrict.com\/ca\/el-disseny-hub-barcelona-celebra-linici-de-la-barcelona-design-week-amb-la-jornada-no18-design-for-human-future\/#breadcrumb","itemListElement":[{"@type":"ListItem","position":1,"name":"Home","item":"https:\/\/poblenouurbandistrict.com\/ca\/"},{"@type":"ListItem","position":2,"name":"El Disseny Hub Barcelona celebra l\u2019inici de la Barcelona Design Week amb la jornada N\u00ba18 Design For Human Future"}]},{"@type":"WebSite","@id":"https:\/\/poblenouurbandistrict.com\/ca\/#website","url":"https:\/\/poblenouurbandistrict.com\/ca\/","name":"Poblenou Urban District","description":"Comunitat Creativa","potentialAction":[{"@type":"SearchAction","target":{"@type":"EntryPoint","urlTemplate":"https:\/\/poblenouurbandistrict.com\/ca\/?s={search_term_string}"},"query-input":{"@type":"PropertyValueSpecification","valueRequired":true,"valueName":"search_term_string"}}],"inLanguage":"ca"},{"@type":"Person","@id":"https:\/\/poblenouurbandistrict.com\/#\/schema\/person\/980a2cf34b399d5218205730acd54a7e","name":"pnud","image":{"@type":"ImageObject","inLanguage":"ca","@id":"https:\/\/secure.gravatar.com\/avatar\/67146597b405ee077a24e519f75c3e2031736596d6ce35af3a34c122c93d0d7b?s=96&d=retro&r=g","url":"https:\/\/secure.gravatar.com\/avatar\/67146597b405ee077a24e519f75c3e2031736596d6ce35af3a34c122c93d0d7b?s=96&d=retro&r=g","contentUrl":"https:\/\/secure.gravatar.com\/avatar\/67146597b405ee077a24e519f75c3e2031736596d6ce35af3a34c122c93d0d7b?s=96&d=retro&r=g","caption":"pnud"}}]}},"_links":{"self":[{"href":"https:\/\/poblenouurbandistrict.com\/ca\/wp-json\/wp\/v2\/posts\/41910","targetHints":{"allow":["GET"]}}],"collection":[{"href":"https:\/\/poblenouurbandistrict.com\/ca\/wp-json\/wp\/v2\/posts"}],"about":[{"href":"https:\/\/poblenouurbandistrict.com\/ca\/wp-json\/wp\/v2\/types\/post"}],"author":[{"embeddable":true,"href":"https:\/\/poblenouurbandistrict.com\/ca\/wp-json\/wp\/v2\/users\/5"}],"replies":[{"embeddable":true,"href":"https:\/\/poblenouurbandistrict.com\/ca\/wp-json\/wp\/v2\/comments?post=41910"}],"version-history":[{"count":3,"href":"https:\/\/poblenouurbandistrict.com\/ca\/wp-json\/wp\/v2\/posts\/41910\/revisions"}],"predecessor-version":[{"id":41953,"href":"https:\/\/poblenouurbandistrict.com\/ca\/wp-json\/wp\/v2\/posts\/41910\/revisions\/41953"}],"wp:featuredmedia":[{"embeddable":true,"href":"https:\/\/poblenouurbandistrict.com\/ca\/wp-json\/wp\/v2\/media\/41913"}],"wp:attachment":[{"href":"https:\/\/poblenouurbandistrict.com\/ca\/wp-json\/wp\/v2\/media?parent=41910"}],"wp:term":[{"taxonomy":"category","embeddable":true,"href":"https:\/\/poblenouurbandistrict.com\/ca\/wp-json\/wp\/v2\/categories?post=41910"},{"taxonomy":"post_tag","embeddable":true,"href":"https:\/\/poblenouurbandistrict.com\/ca\/wp-json\/wp\/v2\/tags?post=41910"}],"curies":[{"name":"wp","href":"https:\/\/api.w.org\/{rel}","templated":true}]}}