{"id":42173,"date":"2023-10-26T16:15:14","date_gmt":"2023-10-26T14:15:14","guid":{"rendered":"https:\/\/poblenouurbandistrict.com\/?p=42173"},"modified":"2023-10-27T00:08:35","modified_gmt":"2023-10-26T22:08:35","slug":"viu-un-estiu-etern-amb-el-pop-up-de-trikini-en-van-van-var","status":"publish","type":"post","link":"https:\/\/poblenouurbandistrict.com\/ca\/viu-un-estiu-etern-amb-el-pop-up-de-trikini-en-van-van-var\/","title":{"rendered":"Viu un estiu etern amb el pop up de Trikini al Van Van Var"},"content":{"rendered":"<p>Per a Trikini l&#8217;estiu mai mor. El 27, 28 i 29 d&#8217;octubre s&#8217;apoderaran de la terrassa del <a href=\"https:\/\/vanvanfood.com\">Van Van Var<\/a> perqu\u00e8 puguis gaudir del poquet sol que queda i acompanyar-ho amb qualsevol dels seus bikinis o sangries de litre i mig.<\/p>\n<p>Aprofita aquest pop up per a descobrir qu\u00e8 amaguen els seus famosos bikinis que han revolucionat el barri. <span style=\"font-weight: 400;\">\u201cEl Bikini\u201d, \u201cEl Gallego\u201d i \u201cEl Trufado\u201d<\/span> estan en el p\u00f2dium dels cl\u00e0ssics que sempre triomfen. Per\u00f2, si no et ve de gust pujar els tres pisos del bikini, tamb\u00e9 tens altres opcions com les cuixes de pollastre amb salsa Jack Daniel&#8217;s.<\/p>\n<p>Trikini sempre t\u00e9 a m\u00e0 la seva nevera de platja amb opcions per als amants de les tapes: aladrocs en vinagre, olives condimentades, ensaladilla russa amb ventresca, braves i molts plats m\u00e9s.<\/p>\n<p>Encara que Van Van Var no tingui una <em>Picina<\/em> i no puguis fer un capbuss\u00f3, pots submergir-te en els c\u00f2ctels de Trikini que ballen al ritme dels 90 com \u201cEl Habanero\u201d. Qui pot dir que no a qualsevol cosa que ens faci retornar a l&#8217;estiu?<\/p>","protected":false},"excerpt":{"rendered":"<p>Per a Trikini l&#8217;estiu mai mor. El 27, 28 i 29 d&#8217;octubre s&#8217;apoderaran de la terrassa del Van Van Var&#8230; <a href=\"https:\/\/poblenouurbandistrict.com\/ca\/viu-un-estiu-etern-amb-el-pop-up-de-trikini-en-van-van-var\/\">M\u00e9s  \u2192<\/a><\/p>\n","protected":false},"author":5,"featured_media":39258,"comment_status":"closed","ping_status":"closed","sticky":false,"template":"","format":"standard","meta":{"_acf_changed":false,"footnotes":""},"categories":[3353],"tags":[],"class_list":["post-42173","post","type-post","status-publish","format-standard","has-post-thumbnail","hentry","category-gastronomia"],"acf":[],"yoast_head":"<!-- This site is optimized with the Yoast SEO plugin v27.4 - https:\/\/yoast.com\/product\/yoast-seo-wordpress\/ -->\n<title>Viu un estiu etern amb el pop up de Trikini al Van Van Var &#8211; Poblenou Urban District<\/title>\n<meta name=\"robots\" content=\"index, follow, max-snippet:-1, max-image-preview:large, max-video-preview:-1\" \/>\n<link rel=\"canonical\" href=\"https:\/\/poblenouurbandistrict.com\/ca\/viu-un-estiu-etern-amb-el-pop-up-de-trikini-en-van-van-var\/\" \/>\n<meta property=\"og:locale\" content=\"ca_ES\" \/>\n<meta property=\"og:type\" content=\"article\" \/>\n<meta property=\"og:title\" content=\"Viu un estiu etern amb el pop up de Trikini al Van Van Var &#8211; Poblenou Urban District\" \/>\n<meta property=\"og:description\" content=\"Per a Trikini l&#8217;estiu mai mor. El 27, 28 i 29 d&#8217;octubre s&#8217;apoderaran de la terrassa del Van Van Var... M\u00e9s \u2192\" \/>\n<meta property=\"og:url\" content=\"https:\/\/poblenouurbandistrict.com\/ca\/viu-un-estiu-etern-amb-el-pop-up-de-trikini-en-van-van-var\/\" \/>\n<meta property=\"og:site_name\" content=\"Poblenou Urban District\" \/>\n<meta property=\"article:published_time\" content=\"2023-10-26T14:15:14+00:00\" \/>\n<meta property=\"article:modified_time\" content=\"2023-10-26T22:08:35+00:00\" \/>\n<meta property=\"og:image\" content=\"https:\/\/poblenouurbandistrict.com\/wp-content\/uploads\/2023\/05\/gambino-diego-trikini-1-scaled.jpg\" \/>\n\t<meta property=\"og:image:width\" content=\"2560\" \/>\n\t<meta property=\"og:image:height\" content=\"2432\" \/>\n\t<meta property=\"og:image:type\" content=\"image\/jpeg\" \/>\n<meta name=\"author\" content=\"pnud\" \/>\n<meta name=\"twitter:card\" content=\"summary_large_image\" \/>\n<meta name=\"twitter:label1\" content=\"Escrit per\" \/>\n\t<meta name=\"twitter:data1\" content=\"pnud\" \/>\n\t<meta name=\"twitter:label2\" content=\"Temps estimat de lectura\" \/>\n\t<meta name=\"twitter:data2\" content=\"1 minut\" \/>\n<script type=\"application\/ld+json\" class=\"yoast-schema-graph\">{\"@context\":\"https:\\\/\\\/schema.org\",\"@graph\":[{\"@type\":\"Article\",\"@id\":\"https:\\\/\\\/poblenouurbandistrict.com\\\/viu-un-estiu-etern-amb-el-pop-up-de-trikini-en-van-van-var\\\/#article\",\"isPartOf\":{\"@id\":\"https:\\\/\\\/poblenouurbandistrict.com\\\/viu-un-estiu-etern-amb-el-pop-up-de-trikini-en-van-van-var\\\/\"},\"author\":{\"name\":\"pnud\",\"@id\":\"https:\\\/\\\/poblenouurbandistrict.com\\\/#\\\/schema\\\/person\\\/980a2cf34b399d5218205730acd54a7e\"},\"headline\":\"Viu un estiu etern amb el pop up de Trikini al Van Van Var\",\"datePublished\":\"2023-10-26T14:15:14+00:00\",\"dateModified\":\"2023-10-26T22:08:35+00:00\",\"mainEntityOfPage\":{\"@id\":\"https:\\\/\\\/poblenouurbandistrict.com\\\/viu-un-estiu-etern-amb-el-pop-up-de-trikini-en-van-van-var\\\/\"},\"wordCount\":404,\"image\":{\"@id\":\"https:\\\/\\\/poblenouurbandistrict.com\\\/viu-un-estiu-etern-amb-el-pop-up-de-trikini-en-van-van-var\\\/#primaryimage\"},\"thumbnailUrl\":\"https:\\\/\\\/media.poblenouurbandistrict.com\\\/2023\\\/05\\\/25062700\\\/gambino-diego-trikini-1-scaled.jpg\",\"articleSection\":[\"Gastronomia\"],\"inLanguage\":\"ca\"},{\"@type\":\"WebPage\",\"@id\":\"https:\\\/\\\/poblenouurbandistrict.com\\\/ca\\\/viu-un-estiu-etern-amb-el-pop-up-de-trikini-en-van-van-var\\\/\",\"url\":\"https:\\\/\\\/poblenouurbandistrict.com\\\/ca\\\/viu-un-estiu-etern-amb-el-pop-up-de-trikini-en-van-van-var\\\/\",\"name\":\"Viu un estiu etern amb el pop up de Trikini al Van Van Var &#8211; Poblenou Urban District\",\"isPartOf\":{\"@id\":\"https:\\\/\\\/poblenouurbandistrict.com\\\/ca\\\/#website\"},\"primaryImageOfPage\":{\"@id\":\"https:\\\/\\\/poblenouurbandistrict.com\\\/ca\\\/viu-un-estiu-etern-amb-el-pop-up-de-trikini-en-van-van-var\\\/#primaryimage\"},\"image\":{\"@id\":\"https:\\\/\\\/poblenouurbandistrict.com\\\/viu-un-estiu-etern-amb-el-pop-up-de-trikini-en-van-van-var\\\/#primaryimage\"},\"thumbnailUrl\":\"https:\\\/\\\/media.poblenouurbandistrict.com\\\/2023\\\/05\\\/25062700\\\/gambino-diego-trikini-1-scaled.jpg\",\"datePublished\":\"2023-10-26T14:15:14+00:00\",\"dateModified\":\"2023-10-26T22:08:35+00:00\",\"author\":{\"@id\":\"https:\\\/\\\/poblenouurbandistrict.com\\\/#\\\/schema\\\/person\\\/980a2cf34b399d5218205730acd54a7e\"},\"breadcrumb\":{\"@id\":\"https:\\\/\\\/poblenouurbandistrict.com\\\/ca\\\/viu-un-estiu-etern-amb-el-pop-up-de-trikini-en-van-van-var\\\/#breadcrumb\"},\"inLanguage\":\"ca\",\"potentialAction\":[{\"@type\":\"ReadAction\",\"target\":[[\"https:\\\/\\\/poblenouurbandistrict.com\\\/ca\\\/viu-un-estiu-etern-amb-el-pop-up-de-trikini-en-van-van-var\\\/\"]]}]},{\"@type\":\"ImageObject\",\"inLanguage\":\"ca\",\"@id\":\"https:\\\/\\\/poblenouurbandistrict.com\\\/ca\\\/viu-un-estiu-etern-amb-el-pop-up-de-trikini-en-van-van-var\\\/#primaryimage\",\"url\":\"https:\\\/\\\/media.poblenouurbandistrict.com\\\/2023\\\/05\\\/25062700\\\/gambino-diego-trikini-1-scaled.jpg\",\"contentUrl\":\"https:\\\/\\\/media.poblenouurbandistrict.com\\\/2023\\\/05\\\/25062700\\\/gambino-diego-trikini-1-scaled.jpg\",\"width\":2560,\"height\":2432},{\"@type\":\"BreadcrumbList\",\"@id\":\"https:\\\/\\\/poblenouurbandistrict.com\\\/ca\\\/viu-un-estiu-etern-amb-el-pop-up-de-trikini-en-van-van-var\\\/#breadcrumb\",\"itemListElement\":[{\"@type\":\"ListItem\",\"position\":1,\"name\":\"Home\",\"item\":\"https:\\\/\\\/poblenouurbandistrict.com\\\/ca\\\/\"},{\"@type\":\"ListItem\",\"position\":2,\"name\":\"Viu un estiu etern amb el pop up de Trikini al Van Van Var\"}]},{\"@type\":\"WebSite\",\"@id\":\"https:\\\/\\\/poblenouurbandistrict.com\\\/ca\\\/#website\",\"url\":\"https:\\\/\\\/poblenouurbandistrict.com\\\/ca\\\/\",\"name\":\"Poblenou Urban District\",\"description\":\"Comunitat Creativa\",\"potentialAction\":[{\"@type\":\"SearchAction\",\"target\":{\"@type\":\"EntryPoint\",\"urlTemplate\":\"https:\\\/\\\/poblenouurbandistrict.com\\\/ca\\\/?s={search_term_string}\"},\"query-input\":{\"@type\":\"PropertyValueSpecification\",\"valueRequired\":true,\"valueName\":\"search_term_string\"}}],\"inLanguage\":\"ca\"},{\"@type\":\"Person\",\"@id\":\"https:\\\/\\\/poblenouurbandistrict.com\\\/#\\\/schema\\\/person\\\/980a2cf34b399d5218205730acd54a7e\",\"name\":\"pnud\",\"image\":{\"@type\":\"ImageObject\",\"inLanguage\":\"ca\",\"@id\":\"https:\\\/\\\/secure.gravatar.com\\\/avatar\\\/67146597b405ee077a24e519f75c3e2031736596d6ce35af3a34c122c93d0d7b?s=96&d=retro&r=g\",\"url\":\"https:\\\/\\\/secure.gravatar.com\\\/avatar\\\/67146597b405ee077a24e519f75c3e2031736596d6ce35af3a34c122c93d0d7b?s=96&d=retro&r=g\",\"contentUrl\":\"https:\\\/\\\/secure.gravatar.com\\\/avatar\\\/67146597b405ee077a24e519f75c3e2031736596d6ce35af3a34c122c93d0d7b?s=96&d=retro&r=g\",\"caption\":\"pnud\"}}]}<\/script>\n<!-- \/ Yoast SEO plugin. -->","yoast_head_json":{"title":"Viu un estiu etern amb el pop up de Trikini al Van Van Var &#8211; Poblenou Urban District","robots":{"index":"index","follow":"follow","max-snippet":"max-snippet:-1","max-image-preview":"max-image-preview:large","max-video-preview":"max-video-preview:-1"},"canonical":"https:\/\/poblenouurbandistrict.com\/ca\/viu-un-estiu-etern-amb-el-pop-up-de-trikini-en-van-van-var\/","og_locale":"ca_ES","og_type":"article","og_title":"Viu un estiu etern amb el pop up de Trikini al Van Van Var &#8211; Poblenou Urban District","og_description":"Per a Trikini l&#8217;estiu mai mor. El 27, 28 i 29 d&#8217;octubre s&#8217;apoderaran de la terrassa del Van Van Var... M\u00e9s \u2192","og_url":"https:\/\/poblenouurbandistrict.com\/ca\/viu-un-estiu-etern-amb-el-pop-up-de-trikini-en-van-van-var\/","og_site_name":"Poblenou Urban District","article_published_time":"2023-10-26T14:15:14+00:00","article_modified_time":"2023-10-26T22:08:35+00:00","og_image":[{"width":2560,"height":2432,"url":"https:\/\/poblenouurbandistrict.com\/wp-content\/uploads\/2023\/05\/gambino-diego-trikini-1-scaled.jpg","type":"image\/jpeg"}],"author":"pnud","twitter_card":"summary_large_image","twitter_misc":{"Escrit per":"pnud","Temps estimat de lectura":"1 minut"},"schema":{"@context":"https:\/\/schema.org","@graph":[{"@type":"Article","@id":"https:\/\/poblenouurbandistrict.com\/viu-un-estiu-etern-amb-el-pop-up-de-trikini-en-van-van-var\/#article","isPartOf":{"@id":"https:\/\/poblenouurbandistrict.com\/viu-un-estiu-etern-amb-el-pop-up-de-trikini-en-van-van-var\/"},"author":{"name":"pnud","@id":"https:\/\/poblenouurbandistrict.com\/#\/schema\/person\/980a2cf34b399d5218205730acd54a7e"},"headline":"Viu un estiu etern amb el pop up de Trikini al Van Van Var","datePublished":"2023-10-26T14:15:14+00:00","dateModified":"2023-10-26T22:08:35+00:00","mainEntityOfPage":{"@id":"https:\/\/poblenouurbandistrict.com\/viu-un-estiu-etern-amb-el-pop-up-de-trikini-en-van-van-var\/"},"wordCount":404,"image":{"@id":"https:\/\/poblenouurbandistrict.com\/viu-un-estiu-etern-amb-el-pop-up-de-trikini-en-van-van-var\/#primaryimage"},"thumbnailUrl":"https:\/\/media.poblenouurbandistrict.com\/2023\/05\/25062700\/gambino-diego-trikini-1-scaled.jpg","articleSection":["Gastronomia"],"inLanguage":"ca"},{"@type":"WebPage","@id":"https:\/\/poblenouurbandistrict.com\/ca\/viu-un-estiu-etern-amb-el-pop-up-de-trikini-en-van-van-var\/","url":"https:\/\/poblenouurbandistrict.com\/ca\/viu-un-estiu-etern-amb-el-pop-up-de-trikini-en-van-van-var\/","name":"Viu un estiu etern amb el pop up de Trikini al Van Van Var &#8211; Poblenou Urban District","isPartOf":{"@id":"https:\/\/poblenouurbandistrict.com\/ca\/#website"},"primaryImageOfPage":{"@id":"https:\/\/poblenouurbandistrict.com\/ca\/viu-un-estiu-etern-amb-el-pop-up-de-trikini-en-van-van-var\/#primaryimage"},"image":{"@id":"https:\/\/poblenouurbandistrict.com\/viu-un-estiu-etern-amb-el-pop-up-de-trikini-en-van-van-var\/#primaryimage"},"thumbnailUrl":"https:\/\/media.poblenouurbandistrict.com\/2023\/05\/25062700\/gambino-diego-trikini-1-scaled.jpg","datePublished":"2023-10-26T14:15:14+00:00","dateModified":"2023-10-26T22:08:35+00:00","author":{"@id":"https:\/\/poblenouurbandistrict.com\/#\/schema\/person\/980a2cf34b399d5218205730acd54a7e"},"breadcrumb":{"@id":"https:\/\/poblenouurbandistrict.com\/ca\/viu-un-estiu-etern-amb-el-pop-up-de-trikini-en-van-van-var\/#breadcrumb"},"inLanguage":"ca","potentialAction":[{"@type":"ReadAction","target":[["https:\/\/poblenouurbandistrict.com\/ca\/viu-un-estiu-etern-amb-el-pop-up-de-trikini-en-van-van-var\/"]]}]},{"@type":"ImageObject","inLanguage":"ca","@id":"https:\/\/poblenouurbandistrict.com\/ca\/viu-un-estiu-etern-amb-el-pop-up-de-trikini-en-van-van-var\/#primaryimage","url":"https:\/\/media.poblenouurbandistrict.com\/2023\/05\/25062700\/gambino-diego-trikini-1-scaled.jpg","contentUrl":"https:\/\/media.poblenouurbandistrict.com\/2023\/05\/25062700\/gambino-diego-trikini-1-scaled.jpg","width":2560,"height":2432},{"@type":"BreadcrumbList","@id":"https:\/\/poblenouurbandistrict.com\/ca\/viu-un-estiu-etern-amb-el-pop-up-de-trikini-en-van-van-var\/#breadcrumb","itemListElement":[{"@type":"ListItem","position":1,"name":"Home","item":"https:\/\/poblenouurbandistrict.com\/ca\/"},{"@type":"ListItem","position":2,"name":"Viu un estiu etern amb el pop up de Trikini al Van Van Var"}]},{"@type":"WebSite","@id":"https:\/\/poblenouurbandistrict.com\/ca\/#website","url":"https:\/\/poblenouurbandistrict.com\/ca\/","name":"Poblenou Urban District","description":"Comunitat Creativa","potentialAction":[{"@type":"SearchAction","target":{"@type":"EntryPoint","urlTemplate":"https:\/\/poblenouurbandistrict.com\/ca\/?s={search_term_string}"},"query-input":{"@type":"PropertyValueSpecification","valueRequired":true,"valueName":"search_term_string"}}],"inLanguage":"ca"},{"@type":"Person","@id":"https:\/\/poblenouurbandistrict.com\/#\/schema\/person\/980a2cf34b399d5218205730acd54a7e","name":"pnud","image":{"@type":"ImageObject","inLanguage":"ca","@id":"https:\/\/secure.gravatar.com\/avatar\/67146597b405ee077a24e519f75c3e2031736596d6ce35af3a34c122c93d0d7b?s=96&d=retro&r=g","url":"https:\/\/secure.gravatar.com\/avatar\/67146597b405ee077a24e519f75c3e2031736596d6ce35af3a34c122c93d0d7b?s=96&d=retro&r=g","contentUrl":"https:\/\/secure.gravatar.com\/avatar\/67146597b405ee077a24e519f75c3e2031736596d6ce35af3a34c122c93d0d7b?s=96&d=retro&r=g","caption":"pnud"}}]}},"_links":{"self":[{"href":"https:\/\/poblenouurbandistrict.com\/ca\/wp-json\/wp\/v2\/posts\/42173","targetHints":{"allow":["GET"]}}],"collection":[{"href":"https:\/\/poblenouurbandistrict.com\/ca\/wp-json\/wp\/v2\/posts"}],"about":[{"href":"https:\/\/poblenouurbandistrict.com\/ca\/wp-json\/wp\/v2\/types\/post"}],"author":[{"embeddable":true,"href":"https:\/\/poblenouurbandistrict.com\/ca\/wp-json\/wp\/v2\/users\/5"}],"replies":[{"embeddable":true,"href":"https:\/\/poblenouurbandistrict.com\/ca\/wp-json\/wp\/v2\/comments?post=42173"}],"version-history":[{"count":9,"href":"https:\/\/poblenouurbandistrict.com\/ca\/wp-json\/wp\/v2\/posts\/42173\/revisions"}],"predecessor-version":[{"id":42275,"href":"https:\/\/poblenouurbandistrict.com\/ca\/wp-json\/wp\/v2\/posts\/42173\/revisions\/42275"}],"wp:featuredmedia":[{"embeddable":true,"href":"https:\/\/poblenouurbandistrict.com\/ca\/wp-json\/wp\/v2\/media\/39258"}],"wp:attachment":[{"href":"https:\/\/poblenouurbandistrict.com\/ca\/wp-json\/wp\/v2\/media?parent=42173"}],"wp:term":[{"taxonomy":"category","embeddable":true,"href":"https:\/\/poblenouurbandistrict.com\/ca\/wp-json\/wp\/v2\/categories?post=42173"},{"taxonomy":"post_tag","embeddable":true,"href":"https:\/\/poblenouurbandistrict.com\/ca\/wp-json\/wp\/v2\/tags?post=42173"}],"curies":[{"name":"wp","href":"https:\/\/api.w.org\/{rel}","templated":true}]}}