{"id":42222,"date":"2023-10-26T17:16:57","date_gmt":"2023-10-26T15:16:57","guid":{"rendered":"https:\/\/poblenouurbandistrict.com\/?p=42222"},"modified":"2023-10-27T09:29:09","modified_gmt":"2023-10-27T07:29:09","slug":"oberta-la-convocatoria-de-la-5a-edicio-de-loff-llum-bcn-per-a-artistes-multidisciplinaris-que-experimenten-amb-la-llum","status":"publish","type":"post","link":"https:\/\/poblenouurbandistrict.com\/ca\/oberta-la-convocatoria-de-la-5a-edicio-de-loff-llum-bcn-per-a-artistes-multidisciplinaris-que-experimenten-amb-la-llum\/","title":{"rendered":"Oberta la convocat\u00f2ria de la 5a edici\u00f3 de l&#8217;Off Llum Bcn per a artistes multidisciplinaris que experimenten amb la llum"},"content":{"rendered":"<p><span style=\"font-weight: 400;\">T\u2019agrada el disseny d\u2019il\u00b7luminaci\u00f3? Obrim una convocat\u00f2ria dirigida a diferents artistes multidisciplinaris que experimenten amb la llum, per a participar en la cinquena edici\u00f3 de l\u2019Off Llum Bcn, que se celebrar\u00e0 en el marc del Festival Llum Bcn, del 2 al 4 de febrer de 2024.<\/span><\/p>\n<p><span style=\"font-weight: 400;\">L\u2019Off Llum Bcn \u00e9s el circuit alternatiu del Festival Llum Bcn, ideat i produ\u00eft per Poblenou Urban District, que presenta instal\u00b7lacions lum\u00edniques de diferents formats i centrades en l\u2019art, el disseny i la innovaci\u00f3.\u00a0<\/span><\/p>\n<p><span style=\"font-weight: 400;\">L\u2019objectiu d\u2019aquest circuit nocturn, <\/span><span style=\"font-weight: 400;\">a m\u00e9s de posar el focus en l\u2019art lum\u00ednic, \u00e9s que els visitants descobreixin els espais de creaci\u00f3 que formen part de la comunitat creativa de Poblenou Urban District com, per exemple,<\/span><span style=\"font-weight: 400;\"> Indissoluble; The Hoxton Poblenou; IAAC; BAU; Westfield Gl\u00f2ries; FX Barcelona Film School o Chez Xefo que han acollit instal\u00b7lacions en les \u00faltimes edicions.<\/span><\/p>\n<p><span style=\"font-weight: 400;\">Des de Poblenou Urban District, animem a tots els i les artistes a donar a con\u00e8ixer el seu treball en una de les dates m\u00e9s importants per les arts lum\u00edniques a Barcelona. Els requisits per participar-hi s\u00f3n emplenar el seg\u00fcent <a href=\"https:\/\/docs.google.com\/forms\/d\/e\/1FAIpQLScGbkZKnEQmPTcmQB23ZcPzTgsrGZwtGxGw8ztevmPoLQoDng\/viewform?usp=sf_link\">formulari<\/a>, ser major d\u2019edat i presentar una proposta. Troba m\u00e9s informaci\u00f3 en el seg\u00fcent <a href=\"https:\/\/poblenouurbandistrict.com\/wp-content\/uploads\/2023\/10\/convocatoria_cat_es_eng.pdf\">enlla\u00e7<\/a>.<\/span><\/p>\n<p><span style=\"font-weight: 400;\">La data l\u00edmit per inscriure-s\u2019hi \u00e9s el 19 de novembre a les 23.59h. No s\u2019acceptar\u00e0 cap proposta fora d\u2019aquest l\u00edmit.<\/span><\/p>\n<h2 style=\"text-align: center;\"><a href=\"https:\/\/docs.google.com\/forms\/d\/e\/1FAIpQLScGbkZKnEQmPTcmQB23ZcPzTgsrGZwtGxGw8ztevmPoLQoDng\/viewform?usp=sf_link\">Formulari d&#8217;inscripci\u00f3<\/a><\/h2>\n<p><\/p>","protected":false},"excerpt":{"rendered":"<p>T\u2019agrada el disseny d\u2019il\u00b7luminaci\u00f3? Obrim una convocat\u00f2ria dirigida a diferents artistes multidisciplinaris que experimenten amb la llum, per a participar&#8230; <a href=\"https:\/\/poblenouurbandistrict.com\/ca\/oberta-la-convocatoria-de-la-5a-edicio-de-loff-llum-bcn-per-a-artistes-multidisciplinaris-que-experimenten-amb-la-llum\/\">M\u00e9s  \u2192<\/a><\/p>\n","protected":false},"author":5,"featured_media":42223,"comment_status":"closed","ping_status":"closed","sticky":false,"template":"","format":"standard","meta":{"_acf_changed":false,"footnotes":""},"categories":[3548],"tags":[],"class_list":["post-42222","post","type-post","status-publish","format-standard","has-post-thumbnail","hentry","category-off-llum-bcn"],"acf":[],"yoast_head":"<!-- This site is optimized with the Yoast SEO plugin v27.5 - https:\/\/yoast.com\/product\/yoast-seo-wordpress\/ -->\n<title>Oberta la convocat\u00f2ria de la 5a edici\u00f3 de l&#039;Off Llum Bcn per a artistes multidisciplinaris que experimenten amb la llum &#8211; Poblenou Urban District<\/title>\n<meta name=\"robots\" content=\"index, follow, max-snippet:-1, max-image-preview:large, max-video-preview:-1\" \/>\n<link rel=\"canonical\" href=\"https:\/\/poblenouurbandistrict.com\/ca\/oberta-la-convocatoria-de-la-5a-edicio-de-loff-llum-bcn-per-a-artistes-multidisciplinaris-que-experimenten-amb-la-llum\/\" \/>\n<meta property=\"og:locale\" content=\"ca_ES\" \/>\n<meta property=\"og:type\" content=\"article\" \/>\n<meta property=\"og:title\" content=\"Oberta la convocat\u00f2ria de la 5a edici\u00f3 de l&#039;Off Llum Bcn per a artistes multidisciplinaris que experimenten amb la llum &#8211; Poblenou Urban District\" \/>\n<meta property=\"og:description\" content=\"T\u2019agrada el disseny d\u2019il\u00b7luminaci\u00f3? Obrim una convocat\u00f2ria dirigida a diferents artistes multidisciplinaris que experimenten amb la llum, per a participar... M\u00e9s \u2192\" \/>\n<meta property=\"og:url\" content=\"https:\/\/poblenouurbandistrict.com\/ca\/oberta-la-convocatoria-de-la-5a-edicio-de-loff-llum-bcn-per-a-artistes-multidisciplinaris-que-experimenten-amb-la-llum\/\" \/>\n<meta property=\"og:site_name\" content=\"Poblenou Urban District\" \/>\n<meta property=\"article:published_time\" content=\"2023-10-26T15:16:57+00:00\" \/>\n<meta property=\"article:modified_time\" content=\"2023-10-27T07:29:09+00:00\" \/>\n<meta property=\"og:image\" content=\"https:\/\/poblenouurbandistrict.com\/wp-content\/uploads\/2023\/10\/off-llum23-scaled.jpg\" \/>\n\t<meta property=\"og:image:width\" content=\"2560\" \/>\n\t<meta property=\"og:image:height\" content=\"1600\" \/>\n\t<meta property=\"og:image:type\" content=\"image\/jpeg\" \/>\n<meta name=\"author\" content=\"pnud\" \/>\n<meta name=\"twitter:card\" content=\"summary_large_image\" \/>\n<meta name=\"twitter:label1\" content=\"Escrit per\" \/>\n\t<meta name=\"twitter:data1\" content=\"pnud\" \/>\n\t<meta name=\"twitter:label2\" content=\"Temps estimat de lectura\" \/>\n\t<meta name=\"twitter:data2\" content=\"2 minuts\" \/>\n<script type=\"application\/ld+json\" class=\"yoast-schema-graph\">{\"@context\":\"https:\\\/\\\/schema.org\",\"@graph\":[{\"@type\":\"Article\",\"@id\":\"https:\\\/\\\/poblenouurbandistrict.com\\\/oberta-la-convocatoria-de-la-5a-edicio-de-loff-llum-bcn-per-a-artistes-multidisciplinaris-que-experimenten-amb-la-llum\\\/#article\",\"isPartOf\":{\"@id\":\"https:\\\/\\\/poblenouurbandistrict.com\\\/oberta-la-convocatoria-de-la-5a-edicio-de-loff-llum-bcn-per-a-artistes-multidisciplinaris-que-experimenten-amb-la-llum\\\/\"},\"author\":{\"name\":\"pnud\",\"@id\":\"https:\\\/\\\/poblenouurbandistrict.com\\\/#\\\/schema\\\/person\\\/980a2cf34b399d5218205730acd54a7e\"},\"headline\":\"Oberta la convocat\u00f2ria de la 5a edici\u00f3 de l&#8217;Off Llum Bcn per a artistes multidisciplinaris que experimenten amb la llum\",\"datePublished\":\"2023-10-26T15:16:57+00:00\",\"dateModified\":\"2023-10-27T07:29:09+00:00\",\"mainEntityOfPage\":{\"@id\":\"https:\\\/\\\/poblenouurbandistrict.com\\\/oberta-la-convocatoria-de-la-5a-edicio-de-loff-llum-bcn-per-a-artistes-multidisciplinaris-que-experimenten-amb-la-llum\\\/\"},\"wordCount\":522,\"image\":{\"@id\":\"https:\\\/\\\/poblenouurbandistrict.com\\\/oberta-la-convocatoria-de-la-5a-edicio-de-loff-llum-bcn-per-a-artistes-multidisciplinaris-que-experimenten-amb-la-llum\\\/#primaryimage\"},\"thumbnailUrl\":\"https:\\\/\\\/media.poblenouurbandistrict.com\\\/2023\\\/10\\\/25065702\\\/off-llum23-scaled.jpg\",\"articleSection\":[\"Off Llum Bcn\"],\"inLanguage\":\"ca\"},{\"@type\":\"WebPage\",\"@id\":\"https:\\\/\\\/poblenouurbandistrict.com\\\/ca\\\/oberta-la-convocatoria-de-la-5a-edicio-de-loff-llum-bcn-per-a-artistes-multidisciplinaris-que-experimenten-amb-la-llum\\\/\",\"url\":\"https:\\\/\\\/poblenouurbandistrict.com\\\/ca\\\/oberta-la-convocatoria-de-la-5a-edicio-de-loff-llum-bcn-per-a-artistes-multidisciplinaris-que-experimenten-amb-la-llum\\\/\",\"name\":\"Oberta la convocat\u00f2ria de la 5a edici\u00f3 de l'Off Llum Bcn per a artistes multidisciplinaris que experimenten amb la llum &#8211; Poblenou Urban District\",\"isPartOf\":{\"@id\":\"https:\\\/\\\/poblenouurbandistrict.com\\\/ca\\\/#website\"},\"primaryImageOfPage\":{\"@id\":\"https:\\\/\\\/poblenouurbandistrict.com\\\/ca\\\/oberta-la-convocatoria-de-la-5a-edicio-de-loff-llum-bcn-per-a-artistes-multidisciplinaris-que-experimenten-amb-la-llum\\\/#primaryimage\"},\"image\":{\"@id\":\"https:\\\/\\\/poblenouurbandistrict.com\\\/oberta-la-convocatoria-de-la-5a-edicio-de-loff-llum-bcn-per-a-artistes-multidisciplinaris-que-experimenten-amb-la-llum\\\/#primaryimage\"},\"thumbnailUrl\":\"https:\\\/\\\/media.poblenouurbandistrict.com\\\/2023\\\/10\\\/25065702\\\/off-llum23-scaled.jpg\",\"datePublished\":\"2023-10-26T15:16:57+00:00\",\"dateModified\":\"2023-10-27T07:29:09+00:00\",\"author\":{\"@id\":\"https:\\\/\\\/poblenouurbandistrict.com\\\/#\\\/schema\\\/person\\\/980a2cf34b399d5218205730acd54a7e\"},\"breadcrumb\":{\"@id\":\"https:\\\/\\\/poblenouurbandistrict.com\\\/ca\\\/oberta-la-convocatoria-de-la-5a-edicio-de-loff-llum-bcn-per-a-artistes-multidisciplinaris-que-experimenten-amb-la-llum\\\/#breadcrumb\"},\"inLanguage\":\"ca\",\"potentialAction\":[{\"@type\":\"ReadAction\",\"target\":[[\"https:\\\/\\\/poblenouurbandistrict.com\\\/ca\\\/oberta-la-convocatoria-de-la-5a-edicio-de-loff-llum-bcn-per-a-artistes-multidisciplinaris-que-experimenten-amb-la-llum\\\/\"]]}]},{\"@type\":\"ImageObject\",\"inLanguage\":\"ca\",\"@id\":\"https:\\\/\\\/poblenouurbandistrict.com\\\/ca\\\/oberta-la-convocatoria-de-la-5a-edicio-de-loff-llum-bcn-per-a-artistes-multidisciplinaris-que-experimenten-amb-la-llum\\\/#primaryimage\",\"url\":\"https:\\\/\\\/media.poblenouurbandistrict.com\\\/2023\\\/10\\\/25065702\\\/off-llum23-scaled.jpg\",\"contentUrl\":\"https:\\\/\\\/media.poblenouurbandistrict.com\\\/2023\\\/10\\\/25065702\\\/off-llum23-scaled.jpg\",\"width\":2560,\"height\":1600},{\"@type\":\"BreadcrumbList\",\"@id\":\"https:\\\/\\\/poblenouurbandistrict.com\\\/ca\\\/oberta-la-convocatoria-de-la-5a-edicio-de-loff-llum-bcn-per-a-artistes-multidisciplinaris-que-experimenten-amb-la-llum\\\/#breadcrumb\",\"itemListElement\":[{\"@type\":\"ListItem\",\"position\":1,\"name\":\"Home\",\"item\":\"https:\\\/\\\/poblenouurbandistrict.com\\\/ca\\\/\"},{\"@type\":\"ListItem\",\"position\":2,\"name\":\"Oberta la convocat\u00f2ria de la 5a edici\u00f3 de l&#8217;Off Llum Bcn per a artistes multidisciplinaris que experimenten amb la llum\"}]},{\"@type\":\"WebSite\",\"@id\":\"https:\\\/\\\/poblenouurbandistrict.com\\\/ca\\\/#website\",\"url\":\"https:\\\/\\\/poblenouurbandistrict.com\\\/ca\\\/\",\"name\":\"Poblenou Urban District\",\"description\":\"Comunitat Creativa\",\"potentialAction\":[{\"@type\":\"SearchAction\",\"target\":{\"@type\":\"EntryPoint\",\"urlTemplate\":\"https:\\\/\\\/poblenouurbandistrict.com\\\/ca\\\/?s={search_term_string}\"},\"query-input\":{\"@type\":\"PropertyValueSpecification\",\"valueRequired\":true,\"valueName\":\"search_term_string\"}}],\"inLanguage\":\"ca\"},{\"@type\":\"Person\",\"@id\":\"https:\\\/\\\/poblenouurbandistrict.com\\\/#\\\/schema\\\/person\\\/980a2cf34b399d5218205730acd54a7e\",\"name\":\"pnud\",\"image\":{\"@type\":\"ImageObject\",\"inLanguage\":\"ca\",\"@id\":\"https:\\\/\\\/secure.gravatar.com\\\/avatar\\\/67146597b405ee077a24e519f75c3e2031736596d6ce35af3a34c122c93d0d7b?s=96&d=retro&r=g\",\"url\":\"https:\\\/\\\/secure.gravatar.com\\\/avatar\\\/67146597b405ee077a24e519f75c3e2031736596d6ce35af3a34c122c93d0d7b?s=96&d=retro&r=g\",\"contentUrl\":\"https:\\\/\\\/secure.gravatar.com\\\/avatar\\\/67146597b405ee077a24e519f75c3e2031736596d6ce35af3a34c122c93d0d7b?s=96&d=retro&r=g\",\"caption\":\"pnud\"}}]}<\/script>\n<!-- \/ Yoast SEO plugin. -->","yoast_head_json":{"title":"Oberta la convocat\u00f2ria de la 5a edici\u00f3 de l'Off Llum Bcn per a artistes multidisciplinaris que experimenten amb la llum &#8211; Poblenou Urban District","robots":{"index":"index","follow":"follow","max-snippet":"max-snippet:-1","max-image-preview":"max-image-preview:large","max-video-preview":"max-video-preview:-1"},"canonical":"https:\/\/poblenouurbandistrict.com\/ca\/oberta-la-convocatoria-de-la-5a-edicio-de-loff-llum-bcn-per-a-artistes-multidisciplinaris-que-experimenten-amb-la-llum\/","og_locale":"ca_ES","og_type":"article","og_title":"Oberta la convocat\u00f2ria de la 5a edici\u00f3 de l'Off Llum Bcn per a artistes multidisciplinaris que experimenten amb la llum &#8211; Poblenou Urban District","og_description":"T\u2019agrada el disseny d\u2019il\u00b7luminaci\u00f3? Obrim una convocat\u00f2ria dirigida a diferents artistes multidisciplinaris que experimenten amb la llum, per a participar... M\u00e9s \u2192","og_url":"https:\/\/poblenouurbandistrict.com\/ca\/oberta-la-convocatoria-de-la-5a-edicio-de-loff-llum-bcn-per-a-artistes-multidisciplinaris-que-experimenten-amb-la-llum\/","og_site_name":"Poblenou Urban District","article_published_time":"2023-10-26T15:16:57+00:00","article_modified_time":"2023-10-27T07:29:09+00:00","og_image":[{"width":2560,"height":1600,"url":"https:\/\/poblenouurbandistrict.com\/wp-content\/uploads\/2023\/10\/off-llum23-scaled.jpg","type":"image\/jpeg"}],"author":"pnud","twitter_card":"summary_large_image","twitter_misc":{"Escrit per":"pnud","Temps estimat de lectura":"2 minuts"},"schema":{"@context":"https:\/\/schema.org","@graph":[{"@type":"Article","@id":"https:\/\/poblenouurbandistrict.com\/oberta-la-convocatoria-de-la-5a-edicio-de-loff-llum-bcn-per-a-artistes-multidisciplinaris-que-experimenten-amb-la-llum\/#article","isPartOf":{"@id":"https:\/\/poblenouurbandistrict.com\/oberta-la-convocatoria-de-la-5a-edicio-de-loff-llum-bcn-per-a-artistes-multidisciplinaris-que-experimenten-amb-la-llum\/"},"author":{"name":"pnud","@id":"https:\/\/poblenouurbandistrict.com\/#\/schema\/person\/980a2cf34b399d5218205730acd54a7e"},"headline":"Oberta la convocat\u00f2ria de la 5a edici\u00f3 de l&#8217;Off Llum Bcn per a artistes multidisciplinaris que experimenten amb la llum","datePublished":"2023-10-26T15:16:57+00:00","dateModified":"2023-10-27T07:29:09+00:00","mainEntityOfPage":{"@id":"https:\/\/poblenouurbandistrict.com\/oberta-la-convocatoria-de-la-5a-edicio-de-loff-llum-bcn-per-a-artistes-multidisciplinaris-que-experimenten-amb-la-llum\/"},"wordCount":522,"image":{"@id":"https:\/\/poblenouurbandistrict.com\/oberta-la-convocatoria-de-la-5a-edicio-de-loff-llum-bcn-per-a-artistes-multidisciplinaris-que-experimenten-amb-la-llum\/#primaryimage"},"thumbnailUrl":"https:\/\/media.poblenouurbandistrict.com\/2023\/10\/25065702\/off-llum23-scaled.jpg","articleSection":["Off Llum Bcn"],"inLanguage":"ca"},{"@type":"WebPage","@id":"https:\/\/poblenouurbandistrict.com\/ca\/oberta-la-convocatoria-de-la-5a-edicio-de-loff-llum-bcn-per-a-artistes-multidisciplinaris-que-experimenten-amb-la-llum\/","url":"https:\/\/poblenouurbandistrict.com\/ca\/oberta-la-convocatoria-de-la-5a-edicio-de-loff-llum-bcn-per-a-artistes-multidisciplinaris-que-experimenten-amb-la-llum\/","name":"Oberta la convocat\u00f2ria de la 5a edici\u00f3 de l'Off Llum Bcn per a artistes multidisciplinaris que experimenten amb la llum &#8211; Poblenou Urban District","isPartOf":{"@id":"https:\/\/poblenouurbandistrict.com\/ca\/#website"},"primaryImageOfPage":{"@id":"https:\/\/poblenouurbandistrict.com\/ca\/oberta-la-convocatoria-de-la-5a-edicio-de-loff-llum-bcn-per-a-artistes-multidisciplinaris-que-experimenten-amb-la-llum\/#primaryimage"},"image":{"@id":"https:\/\/poblenouurbandistrict.com\/oberta-la-convocatoria-de-la-5a-edicio-de-loff-llum-bcn-per-a-artistes-multidisciplinaris-que-experimenten-amb-la-llum\/#primaryimage"},"thumbnailUrl":"https:\/\/media.poblenouurbandistrict.com\/2023\/10\/25065702\/off-llum23-scaled.jpg","datePublished":"2023-10-26T15:16:57+00:00","dateModified":"2023-10-27T07:29:09+00:00","author":{"@id":"https:\/\/poblenouurbandistrict.com\/#\/schema\/person\/980a2cf34b399d5218205730acd54a7e"},"breadcrumb":{"@id":"https:\/\/poblenouurbandistrict.com\/ca\/oberta-la-convocatoria-de-la-5a-edicio-de-loff-llum-bcn-per-a-artistes-multidisciplinaris-que-experimenten-amb-la-llum\/#breadcrumb"},"inLanguage":"ca","potentialAction":[{"@type":"ReadAction","target":[["https:\/\/poblenouurbandistrict.com\/ca\/oberta-la-convocatoria-de-la-5a-edicio-de-loff-llum-bcn-per-a-artistes-multidisciplinaris-que-experimenten-amb-la-llum\/"]]}]},{"@type":"ImageObject","inLanguage":"ca","@id":"https:\/\/poblenouurbandistrict.com\/ca\/oberta-la-convocatoria-de-la-5a-edicio-de-loff-llum-bcn-per-a-artistes-multidisciplinaris-que-experimenten-amb-la-llum\/#primaryimage","url":"https:\/\/media.poblenouurbandistrict.com\/2023\/10\/25065702\/off-llum23-scaled.jpg","contentUrl":"https:\/\/media.poblenouurbandistrict.com\/2023\/10\/25065702\/off-llum23-scaled.jpg","width":2560,"height":1600},{"@type":"BreadcrumbList","@id":"https:\/\/poblenouurbandistrict.com\/ca\/oberta-la-convocatoria-de-la-5a-edicio-de-loff-llum-bcn-per-a-artistes-multidisciplinaris-que-experimenten-amb-la-llum\/#breadcrumb","itemListElement":[{"@type":"ListItem","position":1,"name":"Home","item":"https:\/\/poblenouurbandistrict.com\/ca\/"},{"@type":"ListItem","position":2,"name":"Oberta la convocat\u00f2ria de la 5a edici\u00f3 de l&#8217;Off Llum Bcn per a artistes multidisciplinaris que experimenten amb la llum"}]},{"@type":"WebSite","@id":"https:\/\/poblenouurbandistrict.com\/ca\/#website","url":"https:\/\/poblenouurbandistrict.com\/ca\/","name":"Poblenou Urban District","description":"Comunitat Creativa","potentialAction":[{"@type":"SearchAction","target":{"@type":"EntryPoint","urlTemplate":"https:\/\/poblenouurbandistrict.com\/ca\/?s={search_term_string}"},"query-input":{"@type":"PropertyValueSpecification","valueRequired":true,"valueName":"search_term_string"}}],"inLanguage":"ca"},{"@type":"Person","@id":"https:\/\/poblenouurbandistrict.com\/#\/schema\/person\/980a2cf34b399d5218205730acd54a7e","name":"pnud","image":{"@type":"ImageObject","inLanguage":"ca","@id":"https:\/\/secure.gravatar.com\/avatar\/67146597b405ee077a24e519f75c3e2031736596d6ce35af3a34c122c93d0d7b?s=96&d=retro&r=g","url":"https:\/\/secure.gravatar.com\/avatar\/67146597b405ee077a24e519f75c3e2031736596d6ce35af3a34c122c93d0d7b?s=96&d=retro&r=g","contentUrl":"https:\/\/secure.gravatar.com\/avatar\/67146597b405ee077a24e519f75c3e2031736596d6ce35af3a34c122c93d0d7b?s=96&d=retro&r=g","caption":"pnud"}}]}},"_links":{"self":[{"href":"https:\/\/poblenouurbandistrict.com\/ca\/wp-json\/wp\/v2\/posts\/42222","targetHints":{"allow":["GET"]}}],"collection":[{"href":"https:\/\/poblenouurbandistrict.com\/ca\/wp-json\/wp\/v2\/posts"}],"about":[{"href":"https:\/\/poblenouurbandistrict.com\/ca\/wp-json\/wp\/v2\/types\/post"}],"author":[{"embeddable":true,"href":"https:\/\/poblenouurbandistrict.com\/ca\/wp-json\/wp\/v2\/users\/5"}],"replies":[{"embeddable":true,"href":"https:\/\/poblenouurbandistrict.com\/ca\/wp-json\/wp\/v2\/comments?post=42222"}],"version-history":[{"count":13,"href":"https:\/\/poblenouurbandistrict.com\/ca\/wp-json\/wp\/v2\/posts\/42222\/revisions"}],"predecessor-version":[{"id":42277,"href":"https:\/\/poblenouurbandistrict.com\/ca\/wp-json\/wp\/v2\/posts\/42222\/revisions\/42277"}],"wp:featuredmedia":[{"embeddable":true,"href":"https:\/\/poblenouurbandistrict.com\/ca\/wp-json\/wp\/v2\/media\/42223"}],"wp:attachment":[{"href":"https:\/\/poblenouurbandistrict.com\/ca\/wp-json\/wp\/v2\/media?parent=42222"}],"wp:term":[{"taxonomy":"category","embeddable":true,"href":"https:\/\/poblenouurbandistrict.com\/ca\/wp-json\/wp\/v2\/categories?post=42222"},{"taxonomy":"post_tag","embeddable":true,"href":"https:\/\/poblenouurbandistrict.com\/ca\/wp-json\/wp\/v2\/tags?post=42222"}],"curies":[{"name":"wp","href":"https:\/\/api.w.org\/{rel}","templated":true}]}}