{"id":42334,"date":"2023-11-02T16:54:22","date_gmt":"2023-11-02T15:54:22","guid":{"rendered":"https:\/\/poblenouurbandistrict.com\/?p=42334"},"modified":"2023-11-02T22:36:14","modified_gmt":"2023-11-02T21:36:14","slug":"palo-market-fest-anuncia-les-dates-de-les-ultimes-edicions-de-lany","status":"publish","type":"post","link":"https:\/\/poblenouurbandistrict.com\/ca\/palo-market-fest-anuncia-les-dates-de-les-ultimes-edicions-de-lany\/","title":{"rendered":"Palo Market Fest anuncia les dates de les \u00faltimes edicions de l&#8217;any"},"content":{"rendered":"<p>Amb l&#8217;arribada de la tardor, <a href=\"https:\/\/palomarketfest.com\/\">Palo Market Fest<\/a> ha preparat una sorpresa per al mes de novembre: doble edici\u00f3 del festival amb dobles propostes de disseny, gastronomia i m\u00fasica. Reserva&#8217;t el cap de setmana del 4 i 5 de novembre i el 18 i 19 de novembre.<\/p>\n<p>Si vols fer un pla diferent amb els teus amics o fam\u00edlia, Pao Market Fest \u00e9s una molt bona opci\u00f3. Amb un total de 50 expositors, l&#8217;objectiu no \u00e9s nom\u00e9s donar-se a con\u00e8ixer sin\u00f3 tamb\u00e9 promoure i donar suport a la producci\u00f3 local i la sostenibilitat. Aqu\u00ed trobar\u00e0s projectes d&#8217;artistes emergents que busquen trobar el seu lloc.<\/p>\n<p>Tamb\u00e9 trobar\u00e0s una programaci\u00f3 musical molt completa: des d&#8217;un format de carrer compost de bases r\u00edtmiques, cantants, guitarres i pianos, fins a sessions de DJ i concerts de les noves generacions de m\u00fasics de la ciutat.<\/p>\n<p>Finalment, tens a la teva disposici\u00f3 un gran ventall d&#8217;opcions gastron\u00f2miques i food trucks que ofereixen propostes culin\u00e0ries per a tots els gustos: pizzes italianes al forn de llenya, empanades argentines, dumplings i gyozas acompanyades de les millors salses, cheesecakesde diferents sabors, tacos mexicans i infinitat d&#8217;opcions m\u00e9s.<\/p>\n<p>A m\u00e9s, ja han anunciat que la data del desembre ser\u00e0 el 2 i el 3. Qu\u00e8 et sembla la idea de tenir un pla festiu cada 15 dies?<\/p>","protected":false},"excerpt":{"rendered":"<p>Amb l&#8217;arribada de la tardor, Palo Market Fest ha preparat una sorpresa per al mes de novembre: doble edici\u00f3 del&#8230; <a href=\"https:\/\/poblenouurbandistrict.com\/ca\/palo-market-fest-anuncia-les-dates-de-les-ultimes-edicions-de-lany\/\">M\u00e9s  \u2192<\/a><\/p>\n","protected":false},"author":5,"featured_media":6106,"comment_status":"closed","ping_status":"closed","sticky":false,"template":"","format":"standard","meta":{"_acf_changed":false,"footnotes":""},"categories":[3342,3353],"tags":[],"class_list":["post-42334","post","type-post","status-publish","format-standard","has-post-thumbnail","hentry","category-art","category-gastronomia"],"acf":[],"yoast_head":"<!-- This site is optimized with the Yoast SEO plugin v27.4 - https:\/\/yoast.com\/product\/yoast-seo-wordpress\/ -->\n<title>Palo Market Fest anuncia les dates de les \u00faltimes edicions de l&#039;any &#8211; Poblenou Urban District<\/title>\n<meta name=\"robots\" content=\"index, follow, max-snippet:-1, max-image-preview:large, max-video-preview:-1\" \/>\n<link rel=\"canonical\" href=\"https:\/\/poblenouurbandistrict.com\/ca\/palo-market-fest-anuncia-les-dates-de-les-ultimes-edicions-de-lany\/\" \/>\n<meta property=\"og:locale\" content=\"ca_ES\" \/>\n<meta property=\"og:type\" content=\"article\" \/>\n<meta property=\"og:title\" content=\"Palo Market Fest anuncia les dates de les \u00faltimes edicions de l&#039;any &#8211; Poblenou Urban District\" \/>\n<meta property=\"og:description\" content=\"Amb l&#8217;arribada de la tardor, Palo Market Fest ha preparat una sorpresa per al mes de novembre: doble edici\u00f3 del... M\u00e9s \u2192\" \/>\n<meta property=\"og:url\" content=\"https:\/\/poblenouurbandistrict.com\/ca\/palo-market-fest-anuncia-les-dates-de-les-ultimes-edicions-de-lany\/\" \/>\n<meta property=\"og:site_name\" content=\"Poblenou Urban District\" \/>\n<meta property=\"article:published_time\" content=\"2023-11-02T15:54:22+00:00\" \/>\n<meta property=\"article:modified_time\" content=\"2023-11-02T21:36:14+00:00\" \/>\n<meta property=\"og:image\" content=\"https:\/\/poblenouurbandistrict.com\/wp-content\/uploads\/2015\/05\/10421327_894106570647169_4412155394163155348_n.jpg\" \/>\n\t<meta property=\"og:image:width\" content=\"960\" \/>\n\t<meta property=\"og:image:height\" content=\"640\" \/>\n\t<meta property=\"og:image:type\" content=\"image\/jpeg\" \/>\n<meta name=\"author\" content=\"pnud\" \/>\n<meta name=\"twitter:card\" content=\"summary_large_image\" \/>\n<meta name=\"twitter:label1\" content=\"Escrit per\" \/>\n\t<meta name=\"twitter:data1\" content=\"pnud\" \/>\n\t<meta name=\"twitter:label2\" content=\"Temps estimat de lectura\" \/>\n\t<meta name=\"twitter:data2\" content=\"2 minuts\" \/>\n<script type=\"application\/ld+json\" class=\"yoast-schema-graph\">{\"@context\":\"https:\\\/\\\/schema.org\",\"@graph\":[{\"@type\":\"Article\",\"@id\":\"https:\\\/\\\/poblenouurbandistrict.com\\\/palo-market-fest-anuncia-les-dates-de-les-ultimes-edicions-de-lany\\\/#article\",\"isPartOf\":{\"@id\":\"https:\\\/\\\/poblenouurbandistrict.com\\\/palo-market-fest-anuncia-les-dates-de-les-ultimes-edicions-de-lany\\\/\"},\"author\":{\"name\":\"pnud\",\"@id\":\"https:\\\/\\\/poblenouurbandistrict.com\\\/#\\\/schema\\\/person\\\/980a2cf34b399d5218205730acd54a7e\"},\"headline\":\"Palo Market Fest anuncia les dates de les \u00faltimes edicions de l&#8217;any\",\"datePublished\":\"2023-11-02T15:54:22+00:00\",\"dateModified\":\"2023-11-02T21:36:14+00:00\",\"mainEntityOfPage\":{\"@id\":\"https:\\\/\\\/poblenouurbandistrict.com\\\/palo-market-fest-anuncia-les-dates-de-les-ultimes-edicions-de-lany\\\/\"},\"wordCount\":504,\"image\":{\"@id\":\"https:\\\/\\\/poblenouurbandistrict.com\\\/palo-market-fest-anuncia-les-dates-de-les-ultimes-edicions-de-lany\\\/#primaryimage\"},\"thumbnailUrl\":\"https:\\\/\\\/media.poblenouurbandistrict.com\\\/2015\\\/05\\\/25010201\\\/10421327_894106570647169_4412155394163155348_n.jpg\",\"articleSection\":[\"Art\",\"Gastronomia\"],\"inLanguage\":\"ca\"},{\"@type\":\"WebPage\",\"@id\":\"https:\\\/\\\/poblenouurbandistrict.com\\\/ca\\\/palo-market-fest-anuncia-les-dates-de-les-ultimes-edicions-de-lany\\\/\",\"url\":\"https:\\\/\\\/poblenouurbandistrict.com\\\/ca\\\/palo-market-fest-anuncia-les-dates-de-les-ultimes-edicions-de-lany\\\/\",\"name\":\"Palo Market Fest anuncia les dates de les \u00faltimes edicions de l'any &#8211; Poblenou Urban District\",\"isPartOf\":{\"@id\":\"https:\\\/\\\/poblenouurbandistrict.com\\\/ca\\\/#website\"},\"primaryImageOfPage\":{\"@id\":\"https:\\\/\\\/poblenouurbandistrict.com\\\/ca\\\/palo-market-fest-anuncia-les-dates-de-les-ultimes-edicions-de-lany\\\/#primaryimage\"},\"image\":{\"@id\":\"https:\\\/\\\/poblenouurbandistrict.com\\\/palo-market-fest-anuncia-les-dates-de-les-ultimes-edicions-de-lany\\\/#primaryimage\"},\"thumbnailUrl\":\"https:\\\/\\\/media.poblenouurbandistrict.com\\\/2015\\\/05\\\/25010201\\\/10421327_894106570647169_4412155394163155348_n.jpg\",\"datePublished\":\"2023-11-02T15:54:22+00:00\",\"dateModified\":\"2023-11-02T21:36:14+00:00\",\"author\":{\"@id\":\"https:\\\/\\\/poblenouurbandistrict.com\\\/#\\\/schema\\\/person\\\/980a2cf34b399d5218205730acd54a7e\"},\"breadcrumb\":{\"@id\":\"https:\\\/\\\/poblenouurbandistrict.com\\\/ca\\\/palo-market-fest-anuncia-les-dates-de-les-ultimes-edicions-de-lany\\\/#breadcrumb\"},\"inLanguage\":\"ca\",\"potentialAction\":[{\"@type\":\"ReadAction\",\"target\":[[\"https:\\\/\\\/poblenouurbandistrict.com\\\/ca\\\/palo-market-fest-anuncia-les-dates-de-les-ultimes-edicions-de-lany\\\/\"]]}]},{\"@type\":\"ImageObject\",\"inLanguage\":\"ca\",\"@id\":\"https:\\\/\\\/poblenouurbandistrict.com\\\/ca\\\/palo-market-fest-anuncia-les-dates-de-les-ultimes-edicions-de-lany\\\/#primaryimage\",\"url\":\"https:\\\/\\\/media.poblenouurbandistrict.com\\\/2015\\\/05\\\/25010201\\\/10421327_894106570647169_4412155394163155348_n.jpg\",\"contentUrl\":\"https:\\\/\\\/media.poblenouurbandistrict.com\\\/2015\\\/05\\\/25010201\\\/10421327_894106570647169_4412155394163155348_n.jpg\",\"width\":960,\"height\":640,\"caption\":\"Palo Alto Market\"},{\"@type\":\"BreadcrumbList\",\"@id\":\"https:\\\/\\\/poblenouurbandistrict.com\\\/ca\\\/palo-market-fest-anuncia-les-dates-de-les-ultimes-edicions-de-lany\\\/#breadcrumb\",\"itemListElement\":[{\"@type\":\"ListItem\",\"position\":1,\"name\":\"Home\",\"item\":\"https:\\\/\\\/poblenouurbandistrict.com\\\/ca\\\/\"},{\"@type\":\"ListItem\",\"position\":2,\"name\":\"Palo Market Fest anuncia les dates de les \u00faltimes edicions de l&#8217;any\"}]},{\"@type\":\"WebSite\",\"@id\":\"https:\\\/\\\/poblenouurbandistrict.com\\\/ca\\\/#website\",\"url\":\"https:\\\/\\\/poblenouurbandistrict.com\\\/ca\\\/\",\"name\":\"Poblenou Urban District\",\"description\":\"Comunitat Creativa\",\"potentialAction\":[{\"@type\":\"SearchAction\",\"target\":{\"@type\":\"EntryPoint\",\"urlTemplate\":\"https:\\\/\\\/poblenouurbandistrict.com\\\/ca\\\/?s={search_term_string}\"},\"query-input\":{\"@type\":\"PropertyValueSpecification\",\"valueRequired\":true,\"valueName\":\"search_term_string\"}}],\"inLanguage\":\"ca\"},{\"@type\":\"Person\",\"@id\":\"https:\\\/\\\/poblenouurbandistrict.com\\\/#\\\/schema\\\/person\\\/980a2cf34b399d5218205730acd54a7e\",\"name\":\"pnud\",\"image\":{\"@type\":\"ImageObject\",\"inLanguage\":\"ca\",\"@id\":\"https:\\\/\\\/secure.gravatar.com\\\/avatar\\\/67146597b405ee077a24e519f75c3e2031736596d6ce35af3a34c122c93d0d7b?s=96&d=retro&r=g\",\"url\":\"https:\\\/\\\/secure.gravatar.com\\\/avatar\\\/67146597b405ee077a24e519f75c3e2031736596d6ce35af3a34c122c93d0d7b?s=96&d=retro&r=g\",\"contentUrl\":\"https:\\\/\\\/secure.gravatar.com\\\/avatar\\\/67146597b405ee077a24e519f75c3e2031736596d6ce35af3a34c122c93d0d7b?s=96&d=retro&r=g\",\"caption\":\"pnud\"}}]}<\/script>\n<!-- \/ Yoast SEO plugin. -->","yoast_head_json":{"title":"Palo Market Fest anuncia les dates de les \u00faltimes edicions de l'any &#8211; Poblenou Urban District","robots":{"index":"index","follow":"follow","max-snippet":"max-snippet:-1","max-image-preview":"max-image-preview:large","max-video-preview":"max-video-preview:-1"},"canonical":"https:\/\/poblenouurbandistrict.com\/ca\/palo-market-fest-anuncia-les-dates-de-les-ultimes-edicions-de-lany\/","og_locale":"ca_ES","og_type":"article","og_title":"Palo Market Fest anuncia les dates de les \u00faltimes edicions de l'any &#8211; Poblenou Urban District","og_description":"Amb l&#8217;arribada de la tardor, Palo Market Fest ha preparat una sorpresa per al mes de novembre: doble edici\u00f3 del... M\u00e9s \u2192","og_url":"https:\/\/poblenouurbandistrict.com\/ca\/palo-market-fest-anuncia-les-dates-de-les-ultimes-edicions-de-lany\/","og_site_name":"Poblenou Urban District","article_published_time":"2023-11-02T15:54:22+00:00","article_modified_time":"2023-11-02T21:36:14+00:00","og_image":[{"width":960,"height":640,"url":"https:\/\/poblenouurbandistrict.com\/wp-content\/uploads\/2015\/05\/10421327_894106570647169_4412155394163155348_n.jpg","type":"image\/jpeg"}],"author":"pnud","twitter_card":"summary_large_image","twitter_misc":{"Escrit per":"pnud","Temps estimat de lectura":"2 minuts"},"schema":{"@context":"https:\/\/schema.org","@graph":[{"@type":"Article","@id":"https:\/\/poblenouurbandistrict.com\/palo-market-fest-anuncia-les-dates-de-les-ultimes-edicions-de-lany\/#article","isPartOf":{"@id":"https:\/\/poblenouurbandistrict.com\/palo-market-fest-anuncia-les-dates-de-les-ultimes-edicions-de-lany\/"},"author":{"name":"pnud","@id":"https:\/\/poblenouurbandistrict.com\/#\/schema\/person\/980a2cf34b399d5218205730acd54a7e"},"headline":"Palo Market Fest anuncia les dates de les \u00faltimes edicions de l&#8217;any","datePublished":"2023-11-02T15:54:22+00:00","dateModified":"2023-11-02T21:36:14+00:00","mainEntityOfPage":{"@id":"https:\/\/poblenouurbandistrict.com\/palo-market-fest-anuncia-les-dates-de-les-ultimes-edicions-de-lany\/"},"wordCount":504,"image":{"@id":"https:\/\/poblenouurbandistrict.com\/palo-market-fest-anuncia-les-dates-de-les-ultimes-edicions-de-lany\/#primaryimage"},"thumbnailUrl":"https:\/\/media.poblenouurbandistrict.com\/2015\/05\/25010201\/10421327_894106570647169_4412155394163155348_n.jpg","articleSection":["Art","Gastronomia"],"inLanguage":"ca"},{"@type":"WebPage","@id":"https:\/\/poblenouurbandistrict.com\/ca\/palo-market-fest-anuncia-les-dates-de-les-ultimes-edicions-de-lany\/","url":"https:\/\/poblenouurbandistrict.com\/ca\/palo-market-fest-anuncia-les-dates-de-les-ultimes-edicions-de-lany\/","name":"Palo Market Fest anuncia les dates de les \u00faltimes edicions de l'any &#8211; Poblenou Urban District","isPartOf":{"@id":"https:\/\/poblenouurbandistrict.com\/ca\/#website"},"primaryImageOfPage":{"@id":"https:\/\/poblenouurbandistrict.com\/ca\/palo-market-fest-anuncia-les-dates-de-les-ultimes-edicions-de-lany\/#primaryimage"},"image":{"@id":"https:\/\/poblenouurbandistrict.com\/palo-market-fest-anuncia-les-dates-de-les-ultimes-edicions-de-lany\/#primaryimage"},"thumbnailUrl":"https:\/\/media.poblenouurbandistrict.com\/2015\/05\/25010201\/10421327_894106570647169_4412155394163155348_n.jpg","datePublished":"2023-11-02T15:54:22+00:00","dateModified":"2023-11-02T21:36:14+00:00","author":{"@id":"https:\/\/poblenouurbandistrict.com\/#\/schema\/person\/980a2cf34b399d5218205730acd54a7e"},"breadcrumb":{"@id":"https:\/\/poblenouurbandistrict.com\/ca\/palo-market-fest-anuncia-les-dates-de-les-ultimes-edicions-de-lany\/#breadcrumb"},"inLanguage":"ca","potentialAction":[{"@type":"ReadAction","target":[["https:\/\/poblenouurbandistrict.com\/ca\/palo-market-fest-anuncia-les-dates-de-les-ultimes-edicions-de-lany\/"]]}]},{"@type":"ImageObject","inLanguage":"ca","@id":"https:\/\/poblenouurbandistrict.com\/ca\/palo-market-fest-anuncia-les-dates-de-les-ultimes-edicions-de-lany\/#primaryimage","url":"https:\/\/media.poblenouurbandistrict.com\/2015\/05\/25010201\/10421327_894106570647169_4412155394163155348_n.jpg","contentUrl":"https:\/\/media.poblenouurbandistrict.com\/2015\/05\/25010201\/10421327_894106570647169_4412155394163155348_n.jpg","width":960,"height":640,"caption":"Palo Alto Market"},{"@type":"BreadcrumbList","@id":"https:\/\/poblenouurbandistrict.com\/ca\/palo-market-fest-anuncia-les-dates-de-les-ultimes-edicions-de-lany\/#breadcrumb","itemListElement":[{"@type":"ListItem","position":1,"name":"Home","item":"https:\/\/poblenouurbandistrict.com\/ca\/"},{"@type":"ListItem","position":2,"name":"Palo Market Fest anuncia les dates de les \u00faltimes edicions de l&#8217;any"}]},{"@type":"WebSite","@id":"https:\/\/poblenouurbandistrict.com\/ca\/#website","url":"https:\/\/poblenouurbandistrict.com\/ca\/","name":"Poblenou Urban District","description":"Comunitat Creativa","potentialAction":[{"@type":"SearchAction","target":{"@type":"EntryPoint","urlTemplate":"https:\/\/poblenouurbandistrict.com\/ca\/?s={search_term_string}"},"query-input":{"@type":"PropertyValueSpecification","valueRequired":true,"valueName":"search_term_string"}}],"inLanguage":"ca"},{"@type":"Person","@id":"https:\/\/poblenouurbandistrict.com\/#\/schema\/person\/980a2cf34b399d5218205730acd54a7e","name":"pnud","image":{"@type":"ImageObject","inLanguage":"ca","@id":"https:\/\/secure.gravatar.com\/avatar\/67146597b405ee077a24e519f75c3e2031736596d6ce35af3a34c122c93d0d7b?s=96&d=retro&r=g","url":"https:\/\/secure.gravatar.com\/avatar\/67146597b405ee077a24e519f75c3e2031736596d6ce35af3a34c122c93d0d7b?s=96&d=retro&r=g","contentUrl":"https:\/\/secure.gravatar.com\/avatar\/67146597b405ee077a24e519f75c3e2031736596d6ce35af3a34c122c93d0d7b?s=96&d=retro&r=g","caption":"pnud"}}]}},"_links":{"self":[{"href":"https:\/\/poblenouurbandistrict.com\/ca\/wp-json\/wp\/v2\/posts\/42334","targetHints":{"allow":["GET"]}}],"collection":[{"href":"https:\/\/poblenouurbandistrict.com\/ca\/wp-json\/wp\/v2\/posts"}],"about":[{"href":"https:\/\/poblenouurbandistrict.com\/ca\/wp-json\/wp\/v2\/types\/post"}],"author":[{"embeddable":true,"href":"https:\/\/poblenouurbandistrict.com\/ca\/wp-json\/wp\/v2\/users\/5"}],"replies":[{"embeddable":true,"href":"https:\/\/poblenouurbandistrict.com\/ca\/wp-json\/wp\/v2\/comments?post=42334"}],"version-history":[{"count":8,"href":"https:\/\/poblenouurbandistrict.com\/ca\/wp-json\/wp\/v2\/posts\/42334\/revisions"}],"predecessor-version":[{"id":42394,"href":"https:\/\/poblenouurbandistrict.com\/ca\/wp-json\/wp\/v2\/posts\/42334\/revisions\/42394"}],"wp:featuredmedia":[{"embeddable":true,"href":"https:\/\/poblenouurbandistrict.com\/ca\/wp-json\/wp\/v2\/media\/6106"}],"wp:attachment":[{"href":"https:\/\/poblenouurbandistrict.com\/ca\/wp-json\/wp\/v2\/media?parent=42334"}],"wp:term":[{"taxonomy":"category","embeddable":true,"href":"https:\/\/poblenouurbandistrict.com\/ca\/wp-json\/wp\/v2\/categories?post=42334"},{"taxonomy":"post_tag","embeddable":true,"href":"https:\/\/poblenouurbandistrict.com\/ca\/wp-json\/wp\/v2\/tags?post=42334"}],"curies":[{"name":"wp","href":"https:\/\/api.w.org\/{rel}","templated":true}]}}