{"id":42429,"date":"2023-11-09T13:34:25","date_gmt":"2023-11-09T12:34:25","guid":{"rendered":"https:\/\/poblenouurbandistrict.com\/?p=42429"},"modified":"2023-11-09T23:36:30","modified_gmt":"2023-11-09T22:36:30","slug":"torna-all-those-food-market-amb-noves-propostes-gastronomiques-al-teatre-nacional-de-catalunya","status":"publish","type":"post","link":"https:\/\/poblenouurbandistrict.com\/ca\/torna-all-those-food-market-amb-noves-propostes-gastronomiques-al-teatre-nacional-de-catalunya\/","title":{"rendered":"Torna All Those Food Market amb noves propostes gastron\u00f2miques al Teatre Nacional de Catalunya"},"content":{"rendered":"<p>Arriba una nova edici\u00f3 d&#8217;un dels esdeveniments gastron\u00f2mics m\u00e9s esperats de l&#8217;any, el festival <a href=\"https:\/\/www.allthose.org\/\">All Those Food Market<\/a>. Nous negocis, nous sabors per degustar, nous talents, nous racons de Barcelona. Qu\u00e8 m\u00e9s es pot demanar?<\/p>\n<p>Aquest cap de setmana (11 i 12 de novembre) el <a href=\"https:\/\/www.tnc.cat\/\">Teatre Nacional de Catalunya<\/a> es converteix en un gran mercat gastron\u00f2mic amb tallers, propostes culin\u00e0ries i les darreres tend\u00e8ncies d&#8217;artesania. Tres socis del Poblenou Urban District participaran en aquest esdeveniment presentant els seus millors plats: <a href=\"https:\/\/www.warikeproject.com\/\">Warike Project<\/a>, <a href=\"https:\/\/www.corpenbarcelona.com\/\">Copen Gin<\/a> i\u00a0<a href=\"https:\/\/www.zanahpasteles.com\/\">Zanah Pasteles<\/a>.<\/p>\n<p>Si t&#8217;agrada el que \u00e9s ex\u00f2tic i vols alguna cosa una mica diferent, et recomanem que provis la <em>streetfood<\/em> peruana que t&#8217;ofereixen a Warike Project. Combinacions inimaginables, explosions de sabors i menjar tradicional peru\u00e0 que no et deixar\u00e0 indiferent. T&#8217;atreveixes?<\/p>\n<p>Per altra banda, si prefereixes alguna cosa dol\u00e7a per acompanyar-lo amb el teu caf\u00e8, el teu <em>go to<\/em> hauria de ser Zanah Pasteles. El Carrot Cake, el Red Velvet o el past\u00eds de xocolata amb dol\u00e7 de llet s\u00f3n algunes de les opcions que trobar\u00e0s i que segur que no et deixaran indiferent.<\/p>\n<p>Finalment, si a la tarda despr\u00e9s de dinar et ve de gust una copa, acosta&#8217;t a la parada de Corpen Gin, no et decebr\u00e0.<\/p>\n<p>Celebra la gastronomia i dona suport als emprenedors emergents en un lloc id\u00edl\u00b7lic de la m\u00e0 dels locals m\u00e9s innovadors de Barcelona. Si vols m\u00e9s informaci\u00f3, compra les entrades o reserva algun taller en el seg\u00fcent <a href=\"https:\/\/tienda.allthose.org\/\">enlla\u00e7<\/a>.<\/p>","protected":false},"excerpt":{"rendered":"<p>Arriba una nova edici\u00f3 d&#8217;un dels esdeveniments gastron\u00f2mics m\u00e9s esperats de l&#8217;any, el festival All Those Food Market. Nous negocis,&#8230; <a href=\"https:\/\/poblenouurbandistrict.com\/ca\/torna-all-those-food-market-amb-noves-propostes-gastronomiques-al-teatre-nacional-de-catalunya\/\">M\u00e9s  \u2192<\/a><\/p>\n","protected":false},"author":5,"featured_media":42455,"comment_status":"closed","ping_status":"closed","sticky":false,"template":"","format":"standard","meta":{"_acf_changed":false,"footnotes":""},"categories":[3353],"tags":[],"class_list":["post-42429","post","type-post","status-publish","format-standard","has-post-thumbnail","hentry","category-gastronomia"],"acf":[],"yoast_head":"<!-- This site is optimized with the Yoast SEO plugin v27.4 - https:\/\/yoast.com\/product\/yoast-seo-wordpress\/ -->\n<title>Torna All Those Food Market amb noves propostes gastron\u00f2miques al Teatre Nacional de Catalunya &#8211; Poblenou Urban District<\/title>\n<meta name=\"robots\" content=\"index, follow, max-snippet:-1, max-image-preview:large, max-video-preview:-1\" \/>\n<link rel=\"canonical\" href=\"https:\/\/poblenouurbandistrict.com\/ca\/torna-all-those-food-market-amb-noves-propostes-gastronomiques-al-teatre-nacional-de-catalunya\/\" \/>\n<meta property=\"og:locale\" content=\"ca_ES\" \/>\n<meta property=\"og:type\" content=\"article\" \/>\n<meta property=\"og:title\" content=\"Torna All Those Food Market amb noves propostes gastron\u00f2miques al Teatre Nacional de Catalunya &#8211; Poblenou Urban District\" \/>\n<meta property=\"og:description\" content=\"Arriba una nova edici\u00f3 d&#8217;un dels esdeveniments gastron\u00f2mics m\u00e9s esperats de l&#8217;any, el festival All Those Food Market. Nous negocis,... M\u00e9s \u2192\" \/>\n<meta property=\"og:url\" content=\"https:\/\/poblenouurbandistrict.com\/ca\/torna-all-those-food-market-amb-noves-propostes-gastronomiques-al-teatre-nacional-de-catalunya\/\" \/>\n<meta property=\"og:site_name\" content=\"Poblenou Urban District\" \/>\n<meta property=\"article:published_time\" content=\"2023-11-09T12:34:25+00:00\" \/>\n<meta property=\"article:modified_time\" content=\"2023-11-09T22:36:30+00:00\" \/>\n<meta property=\"og:image\" content=\"https:\/\/poblenouurbandistrict.com\/wp-content\/uploads\/2023\/11\/001-alejandraperello-scaled.jpg\" \/>\n\t<meta property=\"og:image:width\" content=\"2560\" \/>\n\t<meta property=\"og:image:height\" content=\"1709\" \/>\n\t<meta property=\"og:image:type\" content=\"image\/jpeg\" \/>\n<meta name=\"author\" content=\"pnud\" \/>\n<meta name=\"twitter:card\" content=\"summary_large_image\" \/>\n<meta name=\"twitter:label1\" content=\"Escrit per\" \/>\n\t<meta name=\"twitter:data1\" content=\"pnud\" \/>\n\t<meta name=\"twitter:label2\" content=\"Temps estimat de lectura\" \/>\n\t<meta name=\"twitter:data2\" content=\"2 minuts\" \/>\n<script type=\"application\/ld+json\" class=\"yoast-schema-graph\">{\"@context\":\"https:\\\/\\\/schema.org\",\"@graph\":[{\"@type\":\"Article\",\"@id\":\"https:\\\/\\\/poblenouurbandistrict.com\\\/torna-all-those-food-market-amb-noves-propostes-gastronomiques-al-teatre-nacional-de-catalunya\\\/#article\",\"isPartOf\":{\"@id\":\"https:\\\/\\\/poblenouurbandistrict.com\\\/torna-all-those-food-market-amb-noves-propostes-gastronomiques-al-teatre-nacional-de-catalunya\\\/\"},\"author\":{\"name\":\"pnud\",\"@id\":\"https:\\\/\\\/poblenouurbandistrict.com\\\/#\\\/schema\\\/person\\\/980a2cf34b399d5218205730acd54a7e\"},\"headline\":\"Torna All Those Food Market amb noves propostes gastron\u00f2miques al Teatre Nacional de Catalunya\",\"datePublished\":\"2023-11-09T12:34:25+00:00\",\"dateModified\":\"2023-11-09T22:36:30+00:00\",\"mainEntityOfPage\":{\"@id\":\"https:\\\/\\\/poblenouurbandistrict.com\\\/torna-all-those-food-market-amb-noves-propostes-gastronomiques-al-teatre-nacional-de-catalunya\\\/\"},\"wordCount\":556,\"image\":{\"@id\":\"https:\\\/\\\/poblenouurbandistrict.com\\\/torna-all-those-food-market-amb-noves-propostes-gastronomiques-al-teatre-nacional-de-catalunya\\\/#primaryimage\"},\"thumbnailUrl\":\"https:\\\/\\\/media.poblenouurbandistrict.com\\\/2023\\\/11\\\/25065819\\\/001-alejandraperello-scaled.jpg\",\"articleSection\":[\"Gastronomia\"],\"inLanguage\":\"ca\"},{\"@type\":\"WebPage\",\"@id\":\"https:\\\/\\\/poblenouurbandistrict.com\\\/ca\\\/torna-all-those-food-market-amb-noves-propostes-gastronomiques-al-teatre-nacional-de-catalunya\\\/\",\"url\":\"https:\\\/\\\/poblenouurbandistrict.com\\\/ca\\\/torna-all-those-food-market-amb-noves-propostes-gastronomiques-al-teatre-nacional-de-catalunya\\\/\",\"name\":\"Torna All Those Food Market amb noves propostes gastron\u00f2miques al Teatre Nacional de Catalunya &#8211; Poblenou Urban District\",\"isPartOf\":{\"@id\":\"https:\\\/\\\/poblenouurbandistrict.com\\\/ca\\\/#website\"},\"primaryImageOfPage\":{\"@id\":\"https:\\\/\\\/poblenouurbandistrict.com\\\/ca\\\/torna-all-those-food-market-amb-noves-propostes-gastronomiques-al-teatre-nacional-de-catalunya\\\/#primaryimage\"},\"image\":{\"@id\":\"https:\\\/\\\/poblenouurbandistrict.com\\\/torna-all-those-food-market-amb-noves-propostes-gastronomiques-al-teatre-nacional-de-catalunya\\\/#primaryimage\"},\"thumbnailUrl\":\"https:\\\/\\\/media.poblenouurbandistrict.com\\\/2023\\\/11\\\/25065819\\\/001-alejandraperello-scaled.jpg\",\"datePublished\":\"2023-11-09T12:34:25+00:00\",\"dateModified\":\"2023-11-09T22:36:30+00:00\",\"author\":{\"@id\":\"https:\\\/\\\/poblenouurbandistrict.com\\\/#\\\/schema\\\/person\\\/980a2cf34b399d5218205730acd54a7e\"},\"breadcrumb\":{\"@id\":\"https:\\\/\\\/poblenouurbandistrict.com\\\/ca\\\/torna-all-those-food-market-amb-noves-propostes-gastronomiques-al-teatre-nacional-de-catalunya\\\/#breadcrumb\"},\"inLanguage\":\"ca\",\"potentialAction\":[{\"@type\":\"ReadAction\",\"target\":[[\"https:\\\/\\\/poblenouurbandistrict.com\\\/ca\\\/torna-all-those-food-market-amb-noves-propostes-gastronomiques-al-teatre-nacional-de-catalunya\\\/\"]]}]},{\"@type\":\"ImageObject\",\"inLanguage\":\"ca\",\"@id\":\"https:\\\/\\\/poblenouurbandistrict.com\\\/ca\\\/torna-all-those-food-market-amb-noves-propostes-gastronomiques-al-teatre-nacional-de-catalunya\\\/#primaryimage\",\"url\":\"https:\\\/\\\/media.poblenouurbandistrict.com\\\/2023\\\/11\\\/25065819\\\/001-alejandraperello-scaled.jpg\",\"contentUrl\":\"https:\\\/\\\/media.poblenouurbandistrict.com\\\/2023\\\/11\\\/25065819\\\/001-alejandraperello-scaled.jpg\",\"width\":2560,\"height\":1709},{\"@type\":\"BreadcrumbList\",\"@id\":\"https:\\\/\\\/poblenouurbandistrict.com\\\/ca\\\/torna-all-those-food-market-amb-noves-propostes-gastronomiques-al-teatre-nacional-de-catalunya\\\/#breadcrumb\",\"itemListElement\":[{\"@type\":\"ListItem\",\"position\":1,\"name\":\"Home\",\"item\":\"https:\\\/\\\/poblenouurbandistrict.com\\\/ca\\\/\"},{\"@type\":\"ListItem\",\"position\":2,\"name\":\"Torna All Those Food Market amb noves propostes gastron\u00f2miques al Teatre Nacional de Catalunya\"}]},{\"@type\":\"WebSite\",\"@id\":\"https:\\\/\\\/poblenouurbandistrict.com\\\/ca\\\/#website\",\"url\":\"https:\\\/\\\/poblenouurbandistrict.com\\\/ca\\\/\",\"name\":\"Poblenou Urban District\",\"description\":\"Comunitat Creativa\",\"potentialAction\":[{\"@type\":\"SearchAction\",\"target\":{\"@type\":\"EntryPoint\",\"urlTemplate\":\"https:\\\/\\\/poblenouurbandistrict.com\\\/ca\\\/?s={search_term_string}\"},\"query-input\":{\"@type\":\"PropertyValueSpecification\",\"valueRequired\":true,\"valueName\":\"search_term_string\"}}],\"inLanguage\":\"ca\"},{\"@type\":\"Person\",\"@id\":\"https:\\\/\\\/poblenouurbandistrict.com\\\/#\\\/schema\\\/person\\\/980a2cf34b399d5218205730acd54a7e\",\"name\":\"pnud\",\"image\":{\"@type\":\"ImageObject\",\"inLanguage\":\"ca\",\"@id\":\"https:\\\/\\\/secure.gravatar.com\\\/avatar\\\/67146597b405ee077a24e519f75c3e2031736596d6ce35af3a34c122c93d0d7b?s=96&d=retro&r=g\",\"url\":\"https:\\\/\\\/secure.gravatar.com\\\/avatar\\\/67146597b405ee077a24e519f75c3e2031736596d6ce35af3a34c122c93d0d7b?s=96&d=retro&r=g\",\"contentUrl\":\"https:\\\/\\\/secure.gravatar.com\\\/avatar\\\/67146597b405ee077a24e519f75c3e2031736596d6ce35af3a34c122c93d0d7b?s=96&d=retro&r=g\",\"caption\":\"pnud\"}}]}<\/script>\n<!-- \/ Yoast SEO plugin. -->","yoast_head_json":{"title":"Torna All Those Food Market amb noves propostes gastron\u00f2miques al Teatre Nacional de Catalunya &#8211; Poblenou Urban District","robots":{"index":"index","follow":"follow","max-snippet":"max-snippet:-1","max-image-preview":"max-image-preview:large","max-video-preview":"max-video-preview:-1"},"canonical":"https:\/\/poblenouurbandistrict.com\/ca\/torna-all-those-food-market-amb-noves-propostes-gastronomiques-al-teatre-nacional-de-catalunya\/","og_locale":"ca_ES","og_type":"article","og_title":"Torna All Those Food Market amb noves propostes gastron\u00f2miques al Teatre Nacional de Catalunya &#8211; Poblenou Urban District","og_description":"Arriba una nova edici\u00f3 d&#8217;un dels esdeveniments gastron\u00f2mics m\u00e9s esperats de l&#8217;any, el festival All Those Food Market. Nous negocis,... M\u00e9s \u2192","og_url":"https:\/\/poblenouurbandistrict.com\/ca\/torna-all-those-food-market-amb-noves-propostes-gastronomiques-al-teatre-nacional-de-catalunya\/","og_site_name":"Poblenou Urban District","article_published_time":"2023-11-09T12:34:25+00:00","article_modified_time":"2023-11-09T22:36:30+00:00","og_image":[{"width":2560,"height":1709,"url":"https:\/\/poblenouurbandistrict.com\/wp-content\/uploads\/2023\/11\/001-alejandraperello-scaled.jpg","type":"image\/jpeg"}],"author":"pnud","twitter_card":"summary_large_image","twitter_misc":{"Escrit per":"pnud","Temps estimat de lectura":"2 minuts"},"schema":{"@context":"https:\/\/schema.org","@graph":[{"@type":"Article","@id":"https:\/\/poblenouurbandistrict.com\/torna-all-those-food-market-amb-noves-propostes-gastronomiques-al-teatre-nacional-de-catalunya\/#article","isPartOf":{"@id":"https:\/\/poblenouurbandistrict.com\/torna-all-those-food-market-amb-noves-propostes-gastronomiques-al-teatre-nacional-de-catalunya\/"},"author":{"name":"pnud","@id":"https:\/\/poblenouurbandistrict.com\/#\/schema\/person\/980a2cf34b399d5218205730acd54a7e"},"headline":"Torna All Those Food Market amb noves propostes gastron\u00f2miques al Teatre Nacional de Catalunya","datePublished":"2023-11-09T12:34:25+00:00","dateModified":"2023-11-09T22:36:30+00:00","mainEntityOfPage":{"@id":"https:\/\/poblenouurbandistrict.com\/torna-all-those-food-market-amb-noves-propostes-gastronomiques-al-teatre-nacional-de-catalunya\/"},"wordCount":556,"image":{"@id":"https:\/\/poblenouurbandistrict.com\/torna-all-those-food-market-amb-noves-propostes-gastronomiques-al-teatre-nacional-de-catalunya\/#primaryimage"},"thumbnailUrl":"https:\/\/media.poblenouurbandistrict.com\/2023\/11\/25065819\/001-alejandraperello-scaled.jpg","articleSection":["Gastronomia"],"inLanguage":"ca"},{"@type":"WebPage","@id":"https:\/\/poblenouurbandistrict.com\/ca\/torna-all-those-food-market-amb-noves-propostes-gastronomiques-al-teatre-nacional-de-catalunya\/","url":"https:\/\/poblenouurbandistrict.com\/ca\/torna-all-those-food-market-amb-noves-propostes-gastronomiques-al-teatre-nacional-de-catalunya\/","name":"Torna All Those Food Market amb noves propostes gastron\u00f2miques al Teatre Nacional de Catalunya &#8211; Poblenou Urban District","isPartOf":{"@id":"https:\/\/poblenouurbandistrict.com\/ca\/#website"},"primaryImageOfPage":{"@id":"https:\/\/poblenouurbandistrict.com\/ca\/torna-all-those-food-market-amb-noves-propostes-gastronomiques-al-teatre-nacional-de-catalunya\/#primaryimage"},"image":{"@id":"https:\/\/poblenouurbandistrict.com\/torna-all-those-food-market-amb-noves-propostes-gastronomiques-al-teatre-nacional-de-catalunya\/#primaryimage"},"thumbnailUrl":"https:\/\/media.poblenouurbandistrict.com\/2023\/11\/25065819\/001-alejandraperello-scaled.jpg","datePublished":"2023-11-09T12:34:25+00:00","dateModified":"2023-11-09T22:36:30+00:00","author":{"@id":"https:\/\/poblenouurbandistrict.com\/#\/schema\/person\/980a2cf34b399d5218205730acd54a7e"},"breadcrumb":{"@id":"https:\/\/poblenouurbandistrict.com\/ca\/torna-all-those-food-market-amb-noves-propostes-gastronomiques-al-teatre-nacional-de-catalunya\/#breadcrumb"},"inLanguage":"ca","potentialAction":[{"@type":"ReadAction","target":[["https:\/\/poblenouurbandistrict.com\/ca\/torna-all-those-food-market-amb-noves-propostes-gastronomiques-al-teatre-nacional-de-catalunya\/"]]}]},{"@type":"ImageObject","inLanguage":"ca","@id":"https:\/\/poblenouurbandistrict.com\/ca\/torna-all-those-food-market-amb-noves-propostes-gastronomiques-al-teatre-nacional-de-catalunya\/#primaryimage","url":"https:\/\/media.poblenouurbandistrict.com\/2023\/11\/25065819\/001-alejandraperello-scaled.jpg","contentUrl":"https:\/\/media.poblenouurbandistrict.com\/2023\/11\/25065819\/001-alejandraperello-scaled.jpg","width":2560,"height":1709},{"@type":"BreadcrumbList","@id":"https:\/\/poblenouurbandistrict.com\/ca\/torna-all-those-food-market-amb-noves-propostes-gastronomiques-al-teatre-nacional-de-catalunya\/#breadcrumb","itemListElement":[{"@type":"ListItem","position":1,"name":"Home","item":"https:\/\/poblenouurbandistrict.com\/ca\/"},{"@type":"ListItem","position":2,"name":"Torna All Those Food Market amb noves propostes gastron\u00f2miques al Teatre Nacional de Catalunya"}]},{"@type":"WebSite","@id":"https:\/\/poblenouurbandistrict.com\/ca\/#website","url":"https:\/\/poblenouurbandistrict.com\/ca\/","name":"Poblenou Urban District","description":"Comunitat Creativa","potentialAction":[{"@type":"SearchAction","target":{"@type":"EntryPoint","urlTemplate":"https:\/\/poblenouurbandistrict.com\/ca\/?s={search_term_string}"},"query-input":{"@type":"PropertyValueSpecification","valueRequired":true,"valueName":"search_term_string"}}],"inLanguage":"ca"},{"@type":"Person","@id":"https:\/\/poblenouurbandistrict.com\/#\/schema\/person\/980a2cf34b399d5218205730acd54a7e","name":"pnud","image":{"@type":"ImageObject","inLanguage":"ca","@id":"https:\/\/secure.gravatar.com\/avatar\/67146597b405ee077a24e519f75c3e2031736596d6ce35af3a34c122c93d0d7b?s=96&d=retro&r=g","url":"https:\/\/secure.gravatar.com\/avatar\/67146597b405ee077a24e519f75c3e2031736596d6ce35af3a34c122c93d0d7b?s=96&d=retro&r=g","contentUrl":"https:\/\/secure.gravatar.com\/avatar\/67146597b405ee077a24e519f75c3e2031736596d6ce35af3a34c122c93d0d7b?s=96&d=retro&r=g","caption":"pnud"}}]}},"_links":{"self":[{"href":"https:\/\/poblenouurbandistrict.com\/ca\/wp-json\/wp\/v2\/posts\/42429","targetHints":{"allow":["GET"]}}],"collection":[{"href":"https:\/\/poblenouurbandistrict.com\/ca\/wp-json\/wp\/v2\/posts"}],"about":[{"href":"https:\/\/poblenouurbandistrict.com\/ca\/wp-json\/wp\/v2\/types\/post"}],"author":[{"embeddable":true,"href":"https:\/\/poblenouurbandistrict.com\/ca\/wp-json\/wp\/v2\/users\/5"}],"replies":[{"embeddable":true,"href":"https:\/\/poblenouurbandistrict.com\/ca\/wp-json\/wp\/v2\/comments?post=42429"}],"version-history":[{"count":7,"href":"https:\/\/poblenouurbandistrict.com\/ca\/wp-json\/wp\/v2\/posts\/42429\/revisions"}],"predecessor-version":[{"id":42647,"href":"https:\/\/poblenouurbandistrict.com\/ca\/wp-json\/wp\/v2\/posts\/42429\/revisions\/42647"}],"wp:featuredmedia":[{"embeddable":true,"href":"https:\/\/poblenouurbandistrict.com\/ca\/wp-json\/wp\/v2\/media\/42455"}],"wp:attachment":[{"href":"https:\/\/poblenouurbandistrict.com\/ca\/wp-json\/wp\/v2\/media?parent=42429"}],"wp:term":[{"taxonomy":"category","embeddable":true,"href":"https:\/\/poblenouurbandistrict.com\/ca\/wp-json\/wp\/v2\/categories?post=42429"},{"taxonomy":"post_tag","embeddable":true,"href":"https:\/\/poblenouurbandistrict.com\/ca\/wp-json\/wp\/v2\/tags?post=42429"}],"curies":[{"name":"wp","href":"https:\/\/api.w.org\/{rel}","templated":true}]}}