{"id":42440,"date":"2023-11-20T18:12:15","date_gmt":"2023-11-20T17:12:15","guid":{"rendered":"https:\/\/poblenouurbandistrict.com\/?p=42440"},"modified":"2023-11-24T18:00:38","modified_gmt":"2023-11-24T17:00:38","slug":"espectacles-i-activitats-especials-dels-centres-de-formacio-per-al-poblenou-open-night","status":"publish","type":"post","link":"https:\/\/poblenouurbandistrict.com\/ca\/espectacles-i-activitats-especials-dels-centres-de-formacio-per-al-poblenou-open-night\/","title":{"rendered":"Espectacles i activitats especials dels centres de formaci\u00f3 per al Poblenou Open Night"},"content":{"rendered":"<p>El divendres 24 de novembre torna el Poblenou Open Night i diversos centres de formaci\u00f3 associats a Poblenou Urban District ofereixen activitats i espectacles molt interessants per a passar-ho en gran. Segueix la llista de sota i no et perdis res, t&#8217;hi esperem!<\/p>\n<p>&nbsp;<\/p>\n<h3><a href=\"https:\/\/barcelonaschoolofcreativity.com\/\">Barcelona School of Creativity<\/a><\/h3>\n<p>Alguna vegada t&#8217;has detingut a observar quin \u00e9s l&#8217;impacte dels teus gestos i estructures internes en la teva expressi\u00f3 creativa? Prepara&#8217;t per explorar el teu potencial de creaci\u00f3 a trav\u00e9s del cos en moviment en el workshop, &#8220;Geometr\u00edas del cuerpo creativo&#8221;.<\/p>\n<p>\u00c9s imprescindible apuntar-s&#8217;hi <a href=\"https:\/\/www.eventbrite.es\/e\/entradas-geometrias-del-cuerpo-creativo-workshop-de-creatividad-inside-out-751550897967?aff=oddtdtcreator\">aqu\u00ed<\/a>.<\/p>\n<h4 style=\"text-align: center;\">19h &#8211; 21.30h<\/h4>\n<h4 style=\"text-align: center;\">Pallars, 65, interior, local 4<\/h4>\n<hr \/>\n<h3><a href=\"https:\/\/www.baued.es\/?_gl=1*eahfjb*_up*MQ..&amp;gclid=Cj0KCQjw4NujBhC5ARIsAF4Iv6fXHEj-jkEZay9xKMyg5BzbIw1Az8M4JZycu7sPh1Mtwi77U9w1rr4aAn_iEALw_wcB\">BAU<\/a><\/h3>\n<p>Toast\/Salut\/Brindis! \u00e9s una celebraci\u00f3 de l&#8217;art i els seus ecosistemes. El Poblenou Open Night coincideix amb l&#8217;obertura de HAUS, Espai d&#8217;Art i Pr\u00e0ctiques Contempor\u00e0nies, que s&#8217;ha fet amb la col\u00b7laboraci\u00f3 del BAR project, una iniciativa curatorial local.<\/p>\n<p>L&#8217;esdeveniment compta amb acompanyament musical i diferents contribucions d&#8217;artistes i comiss\u00e0ries locals i internacionals que han treballat amb BAR project. En la celebraci\u00f3 hi participen L\u00faa Coderch, cap d&#8217;estudis del Grau en Belles arts de BAU, les directores fundadores de BAR Project, Andrea Rodriguez Novoa i VeronicaValentini, entre d&#8217;altres.<\/p>\n<h4 style=\"text-align: center;\"><strong>20h &#8211; 23h<\/strong><\/h4>\n<h4 style=\"text-align: center;\">Ciutat de Granada, 34 &#8211; 36<\/h4>\n<hr \/>\n<h3><a href=\"https:\/\/fxanimation.es\/\">FX Barcelona Film School<\/a><\/h3>\n<p>FX Barcelona Film School obre la terrassa durant tota la tarda amb barbacoa i activitats obertes al p\u00fablic relacionades amb el m\u00f3n del cinema, el 3D, el concept art, l&#8217;animaci\u00f3 i els videojocs. A partir de les 19.30h, trobar\u00e0s:<\/p>\n<p>Passi de curtmetratges: Una exquisida selecci\u00f3 dels millors curts del FX Film Fest 2023. A m\u00e9s en preestrena, es projectar\u00e0 &#8220;Hay un fuego verde&#8221; de Cristina Diez-Madro\u00f1ero.<\/p>\n<p>Exposici\u00f3 de Concept Art: T&#8217;apassiona el dibuix, l&#8217;art conceptual i el desenvolupament visual de les produccions audiovisuals? Vine a visitar l&#8217;exposici\u00f3 de treballs dels alumnes i professors de l&#8217;\u00e0rea de Concept art de FX Barcelona Film School.<\/p>\n<p>Zona de videojocs: Gamer, aquesta zona \u00e9s per a tu! us convidem a provar amb amics, alguns dels videojocs creats pels alumnes de l&#8217;escola. Ready?<\/p>\n<p>I a partir de les 21.30h i fins a les 00h, balla i gaudeix d&#8217;uns c\u00f2ctels de Slow Barcelona i DJ S\u00f6ren Manzoni.<\/p>\n<p>Inscriu-t&#8217;hi <a href=\"https:\/\/www.eventbrite.es\/e\/entradas-open-night-poblenou-fx-barcelona-film-school-761222024567?aff=oddtdtcreator\">aqu\u00ed<\/a>.<\/p>\n<h4 style=\"text-align: center;\">19.30h &#8211; 00h<\/h4>\n<h4 style=\"text-align: center;\">Pujades, 112<\/h4>\n<hr \/>\n<h3><a href=\"https:\/\/iaac.net\/\">IAAC<\/a> &amp; <a href=\"https:\/\/fablabbcn.org\/\">Fab Lab Barcelona<\/a><\/h3>\n<p>L&#8217;Institut d&#8217;Arquitectura Avan\u00e7ada de Catalunya mostrar\u00e0 una s\u00e8rie de projectes dels programes educatius en col\u00b7laboraci\u00f3 amb el Fab Lab Barcelona. Aix\u00ed mateix, s&#8217;exhibiran m\u00e0quines creades per estudiants actuals del M\u00e0ster en Disseny per a Futurs Emergents, aix\u00ed com projectes d&#8217;anys anteriors, inclosos treballs t\u00e8xtils de Fabricademy, projectes grupals de FutureTechnologies for Sustainable Fashion i una varietat de projectes de Fab Academy.<\/p>\n<p>Paral\u00b7lelament tamb\u00e9 es podr\u00e0 veure &#8216;Living Exhibition Barcelona&#8217;, una exposici\u00f3 que mostra innovacions ecol\u00f2giques que contribueixen als objectius del Pacte Verd de la UE en presentar prototips desenvolupats per estudiants-empresaris d&#8217;IAAC, juntament amb altres projectes en curs tant en recerca com en ind\u00fastria.<\/p>\n<h4 style=\"text-align: center;\"><strong>19h &#8211; 22h<\/strong><\/h4>\n<h4 style=\"text-align: center;\">Pujades, 102<\/h4>\n<hr \/>\n<h3><a href=\"https:\/\/www.lidembarcelona.com\/\"><b>L\u2019Idem Barcelona<\/b><\/a><\/h3>\n<p>Vols provar el nou videojoc RV desenvolupat pels alumnes de L&#8217;Idem? Tens l&#8217;oportunitat de provar-ho en primera persona. A m\u00e9s hi haur\u00e0 passi de curtmetratges, concert en directe del grup LA CENTRAL i tallers.<\/p>\n<h4 style=\"text-align: center;\"><strong>19h &#8211; 00h<\/strong><\/h4>\n<h4 style=\"text-align: center;\">Ciutat de Granada, 53, 57<\/h4>\n<hr \/>\n<h3><a href=\"https:\/\/manuvision.es\/\"><b>Manuvision<\/b><\/a><\/h3>\n<p>Tast de mans: Dona&#8217;t un respir i coneix la ter\u00e0pia corporal en llitera de Manuvision. T&#8217;esperen amb un tractament breu perqu\u00e8 coneguis les mans dels millors terapeutes del Poblenou.<\/p>\n<h4 style=\"text-align: center;\"><strong>19h &#8211; 23h<\/strong><\/h4>\n<h4 style=\"text-align: center;\">Taulat, 77<\/h4>\n<hr \/>\n<h3><a href=\"https:\/\/sou-livre.com\/\"><b>SouLivre<\/b><\/a><\/h3>\n<p>Has sentit mai parlar de la dansa vertical? \u00c9s una modalitat de la dansa a\u00e8ria on la paret es converteix en l&#8217;escenari i es balla penjat d&#8217;una corda. Dansa vertical, Bungee Up, Pilates Cl\u00e0ssic i Aeri, Funcional, Jumping i FitDance s\u00f3n totes les activitats que realitzen i el 24 de novembre et faran una demostraci\u00f3 amb alumnes i professors perqu\u00e8 puguis descobrir l&#8217;art d&#8217;aquests moviments. Inscriu-t&#8217;hi <a href=\"https:\/\/sou-livre.com\/horarios-y-reservas\/\">aqu\u00ed<\/a>.<\/p>\n<p>A continuaci\u00f3, pots consultar els horaris de les funcions:<\/p>\n<div>\n<ul>\n<li>19.15h &#8211; Bungee Dance &#8220;Cravin&#8221;<\/li>\n<li>19.25h &#8211; Bungee Intermedio &#8220;Mission impossible&#8221;<\/li>\n<li>19.40h &#8211; Bungee Dance &#8220;Believer&#8221;<\/li>\n<li>19.50h &#8211; M\u00e1quinas del Jumping<\/li>\n<li>20h &#8211; Pilates A\u00e9reo<\/li>\n<li>20.10h &#8211; Pilates a\u00f1os 80<\/li>\n<li>20.20h &#8211; FitDance<\/li>\n<li>20.30h &#8211; Danza Vertical &#8211; Tango<\/li>\n<li>20.40h &#8211; Danza Vertical &#8211; Profes<\/li>\n<li>20.50 &#8211; Bungee Profes &#8220;Gran finale&#8221;<\/li>\n<\/ul>\n<\/div>\n<h4 style=\"text-align: center;\">Llull, 68<\/h4>\n<hr \/>\n<h3><a href=\"https:\/\/onairbarcelona.com\/\">Onair Barcelona<\/a><\/h3>\n<p>Els misteris m\u00e9s profunds de l&#8217;\u00e0nima es revelen, alliberant els seus secrets en una dansa que barreja el terrenal amb el celestial Vols gaudir d&#8217;un espectacle de dansa a\u00e8ria que et deixar\u00e0 amb la boca oberta? ONAIR torna amb un nou espectacle GLORY, emmarcat en La Catedral del Cel.<\/p>\n<ul>\n<li><span style=\"font-weight: 400;\">Duraci\u00f3 de l&#8217;espectacle: 30min<\/span><\/li>\n<li><span style=\"font-weight: 400;\">No recomanat per menors de 14 anys<\/span><\/li>\n<li style=\"text-align: left;\">Entrades a la venda a\u00a0<a href=\"https:\/\/www.eventbrite.es\/e\/entradas-onair-la-catedral-del-cel-glory-754745071827?utm-campaign=social&amp;utm-content=attendeeshare&amp;utm-medium=discovery&amp;utm-term=listing&amp;utm-source=cp&amp;aff=ebdsshcopyurl\">eventbrite<\/a> per la funci\u00f3 de les <strong>21h<\/strong><\/li>\n<li style=\"text-align: left;\">Entrades a la venda a\u00a0<a href=\"https:\/\/www.eventbrite.es\/e\/entradas-onair-la-catedral-del-cel-glory-754778652267?utm-campaign=social&amp;utm-content=attendeeshare&amp;utm-medium=discovery&amp;utm-term=listing&amp;utm-source=cp&amp;aff=ebdsshcopyurl\">eventbrite<\/a> per la funci\u00f3 de les <strong>22.30h<\/strong><\/li>\n<\/ul>\n<h4 style=\"text-align: center;\">Pere IV, 99<\/h4>\n<p><\/p>","protected":false},"excerpt":{"rendered":"<p>El divendres 24 de novembre torna el Poblenou Open Night i diversos centres de formaci\u00f3 associats a Poblenou Urban District&#8230; <a href=\"https:\/\/poblenouurbandistrict.com\/ca\/espectacles-i-activitats-especials-dels-centres-de-formacio-per-al-poblenou-open-night\/\">M\u00e9s  \u2192<\/a><\/p>\n","protected":false},"author":5,"featured_media":42626,"comment_status":"closed","ping_status":"closed","sticky":false,"template":"","format":"standard","meta":{"_acf_changed":false,"footnotes":""},"categories":[3526,3345],"tags":[],"class_list":["post-42440","post","type-post","status-publish","format-standard","has-post-thumbnail","hentry","category-open-night","category-formacion"],"acf":[],"yoast_head":"<!-- This site is optimized with the Yoast SEO plugin v27.4 - https:\/\/yoast.com\/product\/yoast-seo-wordpress\/ -->\n<title>Espectacles i activitats especials dels centres de formaci\u00f3 per al Poblenou Open Night &#8211; Poblenou Urban District<\/title>\n<meta name=\"robots\" content=\"index, follow, max-snippet:-1, max-image-preview:large, max-video-preview:-1\" \/>\n<link rel=\"canonical\" href=\"https:\/\/poblenouurbandistrict.com\/ca\/espectacles-i-activitats-especials-dels-centres-de-formacio-per-al-poblenou-open-night\/\" \/>\n<meta property=\"og:locale\" content=\"ca_ES\" \/>\n<meta property=\"og:type\" content=\"article\" \/>\n<meta property=\"og:title\" content=\"Espectacles i activitats especials dels centres de formaci\u00f3 per al Poblenou Open Night &#8211; Poblenou Urban District\" \/>\n<meta property=\"og:description\" content=\"El divendres 24 de novembre torna el Poblenou Open Night i diversos centres de formaci\u00f3 associats a Poblenou Urban District... M\u00e9s \u2192\" \/>\n<meta property=\"og:url\" content=\"https:\/\/poblenouurbandistrict.com\/ca\/espectacles-i-activitats-especials-dels-centres-de-formacio-per-al-poblenou-open-night\/\" \/>\n<meta property=\"og:site_name\" content=\"Poblenou Urban District\" \/>\n<meta property=\"article:published_time\" content=\"2023-11-20T17:12:15+00:00\" \/>\n<meta property=\"article:modified_time\" content=\"2023-11-24T17:00:38+00:00\" \/>\n<meta property=\"og:image\" content=\"https:\/\/poblenouurbandistrict.com\/wp-content\/uploads\/2023\/11\/iaac-fab-lab-bcn-1-640x427.jpg\" \/>\n\t<meta property=\"og:image:width\" content=\"640\" \/>\n\t<meta property=\"og:image:height\" content=\"427\" \/>\n\t<meta property=\"og:image:type\" content=\"image\/jpeg\" \/>\n<meta name=\"author\" content=\"pnud\" \/>\n<meta name=\"twitter:card\" content=\"summary_large_image\" \/>\n<meta name=\"twitter:label1\" content=\"Escrit per\" \/>\n\t<meta name=\"twitter:data1\" content=\"pnud\" \/>\n<script type=\"application\/ld+json\" class=\"yoast-schema-graph\">{\"@context\":\"https:\\\/\\\/schema.org\",\"@graph\":[{\"@type\":\"Article\",\"@id\":\"https:\\\/\\\/poblenouurbandistrict.com\\\/espectacles-i-activitats-especials-dels-centres-de-formacio-per-al-poblenou-open-night\\\/#article\",\"isPartOf\":{\"@id\":\"https:\\\/\\\/poblenouurbandistrict.com\\\/espectacles-i-activitats-especials-dels-centres-de-formacio-per-al-poblenou-open-night\\\/\"},\"author\":{\"name\":\"pnud\",\"@id\":\"https:\\\/\\\/poblenouurbandistrict.com\\\/#\\\/schema\\\/person\\\/980a2cf34b399d5218205730acd54a7e\"},\"headline\":\"Espectacles i activitats especials dels centres de formaci\u00f3 per al Poblenou Open Night\",\"datePublished\":\"2023-11-20T17:12:15+00:00\",\"dateModified\":\"2023-11-24T17:00:38+00:00\",\"mainEntityOfPage\":{\"@id\":\"https:\\\/\\\/poblenouurbandistrict.com\\\/espectacles-i-activitats-especials-dels-centres-de-formacio-per-al-poblenou-open-night\\\/\"},\"wordCount\":1726,\"image\":{\"@id\":\"https:\\\/\\\/poblenouurbandistrict.com\\\/espectacles-i-activitats-especials-dels-centres-de-formacio-per-al-poblenou-open-night\\\/#primaryimage\"},\"thumbnailUrl\":\"https:\\\/\\\/media.poblenouurbandistrict.com\\\/2023\\\/11\\\/25070050\\\/iaac-fab-lab-bcn-1.jpg\",\"articleSection\":[\"Open Night\",\"Formaci\u00f3\"],\"inLanguage\":\"ca\"},{\"@type\":\"WebPage\",\"@id\":\"https:\\\/\\\/poblenouurbandistrict.com\\\/ca\\\/espectacles-i-activitats-especials-dels-centres-de-formacio-per-al-poblenou-open-night\\\/\",\"url\":\"https:\\\/\\\/poblenouurbandistrict.com\\\/ca\\\/espectacles-i-activitats-especials-dels-centres-de-formacio-per-al-poblenou-open-night\\\/\",\"name\":\"Espectacles i activitats especials dels centres de formaci\u00f3 per al Poblenou Open Night &#8211; Poblenou Urban District\",\"isPartOf\":{\"@id\":\"https:\\\/\\\/poblenouurbandistrict.com\\\/ca\\\/#website\"},\"primaryImageOfPage\":{\"@id\":\"https:\\\/\\\/poblenouurbandistrict.com\\\/ca\\\/espectacles-i-activitats-especials-dels-centres-de-formacio-per-al-poblenou-open-night\\\/#primaryimage\"},\"image\":{\"@id\":\"https:\\\/\\\/poblenouurbandistrict.com\\\/espectacles-i-activitats-especials-dels-centres-de-formacio-per-al-poblenou-open-night\\\/#primaryimage\"},\"thumbnailUrl\":\"https:\\\/\\\/media.poblenouurbandistrict.com\\\/2023\\\/11\\\/25070050\\\/iaac-fab-lab-bcn-1.jpg\",\"datePublished\":\"2023-11-20T17:12:15+00:00\",\"dateModified\":\"2023-11-24T17:00:38+00:00\",\"author\":{\"@id\":\"https:\\\/\\\/poblenouurbandistrict.com\\\/#\\\/schema\\\/person\\\/980a2cf34b399d5218205730acd54a7e\"},\"breadcrumb\":{\"@id\":\"https:\\\/\\\/poblenouurbandistrict.com\\\/ca\\\/espectacles-i-activitats-especials-dels-centres-de-formacio-per-al-poblenou-open-night\\\/#breadcrumb\"},\"inLanguage\":\"ca\",\"potentialAction\":[{\"@type\":\"ReadAction\",\"target\":[[\"https:\\\/\\\/poblenouurbandistrict.com\\\/ca\\\/espectacles-i-activitats-especials-dels-centres-de-formacio-per-al-poblenou-open-night\\\/\"]]}]},{\"@type\":\"ImageObject\",\"inLanguage\":\"ca\",\"@id\":\"https:\\\/\\\/poblenouurbandistrict.com\\\/ca\\\/espectacles-i-activitats-especials-dels-centres-de-formacio-per-al-poblenou-open-night\\\/#primaryimage\",\"url\":\"https:\\\/\\\/media.poblenouurbandistrict.com\\\/2023\\\/11\\\/25070050\\\/iaac-fab-lab-bcn-1.jpg\",\"contentUrl\":\"https:\\\/\\\/media.poblenouurbandistrict.com\\\/2023\\\/11\\\/25070050\\\/iaac-fab-lab-bcn-1.jpg\",\"width\":2000,\"height\":1333},{\"@type\":\"BreadcrumbList\",\"@id\":\"https:\\\/\\\/poblenouurbandistrict.com\\\/ca\\\/espectacles-i-activitats-especials-dels-centres-de-formacio-per-al-poblenou-open-night\\\/#breadcrumb\",\"itemListElement\":[{\"@type\":\"ListItem\",\"position\":1,\"name\":\"Home\",\"item\":\"https:\\\/\\\/poblenouurbandistrict.com\\\/ca\\\/\"},{\"@type\":\"ListItem\",\"position\":2,\"name\":\"Espectacles i activitats especials dels centres de formaci\u00f3 per al Poblenou Open Night\"}]},{\"@type\":\"WebSite\",\"@id\":\"https:\\\/\\\/poblenouurbandistrict.com\\\/ca\\\/#website\",\"url\":\"https:\\\/\\\/poblenouurbandistrict.com\\\/ca\\\/\",\"name\":\"Poblenou Urban District\",\"description\":\"Comunitat Creativa\",\"potentialAction\":[{\"@type\":\"SearchAction\",\"target\":{\"@type\":\"EntryPoint\",\"urlTemplate\":\"https:\\\/\\\/poblenouurbandistrict.com\\\/ca\\\/?s={search_term_string}\"},\"query-input\":{\"@type\":\"PropertyValueSpecification\",\"valueRequired\":true,\"valueName\":\"search_term_string\"}}],\"inLanguage\":\"ca\"},{\"@type\":\"Person\",\"@id\":\"https:\\\/\\\/poblenouurbandistrict.com\\\/#\\\/schema\\\/person\\\/980a2cf34b399d5218205730acd54a7e\",\"name\":\"pnud\",\"image\":{\"@type\":\"ImageObject\",\"inLanguage\":\"ca\",\"@id\":\"https:\\\/\\\/secure.gravatar.com\\\/avatar\\\/67146597b405ee077a24e519f75c3e2031736596d6ce35af3a34c122c93d0d7b?s=96&d=retro&r=g\",\"url\":\"https:\\\/\\\/secure.gravatar.com\\\/avatar\\\/67146597b405ee077a24e519f75c3e2031736596d6ce35af3a34c122c93d0d7b?s=96&d=retro&r=g\",\"contentUrl\":\"https:\\\/\\\/secure.gravatar.com\\\/avatar\\\/67146597b405ee077a24e519f75c3e2031736596d6ce35af3a34c122c93d0d7b?s=96&d=retro&r=g\",\"caption\":\"pnud\"}}]}<\/script>\n<!-- \/ Yoast SEO plugin. -->","yoast_head_json":{"title":"Espectacles i activitats especials dels centres de formaci\u00f3 per al Poblenou Open Night &#8211; Poblenou Urban District","robots":{"index":"index","follow":"follow","max-snippet":"max-snippet:-1","max-image-preview":"max-image-preview:large","max-video-preview":"max-video-preview:-1"},"canonical":"https:\/\/poblenouurbandistrict.com\/ca\/espectacles-i-activitats-especials-dels-centres-de-formacio-per-al-poblenou-open-night\/","og_locale":"ca_ES","og_type":"article","og_title":"Espectacles i activitats especials dels centres de formaci\u00f3 per al Poblenou Open Night &#8211; Poblenou Urban District","og_description":"El divendres 24 de novembre torna el Poblenou Open Night i diversos centres de formaci\u00f3 associats a Poblenou Urban District... M\u00e9s \u2192","og_url":"https:\/\/poblenouurbandistrict.com\/ca\/espectacles-i-activitats-especials-dels-centres-de-formacio-per-al-poblenou-open-night\/","og_site_name":"Poblenou Urban District","article_published_time":"2023-11-20T17:12:15+00:00","article_modified_time":"2023-11-24T17:00:38+00:00","og_image":[{"width":640,"height":427,"url":"https:\/\/poblenouurbandistrict.com\/wp-content\/uploads\/2023\/11\/iaac-fab-lab-bcn-1-640x427.jpg","type":"image\/jpeg"}],"author":"pnud","twitter_card":"summary_large_image","twitter_misc":{"Escrit per":"pnud"},"schema":{"@context":"https:\/\/schema.org","@graph":[{"@type":"Article","@id":"https:\/\/poblenouurbandistrict.com\/espectacles-i-activitats-especials-dels-centres-de-formacio-per-al-poblenou-open-night\/#article","isPartOf":{"@id":"https:\/\/poblenouurbandistrict.com\/espectacles-i-activitats-especials-dels-centres-de-formacio-per-al-poblenou-open-night\/"},"author":{"name":"pnud","@id":"https:\/\/poblenouurbandistrict.com\/#\/schema\/person\/980a2cf34b399d5218205730acd54a7e"},"headline":"Espectacles i activitats especials dels centres de formaci\u00f3 per al Poblenou Open Night","datePublished":"2023-11-20T17:12:15+00:00","dateModified":"2023-11-24T17:00:38+00:00","mainEntityOfPage":{"@id":"https:\/\/poblenouurbandistrict.com\/espectacles-i-activitats-especials-dels-centres-de-formacio-per-al-poblenou-open-night\/"},"wordCount":1726,"image":{"@id":"https:\/\/poblenouurbandistrict.com\/espectacles-i-activitats-especials-dels-centres-de-formacio-per-al-poblenou-open-night\/#primaryimage"},"thumbnailUrl":"https:\/\/media.poblenouurbandistrict.com\/2023\/11\/25070050\/iaac-fab-lab-bcn-1.jpg","articleSection":["Open Night","Formaci\u00f3"],"inLanguage":"ca"},{"@type":"WebPage","@id":"https:\/\/poblenouurbandistrict.com\/ca\/espectacles-i-activitats-especials-dels-centres-de-formacio-per-al-poblenou-open-night\/","url":"https:\/\/poblenouurbandistrict.com\/ca\/espectacles-i-activitats-especials-dels-centres-de-formacio-per-al-poblenou-open-night\/","name":"Espectacles i activitats especials dels centres de formaci\u00f3 per al Poblenou Open Night &#8211; Poblenou Urban District","isPartOf":{"@id":"https:\/\/poblenouurbandistrict.com\/ca\/#website"},"primaryImageOfPage":{"@id":"https:\/\/poblenouurbandistrict.com\/ca\/espectacles-i-activitats-especials-dels-centres-de-formacio-per-al-poblenou-open-night\/#primaryimage"},"image":{"@id":"https:\/\/poblenouurbandistrict.com\/espectacles-i-activitats-especials-dels-centres-de-formacio-per-al-poblenou-open-night\/#primaryimage"},"thumbnailUrl":"https:\/\/media.poblenouurbandistrict.com\/2023\/11\/25070050\/iaac-fab-lab-bcn-1.jpg","datePublished":"2023-11-20T17:12:15+00:00","dateModified":"2023-11-24T17:00:38+00:00","author":{"@id":"https:\/\/poblenouurbandistrict.com\/#\/schema\/person\/980a2cf34b399d5218205730acd54a7e"},"breadcrumb":{"@id":"https:\/\/poblenouurbandistrict.com\/ca\/espectacles-i-activitats-especials-dels-centres-de-formacio-per-al-poblenou-open-night\/#breadcrumb"},"inLanguage":"ca","potentialAction":[{"@type":"ReadAction","target":[["https:\/\/poblenouurbandistrict.com\/ca\/espectacles-i-activitats-especials-dels-centres-de-formacio-per-al-poblenou-open-night\/"]]}]},{"@type":"ImageObject","inLanguage":"ca","@id":"https:\/\/poblenouurbandistrict.com\/ca\/espectacles-i-activitats-especials-dels-centres-de-formacio-per-al-poblenou-open-night\/#primaryimage","url":"https:\/\/media.poblenouurbandistrict.com\/2023\/11\/25070050\/iaac-fab-lab-bcn-1.jpg","contentUrl":"https:\/\/media.poblenouurbandistrict.com\/2023\/11\/25070050\/iaac-fab-lab-bcn-1.jpg","width":2000,"height":1333},{"@type":"BreadcrumbList","@id":"https:\/\/poblenouurbandistrict.com\/ca\/espectacles-i-activitats-especials-dels-centres-de-formacio-per-al-poblenou-open-night\/#breadcrumb","itemListElement":[{"@type":"ListItem","position":1,"name":"Home","item":"https:\/\/poblenouurbandistrict.com\/ca\/"},{"@type":"ListItem","position":2,"name":"Espectacles i activitats especials dels centres de formaci\u00f3 per al Poblenou Open Night"}]},{"@type":"WebSite","@id":"https:\/\/poblenouurbandistrict.com\/ca\/#website","url":"https:\/\/poblenouurbandistrict.com\/ca\/","name":"Poblenou Urban District","description":"Comunitat Creativa","potentialAction":[{"@type":"SearchAction","target":{"@type":"EntryPoint","urlTemplate":"https:\/\/poblenouurbandistrict.com\/ca\/?s={search_term_string}"},"query-input":{"@type":"PropertyValueSpecification","valueRequired":true,"valueName":"search_term_string"}}],"inLanguage":"ca"},{"@type":"Person","@id":"https:\/\/poblenouurbandistrict.com\/#\/schema\/person\/980a2cf34b399d5218205730acd54a7e","name":"pnud","image":{"@type":"ImageObject","inLanguage":"ca","@id":"https:\/\/secure.gravatar.com\/avatar\/67146597b405ee077a24e519f75c3e2031736596d6ce35af3a34c122c93d0d7b?s=96&d=retro&r=g","url":"https:\/\/secure.gravatar.com\/avatar\/67146597b405ee077a24e519f75c3e2031736596d6ce35af3a34c122c93d0d7b?s=96&d=retro&r=g","contentUrl":"https:\/\/secure.gravatar.com\/avatar\/67146597b405ee077a24e519f75c3e2031736596d6ce35af3a34c122c93d0d7b?s=96&d=retro&r=g","caption":"pnud"}}]}},"_links":{"self":[{"href":"https:\/\/poblenouurbandistrict.com\/ca\/wp-json\/wp\/v2\/posts\/42440","targetHints":{"allow":["GET"]}}],"collection":[{"href":"https:\/\/poblenouurbandistrict.com\/ca\/wp-json\/wp\/v2\/posts"}],"about":[{"href":"https:\/\/poblenouurbandistrict.com\/ca\/wp-json\/wp\/v2\/types\/post"}],"author":[{"embeddable":true,"href":"https:\/\/poblenouurbandistrict.com\/ca\/wp-json\/wp\/v2\/users\/5"}],"replies":[{"embeddable":true,"href":"https:\/\/poblenouurbandistrict.com\/ca\/wp-json\/wp\/v2\/comments?post=42440"}],"version-history":[{"count":49,"href":"https:\/\/poblenouurbandistrict.com\/ca\/wp-json\/wp\/v2\/posts\/42440\/revisions"}],"predecessor-version":[{"id":43097,"href":"https:\/\/poblenouurbandistrict.com\/ca\/wp-json\/wp\/v2\/posts\/42440\/revisions\/43097"}],"wp:featuredmedia":[{"embeddable":true,"href":"https:\/\/poblenouurbandistrict.com\/ca\/wp-json\/wp\/v2\/media\/42626"}],"wp:attachment":[{"href":"https:\/\/poblenouurbandistrict.com\/ca\/wp-json\/wp\/v2\/media?parent=42440"}],"wp:term":[{"taxonomy":"category","embeddable":true,"href":"https:\/\/poblenouurbandistrict.com\/ca\/wp-json\/wp\/v2\/categories?post=42440"},{"taxonomy":"post_tag","embeddable":true,"href":"https:\/\/poblenouurbandistrict.com\/ca\/wp-json\/wp\/v2\/tags?post=42440"}],"curies":[{"name":"wp","href":"https:\/\/api.w.org\/{rel}","templated":true}]}}