{"id":42907,"date":"2023-11-20T18:15:25","date_gmt":"2023-11-20T17:15:25","guid":{"rendered":"https:\/\/poblenouurbandistrict.com\/?p=42907"},"modified":"2023-11-23T18:46:46","modified_gmt":"2023-11-23T17:46:46","slug":"gaudeix-de-la-programacio-dels-hotels-per-aquest-poblenou-open-night","status":"publish","type":"post","link":"https:\/\/poblenouurbandistrict.com\/ca\/gaudeix-de-la-programacio-dels-hotels-per-aquest-poblenou-open-night\/","title":{"rendered":"Gaudeix de la programaci\u00f3 dels hotels per aquest Poblenou Open Night"},"content":{"rendered":"<p>Alguns hotels associats a Poblenou Urban District tamb\u00e9 se sumen al Poblenou Open Night del 24 de novembre amb activitats per a tots els p\u00fablics i gustos: m\u00fasica, tallers, gastronomia i art. Pots consultar-ne la llista a continuaci\u00f3:<\/p>\n<h3><a href=\"https:\/\/apartostudent.com\/es\/ubicaciones\/barcelona\/pallars\">Aparto Pallars Barcelona<\/a><\/h3>\n<p>En col\u00b7laboraci\u00f3 amb la Clandestina de Poblenou, Aparto Pallars Barcelona impartir\u00e0 un taller gratu\u00eft d&#8217;aquarel\u00b7la amb un petit aperitiu per a mantenir l&#8217;energia dels participants.<\/p>\n<p>Pots reservar la teva pla\u00e7a enviant un mail a pallars@apartostudent.com. L&#8217;aforament m\u00e0xim \u00e9s de 16 persones.<\/p>\n<h4 style=\"text-align: center;\"><strong>19h<\/strong><\/h4>\n<h4 style=\"text-align: center;\">Pallars, 433<\/h4>\n<hr \/>\n<h3><a href=\"https:\/\/www.hotelbarcelonaprincess.com\/ca\/dagmarestaurant\/\"><b>Hotel Barcelona Princess<\/b><\/a><\/h3>\n<p>Gaudeix d&#8217;una actuaci\u00f3 en viu que et transportar\u00e0 a l&#8217;era daurada del ritme i el blues, aix\u00ed com al fascinant m\u00f3n del boogie woogie. Wax &amp; Boogieet faran moure els peus amb el seu estil inconfusible i la seva energia contagiosa.<\/p>\n<p>Per\u00f2 la m\u00fasica no \u00e9s l&#8217;\u00fanica cosa que delectar\u00e0 els teus sentits, tamb\u00e9 podr\u00e0s degustar exquisits plats de la Terrassa Dagma a un preu especial, 20% de descompte nom\u00e9s de 20.30h a 22h.<\/p>\n<h4 style=\"text-align: center;\"><strong>20.30h &#8211; 23h<\/strong><\/h4>\n<h4 style=\"text-align: center;\"><strong>Avinguda Diagonal, 1<\/strong><\/h4>\n<hr \/>\n<h3><a href=\"https:\/\/thehoxton.com\/es\/poblenou\/\">The Hoxton Poblenou<\/a><\/h3>\n<p>The Hoxton celebra\u00a0\u2018The Hoxton Street Party\u2019 que, sota el lema \u201cfight for your right to party\u201d, aprofiten la idiosincr\u00e0sia d\u2019una nit com la del Poblenou Open Night per recrear les m\u00edtiques block parties que es duien a terme al Nova York m\u00e9s underground dels 80s.<\/p>\n<p>El lineup compta amb DJs que punxen en vinil (<a href=\"https:\/\/www.instagram.com\/lidiuska\/\" target=\"_blank\" rel=\"noopener\" data-saferedirecturl=\"https:\/\/www.google.com\/url?q=https:\/\/www.instagram.com\/lidiuska\/&amp;source=gmail&amp;ust=1700567079772000&amp;usg=AOvVaw0b0ZpJ0RNUCnglcvyfPmbk\">Lidisuka<\/a>,<a href=\"https:\/\/www.instagram.com\/senyor.monk\/\" target=\"_blank\" rel=\"noopener\" data-saferedirecturl=\"https:\/\/www.google.com\/url?q=https:\/\/www.instagram.com\/senyor.monk\/&amp;source=gmail&amp;ust=1700567079772000&amp;usg=AOvVaw3jD8npkKSiWRGc8nTknj_h\">\u00a0Sr. Monk<\/a>\u00a0i\u00a0<a href=\"https:\/\/www.instagram.com\/visionvintageoriginal\/\" target=\"_blank\" rel=\"noopener\" data-saferedirecturl=\"https:\/\/www.google.com\/url?q=https:\/\/www.instagram.com\/visionvintageoriginal\/&amp;source=gmail&amp;ust=1700567079772000&amp;usg=AOvVaw0KuR-CHIPWKlYsFYXjMPhM\">Doc Slump<\/a>), l\u2019MC\u00a0<a href=\"https:\/\/www.instagram.com\/drakoamgod\" target=\"_blank\" rel=\"noopener\" data-saferedirecturl=\"https:\/\/www.google.com\/url?q=https:\/\/www.instagram.com\/drakoamgod&amp;source=gmail&amp;ust=1700567079772000&amp;usg=AOvVaw1cVXc1yV6h62XsYgTVEHmB\">Draco<\/a>, Bboys que ballaran a mig cam\u00ed entre l\u2019exhibici\u00f3 i la competici\u00f3, la crew\u00a0<a href=\"https:\/\/www.instagram.com\/chusick\/\" target=\"_blank\" rel=\"noopener\" data-saferedirecturl=\"https:\/\/www.google.com\/url?q=https:\/\/www.instagram.com\/chusick\/&amp;source=gmail&amp;ust=1700567079772000&amp;usg=AOvVaw1ETfH91PYn08aAzB41x0io\">R4M<\/a>\u00a0i live graffiti cortesia\u00a0de\u00a0<a href=\"https:\/\/www.instagram.com\/montana_colors\/\" target=\"_blank\" rel=\"noopener\" data-saferedirecturl=\"https:\/\/www.google.com\/url?q=https:\/\/www.instagram.com\/montana_colors\/&amp;source=gmail&amp;ust=1700567079772000&amp;usg=AOvVaw32X6BDGu6Y4V9EFIyQMf4G\">Montana Colors<\/a>.<\/p>\n<p>Aix\u00ed mateix, en el lobby tamb\u00e9 hi haur\u00e0 un col\u00b7lectiu de DJ\u2019s,\u00a0<a href=\"https:\/\/www.instagram.com\/___breathedeep\/\">Breathedeep<\/a>, destinat a un p\u00fablic m\u00e9s jove.<\/p>\n<h4 style=\"text-align: center;\"><strong>19h &#8211; 23h<\/strong><\/h4>\n<h4 style=\"text-align: center;\"><strong>Avinguda Diagonal, 205<\/strong><\/h4>\n<hr \/>\n<h3><a href=\"https:\/\/www.thesocialhub.co\/es\/barcelona-poblenou\/\">The Social Hub Barcelona<\/a><\/h3>\n<p>The Social Hub Barcelona organitza un taller de Food Design de 19h a 20.30h, una disciplina que fusiona gastronomia i disseny. Les creacions art\u00edstiques realitzades amb aliments s&#8217;exhibiran com un bufet, proporcionant una oportunitat per a fer networking.<\/p>\n<p>Aix\u00ed mateix, despr\u00e9s hi haur\u00e0 m\u00fasica en viu de la m\u00e0 dels artistes seleccionats de la 3a edici\u00f3n del Music Urban Circuit.<\/p>\n<ul>\n<li>21h \u2013 22h: Jan Bonet (<a href=\"https:\/\/www.instagram.com\/bonetjan\/\">@bonetjan)<\/a><\/li>\n<li>22h \u2013 23h: Not on Earth (<a href=\"https:\/\/www.instagram.com\/notonearth\">@notonearth<\/a>)<\/li>\n<li>23h \u2013 00h: Fillide (<a href=\"https:\/\/www.instagram.com\/fillidemusic\">@fillidemusic<\/a>)<\/li>\n<\/ul>\n<h4 style=\"text-align: center;\">19h &#8211; 00h<\/h4>\n<h4 style=\"text-align: center;\">Crist\u00f3bal de Moura, 49<\/h4>\n<p><\/p>","protected":false},"excerpt":{"rendered":"<p>Alguns hotels associats a Poblenou Urban District tamb\u00e9 se sumen al Poblenou Open Night del 24 de novembre amb activitats&#8230; <a href=\"https:\/\/poblenouurbandistrict.com\/ca\/gaudeix-de-la-programacio-dels-hotels-per-aquest-poblenou-open-night\/\">M\u00e9s  \u2192<\/a><\/p>\n","protected":false},"author":5,"featured_media":37155,"comment_status":"closed","ping_status":"closed","sticky":false,"template":"","format":"standard","meta":{"_acf_changed":false,"footnotes":""},"categories":[3595,3526],"tags":[],"class_list":["post-42907","post","type-post","status-publish","format-standard","has-post-thumbnail","hentry","category-hotels","category-open-night"],"acf":[],"yoast_head":"<!-- This site is optimized with the Yoast SEO plugin v27.4 - https:\/\/yoast.com\/product\/yoast-seo-wordpress\/ -->\n<title>Gaudeix de la programaci\u00f3 dels hotels per aquest Poblenou Open Night &#8211; Poblenou Urban District<\/title>\n<meta name=\"robots\" content=\"index, follow, max-snippet:-1, max-image-preview:large, max-video-preview:-1\" \/>\n<link rel=\"canonical\" href=\"https:\/\/poblenouurbandistrict.com\/ca\/gaudeix-de-la-programacio-dels-hotels-per-aquest-poblenou-open-night\/\" \/>\n<meta property=\"og:locale\" content=\"ca_ES\" \/>\n<meta property=\"og:type\" content=\"article\" \/>\n<meta property=\"og:title\" content=\"Gaudeix de la programaci\u00f3 dels hotels per aquest Poblenou Open Night &#8211; Poblenou Urban District\" \/>\n<meta property=\"og:description\" content=\"Alguns hotels associats a Poblenou Urban District tamb\u00e9 se sumen al Poblenou Open Night del 24 de novembre amb activitats... M\u00e9s \u2192\" \/>\n<meta property=\"og:url\" content=\"https:\/\/poblenouurbandistrict.com\/ca\/gaudeix-de-la-programacio-dels-hotels-per-aquest-poblenou-open-night\/\" \/>\n<meta property=\"og:site_name\" content=\"Poblenou Urban District\" \/>\n<meta property=\"article:published_time\" content=\"2023-11-20T17:15:25+00:00\" \/>\n<meta property=\"article:modified_time\" content=\"2023-11-23T17:46:46+00:00\" \/>\n<meta property=\"og:image\" content=\"https:\/\/poblenouurbandistrict.com\/wp-content\/uploads\/2023\/03\/the-social-hub-barcelona-poblenou-epigrafe-coworking-scaled.jpg\" \/>\n\t<meta property=\"og:image:width\" content=\"2560\" \/>\n\t<meta property=\"og:image:height\" content=\"1707\" \/>\n\t<meta property=\"og:image:type\" content=\"image\/jpeg\" \/>\n<meta name=\"author\" content=\"pnud\" \/>\n<meta name=\"twitter:card\" content=\"summary_large_image\" \/>\n<meta name=\"twitter:label1\" content=\"Escrit per\" \/>\n\t<meta name=\"twitter:data1\" content=\"pnud\" \/>\n\t<meta name=\"twitter:label2\" content=\"Temps estimat de lectura\" \/>\n\t<meta name=\"twitter:data2\" content=\"2 minuts\" \/>\n<script type=\"application\/ld+json\" class=\"yoast-schema-graph\">{\"@context\":\"https:\\\/\\\/schema.org\",\"@graph\":[{\"@type\":\"Article\",\"@id\":\"https:\\\/\\\/poblenouurbandistrict.com\\\/gaudeix-de-la-programacio-dels-hotels-per-aquest-poblenou-open-night\\\/#article\",\"isPartOf\":{\"@id\":\"https:\\\/\\\/poblenouurbandistrict.com\\\/gaudeix-de-la-programacio-dels-hotels-per-aquest-poblenou-open-night\\\/\"},\"author\":{\"name\":\"pnud\",\"@id\":\"https:\\\/\\\/poblenouurbandistrict.com\\\/#\\\/schema\\\/person\\\/980a2cf34b399d5218205730acd54a7e\"},\"headline\":\"Gaudeix de la programaci\u00f3 dels hotels per aquest Poblenou Open Night\",\"datePublished\":\"2023-11-20T17:15:25+00:00\",\"dateModified\":\"2023-11-23T17:46:46+00:00\",\"mainEntityOfPage\":{\"@id\":\"https:\\\/\\\/poblenouurbandistrict.com\\\/gaudeix-de-la-programacio-dels-hotels-per-aquest-poblenou-open-night\\\/\"},\"wordCount\":814,\"image\":{\"@id\":\"https:\\\/\\\/poblenouurbandistrict.com\\\/gaudeix-de-la-programacio-dels-hotels-per-aquest-poblenou-open-night\\\/#primaryimage\"},\"thumbnailUrl\":\"https:\\\/\\\/poblenouurbandistrict.com\\\/wp-content\\\/uploads\\\/2023\\\/03\\\/the-social-hub-barcelona-poblenou-epigrafe-coworking-scaled.jpg\",\"articleSection\":[\"Hotels\",\"Open Night\"],\"inLanguage\":\"ca\"},{\"@type\":\"WebPage\",\"@id\":\"https:\\\/\\\/poblenouurbandistrict.com\\\/ca\\\/gaudeix-de-la-programacio-dels-hotels-per-aquest-poblenou-open-night\\\/\",\"url\":\"https:\\\/\\\/poblenouurbandistrict.com\\\/ca\\\/gaudeix-de-la-programacio-dels-hotels-per-aquest-poblenou-open-night\\\/\",\"name\":\"Gaudeix de la programaci\u00f3 dels hotels per aquest Poblenou Open Night &#8211; Poblenou Urban District\",\"isPartOf\":{\"@id\":\"https:\\\/\\\/poblenouurbandistrict.com\\\/ca\\\/#website\"},\"primaryImageOfPage\":{\"@id\":\"https:\\\/\\\/poblenouurbandistrict.com\\\/ca\\\/gaudeix-de-la-programacio-dels-hotels-per-aquest-poblenou-open-night\\\/#primaryimage\"},\"image\":{\"@id\":\"https:\\\/\\\/poblenouurbandistrict.com\\\/gaudeix-de-la-programacio-dels-hotels-per-aquest-poblenou-open-night\\\/#primaryimage\"},\"thumbnailUrl\":\"https:\\\/\\\/poblenouurbandistrict.com\\\/wp-content\\\/uploads\\\/2023\\\/03\\\/the-social-hub-barcelona-poblenou-epigrafe-coworking-scaled.jpg\",\"datePublished\":\"2023-11-20T17:15:25+00:00\",\"dateModified\":\"2023-11-23T17:46:46+00:00\",\"author\":{\"@id\":\"https:\\\/\\\/poblenouurbandistrict.com\\\/#\\\/schema\\\/person\\\/980a2cf34b399d5218205730acd54a7e\"},\"breadcrumb\":{\"@id\":\"https:\\\/\\\/poblenouurbandistrict.com\\\/ca\\\/gaudeix-de-la-programacio-dels-hotels-per-aquest-poblenou-open-night\\\/#breadcrumb\"},\"inLanguage\":\"ca\",\"potentialAction\":[{\"@type\":\"ReadAction\",\"target\":[[\"https:\\\/\\\/poblenouurbandistrict.com\\\/ca\\\/gaudeix-de-la-programacio-dels-hotels-per-aquest-poblenou-open-night\\\/\"]]}]},{\"@type\":\"ImageObject\",\"inLanguage\":\"ca\",\"@id\":\"https:\\\/\\\/poblenouurbandistrict.com\\\/ca\\\/gaudeix-de-la-programacio-dels-hotels-per-aquest-poblenou-open-night\\\/#primaryimage\",\"url\":\"https:\\\/\\\/poblenouurbandistrict.com\\\/wp-content\\\/uploads\\\/2023\\\/03\\\/the-social-hub-barcelona-poblenou-epigrafe-coworking-scaled.jpg\",\"contentUrl\":\"https:\\\/\\\/poblenouurbandistrict.com\\\/wp-content\\\/uploads\\\/2023\\\/03\\\/the-social-hub-barcelona-poblenou-epigrafe-coworking-scaled.jpg\",\"width\":2560,\"height\":1707},{\"@type\":\"BreadcrumbList\",\"@id\":\"https:\\\/\\\/poblenouurbandistrict.com\\\/ca\\\/gaudeix-de-la-programacio-dels-hotels-per-aquest-poblenou-open-night\\\/#breadcrumb\",\"itemListElement\":[{\"@type\":\"ListItem\",\"position\":1,\"name\":\"Home\",\"item\":\"https:\\\/\\\/poblenouurbandistrict.com\\\/ca\\\/\"},{\"@type\":\"ListItem\",\"position\":2,\"name\":\"Gaudeix de la programaci\u00f3 dels hotels per aquest Poblenou Open Night\"}]},{\"@type\":\"WebSite\",\"@id\":\"https:\\\/\\\/poblenouurbandistrict.com\\\/ca\\\/#website\",\"url\":\"https:\\\/\\\/poblenouurbandistrict.com\\\/ca\\\/\",\"name\":\"Poblenou Urban District\",\"description\":\"Comunitat Creativa\",\"potentialAction\":[{\"@type\":\"SearchAction\",\"target\":{\"@type\":\"EntryPoint\",\"urlTemplate\":\"https:\\\/\\\/poblenouurbandistrict.com\\\/ca\\\/?s={search_term_string}\"},\"query-input\":{\"@type\":\"PropertyValueSpecification\",\"valueRequired\":true,\"valueName\":\"search_term_string\"}}],\"inLanguage\":\"ca\"},{\"@type\":\"Person\",\"@id\":\"https:\\\/\\\/poblenouurbandistrict.com\\\/#\\\/schema\\\/person\\\/980a2cf34b399d5218205730acd54a7e\",\"name\":\"pnud\",\"image\":{\"@type\":\"ImageObject\",\"inLanguage\":\"ca\",\"@id\":\"https:\\\/\\\/secure.gravatar.com\\\/avatar\\\/67146597b405ee077a24e519f75c3e2031736596d6ce35af3a34c122c93d0d7b?s=96&d=retro&r=g\",\"url\":\"https:\\\/\\\/secure.gravatar.com\\\/avatar\\\/67146597b405ee077a24e519f75c3e2031736596d6ce35af3a34c122c93d0d7b?s=96&d=retro&r=g\",\"contentUrl\":\"https:\\\/\\\/secure.gravatar.com\\\/avatar\\\/67146597b405ee077a24e519f75c3e2031736596d6ce35af3a34c122c93d0d7b?s=96&d=retro&r=g\",\"caption\":\"pnud\"}}]}<\/script>\n<!-- \/ Yoast SEO plugin. -->","yoast_head_json":{"title":"Gaudeix de la programaci\u00f3 dels hotels per aquest Poblenou Open Night &#8211; Poblenou Urban District","robots":{"index":"index","follow":"follow","max-snippet":"max-snippet:-1","max-image-preview":"max-image-preview:large","max-video-preview":"max-video-preview:-1"},"canonical":"https:\/\/poblenouurbandistrict.com\/ca\/gaudeix-de-la-programacio-dels-hotels-per-aquest-poblenou-open-night\/","og_locale":"ca_ES","og_type":"article","og_title":"Gaudeix de la programaci\u00f3 dels hotels per aquest Poblenou Open Night &#8211; Poblenou Urban District","og_description":"Alguns hotels associats a Poblenou Urban District tamb\u00e9 se sumen al Poblenou Open Night del 24 de novembre amb activitats... M\u00e9s \u2192","og_url":"https:\/\/poblenouurbandistrict.com\/ca\/gaudeix-de-la-programacio-dels-hotels-per-aquest-poblenou-open-night\/","og_site_name":"Poblenou Urban District","article_published_time":"2023-11-20T17:15:25+00:00","article_modified_time":"2023-11-23T17:46:46+00:00","og_image":[{"width":2560,"height":1707,"url":"https:\/\/poblenouurbandistrict.com\/wp-content\/uploads\/2023\/03\/the-social-hub-barcelona-poblenou-epigrafe-coworking-scaled.jpg","type":"image\/jpeg"}],"author":"pnud","twitter_card":"summary_large_image","twitter_misc":{"Escrit per":"pnud","Temps estimat de lectura":"2 minuts"},"schema":{"@context":"https:\/\/schema.org","@graph":[{"@type":"Article","@id":"https:\/\/poblenouurbandistrict.com\/gaudeix-de-la-programacio-dels-hotels-per-aquest-poblenou-open-night\/#article","isPartOf":{"@id":"https:\/\/poblenouurbandistrict.com\/gaudeix-de-la-programacio-dels-hotels-per-aquest-poblenou-open-night\/"},"author":{"name":"pnud","@id":"https:\/\/poblenouurbandistrict.com\/#\/schema\/person\/980a2cf34b399d5218205730acd54a7e"},"headline":"Gaudeix de la programaci\u00f3 dels hotels per aquest Poblenou Open Night","datePublished":"2023-11-20T17:15:25+00:00","dateModified":"2023-11-23T17:46:46+00:00","mainEntityOfPage":{"@id":"https:\/\/poblenouurbandistrict.com\/gaudeix-de-la-programacio-dels-hotels-per-aquest-poblenou-open-night\/"},"wordCount":814,"image":{"@id":"https:\/\/poblenouurbandistrict.com\/gaudeix-de-la-programacio-dels-hotels-per-aquest-poblenou-open-night\/#primaryimage"},"thumbnailUrl":"https:\/\/poblenouurbandistrict.com\/wp-content\/uploads\/2023\/03\/the-social-hub-barcelona-poblenou-epigrafe-coworking-scaled.jpg","articleSection":["Hotels","Open Night"],"inLanguage":"ca"},{"@type":"WebPage","@id":"https:\/\/poblenouurbandistrict.com\/ca\/gaudeix-de-la-programacio-dels-hotels-per-aquest-poblenou-open-night\/","url":"https:\/\/poblenouurbandistrict.com\/ca\/gaudeix-de-la-programacio-dels-hotels-per-aquest-poblenou-open-night\/","name":"Gaudeix de la programaci\u00f3 dels hotels per aquest Poblenou Open Night &#8211; Poblenou Urban District","isPartOf":{"@id":"https:\/\/poblenouurbandistrict.com\/ca\/#website"},"primaryImageOfPage":{"@id":"https:\/\/poblenouurbandistrict.com\/ca\/gaudeix-de-la-programacio-dels-hotels-per-aquest-poblenou-open-night\/#primaryimage"},"image":{"@id":"https:\/\/poblenouurbandistrict.com\/gaudeix-de-la-programacio-dels-hotels-per-aquest-poblenou-open-night\/#primaryimage"},"thumbnailUrl":"https:\/\/poblenouurbandistrict.com\/wp-content\/uploads\/2023\/03\/the-social-hub-barcelona-poblenou-epigrafe-coworking-scaled.jpg","datePublished":"2023-11-20T17:15:25+00:00","dateModified":"2023-11-23T17:46:46+00:00","author":{"@id":"https:\/\/poblenouurbandistrict.com\/#\/schema\/person\/980a2cf34b399d5218205730acd54a7e"},"breadcrumb":{"@id":"https:\/\/poblenouurbandistrict.com\/ca\/gaudeix-de-la-programacio-dels-hotels-per-aquest-poblenou-open-night\/#breadcrumb"},"inLanguage":"ca","potentialAction":[{"@type":"ReadAction","target":[["https:\/\/poblenouurbandistrict.com\/ca\/gaudeix-de-la-programacio-dels-hotels-per-aquest-poblenou-open-night\/"]]}]},{"@type":"ImageObject","inLanguage":"ca","@id":"https:\/\/poblenouurbandistrict.com\/ca\/gaudeix-de-la-programacio-dels-hotels-per-aquest-poblenou-open-night\/#primaryimage","url":"https:\/\/poblenouurbandistrict.com\/wp-content\/uploads\/2023\/03\/the-social-hub-barcelona-poblenou-epigrafe-coworking-scaled.jpg","contentUrl":"https:\/\/poblenouurbandistrict.com\/wp-content\/uploads\/2023\/03\/the-social-hub-barcelona-poblenou-epigrafe-coworking-scaled.jpg","width":2560,"height":1707},{"@type":"BreadcrumbList","@id":"https:\/\/poblenouurbandistrict.com\/ca\/gaudeix-de-la-programacio-dels-hotels-per-aquest-poblenou-open-night\/#breadcrumb","itemListElement":[{"@type":"ListItem","position":1,"name":"Home","item":"https:\/\/poblenouurbandistrict.com\/ca\/"},{"@type":"ListItem","position":2,"name":"Gaudeix de la programaci\u00f3 dels hotels per aquest Poblenou Open Night"}]},{"@type":"WebSite","@id":"https:\/\/poblenouurbandistrict.com\/ca\/#website","url":"https:\/\/poblenouurbandistrict.com\/ca\/","name":"Poblenou Urban District","description":"Comunitat Creativa","potentialAction":[{"@type":"SearchAction","target":{"@type":"EntryPoint","urlTemplate":"https:\/\/poblenouurbandistrict.com\/ca\/?s={search_term_string}"},"query-input":{"@type":"PropertyValueSpecification","valueRequired":true,"valueName":"search_term_string"}}],"inLanguage":"ca"},{"@type":"Person","@id":"https:\/\/poblenouurbandistrict.com\/#\/schema\/person\/980a2cf34b399d5218205730acd54a7e","name":"pnud","image":{"@type":"ImageObject","inLanguage":"ca","@id":"https:\/\/secure.gravatar.com\/avatar\/67146597b405ee077a24e519f75c3e2031736596d6ce35af3a34c122c93d0d7b?s=96&d=retro&r=g","url":"https:\/\/secure.gravatar.com\/avatar\/67146597b405ee077a24e519f75c3e2031736596d6ce35af3a34c122c93d0d7b?s=96&d=retro&r=g","contentUrl":"https:\/\/secure.gravatar.com\/avatar\/67146597b405ee077a24e519f75c3e2031736596d6ce35af3a34c122c93d0d7b?s=96&d=retro&r=g","caption":"pnud"}}]}},"_links":{"self":[{"href":"https:\/\/poblenouurbandistrict.com\/ca\/wp-json\/wp\/v2\/posts\/42907","targetHints":{"allow":["GET"]}}],"collection":[{"href":"https:\/\/poblenouurbandistrict.com\/ca\/wp-json\/wp\/v2\/posts"}],"about":[{"href":"https:\/\/poblenouurbandistrict.com\/ca\/wp-json\/wp\/v2\/types\/post"}],"author":[{"embeddable":true,"href":"https:\/\/poblenouurbandistrict.com\/ca\/wp-json\/wp\/v2\/users\/5"}],"replies":[{"embeddable":true,"href":"https:\/\/poblenouurbandistrict.com\/ca\/wp-json\/wp\/v2\/comments?post=42907"}],"version-history":[{"count":15,"href":"https:\/\/poblenouurbandistrict.com\/ca\/wp-json\/wp\/v2\/posts\/42907\/revisions"}],"predecessor-version":[{"id":43078,"href":"https:\/\/poblenouurbandistrict.com\/ca\/wp-json\/wp\/v2\/posts\/42907\/revisions\/43078"}],"wp:featuredmedia":[{"embeddable":true,"href":"https:\/\/poblenouurbandistrict.com\/ca\/wp-json\/wp\/v2\/media\/37155"}],"wp:attachment":[{"href":"https:\/\/poblenouurbandistrict.com\/ca\/wp-json\/wp\/v2\/media?parent=42907"}],"wp:term":[{"taxonomy":"category","embeddable":true,"href":"https:\/\/poblenouurbandistrict.com\/ca\/wp-json\/wp\/v2\/categories?post=42907"},{"taxonomy":"post_tag","embeddable":true,"href":"https:\/\/poblenouurbandistrict.com\/ca\/wp-json\/wp\/v2\/tags?post=42907"}],"curies":[{"name":"wp","href":"https:\/\/api.w.org\/{rel}","templated":true}]}}