{"id":43758,"date":"2024-01-11T18:40:53","date_gmt":"2024-01-11T17:40:53","guid":{"rendered":"https:\/\/poblenouurbandistrict.com\/?p=43758"},"modified":"2024-01-26T15:06:32","modified_gmt":"2024-01-26T14:06:32","slug":"torna-el-circuit-off-llum-bcn-del-2-al-4-de-febrer","status":"publish","type":"post","link":"https:\/\/poblenouurbandistrict.com\/ca\/torna-el-circuit-off-llum-bcn-del-2-al-4-de-febrer\/","title":{"rendered":"Torna el circuit Off Llum Bcn del 2 al 4 de febrer"},"content":{"rendered":"<p>Del 2 al 4 de febrer torna l&#8217;Off Llum Bcn, el circuit alternatiu del Llum BCN, el festival de refer\u00e8ncia de les Arts Lum\u00edniques de Barcelona.<\/p>\n<p>La proposta de l&#8217;Off Llum Bcn va n\u00e9ixer el 2015 arran d&#8217;una instal\u00b7laci\u00f3 lum\u00ednica, anomenada \u201cEl Faro\u201d, que el Poblenou Urban District va realitzar per a l&#8217;Open Night a l&#8217;edifici Casa Ant\u00f2nia Serra i Mas o m\u00e9s conegut com el Flatiron del Poblenou.<\/p>\n<p>Enguany, que ja celebrem la cinquena edici\u00f3, presentem 11 instal\u00b7lacions lum\u00edniques d&#8217;artistes multidisciplinaris que experimenten amb la llum i que han produ\u00eft peces que es mouen entre l&#8217;art, el disseny i la innovaci\u00f3.<\/p>\n<p>L&#8217;objectiu \u00e9s posar el focus a l&#8217;art lum\u00ednic i que els visitants descobreixin els espais de creaci\u00f3 i innovaci\u00f3 que formen part de la comunitat creativa del Poblenou Urban District.<\/p>\n<p>A continuaci\u00f3, us presentem totes les instal\u00b7lacions que podreu trobar al llarg del recorregut.<\/p>\n<ol>\n<li><span style=\"font-weight: 400;\">&#8220;Digital Landscapes&#8221; de<\/span> <a href=\"https:\/\/www.instagram.com\/dark.light.studio\/\"><span style=\"font-weight: 400;\">DarkLight Studio<\/span><\/a><span style=\"font-weight: 400;\">\u00a0i\u00a0<\/span><span style=\"font-weight: 400;\"><a href=\"https:\/\/www.instagram.com\/inzist_av\/\">Inzist<\/a> <\/span>a la fa\u00e7ana de <a href=\"https:\/\/www.instagram.com\/razzmatazzclubs\/\">Razzmatazz<\/a>.\u00a0(Almog\u00e0vers, 122)<\/li>\n<li><span style=\"font-weight: 400;\"> &#8220;Metamorphosis&#8221; de <\/span><a href=\"https:\/\/www.instagram.com\/dark.light.studio\/\"><span style=\"font-weight: 400;\">DarkLight Studio<\/span><\/a><span style=\"font-weight: 400;\">\u00a0i\u00a0<\/span><a href=\"https:\/\/www.instagram.com\/inzist_av\/\"><span style=\"font-weight: 400;\">Inzist<\/span><\/a><span style=\"font-weight: 400;\"> al passatge de <\/span><a href=\"https:\/\/www.instagram.com\/razzmatazzclubs\/\"><span style=\"font-weight: 400;\">Razzmatazz<\/span><\/a><span style=\"font-weight: 400;\">. (<\/span>Pamplona, 88)<\/li>\n<li><span style=\"font-weight: 400;\"> &#8220;EPICENTRO 48&#8221; de <\/span><a href=\"https:\/\/www.instagram.com\/cerebralwwaves\/\"><span style=\"font-weight: 400;\">Cerebralwwaves<\/span><\/a><span style=\"font-weight: 400;\"> a <\/span><a href=\"https:\/\/www.instagram.com\/bridge48studios\/\"><span style=\"font-weight: 400;\">Bridge 48<\/span><\/a><span style=\"font-weight: 400;\">. (<\/span>Llull, 48)<\/li>\n<li><span style=\"font-weight: 400;\"> &#8220;Datos, Luz y Zumbidos&#8221; d&#8217;<\/span><a href=\"https:\/\/www.instagram.com\/agustinable\/\"><span style=\"font-weight: 400;\">Agustina Palazzo<\/span><\/a><span style=\"font-weight: 400;\">\u00a0a <\/span><a href=\"https:\/\/www.instagram.com\/fxbarcelonafilmschool\/\"><span style=\"font-weight: 400;\">FX Barcelona Film School<\/span><\/a><span style=\"font-weight: 400;\">. (<\/span>Pujades, 112)<\/li>\n<li><span style=\"font-weight: 400;\"> &#8220;Mother\u2019s Love&#8221; de <\/span><a href=\"https:\/\/www.instagram.com\/arrozavec\/\"><span style=\"font-weight: 400;\">Mario Garc\u00eda<\/span><\/a><span style=\"font-weight: 400;\">\u00a0a <\/span><a href=\"https:\/\/www.instagram.com\/fxbarcelonafilmschool\/\"><span style=\"font-weight: 400;\">FX Barcelona Film School<\/span><\/a><span style=\"font-weight: 400;\">. <\/span><span style=\"font-weight: 400;\">(<\/span>Pujades, 112)<\/li>\n<li><span style=\"font-weight: 400;\"> &#8220;Off Stories&#8221; de <\/span><a href=\"https:\/\/www.instagram.com\/margalef.co\/\"><span style=\"font-weight: 400;\">Margalef<\/span><\/a><span style=\"font-weight: 400;\"> a <\/span><a href=\"https:\/\/www.instagram.com\/indissoluble_\/\"><span style=\"font-weight: 400;\">Indissoluble<\/span><\/a><span style=\"font-weight: 400;\">. (<\/span>Pujades, 130)<\/li>\n<li><span style=\"font-weight: 400;\"> &#8220;The Puffertons&#8221; de <\/span><a href=\"https:\/\/www.instagram.com\/arengaboy\/\"><span style=\"font-weight: 400;\">Joaquin Ferronato<\/span><\/a><span style=\"font-weight: 400;\">\u00a0i\u00a0<\/span><a href=\"https:\/\/www.instagram.com\/clemydemiranda\/\"><span style=\"font-weight: 400;\">Clementina de Miranda<\/span><\/a><span style=\"font-weight: 400;\">\u00a0a l&#8217;aparador d&#8217;<\/span><span style=\"font-weight: 400;\"><a href=\"https:\/\/www.instagram.com\/indissoluble_\/\">Indissoluble.<\/a>\u00a0(<\/span>Ciutat de Granada, 61)<\/li>\n<li><span style=\"font-weight: 400;\"> &#8220;Tomeduchi&#8221; de Gonzalo Cortez, Fabricio Atahualpa, Nicol\u00e1s V\u00e1squez i Rub\u00e9n S\u00e1nchez a l&#8217;Edifici Granada de <\/span><a href=\"https:\/\/www.instagram.com\/bau_bcn\/\"><span style=\"font-weight: 400;\">BAU<\/span><\/a><span style=\"font-weight: 400;\">. (<\/span>Ciutat de Granada, 34-36)<\/li>\n<li><span style=\"font-weight: 400;\"> &#8220;c-58PK0 1:12&#8221; de <\/span><a href=\"https:\/\/www.instagram.com\/maxmilaserra\/\"><span style=\"font-weight: 400;\">Max Mil\u00e0 Serra<\/span><\/a><span style=\"font-weight: 400;\"> a <\/span><a href=\"https:\/\/www.instagram.com\/tfclub\/\"><span style=\"font-weight: 400;\">The Folio Club<\/span><\/a><span style=\"font-weight: 400;\">. (<\/span>Roc Boronat, 37)<\/li>\n<li><span style=\"font-weight: 400;\"> &#8220;Quadratic&#8221; de <\/span><a href=\"https:\/\/www.instagram.com\/beatmelab\/\"><span style=\"font-weight: 400;\">BeatMe Lab<\/span><\/a><span style=\"font-weight: 400;\"> al p\u00e0rquing de <\/span><a href=\"https:\/\/www.instagram.com\/thehoxtonhotel\/\"><span style=\"font-weight: 400;\">The Hoxton Hotel<\/span><\/a><span style=\"font-weight: 400;\">. (<\/span>Badajoz, 168)<\/li>\n<li><span style=\"font-weight: 400;\"> &#8220;Baucis&#8221; de <\/span><a href=\"https:\/\/www.instagram.com\/juliarossinyol\/\"><span style=\"font-weight: 400;\">J\u00falia Rossinyol<\/span><\/a><span style=\"font-weight: 400;\">, <\/span><a href=\"https:\/\/www.instagram.com\/kevinsake\/\"><span style=\"font-weight: 400;\">Kevin Sake<\/span><\/a><span style=\"font-weight: 400;\">\u00a0i\u00a0<\/span><a href=\"https:\/\/www.instagram.com\/mer.ch3\/\"><span style=\"font-weight: 400;\">Merc\u00e8 Lled\u00f3s<\/span><\/a><span style=\"font-weight: 400;\">\u00a0a <\/span><a href=\"https:\/\/www.instagram.com\/rauric.co\/\"><span style=\"font-weight: 400;\">Rauric<\/span><\/a><span style=\"font-weight: 400;\">. (<\/span>Bol\u00edvia, 144, local 5).<\/li>\n<\/ol>\n<p><span style=\"font-weight: 400;\">Agra\u00efm el suport a l\u2019<a href=\"https:\/\/www.barcelona.cat\/llumbcn\/ca\">Ajuntament de Barcelona<\/a>, <a href=\"https:\/\/cervezaelaguila.es\">El \u00c1guila<\/a>, <a href=\"https:\/\/beteve.cat\">Betev\u00e9<\/a>, <a href=\"https:\/\/lluria.com\">Lluria<\/a>, <a href=\"https:\/\/www.linkedin.com\/in\/susanaalmonacid\/\">Susana Almonacid,<\/a>\u00a0<a href=\"https:\/\/www.fluge.es\/\">Fluge<\/a>,\u00a0<a href=\"https:\/\/www.luznegra.net\/\">Luz Negra<\/a>,\u00a0<a href=\"https:\/\/www.indissoluble.com\/es\/\">Indissoluble<\/a>, <a href=\"https:\/\/www.sono.es\/\">Sono<\/a>, <a href=\"https:\/\/sugarsoundrental.com\/\">Sugar Sound Rental<\/a>,\u00a0<a href=\"https:\/\/www.carlight.cat\/\">Carlight<\/a>\u00a0i tots els col\u00b7laboradors que fan possible l&#8217;Off Llum Bcn.<\/span><\/p>","protected":false},"excerpt":{"rendered":"<p>Del 2 al 4 de febrer torna l&#8217;Off Llum Bcn, el circuit alternatiu del Llum BCN, el festival de refer\u00e8ncia&#8230; <a href=\"https:\/\/poblenouurbandistrict.com\/ca\/torna-el-circuit-off-llum-bcn-del-2-al-4-de-febrer\/\">M\u00e9s  \u2192<\/a><\/p>\n","protected":false},"author":5,"featured_media":43731,"comment_status":"closed","ping_status":"closed","sticky":false,"template":"","format":"standard","meta":{"_acf_changed":false,"footnotes":""},"categories":[3548],"tags":[],"class_list":["post-43758","post","type-post","status-publish","format-standard","has-post-thumbnail","hentry","category-off-llum-bcn"],"acf":[],"yoast_head":"<!-- This site is optimized with the Yoast SEO plugin v27.5 - https:\/\/yoast.com\/product\/yoast-seo-wordpress\/ -->\n<title>Torna el circuit Off Llum Bcn del 2 al 4 de febrer &#8211; Poblenou Urban District<\/title>\n<meta name=\"robots\" content=\"index, follow, max-snippet:-1, max-image-preview:large, max-video-preview:-1\" \/>\n<link rel=\"canonical\" href=\"https:\/\/poblenouurbandistrict.com\/ca\/torna-el-circuit-off-llum-bcn-del-2-al-4-de-febrer\/\" \/>\n<meta property=\"og:locale\" content=\"ca_ES\" \/>\n<meta property=\"og:type\" content=\"article\" \/>\n<meta property=\"og:title\" content=\"Torna el circuit Off Llum Bcn del 2 al 4 de febrer &#8211; Poblenou Urban District\" \/>\n<meta property=\"og:description\" content=\"Del 2 al 4 de febrer torna l&#8217;Off Llum Bcn, el circuit alternatiu del Llum BCN, el festival de refer\u00e8ncia... M\u00e9s \u2192\" \/>\n<meta property=\"og:url\" content=\"https:\/\/poblenouurbandistrict.com\/ca\/torna-el-circuit-off-llum-bcn-del-2-al-4-de-febrer\/\" \/>\n<meta property=\"og:site_name\" content=\"Poblenou Urban District\" \/>\n<meta property=\"article:published_time\" content=\"2024-01-11T17:40:53+00:00\" \/>\n<meta property=\"article:modified_time\" content=\"2024-01-26T14:06:32+00:00\" \/>\n<meta property=\"og:image\" content=\"https:\/\/poblenouurbandistrict.com\/wp-content\/uploads\/2024\/01\/portada-off-llum-2023-page-0001-1.jpg\" \/>\n\t<meta property=\"og:image:width\" content=\"2481\" \/>\n\t<meta property=\"og:image:height\" content=\"1754\" \/>\n\t<meta property=\"og:image:type\" content=\"image\/jpeg\" \/>\n<meta name=\"author\" content=\"pnud\" \/>\n<meta name=\"twitter:card\" content=\"summary_large_image\" \/>\n<meta name=\"twitter:label1\" content=\"Escrit per\" \/>\n\t<meta name=\"twitter:data1\" content=\"pnud\" \/>\n\t<meta name=\"twitter:label2\" content=\"Temps estimat de lectura\" \/>\n\t<meta name=\"twitter:data2\" content=\"2 minuts\" \/>\n<script type=\"application\/ld+json\" class=\"yoast-schema-graph\">{\"@context\":\"https:\\\/\\\/schema.org\",\"@graph\":[{\"@type\":\"Article\",\"@id\":\"https:\\\/\\\/poblenouurbandistrict.com\\\/torna-el-circuit-off-llum-bcn-del-2-al-4-de-febrer\\\/#article\",\"isPartOf\":{\"@id\":\"https:\\\/\\\/poblenouurbandistrict.com\\\/torna-el-circuit-off-llum-bcn-del-2-al-4-de-febrer\\\/\"},\"author\":{\"name\":\"pnud\",\"@id\":\"https:\\\/\\\/poblenouurbandistrict.com\\\/#\\\/schema\\\/person\\\/980a2cf34b399d5218205730acd54a7e\"},\"headline\":\"Torna el circuit Off Llum Bcn del 2 al 4 de febrer\",\"datePublished\":\"2024-01-11T17:40:53+00:00\",\"dateModified\":\"2024-01-26T14:06:32+00:00\",\"mainEntityOfPage\":{\"@id\":\"https:\\\/\\\/poblenouurbandistrict.com\\\/torna-el-circuit-off-llum-bcn-del-2-al-4-de-febrer\\\/\"},\"wordCount\":715,\"image\":{\"@id\":\"https:\\\/\\\/poblenouurbandistrict.com\\\/torna-el-circuit-off-llum-bcn-del-2-al-4-de-febrer\\\/#primaryimage\"},\"thumbnailUrl\":\"https:\\\/\\\/media.poblenouurbandistrict.com\\\/2024\\\/01\\\/25070903\\\/portada-off-llum-2023-page-0001-1.jpg\",\"articleSection\":[\"Off Llum Bcn\"],\"inLanguage\":\"ca\"},{\"@type\":\"WebPage\",\"@id\":\"https:\\\/\\\/poblenouurbandistrict.com\\\/ca\\\/torna-el-circuit-off-llum-bcn-del-2-al-4-de-febrer\\\/\",\"url\":\"https:\\\/\\\/poblenouurbandistrict.com\\\/ca\\\/torna-el-circuit-off-llum-bcn-del-2-al-4-de-febrer\\\/\",\"name\":\"Torna el circuit Off Llum Bcn del 2 al 4 de febrer &#8211; Poblenou Urban District\",\"isPartOf\":{\"@id\":\"https:\\\/\\\/poblenouurbandistrict.com\\\/ca\\\/#website\"},\"primaryImageOfPage\":{\"@id\":\"https:\\\/\\\/poblenouurbandistrict.com\\\/ca\\\/torna-el-circuit-off-llum-bcn-del-2-al-4-de-febrer\\\/#primaryimage\"},\"image\":{\"@id\":\"https:\\\/\\\/poblenouurbandistrict.com\\\/torna-el-circuit-off-llum-bcn-del-2-al-4-de-febrer\\\/#primaryimage\"},\"thumbnailUrl\":\"https:\\\/\\\/media.poblenouurbandistrict.com\\\/2024\\\/01\\\/25070903\\\/portada-off-llum-2023-page-0001-1.jpg\",\"datePublished\":\"2024-01-11T17:40:53+00:00\",\"dateModified\":\"2024-01-26T14:06:32+00:00\",\"author\":{\"@id\":\"https:\\\/\\\/poblenouurbandistrict.com\\\/#\\\/schema\\\/person\\\/980a2cf34b399d5218205730acd54a7e\"},\"breadcrumb\":{\"@id\":\"https:\\\/\\\/poblenouurbandistrict.com\\\/ca\\\/torna-el-circuit-off-llum-bcn-del-2-al-4-de-febrer\\\/#breadcrumb\"},\"inLanguage\":\"ca\",\"potentialAction\":[{\"@type\":\"ReadAction\",\"target\":[[\"https:\\\/\\\/poblenouurbandistrict.com\\\/ca\\\/torna-el-circuit-off-llum-bcn-del-2-al-4-de-febrer\\\/\"]]}]},{\"@type\":\"ImageObject\",\"inLanguage\":\"ca\",\"@id\":\"https:\\\/\\\/poblenouurbandistrict.com\\\/ca\\\/torna-el-circuit-off-llum-bcn-del-2-al-4-de-febrer\\\/#primaryimage\",\"url\":\"https:\\\/\\\/media.poblenouurbandistrict.com\\\/2024\\\/01\\\/25070903\\\/portada-off-llum-2023-page-0001-1.jpg\",\"contentUrl\":\"https:\\\/\\\/media.poblenouurbandistrict.com\\\/2024\\\/01\\\/25070903\\\/portada-off-llum-2023-page-0001-1.jpg\",\"width\":2481,\"height\":1754},{\"@type\":\"BreadcrumbList\",\"@id\":\"https:\\\/\\\/poblenouurbandistrict.com\\\/ca\\\/torna-el-circuit-off-llum-bcn-del-2-al-4-de-febrer\\\/#breadcrumb\",\"itemListElement\":[{\"@type\":\"ListItem\",\"position\":1,\"name\":\"Home\",\"item\":\"https:\\\/\\\/poblenouurbandistrict.com\\\/ca\\\/\"},{\"@type\":\"ListItem\",\"position\":2,\"name\":\"Torna el circuit Off Llum Bcn del 2 al 4 de febrer\"}]},{\"@type\":\"WebSite\",\"@id\":\"https:\\\/\\\/poblenouurbandistrict.com\\\/ca\\\/#website\",\"url\":\"https:\\\/\\\/poblenouurbandistrict.com\\\/ca\\\/\",\"name\":\"Poblenou Urban District\",\"description\":\"Comunitat Creativa\",\"potentialAction\":[{\"@type\":\"SearchAction\",\"target\":{\"@type\":\"EntryPoint\",\"urlTemplate\":\"https:\\\/\\\/poblenouurbandistrict.com\\\/ca\\\/?s={search_term_string}\"},\"query-input\":{\"@type\":\"PropertyValueSpecification\",\"valueRequired\":true,\"valueName\":\"search_term_string\"}}],\"inLanguage\":\"ca\"},{\"@type\":\"Person\",\"@id\":\"https:\\\/\\\/poblenouurbandistrict.com\\\/#\\\/schema\\\/person\\\/980a2cf34b399d5218205730acd54a7e\",\"name\":\"pnud\",\"image\":{\"@type\":\"ImageObject\",\"inLanguage\":\"ca\",\"@id\":\"https:\\\/\\\/secure.gravatar.com\\\/avatar\\\/67146597b405ee077a24e519f75c3e2031736596d6ce35af3a34c122c93d0d7b?s=96&d=retro&r=g\",\"url\":\"https:\\\/\\\/secure.gravatar.com\\\/avatar\\\/67146597b405ee077a24e519f75c3e2031736596d6ce35af3a34c122c93d0d7b?s=96&d=retro&r=g\",\"contentUrl\":\"https:\\\/\\\/secure.gravatar.com\\\/avatar\\\/67146597b405ee077a24e519f75c3e2031736596d6ce35af3a34c122c93d0d7b?s=96&d=retro&r=g\",\"caption\":\"pnud\"}}]}<\/script>\n<!-- \/ Yoast SEO plugin. -->","yoast_head_json":{"title":"Torna el circuit Off Llum Bcn del 2 al 4 de febrer &#8211; Poblenou Urban District","robots":{"index":"index","follow":"follow","max-snippet":"max-snippet:-1","max-image-preview":"max-image-preview:large","max-video-preview":"max-video-preview:-1"},"canonical":"https:\/\/poblenouurbandistrict.com\/ca\/torna-el-circuit-off-llum-bcn-del-2-al-4-de-febrer\/","og_locale":"ca_ES","og_type":"article","og_title":"Torna el circuit Off Llum Bcn del 2 al 4 de febrer &#8211; Poblenou Urban District","og_description":"Del 2 al 4 de febrer torna l&#8217;Off Llum Bcn, el circuit alternatiu del Llum BCN, el festival de refer\u00e8ncia... M\u00e9s \u2192","og_url":"https:\/\/poblenouurbandistrict.com\/ca\/torna-el-circuit-off-llum-bcn-del-2-al-4-de-febrer\/","og_site_name":"Poblenou Urban District","article_published_time":"2024-01-11T17:40:53+00:00","article_modified_time":"2024-01-26T14:06:32+00:00","og_image":[{"width":2481,"height":1754,"url":"https:\/\/poblenouurbandistrict.com\/wp-content\/uploads\/2024\/01\/portada-off-llum-2023-page-0001-1.jpg","type":"image\/jpeg"}],"author":"pnud","twitter_card":"summary_large_image","twitter_misc":{"Escrit per":"pnud","Temps estimat de lectura":"2 minuts"},"schema":{"@context":"https:\/\/schema.org","@graph":[{"@type":"Article","@id":"https:\/\/poblenouurbandistrict.com\/torna-el-circuit-off-llum-bcn-del-2-al-4-de-febrer\/#article","isPartOf":{"@id":"https:\/\/poblenouurbandistrict.com\/torna-el-circuit-off-llum-bcn-del-2-al-4-de-febrer\/"},"author":{"name":"pnud","@id":"https:\/\/poblenouurbandistrict.com\/#\/schema\/person\/980a2cf34b399d5218205730acd54a7e"},"headline":"Torna el circuit Off Llum Bcn del 2 al 4 de febrer","datePublished":"2024-01-11T17:40:53+00:00","dateModified":"2024-01-26T14:06:32+00:00","mainEntityOfPage":{"@id":"https:\/\/poblenouurbandistrict.com\/torna-el-circuit-off-llum-bcn-del-2-al-4-de-febrer\/"},"wordCount":715,"image":{"@id":"https:\/\/poblenouurbandistrict.com\/torna-el-circuit-off-llum-bcn-del-2-al-4-de-febrer\/#primaryimage"},"thumbnailUrl":"https:\/\/media.poblenouurbandistrict.com\/2024\/01\/25070903\/portada-off-llum-2023-page-0001-1.jpg","articleSection":["Off Llum Bcn"],"inLanguage":"ca"},{"@type":"WebPage","@id":"https:\/\/poblenouurbandistrict.com\/ca\/torna-el-circuit-off-llum-bcn-del-2-al-4-de-febrer\/","url":"https:\/\/poblenouurbandistrict.com\/ca\/torna-el-circuit-off-llum-bcn-del-2-al-4-de-febrer\/","name":"Torna el circuit Off Llum Bcn del 2 al 4 de febrer &#8211; Poblenou Urban District","isPartOf":{"@id":"https:\/\/poblenouurbandistrict.com\/ca\/#website"},"primaryImageOfPage":{"@id":"https:\/\/poblenouurbandistrict.com\/ca\/torna-el-circuit-off-llum-bcn-del-2-al-4-de-febrer\/#primaryimage"},"image":{"@id":"https:\/\/poblenouurbandistrict.com\/torna-el-circuit-off-llum-bcn-del-2-al-4-de-febrer\/#primaryimage"},"thumbnailUrl":"https:\/\/media.poblenouurbandistrict.com\/2024\/01\/25070903\/portada-off-llum-2023-page-0001-1.jpg","datePublished":"2024-01-11T17:40:53+00:00","dateModified":"2024-01-26T14:06:32+00:00","author":{"@id":"https:\/\/poblenouurbandistrict.com\/#\/schema\/person\/980a2cf34b399d5218205730acd54a7e"},"breadcrumb":{"@id":"https:\/\/poblenouurbandistrict.com\/ca\/torna-el-circuit-off-llum-bcn-del-2-al-4-de-febrer\/#breadcrumb"},"inLanguage":"ca","potentialAction":[{"@type":"ReadAction","target":[["https:\/\/poblenouurbandistrict.com\/ca\/torna-el-circuit-off-llum-bcn-del-2-al-4-de-febrer\/"]]}]},{"@type":"ImageObject","inLanguage":"ca","@id":"https:\/\/poblenouurbandistrict.com\/ca\/torna-el-circuit-off-llum-bcn-del-2-al-4-de-febrer\/#primaryimage","url":"https:\/\/media.poblenouurbandistrict.com\/2024\/01\/25070903\/portada-off-llum-2023-page-0001-1.jpg","contentUrl":"https:\/\/media.poblenouurbandistrict.com\/2024\/01\/25070903\/portada-off-llum-2023-page-0001-1.jpg","width":2481,"height":1754},{"@type":"BreadcrumbList","@id":"https:\/\/poblenouurbandistrict.com\/ca\/torna-el-circuit-off-llum-bcn-del-2-al-4-de-febrer\/#breadcrumb","itemListElement":[{"@type":"ListItem","position":1,"name":"Home","item":"https:\/\/poblenouurbandistrict.com\/ca\/"},{"@type":"ListItem","position":2,"name":"Torna el circuit Off Llum Bcn del 2 al 4 de febrer"}]},{"@type":"WebSite","@id":"https:\/\/poblenouurbandistrict.com\/ca\/#website","url":"https:\/\/poblenouurbandistrict.com\/ca\/","name":"Poblenou Urban District","description":"Comunitat Creativa","potentialAction":[{"@type":"SearchAction","target":{"@type":"EntryPoint","urlTemplate":"https:\/\/poblenouurbandistrict.com\/ca\/?s={search_term_string}"},"query-input":{"@type":"PropertyValueSpecification","valueRequired":true,"valueName":"search_term_string"}}],"inLanguage":"ca"},{"@type":"Person","@id":"https:\/\/poblenouurbandistrict.com\/#\/schema\/person\/980a2cf34b399d5218205730acd54a7e","name":"pnud","image":{"@type":"ImageObject","inLanguage":"ca","@id":"https:\/\/secure.gravatar.com\/avatar\/67146597b405ee077a24e519f75c3e2031736596d6ce35af3a34c122c93d0d7b?s=96&d=retro&r=g","url":"https:\/\/secure.gravatar.com\/avatar\/67146597b405ee077a24e519f75c3e2031736596d6ce35af3a34c122c93d0d7b?s=96&d=retro&r=g","contentUrl":"https:\/\/secure.gravatar.com\/avatar\/67146597b405ee077a24e519f75c3e2031736596d6ce35af3a34c122c93d0d7b?s=96&d=retro&r=g","caption":"pnud"}}]}},"_links":{"self":[{"href":"https:\/\/poblenouurbandistrict.com\/ca\/wp-json\/wp\/v2\/posts\/43758","targetHints":{"allow":["GET"]}}],"collection":[{"href":"https:\/\/poblenouurbandistrict.com\/ca\/wp-json\/wp\/v2\/posts"}],"about":[{"href":"https:\/\/poblenouurbandistrict.com\/ca\/wp-json\/wp\/v2\/types\/post"}],"author":[{"embeddable":true,"href":"https:\/\/poblenouurbandistrict.com\/ca\/wp-json\/wp\/v2\/users\/5"}],"replies":[{"embeddable":true,"href":"https:\/\/poblenouurbandistrict.com\/ca\/wp-json\/wp\/v2\/comments?post=43758"}],"version-history":[{"count":16,"href":"https:\/\/poblenouurbandistrict.com\/ca\/wp-json\/wp\/v2\/posts\/43758\/revisions"}],"predecessor-version":[{"id":44159,"href":"https:\/\/poblenouurbandistrict.com\/ca\/wp-json\/wp\/v2\/posts\/43758\/revisions\/44159"}],"wp:featuredmedia":[{"embeddable":true,"href":"https:\/\/poblenouurbandistrict.com\/ca\/wp-json\/wp\/v2\/media\/43731"}],"wp:attachment":[{"href":"https:\/\/poblenouurbandistrict.com\/ca\/wp-json\/wp\/v2\/media?parent=43758"}],"wp:term":[{"taxonomy":"category","embeddable":true,"href":"https:\/\/poblenouurbandistrict.com\/ca\/wp-json\/wp\/v2\/categories?post=43758"},{"taxonomy":"post_tag","embeddable":true,"href":"https:\/\/poblenouurbandistrict.com\/ca\/wp-json\/wp\/v2\/tags?post=43758"}],"curies":[{"name":"wp","href":"https:\/\/api.w.org\/{rel}","templated":true}]}}