{"id":44036,"date":"2024-01-26T13:06:56","date_gmt":"2024-01-26T12:06:56","guid":{"rendered":"https:\/\/poblenouurbandistrict.com\/?p=44036"},"modified":"2024-02-01T16:05:32","modified_gmt":"2024-02-01T15:05:32","slug":"razzmatazz-inaugura-loff-llum-bcn-amb-digital-landscapes-i-metamorphosis-de-darklight-studio-i-inzist","status":"publish","type":"post","link":"https:\/\/poblenouurbandistrict.com\/ca\/razzmatazz-inaugura-loff-llum-bcn-amb-digital-landscapes-i-metamorphosis-de-darklight-studio-i-inzist\/","title":{"rendered":"El circuit Off Llum Bcn arrenca a Razzmatazz amb les instal\u00b7lacions &#8220;Digital Landscapes&#8221; i &#8220;Metamorphosis&#8221;"},"content":{"rendered":"<p><span style=\"color: #000000;\"><span style=\"font-weight: 400;\">La ic\u00f2nica sala <\/span><a style=\"color: #000000;\" href=\"https:\/\/www.salarazzmatazz.com\/\"><b>Razzmatazz<\/b><\/a><span style=\"font-weight: 400;\">, que al novembre de l\u2019any passat va celebrar el seu 23\u00e8 aniversari, \u00e9s una de les protagonistes d\u2019aquesta 5a edici\u00f3 de l\u2019Off Llum Bcn acollint dues instal\u00b7lacions que transformaran aquest edifici emblem\u00e0tic del Poblenou en un nou paisatge a trav\u00e9s de projeccions l\u00e0sers i <em>mappings<\/em>.<\/span><\/span><\/p>\n<h3><span style=\"color: #000000;\"><b>01. Digital Landscapes &#8211; DarkLight Studio i Inzist<\/b><\/span><\/h3>\n<p><span style=\"color: #000000;\"><span style=\"font-weight: 400;\">Alguna vegada t\u2019has imaginat la fa\u00e7ana del Razzmatazz amb colors i l\u00ednies de llum? <\/span><i><span style=\"font-weight: 400;\">Digital Landscapes <\/span><\/i><span style=\"font-weight: 400;\">\u00e9s una instal\u00b7laci\u00f3, ideada per DarkLight Studio i Inzist, que <\/span><span style=\"font-weight: 400;\">utilitza sis l\u00e0sers amb l\u2019objectiu de perfilar la silueta de la fa\u00e7ana, transformant la seva arquitectura industrial en un <\/span><span style=\"font-weight: 400;\">nou paisatge.<\/span><\/span><\/p>\n<p><span style=\"font-weight: 400; color: #000000;\">Aquesta interacci\u00f3 din\u00e0mica entre llum i foscor, realitat i il\u00b7lusi\u00f3, provoca una sensaci\u00f3 d\u2019astorament i curiositat que ens convida a q\u00fcestionar la nostra comprensi\u00f3 del paisatge urb\u00e0. En altres paraules, la tecnologia l\u00e0ser redefineix la percepci\u00f3 que tenim de l&#8217;entorn, i aix\u00f2 \u00e9s precisament l&#8217;objectiu que es persegueix: reflexionar sobre l&#8217;\u00fas de la llum a la nit i veure com aquesta es converteix en la nostra realitat, sense ser-ho.<\/span><\/p>\n<p><span style=\"font-weight: 400; color: #000000;\">Aix\u00ed es crea una experi\u00e8ncia visualment estimulant per als visitants mentre s\u00f3n testimonis de la transformaci\u00f3 del paisatge urb\u00e0 mitjan\u00e7ant siluetes i simbolismes cartografiats amb l\u00e0ser.<\/span><\/p>\n<h4 style=\"text-align: center;\"><strong><span style=\"color: #000000;\">Almog\u00e0vers, 122<\/span><\/strong><\/h4>\n<h4 style=\"text-align: center;\"><strong><span style=\"color: #000000;\">18.30h &#8211; 23h<\/span><\/strong><\/h4>\n<h4 style=\"text-align: center;\">Amb la col\u00b7laboraci\u00f3 de\u00a0<a href=\"https:\/\/www.salarazzmatazz.com\/\">Razzmatazz<\/a><\/h4>\n<hr \/>\n<h3><span style=\"color: #000000;\"><b>02. Metamorphosis &#8211; <\/b><\/span><span style=\"color: #000000;\"><b>DarkLight Studio i Inzist<\/b><\/span><\/h3>\n<p><span style=\"color: #000000;\"><span style=\"font-weight: 400;\">En el passatge de Razzmatazz, un <em>mapping<\/em> de grans dimensions inunda de colors, l\u00ednies i llums les parets de l&#8217;edifici. <\/span><i><span style=\"font-weight: 400;\">Metamorphosis <\/span><\/i><span style=\"font-weight: 400;\">\u00e9s un <\/span><span style=\"font-weight: 400;\">viatge captivador de projeccions din\u00e0miques i simfonia visual i auditiva que explora la transformaci\u00f3 a trav\u00e9s de la naturalesa c\u00edclica de la vida.\u00a0<\/span><\/span><\/p>\n<p><span style=\"font-weight: 400; color: #000000;\">Aquesta instal\u00b7laci\u00f3, que es divideix en quatre escenes que celebren la llum sota el lema \u201cLa vida ha de continuar\u201d, convida els espectadors a presenciar la metamorfosi de paisatges urbans i naturals, connectant l\u2019audi\u00e8ncia amb la universalitat de l\u2019experi\u00e8ncia humana i provocant una reflexi\u00f3 sobre el propi canvi en un m\u00f3n en constant evoluci\u00f3.<\/span><\/p>\n<h4 style=\"text-align: center;\"><strong><span style=\"color: #000000;\">Pamplona, 88<\/span><\/strong><\/h4>\n<h4 style=\"text-align: center;\"><strong><span style=\"color: #000000;\">\u00a018.30h &#8211; 23h<\/span><\/strong><\/h4>\n<h4 style=\"text-align: center;\">Amb la col\u00b7laboraci\u00f3 de\u00a0<a href=\"https:\/\/www.salarazzmatazz.com\/\">Razzmatazz<\/a><\/h4>\n<hr \/>\n<p>Els estudis creatius <a href=\"https:\/\/darklight-studio.com\/\">Darklight Studio<\/a> i <a href=\"https:\/\/www.inzist.net\/\">Inzist<\/a> desafien les convencions art\u00edstiques amb creativitat i tecnologia, desenvolupen narratives innovadores usant eines digitals, llum i so i busquen emp\u00e8nyer els l\u00edmits de l\u2019art digital, explorant noves vies d\u2019expressi\u00f3 tecnol\u00f2gica.<\/p>\n<ul>\n<li><strong>Darklight Studio<\/strong> \u00e9s una empresa internacional especialitzada en la creaci\u00f3 d&#8217;experi\u00e8ncies audiovisuals immersives que fusionen tecnologia i art. \u00c9s l&#8217;\u00fanic estudi brasiler que ha participat en la competici\u00f3 de videomapping m\u00e9s gran del m\u00f3n, Imapp 2021.<\/li>\n<li><strong>Marcello Nardone<\/strong>, conegut com <strong>Inzist<\/strong>, \u00e9s un especialista en Art New Media amb experi\u00e8ncia en el videomapping i projeccions de 360\u00ba en c\u00fapules i producci\u00f3 virtual.<\/li>\n<\/ul>\n<p><\/p>","protected":false},"excerpt":{"rendered":"<p>La ic\u00f2nica sala Razzmatazz, que al novembre de l\u2019any passat va celebrar el seu 23\u00e8 aniversari, \u00e9s una de les&#8230; <a href=\"https:\/\/poblenouurbandistrict.com\/ca\/razzmatazz-inaugura-loff-llum-bcn-amb-digital-landscapes-i-metamorphosis-de-darklight-studio-i-inzist\/\">M\u00e9s  \u2192<\/a><\/p>\n","protected":false},"author":5,"featured_media":44302,"comment_status":"closed","ping_status":"closed","sticky":false,"template":"","format":"standard","meta":{"_acf_changed":false,"footnotes":""},"categories":[3548],"tags":[],"class_list":["post-44036","post","type-post","status-publish","format-standard","has-post-thumbnail","hentry","category-off-llum-bcn"],"acf":[],"yoast_head":"<!-- This site is optimized with the Yoast SEO plugin v27.5 - https:\/\/yoast.com\/product\/yoast-seo-wordpress\/ -->\n<title>El circuit Off Llum Bcn arrenca a Razzmatazz amb les instal\u00b7lacions &quot;Digital Landscapes&quot; i &quot;Metamorphosis&quot; &#8211; Poblenou Urban District<\/title>\n<meta name=\"robots\" content=\"index, follow, max-snippet:-1, max-image-preview:large, max-video-preview:-1\" \/>\n<link rel=\"canonical\" href=\"https:\/\/poblenouurbandistrict.com\/ca\/razzmatazz-inaugura-loff-llum-bcn-amb-digital-landscapes-i-metamorphosis-de-darklight-studio-i-inzist\/\" \/>\n<meta property=\"og:locale\" content=\"ca_ES\" \/>\n<meta property=\"og:type\" content=\"article\" \/>\n<meta property=\"og:title\" content=\"El circuit Off Llum Bcn arrenca a Razzmatazz amb les instal\u00b7lacions &quot;Digital Landscapes&quot; i &quot;Metamorphosis&quot; &#8211; Poblenou Urban District\" \/>\n<meta property=\"og:description\" content=\"La ic\u00f2nica sala Razzmatazz, que al novembre de l\u2019any passat va celebrar el seu 23\u00e8 aniversari, \u00e9s una de les... M\u00e9s \u2192\" \/>\n<meta property=\"og:url\" content=\"https:\/\/poblenouurbandistrict.com\/ca\/razzmatazz-inaugura-loff-llum-bcn-amb-digital-landscapes-i-metamorphosis-de-darklight-studio-i-inzist\/\" \/>\n<meta property=\"og:site_name\" content=\"Poblenou Urban District\" \/>\n<meta property=\"article:published_time\" content=\"2024-01-26T12:06:56+00:00\" \/>\n<meta property=\"article:modified_time\" content=\"2024-02-01T15:05:32+00:00\" \/>\n<meta property=\"og:image\" content=\"https:\/\/poblenouurbandistrict.com\/wp-content\/uploads\/2024\/02\/digital-landscapes-scaled.jpg\" \/>\n\t<meta property=\"og:image:width\" content=\"2560\" \/>\n\t<meta property=\"og:image:height\" content=\"1631\" \/>\n\t<meta property=\"og:image:type\" content=\"image\/jpeg\" \/>\n<meta name=\"author\" content=\"pnud\" \/>\n<meta name=\"twitter:card\" content=\"summary_large_image\" \/>\n<meta name=\"twitter:label1\" content=\"Escrit per\" \/>\n\t<meta name=\"twitter:data1\" content=\"pnud\" \/>\n\t<meta name=\"twitter:label2\" content=\"Temps estimat de lectura\" \/>\n\t<meta name=\"twitter:data2\" content=\"3 minuts\" \/>\n<script type=\"application\/ld+json\" class=\"yoast-schema-graph\">{\"@context\":\"https:\\\/\\\/schema.org\",\"@graph\":[{\"@type\":\"Article\",\"@id\":\"https:\\\/\\\/poblenouurbandistrict.com\\\/razzmatazz-inaugura-loff-llum-bcn-amb-digital-landscapes-i-metamorphosis-de-darklight-studio-i-inzist\\\/#article\",\"isPartOf\":{\"@id\":\"https:\\\/\\\/poblenouurbandistrict.com\\\/razzmatazz-inaugura-loff-llum-bcn-amb-digital-landscapes-i-metamorphosis-de-darklight-studio-i-inzist\\\/\"},\"author\":{\"name\":\"pnud\",\"@id\":\"https:\\\/\\\/poblenouurbandistrict.com\\\/#\\\/schema\\\/person\\\/980a2cf34b399d5218205730acd54a7e\"},\"headline\":\"El circuit Off Llum Bcn arrenca a Razzmatazz amb les instal\u00b7lacions &#8220;Digital Landscapes&#8221; i &#8220;Metamorphosis&#8221;\",\"datePublished\":\"2024-01-26T12:06:56+00:00\",\"dateModified\":\"2024-02-01T15:05:32+00:00\",\"mainEntityOfPage\":{\"@id\":\"https:\\\/\\\/poblenouurbandistrict.com\\\/razzmatazz-inaugura-loff-llum-bcn-amb-digital-landscapes-i-metamorphosis-de-darklight-studio-i-inzist\\\/\"},\"wordCount\":971,\"image\":{\"@id\":\"https:\\\/\\\/poblenouurbandistrict.com\\\/razzmatazz-inaugura-loff-llum-bcn-amb-digital-landscapes-i-metamorphosis-de-darklight-studio-i-inzist\\\/#primaryimage\"},\"thumbnailUrl\":\"https:\\\/\\\/media.poblenouurbandistrict.com\\\/2024\\\/02\\\/25071253\\\/digital-landscapes-scaled.jpg\",\"articleSection\":[\"Off Llum Bcn\"],\"inLanguage\":\"ca\"},{\"@type\":\"WebPage\",\"@id\":\"https:\\\/\\\/poblenouurbandistrict.com\\\/ca\\\/razzmatazz-inaugura-loff-llum-bcn-amb-digital-landscapes-i-metamorphosis-de-darklight-studio-i-inzist\\\/\",\"url\":\"https:\\\/\\\/poblenouurbandistrict.com\\\/ca\\\/razzmatazz-inaugura-loff-llum-bcn-amb-digital-landscapes-i-metamorphosis-de-darklight-studio-i-inzist\\\/\",\"name\":\"El circuit Off Llum Bcn arrenca a Razzmatazz amb les instal\u00b7lacions \\\"Digital Landscapes\\\" i \\\"Metamorphosis\\\" &#8211; Poblenou Urban District\",\"isPartOf\":{\"@id\":\"https:\\\/\\\/poblenouurbandistrict.com\\\/ca\\\/#website\"},\"primaryImageOfPage\":{\"@id\":\"https:\\\/\\\/poblenouurbandistrict.com\\\/ca\\\/razzmatazz-inaugura-loff-llum-bcn-amb-digital-landscapes-i-metamorphosis-de-darklight-studio-i-inzist\\\/#primaryimage\"},\"image\":{\"@id\":\"https:\\\/\\\/poblenouurbandistrict.com\\\/razzmatazz-inaugura-loff-llum-bcn-amb-digital-landscapes-i-metamorphosis-de-darklight-studio-i-inzist\\\/#primaryimage\"},\"thumbnailUrl\":\"https:\\\/\\\/media.poblenouurbandistrict.com\\\/2024\\\/02\\\/25071253\\\/digital-landscapes-scaled.jpg\",\"datePublished\":\"2024-01-26T12:06:56+00:00\",\"dateModified\":\"2024-02-01T15:05:32+00:00\",\"author\":{\"@id\":\"https:\\\/\\\/poblenouurbandistrict.com\\\/#\\\/schema\\\/person\\\/980a2cf34b399d5218205730acd54a7e\"},\"breadcrumb\":{\"@id\":\"https:\\\/\\\/poblenouurbandistrict.com\\\/ca\\\/razzmatazz-inaugura-loff-llum-bcn-amb-digital-landscapes-i-metamorphosis-de-darklight-studio-i-inzist\\\/#breadcrumb\"},\"inLanguage\":\"ca\",\"potentialAction\":[{\"@type\":\"ReadAction\",\"target\":[[\"https:\\\/\\\/poblenouurbandistrict.com\\\/ca\\\/razzmatazz-inaugura-loff-llum-bcn-amb-digital-landscapes-i-metamorphosis-de-darklight-studio-i-inzist\\\/\"]]}]},{\"@type\":\"ImageObject\",\"inLanguage\":\"ca\",\"@id\":\"https:\\\/\\\/poblenouurbandistrict.com\\\/ca\\\/razzmatazz-inaugura-loff-llum-bcn-amb-digital-landscapes-i-metamorphosis-de-darklight-studio-i-inzist\\\/#primaryimage\",\"url\":\"https:\\\/\\\/media.poblenouurbandistrict.com\\\/2024\\\/02\\\/25071253\\\/digital-landscapes-scaled.jpg\",\"contentUrl\":\"https:\\\/\\\/media.poblenouurbandistrict.com\\\/2024\\\/02\\\/25071253\\\/digital-landscapes-scaled.jpg\",\"width\":2560,\"height\":1631},{\"@type\":\"BreadcrumbList\",\"@id\":\"https:\\\/\\\/poblenouurbandistrict.com\\\/ca\\\/razzmatazz-inaugura-loff-llum-bcn-amb-digital-landscapes-i-metamorphosis-de-darklight-studio-i-inzist\\\/#breadcrumb\",\"itemListElement\":[{\"@type\":\"ListItem\",\"position\":1,\"name\":\"Home\",\"item\":\"https:\\\/\\\/poblenouurbandistrict.com\\\/ca\\\/\"},{\"@type\":\"ListItem\",\"position\":2,\"name\":\"El circuit Off Llum Bcn arrenca a Razzmatazz amb les instal\u00b7lacions &#8220;Digital Landscapes&#8221; i &#8220;Metamorphosis&#8221;\"}]},{\"@type\":\"WebSite\",\"@id\":\"https:\\\/\\\/poblenouurbandistrict.com\\\/ca\\\/#website\",\"url\":\"https:\\\/\\\/poblenouurbandistrict.com\\\/ca\\\/\",\"name\":\"Poblenou Urban District\",\"description\":\"Comunitat Creativa\",\"potentialAction\":[{\"@type\":\"SearchAction\",\"target\":{\"@type\":\"EntryPoint\",\"urlTemplate\":\"https:\\\/\\\/poblenouurbandistrict.com\\\/ca\\\/?s={search_term_string}\"},\"query-input\":{\"@type\":\"PropertyValueSpecification\",\"valueRequired\":true,\"valueName\":\"search_term_string\"}}],\"inLanguage\":\"ca\"},{\"@type\":\"Person\",\"@id\":\"https:\\\/\\\/poblenouurbandistrict.com\\\/#\\\/schema\\\/person\\\/980a2cf34b399d5218205730acd54a7e\",\"name\":\"pnud\",\"image\":{\"@type\":\"ImageObject\",\"inLanguage\":\"ca\",\"@id\":\"https:\\\/\\\/secure.gravatar.com\\\/avatar\\\/67146597b405ee077a24e519f75c3e2031736596d6ce35af3a34c122c93d0d7b?s=96&d=retro&r=g\",\"url\":\"https:\\\/\\\/secure.gravatar.com\\\/avatar\\\/67146597b405ee077a24e519f75c3e2031736596d6ce35af3a34c122c93d0d7b?s=96&d=retro&r=g\",\"contentUrl\":\"https:\\\/\\\/secure.gravatar.com\\\/avatar\\\/67146597b405ee077a24e519f75c3e2031736596d6ce35af3a34c122c93d0d7b?s=96&d=retro&r=g\",\"caption\":\"pnud\"}}]}<\/script>\n<!-- \/ Yoast SEO plugin. -->","yoast_head_json":{"title":"El circuit Off Llum Bcn arrenca a Razzmatazz amb les instal\u00b7lacions \"Digital Landscapes\" i \"Metamorphosis\" &#8211; Poblenou Urban District","robots":{"index":"index","follow":"follow","max-snippet":"max-snippet:-1","max-image-preview":"max-image-preview:large","max-video-preview":"max-video-preview:-1"},"canonical":"https:\/\/poblenouurbandistrict.com\/ca\/razzmatazz-inaugura-loff-llum-bcn-amb-digital-landscapes-i-metamorphosis-de-darklight-studio-i-inzist\/","og_locale":"ca_ES","og_type":"article","og_title":"El circuit Off Llum Bcn arrenca a Razzmatazz amb les instal\u00b7lacions \"Digital Landscapes\" i \"Metamorphosis\" &#8211; Poblenou Urban District","og_description":"La ic\u00f2nica sala Razzmatazz, que al novembre de l\u2019any passat va celebrar el seu 23\u00e8 aniversari, \u00e9s una de les... M\u00e9s \u2192","og_url":"https:\/\/poblenouurbandistrict.com\/ca\/razzmatazz-inaugura-loff-llum-bcn-amb-digital-landscapes-i-metamorphosis-de-darklight-studio-i-inzist\/","og_site_name":"Poblenou Urban District","article_published_time":"2024-01-26T12:06:56+00:00","article_modified_time":"2024-02-01T15:05:32+00:00","og_image":[{"width":2560,"height":1631,"url":"https:\/\/poblenouurbandistrict.com\/wp-content\/uploads\/2024\/02\/digital-landscapes-scaled.jpg","type":"image\/jpeg"}],"author":"pnud","twitter_card":"summary_large_image","twitter_misc":{"Escrit per":"pnud","Temps estimat de lectura":"3 minuts"},"schema":{"@context":"https:\/\/schema.org","@graph":[{"@type":"Article","@id":"https:\/\/poblenouurbandistrict.com\/razzmatazz-inaugura-loff-llum-bcn-amb-digital-landscapes-i-metamorphosis-de-darklight-studio-i-inzist\/#article","isPartOf":{"@id":"https:\/\/poblenouurbandistrict.com\/razzmatazz-inaugura-loff-llum-bcn-amb-digital-landscapes-i-metamorphosis-de-darklight-studio-i-inzist\/"},"author":{"name":"pnud","@id":"https:\/\/poblenouurbandistrict.com\/#\/schema\/person\/980a2cf34b399d5218205730acd54a7e"},"headline":"El circuit Off Llum Bcn arrenca a Razzmatazz amb les instal\u00b7lacions &#8220;Digital Landscapes&#8221; i &#8220;Metamorphosis&#8221;","datePublished":"2024-01-26T12:06:56+00:00","dateModified":"2024-02-01T15:05:32+00:00","mainEntityOfPage":{"@id":"https:\/\/poblenouurbandistrict.com\/razzmatazz-inaugura-loff-llum-bcn-amb-digital-landscapes-i-metamorphosis-de-darklight-studio-i-inzist\/"},"wordCount":971,"image":{"@id":"https:\/\/poblenouurbandistrict.com\/razzmatazz-inaugura-loff-llum-bcn-amb-digital-landscapes-i-metamorphosis-de-darklight-studio-i-inzist\/#primaryimage"},"thumbnailUrl":"https:\/\/media.poblenouurbandistrict.com\/2024\/02\/25071253\/digital-landscapes-scaled.jpg","articleSection":["Off Llum Bcn"],"inLanguage":"ca"},{"@type":"WebPage","@id":"https:\/\/poblenouurbandistrict.com\/ca\/razzmatazz-inaugura-loff-llum-bcn-amb-digital-landscapes-i-metamorphosis-de-darklight-studio-i-inzist\/","url":"https:\/\/poblenouurbandistrict.com\/ca\/razzmatazz-inaugura-loff-llum-bcn-amb-digital-landscapes-i-metamorphosis-de-darklight-studio-i-inzist\/","name":"El circuit Off Llum Bcn arrenca a Razzmatazz amb les instal\u00b7lacions \"Digital Landscapes\" i \"Metamorphosis\" &#8211; Poblenou Urban District","isPartOf":{"@id":"https:\/\/poblenouurbandistrict.com\/ca\/#website"},"primaryImageOfPage":{"@id":"https:\/\/poblenouurbandistrict.com\/ca\/razzmatazz-inaugura-loff-llum-bcn-amb-digital-landscapes-i-metamorphosis-de-darklight-studio-i-inzist\/#primaryimage"},"image":{"@id":"https:\/\/poblenouurbandistrict.com\/razzmatazz-inaugura-loff-llum-bcn-amb-digital-landscapes-i-metamorphosis-de-darklight-studio-i-inzist\/#primaryimage"},"thumbnailUrl":"https:\/\/media.poblenouurbandistrict.com\/2024\/02\/25071253\/digital-landscapes-scaled.jpg","datePublished":"2024-01-26T12:06:56+00:00","dateModified":"2024-02-01T15:05:32+00:00","author":{"@id":"https:\/\/poblenouurbandistrict.com\/#\/schema\/person\/980a2cf34b399d5218205730acd54a7e"},"breadcrumb":{"@id":"https:\/\/poblenouurbandistrict.com\/ca\/razzmatazz-inaugura-loff-llum-bcn-amb-digital-landscapes-i-metamorphosis-de-darklight-studio-i-inzist\/#breadcrumb"},"inLanguage":"ca","potentialAction":[{"@type":"ReadAction","target":[["https:\/\/poblenouurbandistrict.com\/ca\/razzmatazz-inaugura-loff-llum-bcn-amb-digital-landscapes-i-metamorphosis-de-darklight-studio-i-inzist\/"]]}]},{"@type":"ImageObject","inLanguage":"ca","@id":"https:\/\/poblenouurbandistrict.com\/ca\/razzmatazz-inaugura-loff-llum-bcn-amb-digital-landscapes-i-metamorphosis-de-darklight-studio-i-inzist\/#primaryimage","url":"https:\/\/media.poblenouurbandistrict.com\/2024\/02\/25071253\/digital-landscapes-scaled.jpg","contentUrl":"https:\/\/media.poblenouurbandistrict.com\/2024\/02\/25071253\/digital-landscapes-scaled.jpg","width":2560,"height":1631},{"@type":"BreadcrumbList","@id":"https:\/\/poblenouurbandistrict.com\/ca\/razzmatazz-inaugura-loff-llum-bcn-amb-digital-landscapes-i-metamorphosis-de-darklight-studio-i-inzist\/#breadcrumb","itemListElement":[{"@type":"ListItem","position":1,"name":"Home","item":"https:\/\/poblenouurbandistrict.com\/ca\/"},{"@type":"ListItem","position":2,"name":"El circuit Off Llum Bcn arrenca a Razzmatazz amb les instal\u00b7lacions &#8220;Digital Landscapes&#8221; i &#8220;Metamorphosis&#8221;"}]},{"@type":"WebSite","@id":"https:\/\/poblenouurbandistrict.com\/ca\/#website","url":"https:\/\/poblenouurbandistrict.com\/ca\/","name":"Poblenou Urban District","description":"Comunitat Creativa","potentialAction":[{"@type":"SearchAction","target":{"@type":"EntryPoint","urlTemplate":"https:\/\/poblenouurbandistrict.com\/ca\/?s={search_term_string}"},"query-input":{"@type":"PropertyValueSpecification","valueRequired":true,"valueName":"search_term_string"}}],"inLanguage":"ca"},{"@type":"Person","@id":"https:\/\/poblenouurbandistrict.com\/#\/schema\/person\/980a2cf34b399d5218205730acd54a7e","name":"pnud","image":{"@type":"ImageObject","inLanguage":"ca","@id":"https:\/\/secure.gravatar.com\/avatar\/67146597b405ee077a24e519f75c3e2031736596d6ce35af3a34c122c93d0d7b?s=96&d=retro&r=g","url":"https:\/\/secure.gravatar.com\/avatar\/67146597b405ee077a24e519f75c3e2031736596d6ce35af3a34c122c93d0d7b?s=96&d=retro&r=g","contentUrl":"https:\/\/secure.gravatar.com\/avatar\/67146597b405ee077a24e519f75c3e2031736596d6ce35af3a34c122c93d0d7b?s=96&d=retro&r=g","caption":"pnud"}}]}},"_links":{"self":[{"href":"https:\/\/poblenouurbandistrict.com\/ca\/wp-json\/wp\/v2\/posts\/44036","targetHints":{"allow":["GET"]}}],"collection":[{"href":"https:\/\/poblenouurbandistrict.com\/ca\/wp-json\/wp\/v2\/posts"}],"about":[{"href":"https:\/\/poblenouurbandistrict.com\/ca\/wp-json\/wp\/v2\/types\/post"}],"author":[{"embeddable":true,"href":"https:\/\/poblenouurbandistrict.com\/ca\/wp-json\/wp\/v2\/users\/5"}],"replies":[{"embeddable":true,"href":"https:\/\/poblenouurbandistrict.com\/ca\/wp-json\/wp\/v2\/comments?post=44036"}],"version-history":[{"count":13,"href":"https:\/\/poblenouurbandistrict.com\/ca\/wp-json\/wp\/v2\/posts\/44036\/revisions"}],"predecessor-version":[{"id":44221,"href":"https:\/\/poblenouurbandistrict.com\/ca\/wp-json\/wp\/v2\/posts\/44036\/revisions\/44221"}],"wp:featuredmedia":[{"embeddable":true,"href":"https:\/\/poblenouurbandistrict.com\/ca\/wp-json\/wp\/v2\/media\/44302"}],"wp:attachment":[{"href":"https:\/\/poblenouurbandistrict.com\/ca\/wp-json\/wp\/v2\/media?parent=44036"}],"wp:term":[{"taxonomy":"category","embeddable":true,"href":"https:\/\/poblenouurbandistrict.com\/ca\/wp-json\/wp\/v2\/categories?post=44036"},{"taxonomy":"post_tag","embeddable":true,"href":"https:\/\/poblenouurbandistrict.com\/ca\/wp-json\/wp\/v2\/tags?post=44036"}],"curies":[{"name":"wp","href":"https:\/\/api.w.org\/{rel}","templated":true}]}}