{"id":44040,"date":"2024-01-26T12:50:45","date_gmt":"2024-01-26T11:50:45","guid":{"rendered":"https:\/\/poblenouurbandistrict.com\/?p=44040"},"modified":"2024-02-01T16:25:02","modified_gmt":"2024-02-01T15:25:02","slug":"bau-exhibeix-la-installacio-tomeduchi-inspirada-en-el-fons-mari","status":"publish","type":"post","link":"https:\/\/poblenouurbandistrict.com\/ca\/bau-exhibeix-la-installacio-tomeduchi-inspirada-en-el-fons-mari\/","title":{"rendered":"BAU exhibeix la instal\u00b7laci\u00f3 &#8220;Tomeduchi&#8221;, inspirada en el fons mar\u00ed"},"content":{"rendered":"<p>L\u2019<a href=\"https:\/\/www.baued.es\/ca\/bau\/campus-bau\">Edifici Granada de BAU<\/a> acollir\u00e0 <em>Tomeduchi,<\/em> la vuitena instal\u00b7laci\u00f3 de l\u2019<a href=\"https:\/\/poblenouurbandistrict.com\/ca\/off-llum-2024\/\">Off Llum Bcn 2024<\/a>, produ\u00efda per <span style=\"font-weight: 400; color: #000000;\">Gonzalo Cortez, Fabricio Atahualpa, Nicol\u00e1s V\u00e1squez i Rub\u00e9n S\u00e1nchez, <\/span>que captura la metamorfosi de la quietud i serenitat del fons mar\u00ed, inspirant-se en el dinamisme generat pel moviment de les meduses.<\/p>\n<p><span style=\"font-weight: 400; color: #000000;\">La instal\u00b7laci\u00f3 est\u00e0 est\u00e8ticament inspirada en videojocs antics: i per aquest motiu el nom de <em>Tomeduchi<\/em> respon a la fusi\u00f3 entre els tamagotchi, criatures digitals que tenen expressions pr\u00f2pies, i les meduses. La idea es materialitza a trav\u00e9s d\u2019una s\u00e8rie de peixos escult\u00f2rics de diferents grand\u00e0ries i suspesos a l\u2019aire que es mouen en sincronia amb llums LED, oferint una experi\u00e8ncia immersiva als visitants.<\/span><\/p>\n<p><span style=\"font-weight: 400; color: #000000;\">Les meduses esculturals estan constru\u00efdes amb una estructura de fusta que les sost\u00e9 mitjan\u00e7ant cordes des del sostre que, en moure&#8217;s, emulen el moviment de les meduses en la mar.<\/span><span style=\"font-weight: 400; color: #000000;\">\u00a0Altres fonts de llum complement\u00e0ries contribueixen a il\u00b7luminar les escultures, i en xocar amb les diverses textures de les teles, creen un efecte d&#8217;aigua en moviment que es reflecteix en l&#8217;espai circumdant.<\/span><\/p>\n<hr \/>\n<p><span style=\"font-weight: 400; color: #000000;\">Gonzalo C., Fabricio A., Nicol\u00e1s V. i Rub\u00e9n S formen un grup d\u2019artistes que treballen l\u2019exploraci\u00f3 de la llum i la mat\u00e8ria, a trav\u00e9s de l\u2019arquitectura, el disseny audiovisual i la programaci\u00f3, amb l\u2019objectiu de preservar els nostres oceans.<\/span><\/p>\n<h4 style=\"text-align: center;\">Ciutat de Granada, 34 &#8211; 36<\/h4>\n<h4 style=\"text-align: center;\">18.30h &#8211; 23.30h<\/h4>\n<h4 style=\"text-align: center;\">Amb la col\u00b7laboraci\u00f3 de <a href=\"https:\/\/www.baued.es\/\">BAU<\/a><\/h4>\n<p><\/p>","protected":false},"excerpt":{"rendered":"<p>L\u2019Edifici Granada de BAU acollir\u00e0 Tomeduchi, la vuitena instal\u00b7laci\u00f3 de l\u2019Off Llum Bcn 2024, produ\u00efda per Gonzalo Cortez, Fabricio Atahualpa,&#8230; <a href=\"https:\/\/poblenouurbandistrict.com\/ca\/bau-exhibeix-la-installacio-tomeduchi-inspirada-en-el-fons-mari\/\">M\u00e9s  \u2192<\/a><\/p>\n","protected":false},"author":5,"featured_media":44230,"comment_status":"closed","ping_status":"closed","sticky":false,"template":"","format":"standard","meta":{"_acf_changed":false,"footnotes":""},"categories":[3548],"tags":[],"class_list":["post-44040","post","type-post","status-publish","format-standard","has-post-thumbnail","hentry","category-off-llum-bcn"],"acf":[],"yoast_head":"<!-- This site is optimized with the Yoast SEO plugin v27.5 - https:\/\/yoast.com\/product\/yoast-seo-wordpress\/ -->\n<title>BAU exhibeix la instal\u00b7laci\u00f3 &quot;Tomeduchi&quot;, inspirada en el fons mar\u00ed &#8211; Poblenou Urban District<\/title>\n<meta name=\"robots\" content=\"index, follow, max-snippet:-1, max-image-preview:large, max-video-preview:-1\" \/>\n<link rel=\"canonical\" href=\"https:\/\/poblenouurbandistrict.com\/ca\/bau-exhibeix-la-installacio-tomeduchi-inspirada-en-el-fons-mari\/\" \/>\n<meta property=\"og:locale\" content=\"ca_ES\" \/>\n<meta property=\"og:type\" content=\"article\" \/>\n<meta property=\"og:title\" content=\"BAU exhibeix la instal\u00b7laci\u00f3 &quot;Tomeduchi&quot;, inspirada en el fons mar\u00ed &#8211; Poblenou Urban District\" \/>\n<meta property=\"og:description\" content=\"L\u2019Edifici Granada de BAU acollir\u00e0 Tomeduchi, la vuitena instal\u00b7laci\u00f3 de l\u2019Off Llum Bcn 2024, produ\u00efda per Gonzalo Cortez, Fabricio Atahualpa,... M\u00e9s \u2192\" \/>\n<meta property=\"og:url\" content=\"https:\/\/poblenouurbandistrict.com\/ca\/bau-exhibeix-la-installacio-tomeduchi-inspirada-en-el-fons-mari\/\" \/>\n<meta property=\"og:site_name\" content=\"Poblenou Urban District\" \/>\n<meta property=\"article:published_time\" content=\"2024-01-26T11:50:45+00:00\" \/>\n<meta property=\"article:modified_time\" content=\"2024-02-01T15:25:02+00:00\" \/>\n<meta property=\"og:image\" content=\"https:\/\/poblenouurbandistrict.com\/wp-content\/uploads\/2024\/01\/img-8376-1-e1706801097515.jpg\" \/>\n\t<meta property=\"og:image:width\" content=\"1500\" \/>\n\t<meta property=\"og:image:height\" content=\"1040\" \/>\n\t<meta property=\"og:image:type\" content=\"image\/jpeg\" \/>\n<meta name=\"author\" content=\"pnud\" \/>\n<meta name=\"twitter:card\" content=\"summary_large_image\" \/>\n<meta name=\"twitter:label1\" content=\"Escrit per\" \/>\n\t<meta name=\"twitter:data1\" content=\"pnud\" \/>\n\t<meta name=\"twitter:label2\" content=\"Temps estimat de lectura\" \/>\n\t<meta name=\"twitter:data2\" content=\"2 minuts\" \/>\n<script type=\"application\/ld+json\" class=\"yoast-schema-graph\">{\"@context\":\"https:\\\/\\\/schema.org\",\"@graph\":[{\"@type\":\"Article\",\"@id\":\"https:\\\/\\\/poblenouurbandistrict.com\\\/bau-exhibeix-la-installacio-tomeduchi-inspirada-en-el-fons-mari\\\/#article\",\"isPartOf\":{\"@id\":\"https:\\\/\\\/poblenouurbandistrict.com\\\/bau-exhibeix-la-installacio-tomeduchi-inspirada-en-el-fons-mari\\\/\"},\"author\":{\"name\":\"pnud\",\"@id\":\"https:\\\/\\\/poblenouurbandistrict.com\\\/#\\\/schema\\\/person\\\/980a2cf34b399d5218205730acd54a7e\"},\"headline\":\"BAU exhibeix la instal\u00b7laci\u00f3 &#8220;Tomeduchi&#8221;, inspirada en el fons mar\u00ed\",\"datePublished\":\"2024-01-26T11:50:45+00:00\",\"dateModified\":\"2024-02-01T15:25:02+00:00\",\"mainEntityOfPage\":{\"@id\":\"https:\\\/\\\/poblenouurbandistrict.com\\\/bau-exhibeix-la-installacio-tomeduchi-inspirada-en-el-fons-mari\\\/\"},\"wordCount\":538,\"image\":{\"@id\":\"https:\\\/\\\/poblenouurbandistrict.com\\\/bau-exhibeix-la-installacio-tomeduchi-inspirada-en-el-fons-mari\\\/#primaryimage\"},\"thumbnailUrl\":\"https:\\\/\\\/media.poblenouurbandistrict.com\\\/2024\\\/01\\\/25071213\\\/img-8376-1-e1706801097515.jpg\",\"articleSection\":[\"Off Llum Bcn\"],\"inLanguage\":\"ca\"},{\"@type\":\"WebPage\",\"@id\":\"https:\\\/\\\/poblenouurbandistrict.com\\\/ca\\\/bau-exhibeix-la-installacio-tomeduchi-inspirada-en-el-fons-mari\\\/\",\"url\":\"https:\\\/\\\/poblenouurbandistrict.com\\\/ca\\\/bau-exhibeix-la-installacio-tomeduchi-inspirada-en-el-fons-mari\\\/\",\"name\":\"BAU exhibeix la instal\u00b7laci\u00f3 \\\"Tomeduchi\\\", inspirada en el fons mar\u00ed &#8211; Poblenou Urban District\",\"isPartOf\":{\"@id\":\"https:\\\/\\\/poblenouurbandistrict.com\\\/ca\\\/#website\"},\"primaryImageOfPage\":{\"@id\":\"https:\\\/\\\/poblenouurbandistrict.com\\\/ca\\\/bau-exhibeix-la-installacio-tomeduchi-inspirada-en-el-fons-mari\\\/#primaryimage\"},\"image\":{\"@id\":\"https:\\\/\\\/poblenouurbandistrict.com\\\/bau-exhibeix-la-installacio-tomeduchi-inspirada-en-el-fons-mari\\\/#primaryimage\"},\"thumbnailUrl\":\"https:\\\/\\\/media.poblenouurbandistrict.com\\\/2024\\\/01\\\/25071213\\\/img-8376-1-e1706801097515.jpg\",\"datePublished\":\"2024-01-26T11:50:45+00:00\",\"dateModified\":\"2024-02-01T15:25:02+00:00\",\"author\":{\"@id\":\"https:\\\/\\\/poblenouurbandistrict.com\\\/#\\\/schema\\\/person\\\/980a2cf34b399d5218205730acd54a7e\"},\"breadcrumb\":{\"@id\":\"https:\\\/\\\/poblenouurbandistrict.com\\\/ca\\\/bau-exhibeix-la-installacio-tomeduchi-inspirada-en-el-fons-mari\\\/#breadcrumb\"},\"inLanguage\":\"ca\",\"potentialAction\":[{\"@type\":\"ReadAction\",\"target\":[[\"https:\\\/\\\/poblenouurbandistrict.com\\\/ca\\\/bau-exhibeix-la-installacio-tomeduchi-inspirada-en-el-fons-mari\\\/\"]]}]},{\"@type\":\"ImageObject\",\"inLanguage\":\"ca\",\"@id\":\"https:\\\/\\\/poblenouurbandistrict.com\\\/ca\\\/bau-exhibeix-la-installacio-tomeduchi-inspirada-en-el-fons-mari\\\/#primaryimage\",\"url\":\"https:\\\/\\\/media.poblenouurbandistrict.com\\\/2024\\\/01\\\/25071213\\\/img-8376-1-e1706801097515.jpg\",\"contentUrl\":\"https:\\\/\\\/media.poblenouurbandistrict.com\\\/2024\\\/01\\\/25071213\\\/img-8376-1-e1706801097515.jpg\",\"width\":1500,\"height\":1040},{\"@type\":\"BreadcrumbList\",\"@id\":\"https:\\\/\\\/poblenouurbandistrict.com\\\/ca\\\/bau-exhibeix-la-installacio-tomeduchi-inspirada-en-el-fons-mari\\\/#breadcrumb\",\"itemListElement\":[{\"@type\":\"ListItem\",\"position\":1,\"name\":\"Home\",\"item\":\"https:\\\/\\\/poblenouurbandistrict.com\\\/ca\\\/\"},{\"@type\":\"ListItem\",\"position\":2,\"name\":\"BAU exhibeix la instal\u00b7laci\u00f3 &#8220;Tomeduchi&#8221;, inspirada en el fons mar\u00ed\"}]},{\"@type\":\"WebSite\",\"@id\":\"https:\\\/\\\/poblenouurbandistrict.com\\\/ca\\\/#website\",\"url\":\"https:\\\/\\\/poblenouurbandistrict.com\\\/ca\\\/\",\"name\":\"Poblenou Urban District\",\"description\":\"Comunitat Creativa\",\"potentialAction\":[{\"@type\":\"SearchAction\",\"target\":{\"@type\":\"EntryPoint\",\"urlTemplate\":\"https:\\\/\\\/poblenouurbandistrict.com\\\/ca\\\/?s={search_term_string}\"},\"query-input\":{\"@type\":\"PropertyValueSpecification\",\"valueRequired\":true,\"valueName\":\"search_term_string\"}}],\"inLanguage\":\"ca\"},{\"@type\":\"Person\",\"@id\":\"https:\\\/\\\/poblenouurbandistrict.com\\\/#\\\/schema\\\/person\\\/980a2cf34b399d5218205730acd54a7e\",\"name\":\"pnud\",\"image\":{\"@type\":\"ImageObject\",\"inLanguage\":\"ca\",\"@id\":\"https:\\\/\\\/secure.gravatar.com\\\/avatar\\\/67146597b405ee077a24e519f75c3e2031736596d6ce35af3a34c122c93d0d7b?s=96&d=retro&r=g\",\"url\":\"https:\\\/\\\/secure.gravatar.com\\\/avatar\\\/67146597b405ee077a24e519f75c3e2031736596d6ce35af3a34c122c93d0d7b?s=96&d=retro&r=g\",\"contentUrl\":\"https:\\\/\\\/secure.gravatar.com\\\/avatar\\\/67146597b405ee077a24e519f75c3e2031736596d6ce35af3a34c122c93d0d7b?s=96&d=retro&r=g\",\"caption\":\"pnud\"}}]}<\/script>\n<!-- \/ Yoast SEO plugin. -->","yoast_head_json":{"title":"BAU exhibeix la instal\u00b7laci\u00f3 \"Tomeduchi\", inspirada en el fons mar\u00ed &#8211; Poblenou Urban District","robots":{"index":"index","follow":"follow","max-snippet":"max-snippet:-1","max-image-preview":"max-image-preview:large","max-video-preview":"max-video-preview:-1"},"canonical":"https:\/\/poblenouurbandistrict.com\/ca\/bau-exhibeix-la-installacio-tomeduchi-inspirada-en-el-fons-mari\/","og_locale":"ca_ES","og_type":"article","og_title":"BAU exhibeix la instal\u00b7laci\u00f3 \"Tomeduchi\", inspirada en el fons mar\u00ed &#8211; Poblenou Urban District","og_description":"L\u2019Edifici Granada de BAU acollir\u00e0 Tomeduchi, la vuitena instal\u00b7laci\u00f3 de l\u2019Off Llum Bcn 2024, produ\u00efda per Gonzalo Cortez, Fabricio Atahualpa,... M\u00e9s \u2192","og_url":"https:\/\/poblenouurbandistrict.com\/ca\/bau-exhibeix-la-installacio-tomeduchi-inspirada-en-el-fons-mari\/","og_site_name":"Poblenou Urban District","article_published_time":"2024-01-26T11:50:45+00:00","article_modified_time":"2024-02-01T15:25:02+00:00","og_image":[{"width":1500,"height":1040,"url":"https:\/\/poblenouurbandistrict.com\/wp-content\/uploads\/2024\/01\/img-8376-1-e1706801097515.jpg","type":"image\/jpeg"}],"author":"pnud","twitter_card":"summary_large_image","twitter_misc":{"Escrit per":"pnud","Temps estimat de lectura":"2 minuts"},"schema":{"@context":"https:\/\/schema.org","@graph":[{"@type":"Article","@id":"https:\/\/poblenouurbandistrict.com\/bau-exhibeix-la-installacio-tomeduchi-inspirada-en-el-fons-mari\/#article","isPartOf":{"@id":"https:\/\/poblenouurbandistrict.com\/bau-exhibeix-la-installacio-tomeduchi-inspirada-en-el-fons-mari\/"},"author":{"name":"pnud","@id":"https:\/\/poblenouurbandistrict.com\/#\/schema\/person\/980a2cf34b399d5218205730acd54a7e"},"headline":"BAU exhibeix la instal\u00b7laci\u00f3 &#8220;Tomeduchi&#8221;, inspirada en el fons mar\u00ed","datePublished":"2024-01-26T11:50:45+00:00","dateModified":"2024-02-01T15:25:02+00:00","mainEntityOfPage":{"@id":"https:\/\/poblenouurbandistrict.com\/bau-exhibeix-la-installacio-tomeduchi-inspirada-en-el-fons-mari\/"},"wordCount":538,"image":{"@id":"https:\/\/poblenouurbandistrict.com\/bau-exhibeix-la-installacio-tomeduchi-inspirada-en-el-fons-mari\/#primaryimage"},"thumbnailUrl":"https:\/\/media.poblenouurbandistrict.com\/2024\/01\/25071213\/img-8376-1-e1706801097515.jpg","articleSection":["Off Llum Bcn"],"inLanguage":"ca"},{"@type":"WebPage","@id":"https:\/\/poblenouurbandistrict.com\/ca\/bau-exhibeix-la-installacio-tomeduchi-inspirada-en-el-fons-mari\/","url":"https:\/\/poblenouurbandistrict.com\/ca\/bau-exhibeix-la-installacio-tomeduchi-inspirada-en-el-fons-mari\/","name":"BAU exhibeix la instal\u00b7laci\u00f3 \"Tomeduchi\", inspirada en el fons mar\u00ed &#8211; Poblenou Urban District","isPartOf":{"@id":"https:\/\/poblenouurbandistrict.com\/ca\/#website"},"primaryImageOfPage":{"@id":"https:\/\/poblenouurbandistrict.com\/ca\/bau-exhibeix-la-installacio-tomeduchi-inspirada-en-el-fons-mari\/#primaryimage"},"image":{"@id":"https:\/\/poblenouurbandistrict.com\/bau-exhibeix-la-installacio-tomeduchi-inspirada-en-el-fons-mari\/#primaryimage"},"thumbnailUrl":"https:\/\/media.poblenouurbandistrict.com\/2024\/01\/25071213\/img-8376-1-e1706801097515.jpg","datePublished":"2024-01-26T11:50:45+00:00","dateModified":"2024-02-01T15:25:02+00:00","author":{"@id":"https:\/\/poblenouurbandistrict.com\/#\/schema\/person\/980a2cf34b399d5218205730acd54a7e"},"breadcrumb":{"@id":"https:\/\/poblenouurbandistrict.com\/ca\/bau-exhibeix-la-installacio-tomeduchi-inspirada-en-el-fons-mari\/#breadcrumb"},"inLanguage":"ca","potentialAction":[{"@type":"ReadAction","target":[["https:\/\/poblenouurbandistrict.com\/ca\/bau-exhibeix-la-installacio-tomeduchi-inspirada-en-el-fons-mari\/"]]}]},{"@type":"ImageObject","inLanguage":"ca","@id":"https:\/\/poblenouurbandistrict.com\/ca\/bau-exhibeix-la-installacio-tomeduchi-inspirada-en-el-fons-mari\/#primaryimage","url":"https:\/\/media.poblenouurbandistrict.com\/2024\/01\/25071213\/img-8376-1-e1706801097515.jpg","contentUrl":"https:\/\/media.poblenouurbandistrict.com\/2024\/01\/25071213\/img-8376-1-e1706801097515.jpg","width":1500,"height":1040},{"@type":"BreadcrumbList","@id":"https:\/\/poblenouurbandistrict.com\/ca\/bau-exhibeix-la-installacio-tomeduchi-inspirada-en-el-fons-mari\/#breadcrumb","itemListElement":[{"@type":"ListItem","position":1,"name":"Home","item":"https:\/\/poblenouurbandistrict.com\/ca\/"},{"@type":"ListItem","position":2,"name":"BAU exhibeix la instal\u00b7laci\u00f3 &#8220;Tomeduchi&#8221;, inspirada en el fons mar\u00ed"}]},{"@type":"WebSite","@id":"https:\/\/poblenouurbandistrict.com\/ca\/#website","url":"https:\/\/poblenouurbandistrict.com\/ca\/","name":"Poblenou Urban District","description":"Comunitat Creativa","potentialAction":[{"@type":"SearchAction","target":{"@type":"EntryPoint","urlTemplate":"https:\/\/poblenouurbandistrict.com\/ca\/?s={search_term_string}"},"query-input":{"@type":"PropertyValueSpecification","valueRequired":true,"valueName":"search_term_string"}}],"inLanguage":"ca"},{"@type":"Person","@id":"https:\/\/poblenouurbandistrict.com\/#\/schema\/person\/980a2cf34b399d5218205730acd54a7e","name":"pnud","image":{"@type":"ImageObject","inLanguage":"ca","@id":"https:\/\/secure.gravatar.com\/avatar\/67146597b405ee077a24e519f75c3e2031736596d6ce35af3a34c122c93d0d7b?s=96&d=retro&r=g","url":"https:\/\/secure.gravatar.com\/avatar\/67146597b405ee077a24e519f75c3e2031736596d6ce35af3a34c122c93d0d7b?s=96&d=retro&r=g","contentUrl":"https:\/\/secure.gravatar.com\/avatar\/67146597b405ee077a24e519f75c3e2031736596d6ce35af3a34c122c93d0d7b?s=96&d=retro&r=g","caption":"pnud"}}]}},"_links":{"self":[{"href":"https:\/\/poblenouurbandistrict.com\/ca\/wp-json\/wp\/v2\/posts\/44040","targetHints":{"allow":["GET"]}}],"collection":[{"href":"https:\/\/poblenouurbandistrict.com\/ca\/wp-json\/wp\/v2\/posts"}],"about":[{"href":"https:\/\/poblenouurbandistrict.com\/ca\/wp-json\/wp\/v2\/types\/post"}],"author":[{"embeddable":true,"href":"https:\/\/poblenouurbandistrict.com\/ca\/wp-json\/wp\/v2\/users\/5"}],"replies":[{"embeddable":true,"href":"https:\/\/poblenouurbandistrict.com\/ca\/wp-json\/wp\/v2\/comments?post=44040"}],"version-history":[{"count":9,"href":"https:\/\/poblenouurbandistrict.com\/ca\/wp-json\/wp\/v2\/posts\/44040\/revisions"}],"predecessor-version":[{"id":44308,"href":"https:\/\/poblenouurbandistrict.com\/ca\/wp-json\/wp\/v2\/posts\/44040\/revisions\/44308"}],"wp:featuredmedia":[{"embeddable":true,"href":"https:\/\/poblenouurbandistrict.com\/ca\/wp-json\/wp\/v2\/media\/44230"}],"wp:attachment":[{"href":"https:\/\/poblenouurbandistrict.com\/ca\/wp-json\/wp\/v2\/media?parent=44040"}],"wp:term":[{"taxonomy":"category","embeddable":true,"href":"https:\/\/poblenouurbandistrict.com\/ca\/wp-json\/wp\/v2\/categories?post=44040"},{"taxonomy":"post_tag","embeddable":true,"href":"https:\/\/poblenouurbandistrict.com\/ca\/wp-json\/wp\/v2\/tags?post=44040"}],"curies":[{"name":"wp","href":"https:\/\/api.w.org\/{rel}","templated":true}]}}