{"id":44074,"date":"2024-01-26T12:55:06","date_gmt":"2024-01-26T11:55:06","guid":{"rendered":"https:\/\/poblenouurbandistrict.com\/?p=44074"},"modified":"2024-02-01T13:24:25","modified_gmt":"2024-02-01T12:24:25","slug":"indissoluble-obre-la-persiana-del-seu-aparador-per-exposar-the-puffertons-i-off-stories","status":"publish","type":"post","link":"https:\/\/poblenouurbandistrict.com\/ca\/indissoluble-obre-la-persiana-del-seu-aparador-per-exposar-the-puffertons-i-off-stories\/","title":{"rendered":"Indissoluble obre la persiana del seu aparador per presentar  &#8220;Off Stories&#8221; i &#8220;The Puffertons&#8221;"},"content":{"rendered":"<p><span style=\"font-weight: 400;\"><a href=\"https:\/\/www.indissoluble.com\/ca\/\">Indissoluble<\/a> \u00e9s sempre un punt clau i un gran col\u00b7laborador de l\u2019<a href=\"https:\/\/poblenouurbandistrict.com\/ca\/off-llum-2024\/\">Off Llum Bcn<\/a>, empresa que es dedica a dissenyar i construir exposicions, sent el seu taller del Poblenou un espai ideal per fer creacions espectaculars.\u00a0<\/span><\/p>\n<h3><b>06. Off Stories &#8211; Margalef<\/b><\/h3>\n<p><span style=\"font-weight: 400;\"><em>Off Stories<\/em> \u00e9s un paisatge lum\u00ednic estructurat en diversos estrats on la gradaci\u00f3 de color i la variaci\u00f3 del flux de llum recreen un moviment din\u00e0mic continu. Aquesta instal\u00b7laci\u00f3 pret\u00e9n ser una revisi\u00f3 del cl\u00e0ssic photocall, en aquest cas lum\u00ednic i interactiu, on els visitants tenen l\u2019oportunitat de crear les seves pr\u00f2pies \u201cStories\u201d i pujar-les a les xarxes socials com a record.<\/span><\/p>\n<p><span style=\"font-weight: 400;\"><a href=\"https:\/\/www.instagram.com\/margalef.co\/\">Margalef<\/a> \u00e9s un laboratori d&#8217;exploraci\u00f3 de contextos urbans i del grafisme en l&#8217;espai p\u00fablic, centrat en projectes ef\u00edmers d&#8217;arquitectura i arts pl\u00e0stiques. Els seus treballs descobreixen o construeixen noves cartografies d&#8217;interacci\u00f3 amb l&#8217;entorn, mitjan\u00e7ant instal\u00b7lacions art\u00edstiques, intervencions urbanes, o la reapropiaci\u00f3 d&#8217;imatges.<\/span><\/p>\n<h4 style=\"text-align: center;\">Pujades, 130<\/h4>\n<h4 style=\"text-align: center;\">18.30h &#8211; 23.30h<\/h4>\n<h4 style=\"text-align: center;\">Amb la col\u00b7laboraci\u00f3 d&#8217;<a href=\"https:\/\/www.indissoluble.com\/ca\/\">Indissoluble<\/a> i <a href=\"https:\/\/lluria.com\">Lluria<\/a><\/h4>\n<hr \/>\n<h3><b>07. The Puffertons &#8211; Joaquin Ferronato &amp; Clementina de Miranda<\/b><\/h3>\n<p><span style=\"font-weight: 400;\"><em>The Puffertons<\/em> \u00e9s una instal\u00b7laci\u00f3 vibrant i l\u00fadica que desafia les convencions de l\u2019espai personal dels seus 15 protagonistes, anomenats Puffertons, que viuen en una mena de trencaclosques tridimensional on cada combinaci\u00f3 genera una nova pe\u00e7a compositiva.\u00a0<\/span><\/p>\n<p><span style=\"font-weight: 400;\">Aquests \u00e9ssers colorits i transformables s\u2019esforcen molt, malgrat la seva incomoditat, per ocupar fins a l\u2019\u00faltim rac\u00f3 de l\u2019espai inflant-se i desinflant-se. El nom dels Puffertons t\u00e9 el seu origen en les jaquetes puffer d\u2019est\u00e8tica grossa i consistent, la qual cosa representa perfectament l\u2019aspecte d\u2019aquests personatges amb volums i textures diferents.\u00a0<\/span><\/p>\n<p><span style=\"font-weight: 400;\">La instal\u00b7laci\u00f3 es converteix en un loop, amb un audiovisual projectat que genera una il\u00b7lusi\u00f3, on es mostren els personatges en 3D entrant, sortint, inflant-se i omplint l&#8217;espai.<\/span><\/p>\n<p>\u00a9 <a href=\"https:\/\/www.instagram.com\/arengaboy\/?hl=es\">Joaquin Ferronato<\/a> i <a href=\"https:\/\/www.instagram.com\/clementina.como.la.mandarina\/\">Clementina de Miranda<\/a> s\u00f3n un duet art\u00edstic que busca generar continguts divertits, memorables i jovials i que alhora desafia les barreres del quadre.<\/p>\n<ul>\n<li><span style=\"font-weight: 400;\">Joaquin \u00e9s un artista audiovisual especialitzat en contingut per a superf\u00edcies no convencionals. Ha participat en diversos projectes immersius audiovisuals i recentment va realitzar les projeccions per a Els Llums de Sant Pau.<\/span><\/li>\n<li><span style=\"font-weight: 400;\">Clementina \u00e9s una joiera i il\u00b7lustradora des del seu projecte Clementina Mandarina, on crea il\u00b7lustracions captivadores jugant amb el quotidianeitat i la feminitat.<\/span><\/li>\n<\/ul>\n<h4 style=\"text-align: center;\">Ciutat de Granada, 61<\/h4>\n<h4 style=\"text-align: center;\">18.30h &#8211; 23.30h<\/h4>\n<h4 style=\"text-align: center;\">Amb la col\u00b7laboraci\u00f3 d&#8217;<a href=\"https:\/\/www.indissoluble.com\">Indissoluble<\/a> i\u00a0<a href=\"https:\/\/sugarsoundrental.com\">Sugar Sound Rental<\/a><\/h4>\n<p><\/p>","protected":false},"excerpt":{"rendered":"<p>Indissoluble \u00e9s sempre un punt clau i un gran col\u00b7laborador de l\u2019Off Llum Bcn, empresa que es dedica a dissenyar&#8230; <a href=\"https:\/\/poblenouurbandistrict.com\/ca\/indissoluble-obre-la-persiana-del-seu-aparador-per-exposar-the-puffertons-i-off-stories\/\">M\u00e9s  \u2192<\/a><\/p>\n","protected":false},"author":5,"featured_media":43848,"comment_status":"closed","ping_status":"closed","sticky":false,"template":"","format":"standard","meta":{"_acf_changed":false,"footnotes":""},"categories":[3548],"tags":[],"class_list":["post-44074","post","type-post","status-publish","format-standard","has-post-thumbnail","hentry","category-off-llum-bcn"],"acf":[],"yoast_head":"<!-- This site is optimized with the Yoast SEO plugin v27.5 - https:\/\/yoast.com\/product\/yoast-seo-wordpress\/ -->\n<title>Indissoluble obre la persiana del seu aparador per presentar &quot;Off Stories&quot; i &quot;The Puffertons&quot; &#8211; Poblenou Urban District<\/title>\n<meta name=\"robots\" content=\"index, follow, max-snippet:-1, max-image-preview:large, max-video-preview:-1\" \/>\n<link rel=\"canonical\" href=\"https:\/\/poblenouurbandistrict.com\/ca\/indissoluble-obre-la-persiana-del-seu-aparador-per-exposar-the-puffertons-i-off-stories\/\" \/>\n<meta property=\"og:locale\" content=\"ca_ES\" \/>\n<meta property=\"og:type\" content=\"article\" \/>\n<meta property=\"og:title\" content=\"Indissoluble obre la persiana del seu aparador per presentar &quot;Off Stories&quot; i &quot;The Puffertons&quot; &#8211; Poblenou Urban District\" \/>\n<meta property=\"og:description\" content=\"Indissoluble \u00e9s sempre un punt clau i un gran col\u00b7laborador de l\u2019Off Llum Bcn, empresa que es dedica a dissenyar... M\u00e9s \u2192\" \/>\n<meta property=\"og:url\" content=\"https:\/\/poblenouurbandistrict.com\/ca\/indissoluble-obre-la-persiana-del-seu-aparador-per-exposar-the-puffertons-i-off-stories\/\" \/>\n<meta property=\"og:site_name\" content=\"Poblenou Urban District\" \/>\n<meta property=\"article:published_time\" content=\"2024-01-26T11:55:06+00:00\" \/>\n<meta property=\"article:modified_time\" content=\"2024-02-01T12:24:25+00:00\" \/>\n<meta property=\"og:image\" content=\"https:\/\/poblenouurbandistrict.com\/wp-content\/uploads\/2024\/01\/thepuffertons-frontcover-v1-scaled.jpg\" \/>\n\t<meta property=\"og:image:width\" content=\"2560\" \/>\n\t<meta property=\"og:image:height\" content=\"1920\" \/>\n\t<meta property=\"og:image:type\" content=\"image\/jpeg\" \/>\n<meta name=\"author\" content=\"pnud\" \/>\n<meta name=\"twitter:card\" content=\"summary_large_image\" \/>\n<meta name=\"twitter:label1\" content=\"Escrit per\" \/>\n\t<meta name=\"twitter:data1\" content=\"pnud\" \/>\n\t<meta name=\"twitter:label2\" content=\"Temps estimat de lectura\" \/>\n\t<meta name=\"twitter:data2\" content=\"3 minuts\" \/>\n<script type=\"application\/ld+json\" class=\"yoast-schema-graph\">{\"@context\":\"https:\\\/\\\/schema.org\",\"@graph\":[{\"@type\":\"Article\",\"@id\":\"https:\\\/\\\/poblenouurbandistrict.com\\\/indissoluble-obre-la-persiana-del-seu-aparador-per-exposar-the-puffertons-i-off-stories\\\/#article\",\"isPartOf\":{\"@id\":\"https:\\\/\\\/poblenouurbandistrict.com\\\/indissoluble-obre-la-persiana-del-seu-aparador-per-exposar-the-puffertons-i-off-stories\\\/\"},\"author\":{\"name\":\"pnud\",\"@id\":\"https:\\\/\\\/poblenouurbandistrict.com\\\/#\\\/schema\\\/person\\\/980a2cf34b399d5218205730acd54a7e\"},\"headline\":\"Indissoluble obre la persiana del seu aparador per presentar &#8220;Off Stories&#8221; i &#8220;The Puffertons&#8221;\",\"datePublished\":\"2024-01-26T11:55:06+00:00\",\"dateModified\":\"2024-02-01T12:24:25+00:00\",\"mainEntityOfPage\":{\"@id\":\"https:\\\/\\\/poblenouurbandistrict.com\\\/indissoluble-obre-la-persiana-del-seu-aparador-per-exposar-the-puffertons-i-off-stories\\\/\"},\"wordCount\":868,\"image\":{\"@id\":\"https:\\\/\\\/poblenouurbandistrict.com\\\/indissoluble-obre-la-persiana-del-seu-aparador-per-exposar-the-puffertons-i-off-stories\\\/#primaryimage\"},\"thumbnailUrl\":\"https:\\\/\\\/media.poblenouurbandistrict.com\\\/2024\\\/01\\\/25071000\\\/thepuffertons-frontcover-v1-scaled.jpg\",\"articleSection\":[\"Off Llum Bcn\"],\"inLanguage\":\"ca\"},{\"@type\":\"WebPage\",\"@id\":\"https:\\\/\\\/poblenouurbandistrict.com\\\/ca\\\/indissoluble-obre-la-persiana-del-seu-aparador-per-exposar-the-puffertons-i-off-stories\\\/\",\"url\":\"https:\\\/\\\/poblenouurbandistrict.com\\\/ca\\\/indissoluble-obre-la-persiana-del-seu-aparador-per-exposar-the-puffertons-i-off-stories\\\/\",\"name\":\"Indissoluble obre la persiana del seu aparador per presentar \\\"Off Stories\\\" i \\\"The Puffertons\\\" &#8211; Poblenou Urban District\",\"isPartOf\":{\"@id\":\"https:\\\/\\\/poblenouurbandistrict.com\\\/ca\\\/#website\"},\"primaryImageOfPage\":{\"@id\":\"https:\\\/\\\/poblenouurbandistrict.com\\\/ca\\\/indissoluble-obre-la-persiana-del-seu-aparador-per-exposar-the-puffertons-i-off-stories\\\/#primaryimage\"},\"image\":{\"@id\":\"https:\\\/\\\/poblenouurbandistrict.com\\\/indissoluble-obre-la-persiana-del-seu-aparador-per-exposar-the-puffertons-i-off-stories\\\/#primaryimage\"},\"thumbnailUrl\":\"https:\\\/\\\/media.poblenouurbandistrict.com\\\/2024\\\/01\\\/25071000\\\/thepuffertons-frontcover-v1-scaled.jpg\",\"datePublished\":\"2024-01-26T11:55:06+00:00\",\"dateModified\":\"2024-02-01T12:24:25+00:00\",\"author\":{\"@id\":\"https:\\\/\\\/poblenouurbandistrict.com\\\/#\\\/schema\\\/person\\\/980a2cf34b399d5218205730acd54a7e\"},\"breadcrumb\":{\"@id\":\"https:\\\/\\\/poblenouurbandistrict.com\\\/ca\\\/indissoluble-obre-la-persiana-del-seu-aparador-per-exposar-the-puffertons-i-off-stories\\\/#breadcrumb\"},\"inLanguage\":\"ca\",\"potentialAction\":[{\"@type\":\"ReadAction\",\"target\":[[\"https:\\\/\\\/poblenouurbandistrict.com\\\/ca\\\/indissoluble-obre-la-persiana-del-seu-aparador-per-exposar-the-puffertons-i-off-stories\\\/\"]]}]},{\"@type\":\"ImageObject\",\"inLanguage\":\"ca\",\"@id\":\"https:\\\/\\\/poblenouurbandistrict.com\\\/ca\\\/indissoluble-obre-la-persiana-del-seu-aparador-per-exposar-the-puffertons-i-off-stories\\\/#primaryimage\",\"url\":\"https:\\\/\\\/media.poblenouurbandistrict.com\\\/2024\\\/01\\\/25071000\\\/thepuffertons-frontcover-v1-scaled.jpg\",\"contentUrl\":\"https:\\\/\\\/media.poblenouurbandistrict.com\\\/2024\\\/01\\\/25071000\\\/thepuffertons-frontcover-v1-scaled.jpg\",\"width\":2560,\"height\":1920},{\"@type\":\"BreadcrumbList\",\"@id\":\"https:\\\/\\\/poblenouurbandistrict.com\\\/ca\\\/indissoluble-obre-la-persiana-del-seu-aparador-per-exposar-the-puffertons-i-off-stories\\\/#breadcrumb\",\"itemListElement\":[{\"@type\":\"ListItem\",\"position\":1,\"name\":\"Home\",\"item\":\"https:\\\/\\\/poblenouurbandistrict.com\\\/ca\\\/\"},{\"@type\":\"ListItem\",\"position\":2,\"name\":\"Indissoluble obre la persiana del seu aparador per presentar &#8220;Off Stories&#8221; i &#8220;The Puffertons&#8221;\"}]},{\"@type\":\"WebSite\",\"@id\":\"https:\\\/\\\/poblenouurbandistrict.com\\\/ca\\\/#website\",\"url\":\"https:\\\/\\\/poblenouurbandistrict.com\\\/ca\\\/\",\"name\":\"Poblenou Urban District\",\"description\":\"Comunitat Creativa\",\"potentialAction\":[{\"@type\":\"SearchAction\",\"target\":{\"@type\":\"EntryPoint\",\"urlTemplate\":\"https:\\\/\\\/poblenouurbandistrict.com\\\/ca\\\/?s={search_term_string}\"},\"query-input\":{\"@type\":\"PropertyValueSpecification\",\"valueRequired\":true,\"valueName\":\"search_term_string\"}}],\"inLanguage\":\"ca\"},{\"@type\":\"Person\",\"@id\":\"https:\\\/\\\/poblenouurbandistrict.com\\\/#\\\/schema\\\/person\\\/980a2cf34b399d5218205730acd54a7e\",\"name\":\"pnud\",\"image\":{\"@type\":\"ImageObject\",\"inLanguage\":\"ca\",\"@id\":\"https:\\\/\\\/secure.gravatar.com\\\/avatar\\\/67146597b405ee077a24e519f75c3e2031736596d6ce35af3a34c122c93d0d7b?s=96&d=retro&r=g\",\"url\":\"https:\\\/\\\/secure.gravatar.com\\\/avatar\\\/67146597b405ee077a24e519f75c3e2031736596d6ce35af3a34c122c93d0d7b?s=96&d=retro&r=g\",\"contentUrl\":\"https:\\\/\\\/secure.gravatar.com\\\/avatar\\\/67146597b405ee077a24e519f75c3e2031736596d6ce35af3a34c122c93d0d7b?s=96&d=retro&r=g\",\"caption\":\"pnud\"}}]}<\/script>\n<!-- \/ Yoast SEO plugin. -->","yoast_head_json":{"title":"Indissoluble obre la persiana del seu aparador per presentar \"Off Stories\" i \"The Puffertons\" &#8211; Poblenou Urban District","robots":{"index":"index","follow":"follow","max-snippet":"max-snippet:-1","max-image-preview":"max-image-preview:large","max-video-preview":"max-video-preview:-1"},"canonical":"https:\/\/poblenouurbandistrict.com\/ca\/indissoluble-obre-la-persiana-del-seu-aparador-per-exposar-the-puffertons-i-off-stories\/","og_locale":"ca_ES","og_type":"article","og_title":"Indissoluble obre la persiana del seu aparador per presentar \"Off Stories\" i \"The Puffertons\" &#8211; Poblenou Urban District","og_description":"Indissoluble \u00e9s sempre un punt clau i un gran col\u00b7laborador de l\u2019Off Llum Bcn, empresa que es dedica a dissenyar... M\u00e9s \u2192","og_url":"https:\/\/poblenouurbandistrict.com\/ca\/indissoluble-obre-la-persiana-del-seu-aparador-per-exposar-the-puffertons-i-off-stories\/","og_site_name":"Poblenou Urban District","article_published_time":"2024-01-26T11:55:06+00:00","article_modified_time":"2024-02-01T12:24:25+00:00","og_image":[{"width":2560,"height":1920,"url":"https:\/\/poblenouurbandistrict.com\/wp-content\/uploads\/2024\/01\/thepuffertons-frontcover-v1-scaled.jpg","type":"image\/jpeg"}],"author":"pnud","twitter_card":"summary_large_image","twitter_misc":{"Escrit per":"pnud","Temps estimat de lectura":"3 minuts"},"schema":{"@context":"https:\/\/schema.org","@graph":[{"@type":"Article","@id":"https:\/\/poblenouurbandistrict.com\/indissoluble-obre-la-persiana-del-seu-aparador-per-exposar-the-puffertons-i-off-stories\/#article","isPartOf":{"@id":"https:\/\/poblenouurbandistrict.com\/indissoluble-obre-la-persiana-del-seu-aparador-per-exposar-the-puffertons-i-off-stories\/"},"author":{"name":"pnud","@id":"https:\/\/poblenouurbandistrict.com\/#\/schema\/person\/980a2cf34b399d5218205730acd54a7e"},"headline":"Indissoluble obre la persiana del seu aparador per presentar &#8220;Off Stories&#8221; i &#8220;The Puffertons&#8221;","datePublished":"2024-01-26T11:55:06+00:00","dateModified":"2024-02-01T12:24:25+00:00","mainEntityOfPage":{"@id":"https:\/\/poblenouurbandistrict.com\/indissoluble-obre-la-persiana-del-seu-aparador-per-exposar-the-puffertons-i-off-stories\/"},"wordCount":868,"image":{"@id":"https:\/\/poblenouurbandistrict.com\/indissoluble-obre-la-persiana-del-seu-aparador-per-exposar-the-puffertons-i-off-stories\/#primaryimage"},"thumbnailUrl":"https:\/\/media.poblenouurbandistrict.com\/2024\/01\/25071000\/thepuffertons-frontcover-v1-scaled.jpg","articleSection":["Off Llum Bcn"],"inLanguage":"ca"},{"@type":"WebPage","@id":"https:\/\/poblenouurbandistrict.com\/ca\/indissoluble-obre-la-persiana-del-seu-aparador-per-exposar-the-puffertons-i-off-stories\/","url":"https:\/\/poblenouurbandistrict.com\/ca\/indissoluble-obre-la-persiana-del-seu-aparador-per-exposar-the-puffertons-i-off-stories\/","name":"Indissoluble obre la persiana del seu aparador per presentar \"Off Stories\" i \"The Puffertons\" &#8211; Poblenou Urban District","isPartOf":{"@id":"https:\/\/poblenouurbandistrict.com\/ca\/#website"},"primaryImageOfPage":{"@id":"https:\/\/poblenouurbandistrict.com\/ca\/indissoluble-obre-la-persiana-del-seu-aparador-per-exposar-the-puffertons-i-off-stories\/#primaryimage"},"image":{"@id":"https:\/\/poblenouurbandistrict.com\/indissoluble-obre-la-persiana-del-seu-aparador-per-exposar-the-puffertons-i-off-stories\/#primaryimage"},"thumbnailUrl":"https:\/\/media.poblenouurbandistrict.com\/2024\/01\/25071000\/thepuffertons-frontcover-v1-scaled.jpg","datePublished":"2024-01-26T11:55:06+00:00","dateModified":"2024-02-01T12:24:25+00:00","author":{"@id":"https:\/\/poblenouurbandistrict.com\/#\/schema\/person\/980a2cf34b399d5218205730acd54a7e"},"breadcrumb":{"@id":"https:\/\/poblenouurbandistrict.com\/ca\/indissoluble-obre-la-persiana-del-seu-aparador-per-exposar-the-puffertons-i-off-stories\/#breadcrumb"},"inLanguage":"ca","potentialAction":[{"@type":"ReadAction","target":[["https:\/\/poblenouurbandistrict.com\/ca\/indissoluble-obre-la-persiana-del-seu-aparador-per-exposar-the-puffertons-i-off-stories\/"]]}]},{"@type":"ImageObject","inLanguage":"ca","@id":"https:\/\/poblenouurbandistrict.com\/ca\/indissoluble-obre-la-persiana-del-seu-aparador-per-exposar-the-puffertons-i-off-stories\/#primaryimage","url":"https:\/\/media.poblenouurbandistrict.com\/2024\/01\/25071000\/thepuffertons-frontcover-v1-scaled.jpg","contentUrl":"https:\/\/media.poblenouurbandistrict.com\/2024\/01\/25071000\/thepuffertons-frontcover-v1-scaled.jpg","width":2560,"height":1920},{"@type":"BreadcrumbList","@id":"https:\/\/poblenouurbandistrict.com\/ca\/indissoluble-obre-la-persiana-del-seu-aparador-per-exposar-the-puffertons-i-off-stories\/#breadcrumb","itemListElement":[{"@type":"ListItem","position":1,"name":"Home","item":"https:\/\/poblenouurbandistrict.com\/ca\/"},{"@type":"ListItem","position":2,"name":"Indissoluble obre la persiana del seu aparador per presentar &#8220;Off Stories&#8221; i &#8220;The Puffertons&#8221;"}]},{"@type":"WebSite","@id":"https:\/\/poblenouurbandistrict.com\/ca\/#website","url":"https:\/\/poblenouurbandistrict.com\/ca\/","name":"Poblenou Urban District","description":"Comunitat Creativa","potentialAction":[{"@type":"SearchAction","target":{"@type":"EntryPoint","urlTemplate":"https:\/\/poblenouurbandistrict.com\/ca\/?s={search_term_string}"},"query-input":{"@type":"PropertyValueSpecification","valueRequired":true,"valueName":"search_term_string"}}],"inLanguage":"ca"},{"@type":"Person","@id":"https:\/\/poblenouurbandistrict.com\/#\/schema\/person\/980a2cf34b399d5218205730acd54a7e","name":"pnud","image":{"@type":"ImageObject","inLanguage":"ca","@id":"https:\/\/secure.gravatar.com\/avatar\/67146597b405ee077a24e519f75c3e2031736596d6ce35af3a34c122c93d0d7b?s=96&d=retro&r=g","url":"https:\/\/secure.gravatar.com\/avatar\/67146597b405ee077a24e519f75c3e2031736596d6ce35af3a34c122c93d0d7b?s=96&d=retro&r=g","contentUrl":"https:\/\/secure.gravatar.com\/avatar\/67146597b405ee077a24e519f75c3e2031736596d6ce35af3a34c122c93d0d7b?s=96&d=retro&r=g","caption":"pnud"}}]}},"_links":{"self":[{"href":"https:\/\/poblenouurbandistrict.com\/ca\/wp-json\/wp\/v2\/posts\/44074","targetHints":{"allow":["GET"]}}],"collection":[{"href":"https:\/\/poblenouurbandistrict.com\/ca\/wp-json\/wp\/v2\/posts"}],"about":[{"href":"https:\/\/poblenouurbandistrict.com\/ca\/wp-json\/wp\/v2\/types\/post"}],"author":[{"embeddable":true,"href":"https:\/\/poblenouurbandistrict.com\/ca\/wp-json\/wp\/v2\/users\/5"}],"replies":[{"embeddable":true,"href":"https:\/\/poblenouurbandistrict.com\/ca\/wp-json\/wp\/v2\/comments?post=44074"}],"version-history":[{"count":21,"href":"https:\/\/poblenouurbandistrict.com\/ca\/wp-json\/wp\/v2\/posts\/44074\/revisions"}],"predecessor-version":[{"id":44312,"href":"https:\/\/poblenouurbandistrict.com\/ca\/wp-json\/wp\/v2\/posts\/44074\/revisions\/44312"}],"wp:featuredmedia":[{"embeddable":true,"href":"https:\/\/poblenouurbandistrict.com\/ca\/wp-json\/wp\/v2\/media\/43848"}],"wp:attachment":[{"href":"https:\/\/poblenouurbandistrict.com\/ca\/wp-json\/wp\/v2\/media?parent=44074"}],"wp:term":[{"taxonomy":"category","embeddable":true,"href":"https:\/\/poblenouurbandistrict.com\/ca\/wp-json\/wp\/v2\/categories?post=44074"},{"taxonomy":"post_tag","embeddable":true,"href":"https:\/\/poblenouurbandistrict.com\/ca\/wp-json\/wp\/v2\/tags?post=44074"}],"curies":[{"name":"wp","href":"https:\/\/api.w.org\/{rel}","templated":true}]}}