{"id":44105,"date":"2024-01-26T12:29:57","date_gmt":"2024-01-26T11:29:57","guid":{"rendered":"https:\/\/poblenouurbandistrict.com\/?p=44105"},"modified":"2024-02-01T16:26:41","modified_gmt":"2024-02-01T15:26:41","slug":"visita-la-ciutat-inventada-baucis-amb-llum-so-i-dades-a-rauric","status":"publish","type":"post","link":"https:\/\/poblenouurbandistrict.com\/ca\/visita-la-ciutat-inventada-baucis-amb-llum-so-i-dades-a-rauric\/","title":{"rendered":"Visita &#8220;Baucis&#8221;, la ciutat inventada i atemporal que s&#8217;instal\u00b7la a Rauric"},"content":{"rendered":"<p><span style=\"font-weight: 400;\"><span style=\"color: #000000;\">Donem la benvinguda a<\/span> <a href=\"https:\/\/www.instagram.com\/rauric.co\/\">Rauric<\/a>, l\u2019\u00faltima parada del circuit <a href=\"https:\/\/poblenouurbandistrict.com\/ca\/off-llum-2024\/\">Off Llum Bcn<\/a> amb <em>Baucis<\/em>, una instal\u00b7laci\u00f3 que representa el paisatge l<span style=\"color: #000000;\">um\u00ednic nocturn de les ciutats.\u00a0<\/span><\/span><\/p>\n<blockquote>\n<h6><span style=\"font-weight: 400; color: #000000;\">&#8220;Despu\u00e9s de andar siete d\u00edas a trav\u00e9s de boscajes, el que va Baucis no consigue verla y ha llegado. Los finos zancos que se alzan del suelo a gran distancia uno del otro y se pierden entre las nubes, sostienen la ciudad.&#8221;<\/span><\/h6>\n<h6 style=\"text-align: right;\"><span style=\"font-weight: 400; color: #000000;\">&#8211; Italo Calvino. &#8220;Las ciudades invisibles&#8221; (p. 91)<\/span><\/h6>\n<\/blockquote>\n<h6><\/h6>\n<p><span style=\"color: #000000;\"><span style=\"font-weight: 400;\">Qu\u00e8 \u00e9s la ciutat moderna? Inspirats per \u201cLes ciutats invisibles\u201d d\u2019Italo Calvino, J\u00falia Rossinyol, Kevin Sake i Merc\u00e8 Lled\u00f3s s\u2019imaginen Baucis,<\/span> <span style=\"font-weight: 400;\">una ciutat inventada, una idea atemporal de ciutat, on nom\u00e9s habiten la llum, el so i les dades. A la nit, les ciutats s\u2019apaguen i, a poc a poc, els edificis s\u2019omplen del reflex de milers de petites llums que creen una coreografia aleat\u00f2ria i un paisatge lum\u00ednic \u00fanic en moviment.<\/span><\/span><\/p>\n<p><span style=\"font-weight: 400;\"><span style=\"color: #000000;\">Aquesta obra \u00e9s una analogia entre el p\u00edxel LED i les finestr<\/span>es dels edificis, una interpretaci\u00f3 de les relacions que es generen entre els diferents punts de llum.<\/span><\/p>\n<hr \/>\n<p><a href=\"https:\/\/www.instagram.com\/juliarossinyol\/\"><b>J\u00falia Rossinyol<\/b><\/a><span style=\"font-weight: 400;\">, <span style=\"color: #000000;\">llicenciada en grau en disseny d\u2019espais, forma part del equip Estudi Antoni Arola, amb una traject\u00f2ria de m\u00e9s de 7 anys desenvolupant projectes relacionats amb la llum i vinculats amb l\u2019escena i la tecnologia digital.<\/span><\/span><\/p>\n<p><a href=\"https:\/\/www.instagram.com\/kevinsake\/\"><b>Kevin Sake<\/b><\/a><span style=\"font-weight: 400;\">,<span style=\"color: #000000;\"> llicenciat en disseny d\u2019espais i m\u00e0ster en disseny de producte, forma part del col\u00b7lectiu rauric, desenvolupant projectes d&#8217;il\u00b7luminaci\u00f3.<\/span><\/span><\/p>\n<p><a href=\"https:\/\/www.instagram.com\/mer.ch3\/\"><b>Merc\u00e8 Lled\u00f3s<\/b><\/a><span style=\"font-weight: 400;\">, <span style=\"color: #000000;\">llicenciada en disseny gr\u00e0fic i audiovisual amb interessos pels artefactes lum\u00ednics i la programaci\u00f3, on actualment s\u2019hi est\u00e0 formant.<\/span><\/span><\/p>\n<h4 style=\"text-align: center;\">Bol\u00edvia, 144, local 5<\/h4>\n<h4 style=\"text-align: center;\">18.30h &#8211; 23.30h<\/h4>\n<h4 style=\"text-align: center;\">Amb la col\u00b7laboraci\u00f3 de <a href=\"https:\/\/rauric.co\/\">Rauric<\/a>, <a href=\"https:\/\/www.carlight.cat\/\">Carlight<\/a>,\u00a0<a href=\"https:\/\/lluria.com\/\">Lluria<\/a>\u00a0i\u00a0<a href=\"https:\/\/sugarsoundrental.com\/\">Sugar Sound Rental<\/a><\/h4>\n<p><\/p>","protected":false},"excerpt":{"rendered":"<p>Donem la benvinguda a Rauric, l\u2019\u00faltima parada del circuit Off Llum Bcn amb Baucis, una instal\u00b7laci\u00f3 que representa el paisatge&#8230; <a href=\"https:\/\/poblenouurbandistrict.com\/ca\/visita-la-ciutat-inventada-baucis-amb-llum-so-i-dades-a-rauric\/\">M\u00e9s  \u2192<\/a><\/p>\n","protected":false},"author":5,"featured_media":44233,"comment_status":"closed","ping_status":"closed","sticky":false,"template":"","format":"standard","meta":{"_acf_changed":false,"footnotes":""},"categories":[3548],"tags":[],"class_list":["post-44105","post","type-post","status-publish","format-standard","has-post-thumbnail","hentry","category-off-llum-bcn"],"acf":[],"yoast_head":"<!-- This site is optimized with the Yoast SEO plugin v27.5 - https:\/\/yoast.com\/product\/yoast-seo-wordpress\/ -->\n<title>Visita &quot;Baucis&quot;, la ciutat inventada i atemporal que s&#039;instal\u00b7la a Rauric &#8211; Poblenou Urban District<\/title>\n<meta name=\"robots\" content=\"index, follow, max-snippet:-1, max-image-preview:large, max-video-preview:-1\" \/>\n<link rel=\"canonical\" href=\"https:\/\/poblenouurbandistrict.com\/ca\/visita-la-ciutat-inventada-baucis-amb-llum-so-i-dades-a-rauric\/\" \/>\n<meta property=\"og:locale\" content=\"ca_ES\" \/>\n<meta property=\"og:type\" content=\"article\" \/>\n<meta property=\"og:title\" content=\"Visita &quot;Baucis&quot;, la ciutat inventada i atemporal que s&#039;instal\u00b7la a Rauric &#8211; Poblenou Urban District\" \/>\n<meta property=\"og:description\" content=\"Donem la benvinguda a Rauric, l\u2019\u00faltima parada del circuit Off Llum Bcn amb Baucis, una instal\u00b7laci\u00f3 que representa el paisatge... M\u00e9s \u2192\" \/>\n<meta property=\"og:url\" content=\"https:\/\/poblenouurbandistrict.com\/ca\/visita-la-ciutat-inventada-baucis-amb-llum-so-i-dades-a-rauric\/\" \/>\n<meta property=\"og:site_name\" content=\"Poblenou Urban District\" \/>\n<meta property=\"article:published_time\" content=\"2024-01-26T11:29:57+00:00\" \/>\n<meta property=\"article:modified_time\" content=\"2024-02-01T15:26:41+00:00\" \/>\n<meta property=\"og:image\" content=\"https:\/\/poblenouurbandistrict.com\/wp-content\/uploads\/2024\/01\/diseno-sin-titulo-3-e1706801197239.jpg\" \/>\n\t<meta property=\"og:image:width\" content=\"1080\" \/>\n\t<meta property=\"og:image:height\" content=\"712\" \/>\n\t<meta property=\"og:image:type\" content=\"image\/jpeg\" \/>\n<meta name=\"author\" content=\"pnud\" \/>\n<meta name=\"twitter:card\" content=\"summary_large_image\" \/>\n<meta name=\"twitter:label1\" content=\"Escrit per\" \/>\n\t<meta name=\"twitter:data1\" content=\"pnud\" \/>\n\t<meta name=\"twitter:label2\" content=\"Temps estimat de lectura\" \/>\n\t<meta name=\"twitter:data2\" content=\"2 minuts\" \/>\n<script type=\"application\/ld+json\" class=\"yoast-schema-graph\">{\"@context\":\"https:\\\/\\\/schema.org\",\"@graph\":[{\"@type\":\"Article\",\"@id\":\"https:\\\/\\\/poblenouurbandistrict.com\\\/visita-la-ciutat-inventada-baucis-amb-llum-so-i-dades-a-rauric\\\/#article\",\"isPartOf\":{\"@id\":\"https:\\\/\\\/poblenouurbandistrict.com\\\/visita-la-ciutat-inventada-baucis-amb-llum-so-i-dades-a-rauric\\\/\"},\"author\":{\"name\":\"pnud\",\"@id\":\"https:\\\/\\\/poblenouurbandistrict.com\\\/#\\\/schema\\\/person\\\/980a2cf34b399d5218205730acd54a7e\"},\"headline\":\"Visita &#8220;Baucis&#8221;, la ciutat inventada i atemporal que s&#8217;instal\u00b7la a Rauric\",\"datePublished\":\"2024-01-26T11:29:57+00:00\",\"dateModified\":\"2024-02-01T15:26:41+00:00\",\"mainEntityOfPage\":{\"@id\":\"https:\\\/\\\/poblenouurbandistrict.com\\\/visita-la-ciutat-inventada-baucis-amb-llum-so-i-dades-a-rauric\\\/\"},\"wordCount\":630,\"image\":{\"@id\":\"https:\\\/\\\/poblenouurbandistrict.com\\\/visita-la-ciutat-inventada-baucis-amb-llum-so-i-dades-a-rauric\\\/#primaryimage\"},\"thumbnailUrl\":\"https:\\\/\\\/media.poblenouurbandistrict.com\\\/2024\\\/01\\\/25071218\\\/diseno-sin-titulo-3-e1706801197239.jpg\",\"articleSection\":[\"Off Llum Bcn\"],\"inLanguage\":\"ca\"},{\"@type\":\"WebPage\",\"@id\":\"https:\\\/\\\/poblenouurbandistrict.com\\\/ca\\\/visita-la-ciutat-inventada-baucis-amb-llum-so-i-dades-a-rauric\\\/\",\"url\":\"https:\\\/\\\/poblenouurbandistrict.com\\\/ca\\\/visita-la-ciutat-inventada-baucis-amb-llum-so-i-dades-a-rauric\\\/\",\"name\":\"Visita \\\"Baucis\\\", la ciutat inventada i atemporal que s'instal\u00b7la a Rauric &#8211; Poblenou Urban District\",\"isPartOf\":{\"@id\":\"https:\\\/\\\/poblenouurbandistrict.com\\\/ca\\\/#website\"},\"primaryImageOfPage\":{\"@id\":\"https:\\\/\\\/poblenouurbandistrict.com\\\/ca\\\/visita-la-ciutat-inventada-baucis-amb-llum-so-i-dades-a-rauric\\\/#primaryimage\"},\"image\":{\"@id\":\"https:\\\/\\\/poblenouurbandistrict.com\\\/visita-la-ciutat-inventada-baucis-amb-llum-so-i-dades-a-rauric\\\/#primaryimage\"},\"thumbnailUrl\":\"https:\\\/\\\/media.poblenouurbandistrict.com\\\/2024\\\/01\\\/25071218\\\/diseno-sin-titulo-3-e1706801197239.jpg\",\"datePublished\":\"2024-01-26T11:29:57+00:00\",\"dateModified\":\"2024-02-01T15:26:41+00:00\",\"author\":{\"@id\":\"https:\\\/\\\/poblenouurbandistrict.com\\\/#\\\/schema\\\/person\\\/980a2cf34b399d5218205730acd54a7e\"},\"breadcrumb\":{\"@id\":\"https:\\\/\\\/poblenouurbandistrict.com\\\/ca\\\/visita-la-ciutat-inventada-baucis-amb-llum-so-i-dades-a-rauric\\\/#breadcrumb\"},\"inLanguage\":\"ca\",\"potentialAction\":[{\"@type\":\"ReadAction\",\"target\":[[\"https:\\\/\\\/poblenouurbandistrict.com\\\/ca\\\/visita-la-ciutat-inventada-baucis-amb-llum-so-i-dades-a-rauric\\\/\"]]}]},{\"@type\":\"ImageObject\",\"inLanguage\":\"ca\",\"@id\":\"https:\\\/\\\/poblenouurbandistrict.com\\\/ca\\\/visita-la-ciutat-inventada-baucis-amb-llum-so-i-dades-a-rauric\\\/#primaryimage\",\"url\":\"https:\\\/\\\/media.poblenouurbandistrict.com\\\/2024\\\/01\\\/25071218\\\/diseno-sin-titulo-3-e1706801197239.jpg\",\"contentUrl\":\"https:\\\/\\\/media.poblenouurbandistrict.com\\\/2024\\\/01\\\/25071218\\\/diseno-sin-titulo-3-e1706801197239.jpg\",\"width\":1080,\"height\":712},{\"@type\":\"BreadcrumbList\",\"@id\":\"https:\\\/\\\/poblenouurbandistrict.com\\\/ca\\\/visita-la-ciutat-inventada-baucis-amb-llum-so-i-dades-a-rauric\\\/#breadcrumb\",\"itemListElement\":[{\"@type\":\"ListItem\",\"position\":1,\"name\":\"Home\",\"item\":\"https:\\\/\\\/poblenouurbandistrict.com\\\/ca\\\/\"},{\"@type\":\"ListItem\",\"position\":2,\"name\":\"Visita &#8220;Baucis&#8221;, la ciutat inventada i atemporal que s&#8217;instal\u00b7la a Rauric\"}]},{\"@type\":\"WebSite\",\"@id\":\"https:\\\/\\\/poblenouurbandistrict.com\\\/ca\\\/#website\",\"url\":\"https:\\\/\\\/poblenouurbandistrict.com\\\/ca\\\/\",\"name\":\"Poblenou Urban District\",\"description\":\"Comunitat Creativa\",\"potentialAction\":[{\"@type\":\"SearchAction\",\"target\":{\"@type\":\"EntryPoint\",\"urlTemplate\":\"https:\\\/\\\/poblenouurbandistrict.com\\\/ca\\\/?s={search_term_string}\"},\"query-input\":{\"@type\":\"PropertyValueSpecification\",\"valueRequired\":true,\"valueName\":\"search_term_string\"}}],\"inLanguage\":\"ca\"},{\"@type\":\"Person\",\"@id\":\"https:\\\/\\\/poblenouurbandistrict.com\\\/#\\\/schema\\\/person\\\/980a2cf34b399d5218205730acd54a7e\",\"name\":\"pnud\",\"image\":{\"@type\":\"ImageObject\",\"inLanguage\":\"ca\",\"@id\":\"https:\\\/\\\/secure.gravatar.com\\\/avatar\\\/67146597b405ee077a24e519f75c3e2031736596d6ce35af3a34c122c93d0d7b?s=96&d=retro&r=g\",\"url\":\"https:\\\/\\\/secure.gravatar.com\\\/avatar\\\/67146597b405ee077a24e519f75c3e2031736596d6ce35af3a34c122c93d0d7b?s=96&d=retro&r=g\",\"contentUrl\":\"https:\\\/\\\/secure.gravatar.com\\\/avatar\\\/67146597b405ee077a24e519f75c3e2031736596d6ce35af3a34c122c93d0d7b?s=96&d=retro&r=g\",\"caption\":\"pnud\"}}]}<\/script>\n<!-- \/ Yoast SEO plugin. -->","yoast_head_json":{"title":"Visita \"Baucis\", la ciutat inventada i atemporal que s'instal\u00b7la a Rauric &#8211; Poblenou Urban District","robots":{"index":"index","follow":"follow","max-snippet":"max-snippet:-1","max-image-preview":"max-image-preview:large","max-video-preview":"max-video-preview:-1"},"canonical":"https:\/\/poblenouurbandistrict.com\/ca\/visita-la-ciutat-inventada-baucis-amb-llum-so-i-dades-a-rauric\/","og_locale":"ca_ES","og_type":"article","og_title":"Visita \"Baucis\", la ciutat inventada i atemporal que s'instal\u00b7la a Rauric &#8211; Poblenou Urban District","og_description":"Donem la benvinguda a Rauric, l\u2019\u00faltima parada del circuit Off Llum Bcn amb Baucis, una instal\u00b7laci\u00f3 que representa el paisatge... M\u00e9s \u2192","og_url":"https:\/\/poblenouurbandistrict.com\/ca\/visita-la-ciutat-inventada-baucis-amb-llum-so-i-dades-a-rauric\/","og_site_name":"Poblenou Urban District","article_published_time":"2024-01-26T11:29:57+00:00","article_modified_time":"2024-02-01T15:26:41+00:00","og_image":[{"width":1080,"height":712,"url":"https:\/\/poblenouurbandistrict.com\/wp-content\/uploads\/2024\/01\/diseno-sin-titulo-3-e1706801197239.jpg","type":"image\/jpeg"}],"author":"pnud","twitter_card":"summary_large_image","twitter_misc":{"Escrit per":"pnud","Temps estimat de lectura":"2 minuts"},"schema":{"@context":"https:\/\/schema.org","@graph":[{"@type":"Article","@id":"https:\/\/poblenouurbandistrict.com\/visita-la-ciutat-inventada-baucis-amb-llum-so-i-dades-a-rauric\/#article","isPartOf":{"@id":"https:\/\/poblenouurbandistrict.com\/visita-la-ciutat-inventada-baucis-amb-llum-so-i-dades-a-rauric\/"},"author":{"name":"pnud","@id":"https:\/\/poblenouurbandistrict.com\/#\/schema\/person\/980a2cf34b399d5218205730acd54a7e"},"headline":"Visita &#8220;Baucis&#8221;, la ciutat inventada i atemporal que s&#8217;instal\u00b7la a Rauric","datePublished":"2024-01-26T11:29:57+00:00","dateModified":"2024-02-01T15:26:41+00:00","mainEntityOfPage":{"@id":"https:\/\/poblenouurbandistrict.com\/visita-la-ciutat-inventada-baucis-amb-llum-so-i-dades-a-rauric\/"},"wordCount":630,"image":{"@id":"https:\/\/poblenouurbandistrict.com\/visita-la-ciutat-inventada-baucis-amb-llum-so-i-dades-a-rauric\/#primaryimage"},"thumbnailUrl":"https:\/\/media.poblenouurbandistrict.com\/2024\/01\/25071218\/diseno-sin-titulo-3-e1706801197239.jpg","articleSection":["Off Llum Bcn"],"inLanguage":"ca"},{"@type":"WebPage","@id":"https:\/\/poblenouurbandistrict.com\/ca\/visita-la-ciutat-inventada-baucis-amb-llum-so-i-dades-a-rauric\/","url":"https:\/\/poblenouurbandistrict.com\/ca\/visita-la-ciutat-inventada-baucis-amb-llum-so-i-dades-a-rauric\/","name":"Visita \"Baucis\", la ciutat inventada i atemporal que s'instal\u00b7la a Rauric &#8211; Poblenou Urban District","isPartOf":{"@id":"https:\/\/poblenouurbandistrict.com\/ca\/#website"},"primaryImageOfPage":{"@id":"https:\/\/poblenouurbandistrict.com\/ca\/visita-la-ciutat-inventada-baucis-amb-llum-so-i-dades-a-rauric\/#primaryimage"},"image":{"@id":"https:\/\/poblenouurbandistrict.com\/visita-la-ciutat-inventada-baucis-amb-llum-so-i-dades-a-rauric\/#primaryimage"},"thumbnailUrl":"https:\/\/media.poblenouurbandistrict.com\/2024\/01\/25071218\/diseno-sin-titulo-3-e1706801197239.jpg","datePublished":"2024-01-26T11:29:57+00:00","dateModified":"2024-02-01T15:26:41+00:00","author":{"@id":"https:\/\/poblenouurbandistrict.com\/#\/schema\/person\/980a2cf34b399d5218205730acd54a7e"},"breadcrumb":{"@id":"https:\/\/poblenouurbandistrict.com\/ca\/visita-la-ciutat-inventada-baucis-amb-llum-so-i-dades-a-rauric\/#breadcrumb"},"inLanguage":"ca","potentialAction":[{"@type":"ReadAction","target":[["https:\/\/poblenouurbandistrict.com\/ca\/visita-la-ciutat-inventada-baucis-amb-llum-so-i-dades-a-rauric\/"]]}]},{"@type":"ImageObject","inLanguage":"ca","@id":"https:\/\/poblenouurbandistrict.com\/ca\/visita-la-ciutat-inventada-baucis-amb-llum-so-i-dades-a-rauric\/#primaryimage","url":"https:\/\/media.poblenouurbandistrict.com\/2024\/01\/25071218\/diseno-sin-titulo-3-e1706801197239.jpg","contentUrl":"https:\/\/media.poblenouurbandistrict.com\/2024\/01\/25071218\/diseno-sin-titulo-3-e1706801197239.jpg","width":1080,"height":712},{"@type":"BreadcrumbList","@id":"https:\/\/poblenouurbandistrict.com\/ca\/visita-la-ciutat-inventada-baucis-amb-llum-so-i-dades-a-rauric\/#breadcrumb","itemListElement":[{"@type":"ListItem","position":1,"name":"Home","item":"https:\/\/poblenouurbandistrict.com\/ca\/"},{"@type":"ListItem","position":2,"name":"Visita &#8220;Baucis&#8221;, la ciutat inventada i atemporal que s&#8217;instal\u00b7la a Rauric"}]},{"@type":"WebSite","@id":"https:\/\/poblenouurbandistrict.com\/ca\/#website","url":"https:\/\/poblenouurbandistrict.com\/ca\/","name":"Poblenou Urban District","description":"Comunitat Creativa","potentialAction":[{"@type":"SearchAction","target":{"@type":"EntryPoint","urlTemplate":"https:\/\/poblenouurbandistrict.com\/ca\/?s={search_term_string}"},"query-input":{"@type":"PropertyValueSpecification","valueRequired":true,"valueName":"search_term_string"}}],"inLanguage":"ca"},{"@type":"Person","@id":"https:\/\/poblenouurbandistrict.com\/#\/schema\/person\/980a2cf34b399d5218205730acd54a7e","name":"pnud","image":{"@type":"ImageObject","inLanguage":"ca","@id":"https:\/\/secure.gravatar.com\/avatar\/67146597b405ee077a24e519f75c3e2031736596d6ce35af3a34c122c93d0d7b?s=96&d=retro&r=g","url":"https:\/\/secure.gravatar.com\/avatar\/67146597b405ee077a24e519f75c3e2031736596d6ce35af3a34c122c93d0d7b?s=96&d=retro&r=g","contentUrl":"https:\/\/secure.gravatar.com\/avatar\/67146597b405ee077a24e519f75c3e2031736596d6ce35af3a34c122c93d0d7b?s=96&d=retro&r=g","caption":"pnud"}}]}},"_links":{"self":[{"href":"https:\/\/poblenouurbandistrict.com\/ca\/wp-json\/wp\/v2\/posts\/44105","targetHints":{"allow":["GET"]}}],"collection":[{"href":"https:\/\/poblenouurbandistrict.com\/ca\/wp-json\/wp\/v2\/posts"}],"about":[{"href":"https:\/\/poblenouurbandistrict.com\/ca\/wp-json\/wp\/v2\/types\/post"}],"author":[{"embeddable":true,"href":"https:\/\/poblenouurbandistrict.com\/ca\/wp-json\/wp\/v2\/users\/5"}],"replies":[{"embeddable":true,"href":"https:\/\/poblenouurbandistrict.com\/ca\/wp-json\/wp\/v2\/comments?post=44105"}],"version-history":[{"count":24,"href":"https:\/\/poblenouurbandistrict.com\/ca\/wp-json\/wp\/v2\/posts\/44105\/revisions"}],"predecessor-version":[{"id":44315,"href":"https:\/\/poblenouurbandistrict.com\/ca\/wp-json\/wp\/v2\/posts\/44105\/revisions\/44315"}],"wp:featuredmedia":[{"embeddable":true,"href":"https:\/\/poblenouurbandistrict.com\/ca\/wp-json\/wp\/v2\/media\/44233"}],"wp:attachment":[{"href":"https:\/\/poblenouurbandistrict.com\/ca\/wp-json\/wp\/v2\/media?parent=44105"}],"wp:term":[{"taxonomy":"category","embeddable":true,"href":"https:\/\/poblenouurbandistrict.com\/ca\/wp-json\/wp\/v2\/categories?post=44105"},{"taxonomy":"post_tag","embeddable":true,"href":"https:\/\/poblenouurbandistrict.com\/ca\/wp-json\/wp\/v2\/tags?post=44105"}],"curies":[{"name":"wp","href":"https:\/\/api.w.org\/{rel}","templated":true}]}}