{"id":44188,"date":"2024-02-01T12:56:40","date_gmt":"2024-02-01T11:56:40","guid":{"rendered":"https:\/\/poblenouurbandistrict.com\/?p=44188"},"modified":"2024-02-03T16:41:19","modified_gmt":"2024-02-03T15:41:19","slug":"la-ruta-gastronomica-de-loff-llum-bcn-2024","status":"publish","type":"post","link":"https:\/\/poblenouurbandistrict.com\/ca\/la-ruta-gastronomica-de-loff-llum-bcn-2024\/","title":{"rendered":"La ruta gastron\u00f2mica de l&#8217;Off Llum Bcn 2024"},"content":{"rendered":"<p>Aquest cap de setmana se celebra l&#8217;<a href=\"https:\/\/poblenouurbandistrict.com\/ca\/off-llum-2024\/\">Off Llum Bcn<\/a> amb 11 instal\u00b7lacions que il\u00b7luminaran el Districte Creatiu de Barcelona. Des de Poblenou Urban District us proposem una varietat de propostes gastron\u00f2miques per sopar, prendre una beguda refrescant o picar alguna cosa durant el recorregut del <a href=\"https:\/\/www.barcelona.cat\/llumbcn\/\">Llum BCN<\/a> i l&#8217;<a href=\"https:\/\/poblenouurbandistrict.com\/ca\/off-llum-2024\/\">Off Llum BCN<\/a>.<\/p>\n<hr \/>\n<h3><b>Cuina de mercat a Bodega Marieta<\/b><\/h3>\n<p><a href=\"https:\/\/labodegamarieta.eatbu.com\">Bodega Marieta<\/a> ofereix una cuina de mercat, recuperant sabors tradicionals amb tocs personals i productes de primera qualitat amb els millors vins Alaparra.<\/p>\n<h4 style=\"text-align: center;\">Badajoz, 36<\/h4>\n<h4 style=\"text-align: center;\">18h &#8211; 22.30h (diumenge de 12h a 20h)<\/h4>\n<hr \/>\n<h3><b>Els\u00a0millors c\u00f2ctels a Botanicus<\/b><\/h3>\n<p><a href=\"https:\/\/www.instagram.com\/botanicus.barcelona\/\">Botanicus<\/a> \u00e9s la nova cocteleria evolutiva de Poblenou que destaca per crear sabors innovadors mitjan\u00e7ant fermentats i preparats casolans, una revoluci\u00f3 per al paladar! Gaudeix dels seus c\u00f2ctels d&#8217;autor amb un model artesanal orientat a la bot\u00e0nica amb herbes i productes de temporada: <em>Eucalyptus Martini, Dry Martini, Negroni, Pi\u00f1a Colada, Mojito<\/em>&#8230; A m\u00e9s, per celebrar l&#8217;Off Llum Bcn tindran una projecci\u00f3 d&#8217;estrelles al seu sostre.<\/p>\n<h4 style=\"text-align: center;\"><strong>Pujades, 177<\/strong><\/h4>\n<h4 style=\"text-align: center;\"><strong>18h &#8211; 3h (diumenge fins a les 2h)<\/strong><\/h4>\n<hr \/>\n<h3><b>Menjar casol\u00e0 a CACHO<\/b><\/h3>\n<p>El restaurant <strong><a href=\"https:\/\/wearecacho.com\/\" target=\"_blank\" rel=\"noopener\">CACHO<\/a><\/strong> obre les portes tot el dia. Podr\u00e0s trobar menjar i begudes casolanes, c\u00f2ctels, brunch, plats saludables, i molt m\u00e9s al seu espai que t\u00e9 una \u00e0mplia terrassa.<\/p>\n<h4 style=\"text-align: center;\"><strong>Llull, 27<\/strong><\/h4>\n<h4 style=\"text-align: center;\"><strong>12h &#8211; 00h (diumenge fins a les 23h)<\/strong><\/h4>\n<hr \/>\n<h3><b>Pastramis i pastissos de formatge al Carrot Caf\u00e9<\/b><\/h3>\n<p>Si vols fer una pausa abans de comen\u00e7ar el recorregut o fer un descans per berenar, el <strong><a href=\"https:\/\/www.carrotcafe.es\/\" target=\"_blank\" rel=\"noopener\">Carrot Caf\u00e9<\/a><\/strong> \u00e9s el teu lloc ideal. Trobar\u00e0s un emblem\u00e0tic caf\u00e8 amb uns sandvitxos \u00fanics elaborats amb m\u00e9s de catorze varietats de pans artesanals, hamburgueses gourmet o el fam\u00f3s Pastrami i com no, les seves varietats de cheesecakes a l\u2019estil Nova York.<\/p>\n<h4 style=\"text-align: center;\"><strong>T\u00e0nger, 22<\/strong><\/h4>\n<h4 style=\"text-align: center;\"><strong> 12h &#8211; 00h (diumenge tancat)<\/strong><\/h4>\n<hr \/>\n<h3><b>Las millors croquetes a Catacroquet<\/b><\/h3>\n<p>Una vegada m\u00e9s, <strong><a href=\"https:\/\/catacroquet.es\/\" target=\"_blank\" rel=\"noopener\">Catacroquet<\/a><\/strong> mantindr\u00e0 la seva cuina oberta tot el dia perqu\u00e8 puguis gaudir de les m\u00edtiques croquetes, i tamb\u00e9 de les cerveses i tapes delicioses. Si encara no has provat la seva oferta \u00e0mplia de croquetes, aprofita l\u2019ocasi\u00f3 per fer-ho i gaudeix de sabors \u00fanics.<\/p>\n<h4 style=\"text-align: center;\"><strong>Almog\u00e0vers, 211<\/strong><\/h4>\n<h4 style=\"text-align: center;\"><strong>12.30h &#8211; 00h (diumenge fins a les 17h)<\/strong><\/h4>\n<hr \/>\n<h3><b>Desoriente, fusi\u00f3 japonesa i cuina asi\u00e0tica<\/b><\/h3>\n<p><a href=\"https:\/\/desoriente.com\">Desoriente<\/a> \u00e9s una cuina de fusi\u00f3 japonesa i cuina asi\u00e0tica 100% plant-based. No et quedis sense provar les seves Korean braves amb kimchi, coriandre i allioli o les Wasabi Croquettes, croquetes farcides de patates, edamame i tamarindo amb maionesa vegana de wasabi.<\/p>\n<h4 style=\"text-align: center;\"><strong>Ramon Turr\u00f3, 209<\/strong><\/h4>\n<h4 style=\"text-align: center;\"><strong>13h &#8211; 00h<\/strong><\/h4>\n<hr \/>\n<h3><b>Tapes i copes al D9<\/b><\/h3>\n<p>Si el que et mou \u00e9s sortir a gaudir amb amics, el D9 \u00e9s el lloc indicat. La seva oferta gastron\u00f2mica \u00e9s un somni per als amants del bon <em>tapeo<\/em>.\u00a0<strong><a href=\"https:\/\/denou.bar\/\" target=\"_blank\" rel=\"noopener\">D9<\/a><\/strong> mantindr\u00e0 les portes obertes aquest Off Llum Bcn fins a les 3h de la matinada, per a aquells que vulguin continuar festejant fins tard.<\/p>\n<h4 style=\"text-align: center;\"><strong>Pallars, 122<\/strong><\/h4>\n<h4 style=\"text-align: center;\"><strong>18h &#8211; 3h<\/strong><\/h4>\n<hr \/>\n<h3><strong>Four Corners (Restaurant The Hoxton Poblenou)<\/strong><\/h3>\n<p>Un cop hagis visitat la instal\u00b7laci\u00f3 lum\u00ednica <a href=\"https:\/\/poblenouurbandistrict.com\/ca\/quadratic-una-experiencia-immersiva-360o-al-parquing-de-lhotel-the-hoxton-poblenou\/\">&#8220;Quadratic&#8221;<\/a> al p\u00e0rquing de l&#8217;Hotel The Hoxton Poblenou, no et pots perdre el restaurant situat a la seva terrassa, el <a href=\"https:\/\/thehoxton.com\/es\/poblenou\/four-corners-restaurant\/\">Four Corners<\/a>. Gaudeix d&#8217;una pizzeria detroit-style.<\/p>\n<h4 style=\"text-align: center;\"><strong>Avinguda Diagonal, 205<\/strong><\/h4>\n<h4 style=\"text-align: center;\"><strong>7.30h &#8211; 23.30h (diumenge fins a les 23h)<\/strong><\/h4>\n<hr \/>\n<h3><b>Cerveses al Garage Beer Co<\/b><\/h3>\n<p><strong><a href=\"https:\/\/garagebeer.co\/\" target=\"_blank\" rel=\"noopener\">Garage Beer Co Poblenou<\/a><\/strong> \u00e9s una\u00a0cerveseria informal i de les m\u00e9s <em>cool<\/em> que et pots trobar al barri on podr\u00e0s gaudir d&#8217;una gran varietat de cerveses artesanals locals, produ\u00efdes i fabricades amb una qualitat sorprenent.<\/p>\n<h4 style=\"text-align: center;\"><strong>Passeig de Calvell, 45<\/strong><\/h4>\n<h4 style=\"text-align: center;\"><strong>13h &#8211; 1h (diumenge fins a les 00h)<\/strong><\/h4>\n<hr \/>\n<h3><b>Henry\u2019s, cocktails i hamburgueses<\/b><\/h3>\n<p><a href=\"https:\/\/www.instagram.com\/henrys.cocktailbar\/\">Henry&#8217;s<\/a>\u00a0\u00e9s un retro dive bar amb cocktails, frozen, vins naturals i hamburgueses. Gaudeix d&#8217;un espai que barreja l\u2019est\u00e8tica americana dels anys 50 i la il\u00b7luminaci\u00f3 de ne\u00f3 dels anys 80.<\/p>\n<h4 style=\"text-align: center;\"><strong>Llacuna, 92<\/strong><\/h4>\n<h4 style=\"text-align: center;\"><strong>22.30h &#8211; 1.30h<\/strong><\/h4>\n<hr \/>\n<h3><strong>Cervesa artesanal a Hoppiness<\/strong><\/h3>\n<p>Espai de cervesa artesanal amb 16 tiradors rotatius. Sigui quina sigui la teva beguda preferida, a <a href=\"https:\/\/www.instagram.com\/hoppinessbcn\/\">Hoppiness<\/a> sempre podr\u00e0s acompanyar-la amb el <em>picoteo<\/em> perfecte: olives, croquetes, taules de formatges, ous amb pernil i formatge Monterrey&#8230;<\/p>\n<h4 style=\"text-align: center;\"><strong>Ramon Turr\u00f3, 180<\/strong><\/h4>\n<h4 style=\"text-align: center;\"><strong>17h &#8211; 00.30h<\/strong><\/h4>\n<hr \/>\n<h3><b>Menjar japon\u00e8s a KIBUKA<\/b><\/h3>\n<p>Sushi Bar &amp; Izakaya, la taverna japonesa <strong><a href=\"http:\/\/www.kibuka.com\/llull\/\" target=\"_blank\" rel=\"noopener\">KIBUKA<\/a><\/strong> ens ofereix makis i una selecta varietat de plats calients: Ramen, Okonomiyaki, Robata, Yakimeshis servits a la Pedra; amb servei de <i>take away<\/i> i\u00a0<i>delivery<\/i>.<\/p>\n<h4 style=\"text-align: center;\"><strong>Llull, 155<\/strong><\/h4>\n<h4 style=\"text-align: center;\"><strong>12.30h &#8211; 23.30h<\/strong><\/h4>\n<hr \/>\n<h3><b>KOH: els\u00a0reis de la gastronomia asi\u00e0tica<\/b><\/h3>\n<p>Si et ve de gust m\u00e9s gastronomia asi\u00e0tica,\u00a0<a href=\"https:\/\/poblenouurbandistrict.com\/membres\/koh-barcelona\/\" target=\"_blank\" rel=\"noopener noreferrer\">KOH<\/a>\u00a0et deixar\u00e0 sense paraules: des de les\u00a0gyozas fins al\u00a0ramen, passant pels\u00a0rotllets\u00a0amb salsa de\u00a0kimchi\u00a0i curri, tot est\u00e0 delici\u00f3s.<\/p>\n<h4 style=\"text-align: center;\"><strong>Pujades, 133<\/strong><\/h4>\n<h4 style=\"text-align: center;\"><strong>13h &#8211; 15.30h \/\/ 20.30h &#8211; 22.30h (diumenge tancat)<\/strong><\/h4>\n<hr \/>\n<h3><b>La Bacanal presenta &#8220;Llom BCN&#8221;<\/b><\/h3>\n<p>La Bacanal 121 \u00e9s una festa gastron\u00f2mica, organitzada per <a href=\"https:\/\/vanvanfood.com\">Van Van Food<\/a>, que en aquesta 3a edici\u00f3 incorpora projeccions digitals amb DJ\u2019s i m\u00fasica. El Llom BCN ser\u00e0 una festa amb una explosi\u00f3 de m\u00fasica electr\u00f2nica i visuals dedicada tant a la llum com al llom, la suculenta pe\u00e7a de carn de porc. L&#8217;hamburgueseria familiar i de barri <a href=\"https:\/\/www.instagram.com\/laporcabcn\">La Porca<\/a> ser\u00e0 l\u2019encarregada de preparar el men\u00fa especial que inclou la famosa Llom Smash Burger i altres del\u00edcies porcines. Tamb\u00e9 hi ha una opci\u00f3 Off Llom (veggie).<\/p>\n<p>Troba m\u00e9s <a href=\"https:\/\/poblenouurbandistrict.com\/ca\/la-bacanal-121-celebra-la-seva-tercera-edicio-amb-el-llom-bcn\/\">informaci\u00f3 aqu\u00ed<\/a>.<\/p>\n<h4 style=\"text-align: center;\"><strong>Llull, 121<\/strong><\/h4>\n<h4 style=\"text-align: center;\"><strong>18.30h &#8211; 00h (diumenge tancat)<\/strong><\/h4>\n<hr \/>\n<h3><b>Gust mexic\u00e0 a La Taqueria<\/b><\/h3>\n<p>Pels amants del menjar mexic\u00e0,\u00a0no et pots perdre <strong><a href=\"https:\/\/www.instagram.com\/lataqueriabcn\/?hl=es\" target=\"_blank\" rel=\"noopener\">La Taqueria de Poblenou<\/a><\/strong>. Un projecte que neix per donar a con\u00e8ixer i reivindicar la \u201cgastronomia de carrer mexic\u00e0\u201d i aix\u00ed, per fi, tenir un aut\u00e8ntic <em>cachito<\/em> de M\u00e8xic a Barcelona.<\/p>\n<h4 style=\"text-align: center;\"><strong>Pujades, 172<\/strong><\/h4>\n<h4 style=\"text-align: center;\"><strong>13h &#8211; 00h<\/strong><\/h4>\n<hr \/>\n<h3><strong>L&#8217;Argentina est\u00e0 present a La Tavern\u00edcola<\/strong><\/h3>\n<p>Al carrer de Roc Boronat, trobar\u00e0s <a href=\"https:\/\/www.instagram.com\/latavernicola\">La Tavern\u00edcola<\/a>, el restaurant pels amants de la carn de proximitat i de producci\u00f3 ecol\u00f2gica, on tamb\u00e9 podr\u00e0s tastar la seva pasta i delicioses postres casolanes.<\/p>\n<h4 style=\"text-align: center;\"><strong>Roc Boronat, 70<\/strong><\/h4>\n<h4 style=\"text-align: center;\"><strong>12.30h &#8211; 00h (diumenge nom\u00e9s de 12.30h &#8211; 16h)<\/strong><\/h4>\n<hr \/>\n<h3><b>La Otra Barestaurant, ambient kitsch i informal<\/b><\/h3>\n<p><a href=\"https:\/\/www.instagram.com\/laotra_poblenou\/\">La Otra<\/a> \u00e9s el nou bar restaurant de moda del Poblenou que va obrir les portes l&#8217;estiu passat sota el lema \u201cNing\u00fa no t\u2019estima com La Otra\u201d. La seva carta viatja pels sabors de diferents pa\u00efsos del m\u00f3n: Boeuf Bourguignon, un cl\u00e0ssic de la cuina francesa; Pastela, una del\u00edcia marroquina casolana amb farcit de pollastre canyella i ametlles&#8230;<\/p>\n<h4 style=\"text-align: center;\"><strong>Fluvi\u00e0, 26<\/strong><\/h4>\n<h4 style=\"text-align: center;\"><strong>10.30h &#8211; 00h (diumenge fins a les 18h)<\/strong><\/h4>\n<hr \/>\n<h3>M\u00fasica i tapes al Local 225<\/h3>\n<p>A\u00a0<strong><a href=\"https:\/\/www.instagram.com\/local225bcn\/?hl=es\" target=\"_blank\" rel=\"noopener\">Local 225<\/a>, <\/strong>podr\u00e0s gaudir d&#8217;un vermut i tapes de qualitat. Trobar\u00e0s la truita perfecta per a tu: tenen des de la tradicional truita de patates fins a algunes opcions m\u00e9s ex\u00f2tiques com la negra amb calamarsets a la seva tinta. El dissabte, 3 de febrer, hi haur\u00e0 DJ Set de BKMD + C.MO i fins al diumenge, projeccions a c\u00e0rrec de Luisa Madrid.<\/p>\n<h4 style=\"text-align: center;\"><strong>Doctor Trueta, 225<\/strong><\/h4>\n<h4 style=\"text-align: center;\"><strong>13h &#8211; 23h<\/strong><\/h4>\n<hr \/>\n<h3><b>Menjar tailand\u00e8s al Petit Bangkok<\/b><\/h3>\n<p><a href=\"https:\/\/www.petitbangkok.com\/\" target=\"_blank\" rel=\"noopener\"><strong>Petit Bangkok<\/strong><\/a>, aut\u00e8ntic menjar tailand\u00e8s, ens ofereix una varietat de menjars per delectar-nos durant les jornades de l&#8217;Off Llum Bcn 2024.<\/p>\n<h4 style=\"text-align: center;\"><strong>\u00c0vila, 87<\/strong><\/h4>\n<h4 style=\"text-align: center;\"><strong>13h &#8211; 16h \/\/ 20h &#8211; 23h<\/strong><\/h4>\n<hr \/>\n<h3><b>Sopa, el restaurant vegetari\u00e0<\/b><\/h3>\n<p><a href=\"https:\/\/www.instagram.com\/sopabarcelona\/\">Sopa<\/a> \u00e9s el restaurant vegetari\u00e0 amb opcions veganes i 100% saludables. Podr\u00e0s tastar el seu hummus, quiche de verdures, frankfurt veg\u00e0&#8230; propostes especials de la carta Off Llum Bcn 2024.<\/p>\n<div>\n<h4 style=\"text-align: center;\"><strong>Roc Boronat, 114<\/strong><\/h4>\n<h4 style=\"text-align: center;\"><strong>10h &#8211; 23h (diumenge de<\/strong><strong> 20h a 22h)<\/strong><\/h4>\n<hr \/>\n<\/div>\n<h3><b>Thai Noodles<\/b><\/h3>\n<p>Dels creadors del Petit Bangkok.\u00a0<a href=\"https:\/\/www.petitbangkok.com\/reservas\/reservas-thai-noodles\/\">Thai Noodles<\/a>\u00a0\u00e9s un restaurant especialitzat en street food, sopes i fideus. Un encantador i petit local per a gaudir d\u2019un bon menjar asi\u00e0tic.<\/p>\n<h4 style=\"text-align: center;\"><strong>Pere IV, 93<\/strong><\/h4>\n<h4 style=\"text-align: center;\"><strong>20h &#8211; 23h<\/strong><\/h4>\n<hr \/>\n<h3><b>Menjar urb\u00e0 a Trash Talk<\/b><\/h3>\n<p>Gaudeix de m\u00fasica urbana dels 90 a <strong><a href=\"https:\/\/www.instagram.com\/trashtalkbcn\/\" target=\"_blank\" rel=\"noopener\">Trash Talk<\/a> <\/strong>mentre tastes els plats estrella del bar: hamburgueses i entrepans.<\/p>\n<h4 style=\"text-align: center;\"><strong>Pere IV, 244<\/strong><\/h4>\n<h4 style=\"text-align: center;\"><strong>17.30h &#8211; 2.30h (diumenge fins a les 21h)<\/strong><\/h4>\n<hr \/>\n<h3><b>Bikinis, sandvitxos i molt m\u00e9s a Trikini<\/b><\/h3>\n<p>Els millors bikinis del Poblenou estan a <strong><a href=\"https:\/\/www.bartrikini.com\">Trikini<\/a><\/strong>. Passa&#8217;t per la seva \u201cPicina\u201d per celebrar l&#8217;Off Llum Bcn i gaudeix de tres concerts gratu\u00efts: divendres i dissabte, a partir de les 22h, Winterman i Dj Lozio i diumenge, Entonados Live, a les 19h.<\/p>\n<h4 style=\"text-align: center;\">Pujades, 226<\/h4>\n<h4 style=\"text-align: center;\"><strong>18h &#8211; 3h (diumenge fins a la 1h)<\/strong><\/h4>\n<hr \/>\n<h3><b>Vita Student, descob<\/b><b>reix Coffee Hackers<\/b><\/h3>\n<p style=\"font-weight: 400;\"><a href=\"https:\/\/www.vitastudent.com\">Vita Student<\/a> i Coffee Hackers, a m\u00e9s de la seva variada carta de caf\u00e8s de tot el m\u00f3n i deliciosos pastissos, muffins i torrades de iuca, oferiran una carta exclusiva per l&#8217;Off Llum Bcn. Tamb\u00e9 tindran una decoraci\u00f3 ef\u00edmera inspirada en les arts lum\u00edniques. Prepara&#8217;t per a gaudir de m\u00f2cktels (c\u00f2ctels sense alcohol) que fusionen la destresa de la mixologia amb l&#8217;exquisidesa del millor caf\u00e8 per a crear combinacions irresistibles.<\/p>\n<h4 style=\"text-align: center;\">Sancho de \u00c1vila, 2-10<\/h4>\n<h4 style=\"text-align: center;\"><b>16h &#8211; 00h (diumenge tancat)<\/b><\/h4>\n<hr \/>\n<h3><b>Cuina peruana\u00a0a Warike Project<\/b><\/h3>\n<p>Per \u00faltim, <strong><a href=\"https:\/\/www.warikeproject.com\/\" target=\"_blank\" rel=\"noopener\">Warike Project<\/a><\/strong>\u00a0ens convida a degustar els seus c\u00f2ctels, ja que tindran durant els tres dies 2&#215;1 i plats especials de la selva del Per\u00fa. El dissabte 3 podr\u00e0s gaudir, de 21h a 23h, d&#8217;un DJ Set estil <em>afrobeat<\/em>.<\/p>\n<h4 style=\"text-align: center;\"><strong>Bilbao, 24<\/strong><\/h4>\n<h4 style=\"text-align: center;\"><strong>12h &#8211; 21h (diumenge fins a les 18h)<\/strong><\/h4>\n<hr \/>\n<h4><strong><a href=\"https:\/\/poblenouurbandistrict.com\/ca\/off-llum-bcn-2024\/\">Consulta aqu\u00ed la programaci\u00f3 lum\u00ednica completa de l\u2019Off Llum Bcn 2024<\/a><\/strong><\/h4>\n<p>&nbsp;<\/p>","protected":false},"excerpt":{"rendered":"<p>Aquest cap de setmana se celebra l&#8217;Off Llum Bcn amb 11 instal\u00b7lacions que il\u00b7luminaran el Districte Creatiu de Barcelona. Des&#8230; <a href=\"https:\/\/poblenouurbandistrict.com\/ca\/la-ruta-gastronomica-de-loff-llum-bcn-2024\/\">M\u00e9s  \u2192<\/a><\/p>\n","protected":false},"author":5,"featured_media":44283,"comment_status":"closed","ping_status":"closed","sticky":false,"template":"","format":"standard","meta":{"_acf_changed":false,"footnotes":""},"categories":[3548],"tags":[],"class_list":["post-44188","post","type-post","status-publish","format-standard","has-post-thumbnail","hentry","category-off-llum-bcn"],"acf":[],"yoast_head":"<!-- This site is optimized with the Yoast SEO plugin v27.4 - https:\/\/yoast.com\/product\/yoast-seo-wordpress\/ -->\n<title>La ruta gastron\u00f2mica de l&#039;Off Llum Bcn 2024 &#8211; Poblenou Urban District<\/title>\n<meta name=\"robots\" content=\"index, follow, max-snippet:-1, max-image-preview:large, max-video-preview:-1\" \/>\n<link rel=\"canonical\" href=\"https:\/\/poblenouurbandistrict.com\/ca\/la-ruta-gastronomica-de-loff-llum-bcn-2024\/\" \/>\n<meta property=\"og:locale\" content=\"ca_ES\" \/>\n<meta property=\"og:type\" content=\"article\" \/>\n<meta property=\"og:title\" content=\"La ruta gastron\u00f2mica de l&#039;Off Llum Bcn 2024 &#8211; Poblenou Urban District\" \/>\n<meta property=\"og:description\" content=\"Aquest cap de setmana se celebra l&#8217;Off Llum Bcn amb 11 instal\u00b7lacions que il\u00b7luminaran el Districte Creatiu de Barcelona. Des... M\u00e9s \u2192\" \/>\n<meta property=\"og:url\" content=\"https:\/\/poblenouurbandistrict.com\/ca\/la-ruta-gastronomica-de-loff-llum-bcn-2024\/\" \/>\n<meta property=\"og:site_name\" content=\"Poblenou Urban District\" \/>\n<meta property=\"article:published_time\" content=\"2024-02-01T11:56:40+00:00\" \/>\n<meta property=\"article:modified_time\" content=\"2024-02-03T15:41:19+00:00\" \/>\n<meta property=\"og:image\" content=\"https:\/\/poblenouurbandistrict.com\/wp-content\/uploads\/2024\/02\/ec10630d-baa1-42a7-8ac6-60154a7a64eb.jpg\" \/>\n\t<meta property=\"og:image:width\" content=\"1170\" \/>\n\t<meta property=\"og:image:height\" content=\"786\" \/>\n\t<meta property=\"og:image:type\" content=\"image\/jpeg\" \/>\n<meta name=\"author\" content=\"pnud\" \/>\n<meta name=\"twitter:card\" content=\"summary_large_image\" \/>\n<meta name=\"twitter:label1\" content=\"Escrit per\" \/>\n\t<meta name=\"twitter:data1\" content=\"pnud\" \/>\n\t<meta name=\"twitter:label2\" content=\"Temps estimat de lectura\" \/>\n\t<meta name=\"twitter:data2\" content=\"8 minuts\" \/>\n<script type=\"application\/ld+json\" class=\"yoast-schema-graph\">{\"@context\":\"https:\\\/\\\/schema.org\",\"@graph\":[{\"@type\":\"Article\",\"@id\":\"https:\\\/\\\/poblenouurbandistrict.com\\\/la-ruta-gastronomica-de-loff-llum-bcn-2024\\\/#article\",\"isPartOf\":{\"@id\":\"https:\\\/\\\/poblenouurbandistrict.com\\\/la-ruta-gastronomica-de-loff-llum-bcn-2024\\\/\"},\"author\":{\"name\":\"pnud\",\"@id\":\"https:\\\/\\\/poblenouurbandistrict.com\\\/#\\\/schema\\\/person\\\/980a2cf34b399d5218205730acd54a7e\"},\"headline\":\"La ruta gastron\u00f2mica de l&#8217;Off Llum Bcn 2024\",\"datePublished\":\"2024-02-01T11:56:40+00:00\",\"dateModified\":\"2024-02-03T15:41:19+00:00\",\"mainEntityOfPage\":{\"@id\":\"https:\\\/\\\/poblenouurbandistrict.com\\\/la-ruta-gastronomica-de-loff-llum-bcn-2024\\\/\"},\"wordCount\":3106,\"image\":{\"@id\":\"https:\\\/\\\/poblenouurbandistrict.com\\\/la-ruta-gastronomica-de-loff-llum-bcn-2024\\\/#primaryimage\"},\"thumbnailUrl\":\"https:\\\/\\\/media.poblenouurbandistrict.com\\\/2024\\\/02\\\/25071250\\\/ec10630d-baa1-42a7-8ac6-60154a7a64eb.jpg\",\"articleSection\":[\"Off Llum Bcn\"],\"inLanguage\":\"ca\"},{\"@type\":\"WebPage\",\"@id\":\"https:\\\/\\\/poblenouurbandistrict.com\\\/ca\\\/la-ruta-gastronomica-de-loff-llum-bcn-2024\\\/\",\"url\":\"https:\\\/\\\/poblenouurbandistrict.com\\\/ca\\\/la-ruta-gastronomica-de-loff-llum-bcn-2024\\\/\",\"name\":\"La ruta gastron\u00f2mica de l'Off Llum Bcn 2024 &#8211; Poblenou Urban District\",\"isPartOf\":{\"@id\":\"https:\\\/\\\/poblenouurbandistrict.com\\\/ca\\\/#website\"},\"primaryImageOfPage\":{\"@id\":\"https:\\\/\\\/poblenouurbandistrict.com\\\/ca\\\/la-ruta-gastronomica-de-loff-llum-bcn-2024\\\/#primaryimage\"},\"image\":{\"@id\":\"https:\\\/\\\/poblenouurbandistrict.com\\\/la-ruta-gastronomica-de-loff-llum-bcn-2024\\\/#primaryimage\"},\"thumbnailUrl\":\"https:\\\/\\\/media.poblenouurbandistrict.com\\\/2024\\\/02\\\/25071250\\\/ec10630d-baa1-42a7-8ac6-60154a7a64eb.jpg\",\"datePublished\":\"2024-02-01T11:56:40+00:00\",\"dateModified\":\"2024-02-03T15:41:19+00:00\",\"author\":{\"@id\":\"https:\\\/\\\/poblenouurbandistrict.com\\\/#\\\/schema\\\/person\\\/980a2cf34b399d5218205730acd54a7e\"},\"breadcrumb\":{\"@id\":\"https:\\\/\\\/poblenouurbandistrict.com\\\/ca\\\/la-ruta-gastronomica-de-loff-llum-bcn-2024\\\/#breadcrumb\"},\"inLanguage\":\"ca\",\"potentialAction\":[{\"@type\":\"ReadAction\",\"target\":[[\"https:\\\/\\\/poblenouurbandistrict.com\\\/ca\\\/la-ruta-gastronomica-de-loff-llum-bcn-2024\\\/\"]]}]},{\"@type\":\"ImageObject\",\"inLanguage\":\"ca\",\"@id\":\"https:\\\/\\\/poblenouurbandistrict.com\\\/ca\\\/la-ruta-gastronomica-de-loff-llum-bcn-2024\\\/#primaryimage\",\"url\":\"https:\\\/\\\/media.poblenouurbandistrict.com\\\/2024\\\/02\\\/25071250\\\/ec10630d-baa1-42a7-8ac6-60154a7a64eb.jpg\",\"contentUrl\":\"https:\\\/\\\/media.poblenouurbandistrict.com\\\/2024\\\/02\\\/25071250\\\/ec10630d-baa1-42a7-8ac6-60154a7a64eb.jpg\",\"width\":1170,\"height\":786},{\"@type\":\"BreadcrumbList\",\"@id\":\"https:\\\/\\\/poblenouurbandistrict.com\\\/ca\\\/la-ruta-gastronomica-de-loff-llum-bcn-2024\\\/#breadcrumb\",\"itemListElement\":[{\"@type\":\"ListItem\",\"position\":1,\"name\":\"Home\",\"item\":\"https:\\\/\\\/poblenouurbandistrict.com\\\/ca\\\/\"},{\"@type\":\"ListItem\",\"position\":2,\"name\":\"La ruta gastron\u00f2mica de l&#8217;Off Llum Bcn 2024\"}]},{\"@type\":\"WebSite\",\"@id\":\"https:\\\/\\\/poblenouurbandistrict.com\\\/ca\\\/#website\",\"url\":\"https:\\\/\\\/poblenouurbandistrict.com\\\/ca\\\/\",\"name\":\"Poblenou Urban District\",\"description\":\"Comunitat Creativa\",\"potentialAction\":[{\"@type\":\"SearchAction\",\"target\":{\"@type\":\"EntryPoint\",\"urlTemplate\":\"https:\\\/\\\/poblenouurbandistrict.com\\\/ca\\\/?s={search_term_string}\"},\"query-input\":{\"@type\":\"PropertyValueSpecification\",\"valueRequired\":true,\"valueName\":\"search_term_string\"}}],\"inLanguage\":\"ca\"},{\"@type\":\"Person\",\"@id\":\"https:\\\/\\\/poblenouurbandistrict.com\\\/#\\\/schema\\\/person\\\/980a2cf34b399d5218205730acd54a7e\",\"name\":\"pnud\",\"image\":{\"@type\":\"ImageObject\",\"inLanguage\":\"ca\",\"@id\":\"https:\\\/\\\/secure.gravatar.com\\\/avatar\\\/67146597b405ee077a24e519f75c3e2031736596d6ce35af3a34c122c93d0d7b?s=96&d=retro&r=g\",\"url\":\"https:\\\/\\\/secure.gravatar.com\\\/avatar\\\/67146597b405ee077a24e519f75c3e2031736596d6ce35af3a34c122c93d0d7b?s=96&d=retro&r=g\",\"contentUrl\":\"https:\\\/\\\/secure.gravatar.com\\\/avatar\\\/67146597b405ee077a24e519f75c3e2031736596d6ce35af3a34c122c93d0d7b?s=96&d=retro&r=g\",\"caption\":\"pnud\"}}]}<\/script>\n<!-- \/ Yoast SEO plugin. -->","yoast_head_json":{"title":"La ruta gastron\u00f2mica de l'Off Llum Bcn 2024 &#8211; Poblenou Urban District","robots":{"index":"index","follow":"follow","max-snippet":"max-snippet:-1","max-image-preview":"max-image-preview:large","max-video-preview":"max-video-preview:-1"},"canonical":"https:\/\/poblenouurbandistrict.com\/ca\/la-ruta-gastronomica-de-loff-llum-bcn-2024\/","og_locale":"ca_ES","og_type":"article","og_title":"La ruta gastron\u00f2mica de l'Off Llum Bcn 2024 &#8211; Poblenou Urban District","og_description":"Aquest cap de setmana se celebra l&#8217;Off Llum Bcn amb 11 instal\u00b7lacions que il\u00b7luminaran el Districte Creatiu de Barcelona. Des... M\u00e9s \u2192","og_url":"https:\/\/poblenouurbandistrict.com\/ca\/la-ruta-gastronomica-de-loff-llum-bcn-2024\/","og_site_name":"Poblenou Urban District","article_published_time":"2024-02-01T11:56:40+00:00","article_modified_time":"2024-02-03T15:41:19+00:00","og_image":[{"width":1170,"height":786,"url":"https:\/\/poblenouurbandistrict.com\/wp-content\/uploads\/2024\/02\/ec10630d-baa1-42a7-8ac6-60154a7a64eb.jpg","type":"image\/jpeg"}],"author":"pnud","twitter_card":"summary_large_image","twitter_misc":{"Escrit per":"pnud","Temps estimat de lectura":"8 minuts"},"schema":{"@context":"https:\/\/schema.org","@graph":[{"@type":"Article","@id":"https:\/\/poblenouurbandistrict.com\/la-ruta-gastronomica-de-loff-llum-bcn-2024\/#article","isPartOf":{"@id":"https:\/\/poblenouurbandistrict.com\/la-ruta-gastronomica-de-loff-llum-bcn-2024\/"},"author":{"name":"pnud","@id":"https:\/\/poblenouurbandistrict.com\/#\/schema\/person\/980a2cf34b399d5218205730acd54a7e"},"headline":"La ruta gastron\u00f2mica de l&#8217;Off Llum Bcn 2024","datePublished":"2024-02-01T11:56:40+00:00","dateModified":"2024-02-03T15:41:19+00:00","mainEntityOfPage":{"@id":"https:\/\/poblenouurbandistrict.com\/la-ruta-gastronomica-de-loff-llum-bcn-2024\/"},"wordCount":3106,"image":{"@id":"https:\/\/poblenouurbandistrict.com\/la-ruta-gastronomica-de-loff-llum-bcn-2024\/#primaryimage"},"thumbnailUrl":"https:\/\/media.poblenouurbandistrict.com\/2024\/02\/25071250\/ec10630d-baa1-42a7-8ac6-60154a7a64eb.jpg","articleSection":["Off Llum Bcn"],"inLanguage":"ca"},{"@type":"WebPage","@id":"https:\/\/poblenouurbandistrict.com\/ca\/la-ruta-gastronomica-de-loff-llum-bcn-2024\/","url":"https:\/\/poblenouurbandistrict.com\/ca\/la-ruta-gastronomica-de-loff-llum-bcn-2024\/","name":"La ruta gastron\u00f2mica de l'Off Llum Bcn 2024 &#8211; Poblenou Urban District","isPartOf":{"@id":"https:\/\/poblenouurbandistrict.com\/ca\/#website"},"primaryImageOfPage":{"@id":"https:\/\/poblenouurbandistrict.com\/ca\/la-ruta-gastronomica-de-loff-llum-bcn-2024\/#primaryimage"},"image":{"@id":"https:\/\/poblenouurbandistrict.com\/la-ruta-gastronomica-de-loff-llum-bcn-2024\/#primaryimage"},"thumbnailUrl":"https:\/\/media.poblenouurbandistrict.com\/2024\/02\/25071250\/ec10630d-baa1-42a7-8ac6-60154a7a64eb.jpg","datePublished":"2024-02-01T11:56:40+00:00","dateModified":"2024-02-03T15:41:19+00:00","author":{"@id":"https:\/\/poblenouurbandistrict.com\/#\/schema\/person\/980a2cf34b399d5218205730acd54a7e"},"breadcrumb":{"@id":"https:\/\/poblenouurbandistrict.com\/ca\/la-ruta-gastronomica-de-loff-llum-bcn-2024\/#breadcrumb"},"inLanguage":"ca","potentialAction":[{"@type":"ReadAction","target":[["https:\/\/poblenouurbandistrict.com\/ca\/la-ruta-gastronomica-de-loff-llum-bcn-2024\/"]]}]},{"@type":"ImageObject","inLanguage":"ca","@id":"https:\/\/poblenouurbandistrict.com\/ca\/la-ruta-gastronomica-de-loff-llum-bcn-2024\/#primaryimage","url":"https:\/\/media.poblenouurbandistrict.com\/2024\/02\/25071250\/ec10630d-baa1-42a7-8ac6-60154a7a64eb.jpg","contentUrl":"https:\/\/media.poblenouurbandistrict.com\/2024\/02\/25071250\/ec10630d-baa1-42a7-8ac6-60154a7a64eb.jpg","width":1170,"height":786},{"@type":"BreadcrumbList","@id":"https:\/\/poblenouurbandistrict.com\/ca\/la-ruta-gastronomica-de-loff-llum-bcn-2024\/#breadcrumb","itemListElement":[{"@type":"ListItem","position":1,"name":"Home","item":"https:\/\/poblenouurbandistrict.com\/ca\/"},{"@type":"ListItem","position":2,"name":"La ruta gastron\u00f2mica de l&#8217;Off Llum Bcn 2024"}]},{"@type":"WebSite","@id":"https:\/\/poblenouurbandistrict.com\/ca\/#website","url":"https:\/\/poblenouurbandistrict.com\/ca\/","name":"Poblenou Urban District","description":"Comunitat Creativa","potentialAction":[{"@type":"SearchAction","target":{"@type":"EntryPoint","urlTemplate":"https:\/\/poblenouurbandistrict.com\/ca\/?s={search_term_string}"},"query-input":{"@type":"PropertyValueSpecification","valueRequired":true,"valueName":"search_term_string"}}],"inLanguage":"ca"},{"@type":"Person","@id":"https:\/\/poblenouurbandistrict.com\/#\/schema\/person\/980a2cf34b399d5218205730acd54a7e","name":"pnud","image":{"@type":"ImageObject","inLanguage":"ca","@id":"https:\/\/secure.gravatar.com\/avatar\/67146597b405ee077a24e519f75c3e2031736596d6ce35af3a34c122c93d0d7b?s=96&d=retro&r=g","url":"https:\/\/secure.gravatar.com\/avatar\/67146597b405ee077a24e519f75c3e2031736596d6ce35af3a34c122c93d0d7b?s=96&d=retro&r=g","contentUrl":"https:\/\/secure.gravatar.com\/avatar\/67146597b405ee077a24e519f75c3e2031736596d6ce35af3a34c122c93d0d7b?s=96&d=retro&r=g","caption":"pnud"}}]}},"_links":{"self":[{"href":"https:\/\/poblenouurbandistrict.com\/ca\/wp-json\/wp\/v2\/posts\/44188","targetHints":{"allow":["GET"]}}],"collection":[{"href":"https:\/\/poblenouurbandistrict.com\/ca\/wp-json\/wp\/v2\/posts"}],"about":[{"href":"https:\/\/poblenouurbandistrict.com\/ca\/wp-json\/wp\/v2\/types\/post"}],"author":[{"embeddable":true,"href":"https:\/\/poblenouurbandistrict.com\/ca\/wp-json\/wp\/v2\/users\/5"}],"replies":[{"embeddable":true,"href":"https:\/\/poblenouurbandistrict.com\/ca\/wp-json\/wp\/v2\/comments?post=44188"}],"version-history":[{"count":55,"href":"https:\/\/poblenouurbandistrict.com\/ca\/wp-json\/wp\/v2\/posts\/44188\/revisions"}],"predecessor-version":[{"id":44370,"href":"https:\/\/poblenouurbandistrict.com\/ca\/wp-json\/wp\/v2\/posts\/44188\/revisions\/44370"}],"wp:featuredmedia":[{"embeddable":true,"href":"https:\/\/poblenouurbandistrict.com\/ca\/wp-json\/wp\/v2\/media\/44283"}],"wp:attachment":[{"href":"https:\/\/poblenouurbandistrict.com\/ca\/wp-json\/wp\/v2\/media?parent=44188"}],"wp:term":[{"taxonomy":"category","embeddable":true,"href":"https:\/\/poblenouurbandistrict.com\/ca\/wp-json\/wp\/v2\/categories?post=44188"},{"taxonomy":"post_tag","embeddable":true,"href":"https:\/\/poblenouurbandistrict.com\/ca\/wp-json\/wp\/v2\/tags?post=44188"}],"curies":[{"name":"wp","href":"https:\/\/api.w.org\/{rel}","templated":true}]}}