{"id":44260,"date":"2024-02-01T15:35:11","date_gmt":"2024-02-01T14:35:11","guid":{"rendered":"https:\/\/poblenouurbandistrict.com\/?p=44260"},"modified":"2024-02-03T16:38:39","modified_gmt":"2024-02-03T15:38:39","slug":"les-installacions-de-loff-llum-bcn-brillen-amb-el-suport-dels-seus-collaboradors","status":"publish","type":"post","link":"https:\/\/poblenouurbandistrict.com\/ca\/les-installacions-de-loff-llum-bcn-brillen-amb-el-suport-dels-seus-collaboradors\/","title":{"rendered":"Les instal\u00b7lacions de l&#8217;Off Llum Bcn brillen amb el suport dels seus col\u00b7laboradors"},"content":{"rendered":"<p>Els col\u00b7laboradors tenen un paper fonamental en l&#8217;\u00e8xit de l&#8217;<a href=\"https:\/\/poblenouurbandistrict.com\/ca\/off-llum-bcn-2024\/\">Off Llum Bcn<\/a>, contribuint a la m\u00e0gia d&#8217;un circuit que promociona les arts lum\u00edniques en un territori reconegut per la seva creativitat, el Poblenou.<\/p>\n<p>La seva participaci\u00f3 i suport actiu en la creaci\u00f3 de les instal\u00b7lacions lum\u00edniques no nom\u00e9s enriqueix la proposta art\u00edstica, sin\u00f3 que tamb\u00e9 ajuda els artistes a materialitzar les seves idees. Volem agrair especialment a les nou empreses que han contribu\u00eft a fer brillar una mica m\u00e9s el Poblenou durant el 2, 3 i 4 de febrer.<\/p>\n<hr \/>\n<h3><a href=\"https:\/\/www.instagram.com\/bridge48studios\/?hl=es\"><b>Bridge 48<\/b><\/a><\/h3>\n<p>Es defineixen com \u2018The House of Advanced Music\u2019, un projecte creat per i per a productors musicals i artistes. Compta amb instal\u00b7lacions d&#8217;estudis de producci\u00f3, <em>coworking<\/em>, serveis professionals de mescla i mastering, seminaris, workshops, <em>masterclasses<\/em> i formaci\u00f3 especialitzada.<\/p>\n<p><strong>Col\u00b7labora amb &#8220;Mother&#8217;s Love&#8221;.<\/strong><\/p>\n<hr \/>\n<h3><a href=\"https:\/\/www.carlight.cat\/\"><b>Carlight<\/b><\/a><\/h3>\n<p><span style=\"font-weight: 400;\">Empresa de serveis de l\u2019espectacle i de l\u2019audiovisual, amb m\u00e9s de 25 anys d\u2019experi\u00e8ncia, especialitzats en tot tipus d\u2019esdeveniments i de produccions esc\u00e8niques i audiovisuals. Carlight ha portat sempre una doble traject\u00f2ria: teatre, dansa i esdeveniments, d\u2019una banda, i TV i cinema, d\u2019una altra. La combinaci\u00f3 d\u2019aquests dos mons els ha enriquit professionalment en els \u00e0mbits tecnol\u00f2gics, creatius i d\u2019organitzaci\u00f3.<\/span><\/p>\n<p><strong>Col\u00b7labora amb &#8220;Baucis&#8221;.<\/strong><\/p>\n<hr \/>\n<h3><a href=\"https:\/\/www.fluge.es\/\"><b>Fluge<\/b><\/a><\/h3>\n<p>Fluge \u00e9s una de les principals empreses audiovisuals d&#8217;Europa que neix el 1990 amb la principal activitat de sonoritzar actuacions en directe. En pocs anys, s&#8217;ha establert com un referent en el sector, enfocant-se en les necessitats dels seus clients, en la innovaci\u00f3 dels procediments de producci\u00f3 i en l&#8217;adquisici\u00f3 de l&#8217;\u00faltima tecnologia audiovisual.<\/p>\n<p><strong>Col\u00b7labora amb &#8220;EPICENTRO 48&#8221;.<\/strong><\/p>\n<hr \/>\n<h3><a href=\"https:\/\/www.indissoluble.com\/es\/\"><b>Indissoluble<\/b><\/a><\/h3>\n<p>Equip multidisciplinari especialitzat en disseny i fabricaci\u00f3 d&#8217;espais narratius per a marques, exposicions, esdeveniments i museus. Des de 2004, els seus principals serveis s\u00f3n la realitzaci\u00f3 del muntatge d&#8217;exposicions i instal\u00b7lacions, el disseny de showrooms amb tecnologia interactiva i materials innovadors i estands per a fires i esdeveniments.<\/p>\n<p><strong>Col\u00b7labora amb &#8220;Off Stories&#8221; i &#8220;The Puffertons&#8221;.<\/strong><\/p>\n<hr \/>\n<h3><a href=\"https:\/\/lluria.com\/\"><b>Lluria<\/b><\/a><\/h3>\n<p>Empresa amb m\u00e9s de 38 anys d&#8217;experi\u00e8ncia en el sector de la il\u00b7luminaci\u00f3 amb seu a Montmel\u00f3. Lluria est\u00e0 especialitzada en projectes d&#8217;il\u00b7luminaci\u00f3 lineal LED DIGITAL i llumin\u00e0ries i col\u00b7labora amb els millors dissenyadors d&#8217;il\u00b7luminaci\u00f3, arquitectes, enginyers i dissenyadors d&#8217;interiors, guiant-los des del desenvolupament de productes fins a la creaci\u00f3 de solucions espec\u00edfiques.<\/p>\n<p><strong>Col\u00b7labora amb &#8220;Off Stories&#8221;, &#8220;c-58PK0 1:12&#8221; i &#8220;Baucis&#8221;.<\/strong><\/p>\n<hr \/>\n<h3><a href=\"https:\/\/www.luznegra.net\/\"><b>Luz Negra<\/b><\/a><\/h3>\n<p>Empresa consolidada amb 36 anys de traject\u00f2ria, especialitzada en il\u00b7luminaci\u00f3 LED i lineal. Situada a Barcelona i amb dues delegacions a Madrid i Par\u00eds, Llum Negra t\u00e9 una pres\u00e8ncia destacada en el mercat espanyol i internacional, compromesa amb la sostenibilitat i la innovaci\u00f3, l&#8217;empresa s&#8217;esfor\u00e7a per millorar els seus productes i reduir l&#8217;impacte mediambiental de les seves operacions.<\/p>\n<p><strong>Col\u00b7labora amb &#8220;EPICENTRO 48&#8221;.<\/strong><\/p>\n<hr \/>\n<h3><a href=\"https:\/\/mappingworld-lab.com\/en\/\"><b>Mapping World Lab<\/b><\/a><\/h3>\n<p>Empresa que fusiona la tecnologia d&#8217;avantguarda i art per a crear experi\u00e8ncies audiovisuals \u00faniques. Ofereixen experi\u00e8ncies de gran impacte a l&#8217;usuari, especialitzant-se en creaci\u00f3 de contingut visual i t\u00e8cnica per a espectacles audiovisuals i exclusius que capturen l&#8217;ess\u00e8ncia dels esdeveniments.<\/p>\n<p><strong>Col\u00b7labora amb &#8220;Quadratic&#8221;.<\/strong><\/p>\n<hr \/>\n<h3><a href=\"https:\/\/www.sono.es\/\"><b>Sono<\/b><\/a><\/h3>\n<p>Empresa de refer\u00e8ncia en l&#8217;\u00e0mbit de l&#8217;enginyeria audiovisual. Dissenyen i realitzen muntatges i instal\u00b7lacions audiovisuals d&#8217;espais ef\u00edmers, aix\u00ed com el desenvolupament integral d&#8217;instal\u00b7lacions per a projectes corporatius, culturals o museogr\u00e0fics. Des de 1972, aposten per la innovaci\u00f3 aplicant la creativitat i les tecnologies audiovisuals.<\/p>\n<p><strong>Col\u00b7labora amb &#8220;Quadratic&#8221;.<\/strong><\/p>\n<hr \/>\n<h3><a href=\"https:\/\/sugarsoundrental.com\/en\/\"><b>Sugar Sound Rental<\/b><\/a><\/h3>\n<p>Empresa integral de serveis audiovisuals especialitzada en el lloguer d&#8217;equips de so i il\u00b7luminaci\u00f3 per a esdeveniments. Compta amb tota mena de materials, des d&#8217;altaveus, micr\u00f2fons, equips de DJ, aix\u00ed com il\u00b7luminaci\u00f3 i estructures. El seu equip est\u00e0 format per t\u00e8cnics amb m\u00e9s de deu anys d&#8217;experi\u00e8ncia en el sector, encarregats tant del muntatge com de l&#8217;assist\u00e8ncia t\u00e8cnica durant tot l&#8217;esdeveniment.<\/p>\n<p><strong>Col\u00b7labora amb &#8220;Datos, Luz y Zumbidos&#8221;, &#8220;The Puffertons&#8221; i &#8220;Baucis&#8221;.<\/strong><\/p>\n<hr \/>\n<p>Tamb\u00e9 agra\u00efm la feina a Susana Almonacid, project manager de tres instal\u00b7lacions de l&#8217;Off Llum Bcn.<\/p>","protected":false},"excerpt":{"rendered":"<p>Els col\u00b7laboradors tenen un paper fonamental en l&#8217;\u00e8xit de l&#8217;Off Llum Bcn, contribuint a la m\u00e0gia d&#8217;un circuit que promociona&#8230; <a href=\"https:\/\/poblenouurbandistrict.com\/ca\/les-installacions-de-loff-llum-bcn-brillen-amb-el-suport-dels-seus-collaboradors\/\">M\u00e9s  \u2192<\/a><\/p>\n","protected":false},"author":5,"featured_media":44062,"comment_status":"closed","ping_status":"closed","sticky":false,"template":"","format":"standard","meta":{"_acf_changed":false,"footnotes":""},"categories":[3548],"tags":[],"class_list":["post-44260","post","type-post","status-publish","format-standard","has-post-thumbnail","hentry","category-off-llum-bcn"],"acf":[],"yoast_head":"<!-- This site is optimized with the Yoast SEO plugin v27.4 - https:\/\/yoast.com\/product\/yoast-seo-wordpress\/ -->\n<title>Les instal\u00b7lacions de l&#039;Off Llum Bcn brillen amb el suport dels seus col\u00b7laboradors &#8211; Poblenou Urban District<\/title>\n<meta name=\"robots\" content=\"index, follow, max-snippet:-1, max-image-preview:large, max-video-preview:-1\" \/>\n<link rel=\"canonical\" href=\"https:\/\/poblenouurbandistrict.com\/ca\/les-installacions-de-loff-llum-bcn-brillen-amb-el-suport-dels-seus-collaboradors\/\" \/>\n<meta property=\"og:locale\" content=\"ca_ES\" \/>\n<meta property=\"og:type\" content=\"article\" \/>\n<meta property=\"og:title\" content=\"Les instal\u00b7lacions de l&#039;Off Llum Bcn brillen amb el suport dels seus col\u00b7laboradors &#8211; Poblenou Urban District\" \/>\n<meta property=\"og:description\" content=\"Els col\u00b7laboradors tenen un paper fonamental en l&#8217;\u00e8xit de l&#8217;Off Llum Bcn, contribuint a la m\u00e0gia d&#8217;un circuit que promociona... M\u00e9s \u2192\" \/>\n<meta property=\"og:url\" content=\"https:\/\/poblenouurbandistrict.com\/ca\/les-installacions-de-loff-llum-bcn-brillen-amb-el-suport-dels-seus-collaboradors\/\" \/>\n<meta property=\"og:site_name\" content=\"Poblenou Urban District\" \/>\n<meta property=\"article:published_time\" content=\"2024-02-01T14:35:11+00:00\" \/>\n<meta property=\"article:modified_time\" content=\"2024-02-03T15:38:39+00:00\" \/>\n<meta property=\"og:image\" content=\"https:\/\/poblenouurbandistrict.com\/wp-content\/uploads\/2024\/01\/mapa-off-llum24-03-4-1-scaled.jpg\" \/>\n\t<meta property=\"og:image:width\" content=\"2560\" \/>\n\t<meta property=\"og:image:height\" content=\"1707\" \/>\n\t<meta property=\"og:image:type\" content=\"image\/jpeg\" \/>\n<meta name=\"author\" content=\"pnud\" \/>\n<meta name=\"twitter:card\" content=\"summary_large_image\" \/>\n<meta name=\"twitter:label1\" content=\"Escrit per\" \/>\n\t<meta name=\"twitter:data1\" content=\"pnud\" \/>\n\t<meta name=\"twitter:label2\" content=\"Temps estimat de lectura\" \/>\n\t<meta name=\"twitter:data2\" content=\"4 minuts\" \/>\n<script type=\"application\/ld+json\" class=\"yoast-schema-graph\">{\"@context\":\"https:\\\/\\\/schema.org\",\"@graph\":[{\"@type\":\"Article\",\"@id\":\"https:\\\/\\\/poblenouurbandistrict.com\\\/les-installacions-de-loff-llum-bcn-brillen-amb-el-suport-dels-seus-collaboradors\\\/#article\",\"isPartOf\":{\"@id\":\"https:\\\/\\\/poblenouurbandistrict.com\\\/les-installacions-de-loff-llum-bcn-brillen-amb-el-suport-dels-seus-collaboradors\\\/\"},\"author\":{\"name\":\"pnud\",\"@id\":\"https:\\\/\\\/poblenouurbandistrict.com\\\/#\\\/schema\\\/person\\\/980a2cf34b399d5218205730acd54a7e\"},\"headline\":\"Les instal\u00b7lacions de l&#8217;Off Llum Bcn brillen amb el suport dels seus col\u00b7laboradors\",\"datePublished\":\"2024-02-01T14:35:11+00:00\",\"dateModified\":\"2024-02-03T15:38:39+00:00\",\"mainEntityOfPage\":{\"@id\":\"https:\\\/\\\/poblenouurbandistrict.com\\\/les-installacions-de-loff-llum-bcn-brillen-amb-el-suport-dels-seus-collaboradors\\\/\"},\"wordCount\":1410,\"image\":{\"@id\":\"https:\\\/\\\/poblenouurbandistrict.com\\\/les-installacions-de-loff-llum-bcn-brillen-amb-el-suport-dels-seus-collaboradors\\\/#primaryimage\"},\"thumbnailUrl\":\"https:\\\/\\\/media.poblenouurbandistrict.com\\\/2024\\\/01\\\/25071154\\\/mapa-off-llum24-03-4-1-scaled.jpg\",\"articleSection\":[\"Off Llum Bcn\"],\"inLanguage\":\"ca\"},{\"@type\":\"WebPage\",\"@id\":\"https:\\\/\\\/poblenouurbandistrict.com\\\/ca\\\/les-installacions-de-loff-llum-bcn-brillen-amb-el-suport-dels-seus-collaboradors\\\/\",\"url\":\"https:\\\/\\\/poblenouurbandistrict.com\\\/ca\\\/les-installacions-de-loff-llum-bcn-brillen-amb-el-suport-dels-seus-collaboradors\\\/\",\"name\":\"Les instal\u00b7lacions de l'Off Llum Bcn brillen amb el suport dels seus col\u00b7laboradors &#8211; Poblenou Urban District\",\"isPartOf\":{\"@id\":\"https:\\\/\\\/poblenouurbandistrict.com\\\/ca\\\/#website\"},\"primaryImageOfPage\":{\"@id\":\"https:\\\/\\\/poblenouurbandistrict.com\\\/ca\\\/les-installacions-de-loff-llum-bcn-brillen-amb-el-suport-dels-seus-collaboradors\\\/#primaryimage\"},\"image\":{\"@id\":\"https:\\\/\\\/poblenouurbandistrict.com\\\/les-installacions-de-loff-llum-bcn-brillen-amb-el-suport-dels-seus-collaboradors\\\/#primaryimage\"},\"thumbnailUrl\":\"https:\\\/\\\/media.poblenouurbandistrict.com\\\/2024\\\/01\\\/25071154\\\/mapa-off-llum24-03-4-1-scaled.jpg\",\"datePublished\":\"2024-02-01T14:35:11+00:00\",\"dateModified\":\"2024-02-03T15:38:39+00:00\",\"author\":{\"@id\":\"https:\\\/\\\/poblenouurbandistrict.com\\\/#\\\/schema\\\/person\\\/980a2cf34b399d5218205730acd54a7e\"},\"breadcrumb\":{\"@id\":\"https:\\\/\\\/poblenouurbandistrict.com\\\/ca\\\/les-installacions-de-loff-llum-bcn-brillen-amb-el-suport-dels-seus-collaboradors\\\/#breadcrumb\"},\"inLanguage\":\"ca\",\"potentialAction\":[{\"@type\":\"ReadAction\",\"target\":[[\"https:\\\/\\\/poblenouurbandistrict.com\\\/ca\\\/les-installacions-de-loff-llum-bcn-brillen-amb-el-suport-dels-seus-collaboradors\\\/\"]]}]},{\"@type\":\"ImageObject\",\"inLanguage\":\"ca\",\"@id\":\"https:\\\/\\\/poblenouurbandistrict.com\\\/ca\\\/les-installacions-de-loff-llum-bcn-brillen-amb-el-suport-dels-seus-collaboradors\\\/#primaryimage\",\"url\":\"https:\\\/\\\/media.poblenouurbandistrict.com\\\/2024\\\/01\\\/25071154\\\/mapa-off-llum24-03-4-1-scaled.jpg\",\"contentUrl\":\"https:\\\/\\\/media.poblenouurbandistrict.com\\\/2024\\\/01\\\/25071154\\\/mapa-off-llum24-03-4-1-scaled.jpg\",\"width\":2560,\"height\":1707},{\"@type\":\"BreadcrumbList\",\"@id\":\"https:\\\/\\\/poblenouurbandistrict.com\\\/ca\\\/les-installacions-de-loff-llum-bcn-brillen-amb-el-suport-dels-seus-collaboradors\\\/#breadcrumb\",\"itemListElement\":[{\"@type\":\"ListItem\",\"position\":1,\"name\":\"Home\",\"item\":\"https:\\\/\\\/poblenouurbandistrict.com\\\/ca\\\/\"},{\"@type\":\"ListItem\",\"position\":2,\"name\":\"Les instal\u00b7lacions de l&#8217;Off Llum Bcn brillen amb el suport dels seus col\u00b7laboradors\"}]},{\"@type\":\"WebSite\",\"@id\":\"https:\\\/\\\/poblenouurbandistrict.com\\\/ca\\\/#website\",\"url\":\"https:\\\/\\\/poblenouurbandistrict.com\\\/ca\\\/\",\"name\":\"Poblenou Urban District\",\"description\":\"Comunitat Creativa\",\"potentialAction\":[{\"@type\":\"SearchAction\",\"target\":{\"@type\":\"EntryPoint\",\"urlTemplate\":\"https:\\\/\\\/poblenouurbandistrict.com\\\/ca\\\/?s={search_term_string}\"},\"query-input\":{\"@type\":\"PropertyValueSpecification\",\"valueRequired\":true,\"valueName\":\"search_term_string\"}}],\"inLanguage\":\"ca\"},{\"@type\":\"Person\",\"@id\":\"https:\\\/\\\/poblenouurbandistrict.com\\\/#\\\/schema\\\/person\\\/980a2cf34b399d5218205730acd54a7e\",\"name\":\"pnud\",\"image\":{\"@type\":\"ImageObject\",\"inLanguage\":\"ca\",\"@id\":\"https:\\\/\\\/secure.gravatar.com\\\/avatar\\\/67146597b405ee077a24e519f75c3e2031736596d6ce35af3a34c122c93d0d7b?s=96&d=retro&r=g\",\"url\":\"https:\\\/\\\/secure.gravatar.com\\\/avatar\\\/67146597b405ee077a24e519f75c3e2031736596d6ce35af3a34c122c93d0d7b?s=96&d=retro&r=g\",\"contentUrl\":\"https:\\\/\\\/secure.gravatar.com\\\/avatar\\\/67146597b405ee077a24e519f75c3e2031736596d6ce35af3a34c122c93d0d7b?s=96&d=retro&r=g\",\"caption\":\"pnud\"}}]}<\/script>\n<!-- \/ Yoast SEO plugin. -->","yoast_head_json":{"title":"Les instal\u00b7lacions de l'Off Llum Bcn brillen amb el suport dels seus col\u00b7laboradors &#8211; Poblenou Urban District","robots":{"index":"index","follow":"follow","max-snippet":"max-snippet:-1","max-image-preview":"max-image-preview:large","max-video-preview":"max-video-preview:-1"},"canonical":"https:\/\/poblenouurbandistrict.com\/ca\/les-installacions-de-loff-llum-bcn-brillen-amb-el-suport-dels-seus-collaboradors\/","og_locale":"ca_ES","og_type":"article","og_title":"Les instal\u00b7lacions de l'Off Llum Bcn brillen amb el suport dels seus col\u00b7laboradors &#8211; Poblenou Urban District","og_description":"Els col\u00b7laboradors tenen un paper fonamental en l&#8217;\u00e8xit de l&#8217;Off Llum Bcn, contribuint a la m\u00e0gia d&#8217;un circuit que promociona... M\u00e9s \u2192","og_url":"https:\/\/poblenouurbandistrict.com\/ca\/les-installacions-de-loff-llum-bcn-brillen-amb-el-suport-dels-seus-collaboradors\/","og_site_name":"Poblenou Urban District","article_published_time":"2024-02-01T14:35:11+00:00","article_modified_time":"2024-02-03T15:38:39+00:00","og_image":[{"width":2560,"height":1707,"url":"https:\/\/poblenouurbandistrict.com\/wp-content\/uploads\/2024\/01\/mapa-off-llum24-03-4-1-scaled.jpg","type":"image\/jpeg"}],"author":"pnud","twitter_card":"summary_large_image","twitter_misc":{"Escrit per":"pnud","Temps estimat de lectura":"4 minuts"},"schema":{"@context":"https:\/\/schema.org","@graph":[{"@type":"Article","@id":"https:\/\/poblenouurbandistrict.com\/les-installacions-de-loff-llum-bcn-brillen-amb-el-suport-dels-seus-collaboradors\/#article","isPartOf":{"@id":"https:\/\/poblenouurbandistrict.com\/les-installacions-de-loff-llum-bcn-brillen-amb-el-suport-dels-seus-collaboradors\/"},"author":{"name":"pnud","@id":"https:\/\/poblenouurbandistrict.com\/#\/schema\/person\/980a2cf34b399d5218205730acd54a7e"},"headline":"Les instal\u00b7lacions de l&#8217;Off Llum Bcn brillen amb el suport dels seus col\u00b7laboradors","datePublished":"2024-02-01T14:35:11+00:00","dateModified":"2024-02-03T15:38:39+00:00","mainEntityOfPage":{"@id":"https:\/\/poblenouurbandistrict.com\/les-installacions-de-loff-llum-bcn-brillen-amb-el-suport-dels-seus-collaboradors\/"},"wordCount":1410,"image":{"@id":"https:\/\/poblenouurbandistrict.com\/les-installacions-de-loff-llum-bcn-brillen-amb-el-suport-dels-seus-collaboradors\/#primaryimage"},"thumbnailUrl":"https:\/\/media.poblenouurbandistrict.com\/2024\/01\/25071154\/mapa-off-llum24-03-4-1-scaled.jpg","articleSection":["Off Llum Bcn"],"inLanguage":"ca"},{"@type":"WebPage","@id":"https:\/\/poblenouurbandistrict.com\/ca\/les-installacions-de-loff-llum-bcn-brillen-amb-el-suport-dels-seus-collaboradors\/","url":"https:\/\/poblenouurbandistrict.com\/ca\/les-installacions-de-loff-llum-bcn-brillen-amb-el-suport-dels-seus-collaboradors\/","name":"Les instal\u00b7lacions de l'Off Llum Bcn brillen amb el suport dels seus col\u00b7laboradors &#8211; Poblenou Urban District","isPartOf":{"@id":"https:\/\/poblenouurbandistrict.com\/ca\/#website"},"primaryImageOfPage":{"@id":"https:\/\/poblenouurbandistrict.com\/ca\/les-installacions-de-loff-llum-bcn-brillen-amb-el-suport-dels-seus-collaboradors\/#primaryimage"},"image":{"@id":"https:\/\/poblenouurbandistrict.com\/les-installacions-de-loff-llum-bcn-brillen-amb-el-suport-dels-seus-collaboradors\/#primaryimage"},"thumbnailUrl":"https:\/\/media.poblenouurbandistrict.com\/2024\/01\/25071154\/mapa-off-llum24-03-4-1-scaled.jpg","datePublished":"2024-02-01T14:35:11+00:00","dateModified":"2024-02-03T15:38:39+00:00","author":{"@id":"https:\/\/poblenouurbandistrict.com\/#\/schema\/person\/980a2cf34b399d5218205730acd54a7e"},"breadcrumb":{"@id":"https:\/\/poblenouurbandistrict.com\/ca\/les-installacions-de-loff-llum-bcn-brillen-amb-el-suport-dels-seus-collaboradors\/#breadcrumb"},"inLanguage":"ca","potentialAction":[{"@type":"ReadAction","target":[["https:\/\/poblenouurbandistrict.com\/ca\/les-installacions-de-loff-llum-bcn-brillen-amb-el-suport-dels-seus-collaboradors\/"]]}]},{"@type":"ImageObject","inLanguage":"ca","@id":"https:\/\/poblenouurbandistrict.com\/ca\/les-installacions-de-loff-llum-bcn-brillen-amb-el-suport-dels-seus-collaboradors\/#primaryimage","url":"https:\/\/media.poblenouurbandistrict.com\/2024\/01\/25071154\/mapa-off-llum24-03-4-1-scaled.jpg","contentUrl":"https:\/\/media.poblenouurbandistrict.com\/2024\/01\/25071154\/mapa-off-llum24-03-4-1-scaled.jpg","width":2560,"height":1707},{"@type":"BreadcrumbList","@id":"https:\/\/poblenouurbandistrict.com\/ca\/les-installacions-de-loff-llum-bcn-brillen-amb-el-suport-dels-seus-collaboradors\/#breadcrumb","itemListElement":[{"@type":"ListItem","position":1,"name":"Home","item":"https:\/\/poblenouurbandistrict.com\/ca\/"},{"@type":"ListItem","position":2,"name":"Les instal\u00b7lacions de l&#8217;Off Llum Bcn brillen amb el suport dels seus col\u00b7laboradors"}]},{"@type":"WebSite","@id":"https:\/\/poblenouurbandistrict.com\/ca\/#website","url":"https:\/\/poblenouurbandistrict.com\/ca\/","name":"Poblenou Urban District","description":"Comunitat Creativa","potentialAction":[{"@type":"SearchAction","target":{"@type":"EntryPoint","urlTemplate":"https:\/\/poblenouurbandistrict.com\/ca\/?s={search_term_string}"},"query-input":{"@type":"PropertyValueSpecification","valueRequired":true,"valueName":"search_term_string"}}],"inLanguage":"ca"},{"@type":"Person","@id":"https:\/\/poblenouurbandistrict.com\/#\/schema\/person\/980a2cf34b399d5218205730acd54a7e","name":"pnud","image":{"@type":"ImageObject","inLanguage":"ca","@id":"https:\/\/secure.gravatar.com\/avatar\/67146597b405ee077a24e519f75c3e2031736596d6ce35af3a34c122c93d0d7b?s=96&d=retro&r=g","url":"https:\/\/secure.gravatar.com\/avatar\/67146597b405ee077a24e519f75c3e2031736596d6ce35af3a34c122c93d0d7b?s=96&d=retro&r=g","contentUrl":"https:\/\/secure.gravatar.com\/avatar\/67146597b405ee077a24e519f75c3e2031736596d6ce35af3a34c122c93d0d7b?s=96&d=retro&r=g","caption":"pnud"}}]}},"_links":{"self":[{"href":"https:\/\/poblenouurbandistrict.com\/ca\/wp-json\/wp\/v2\/posts\/44260","targetHints":{"allow":["GET"]}}],"collection":[{"href":"https:\/\/poblenouurbandistrict.com\/ca\/wp-json\/wp\/v2\/posts"}],"about":[{"href":"https:\/\/poblenouurbandistrict.com\/ca\/wp-json\/wp\/v2\/types\/post"}],"author":[{"embeddable":true,"href":"https:\/\/poblenouurbandistrict.com\/ca\/wp-json\/wp\/v2\/users\/5"}],"replies":[{"embeddable":true,"href":"https:\/\/poblenouurbandistrict.com\/ca\/wp-json\/wp\/v2\/comments?post=44260"}],"version-history":[{"count":29,"href":"https:\/\/poblenouurbandistrict.com\/ca\/wp-json\/wp\/v2\/posts\/44260\/revisions"}],"predecessor-version":[{"id":44368,"href":"https:\/\/poblenouurbandistrict.com\/ca\/wp-json\/wp\/v2\/posts\/44260\/revisions\/44368"}],"wp:featuredmedia":[{"embeddable":true,"href":"https:\/\/poblenouurbandistrict.com\/ca\/wp-json\/wp\/v2\/media\/44062"}],"wp:attachment":[{"href":"https:\/\/poblenouurbandistrict.com\/ca\/wp-json\/wp\/v2\/media?parent=44260"}],"wp:term":[{"taxonomy":"category","embeddable":true,"href":"https:\/\/poblenouurbandistrict.com\/ca\/wp-json\/wp\/v2\/categories?post=44260"},{"taxonomy":"post_tag","embeddable":true,"href":"https:\/\/poblenouurbandistrict.com\/ca\/wp-json\/wp\/v2\/tags?post=44260"}],"curies":[{"name":"wp","href":"https:\/\/api.w.org\/{rel}","templated":true}]}}