{"id":44383,"date":"2024-02-08T18:33:30","date_gmt":"2024-02-08T17:33:30","guid":{"rendered":"https:\/\/poblenouurbandistrict.com\/?p=44383"},"modified":"2024-02-09T18:25:01","modified_gmt":"2024-02-09T17:25:01","slug":"poblenou-urban-district-celebra-la-5a-edicio-de-loff-llum-bcn","status":"publish","type":"post","link":"https:\/\/poblenouurbandistrict.com\/ca\/poblenou-urban-district-celebra-la-5a-edicio-de-loff-llum-bcn\/","title":{"rendered":"Poblenou Urban District celebra amb \u00e8xit la 5a edici\u00f3 de l\u2019Off Llum Bcn"},"content":{"rendered":"<p><span style=\"font-weight: 400;\">El cap de setmana del 2, 3 i 4 de febrer, el Llum BCN i l\u2019Off Llum Bcn van transformar el Poblenou en un espectacle lum\u00ednic amb gaireb\u00e9 40 instal\u00b7lacions produ\u00efdes per artistes locals i internacionals.<\/span><\/p>\n<p><span style=\"font-weight: 400;\">L\u2019Off Llum Bcn \u00e9s el circuit alternatiu, ideat per Poblenou Urban District, que acompanya al Festival Llum BCN. En aquesta edici\u00f3, hem presentat 11 instal\u00b7lacions lum\u00edniques singulars i innovadores de mitj\u00e0 i gran format.<\/span><\/p>\n<p><span style=\"font-weight: 400;\">L&#8217;\u00e8xit de l\u2019Off Llum Bcn \u00e9s possible gr\u00e0cies a la participaci\u00f3 de nombrosos artistes, col\u00b7laboradors i espais. Per\u00f2 tamb\u00e9 \u00e9s possible gr\u00e0cies a tots vosaltres que durant tres dies recorreu els carrers de Poblenou visitant i descobrint la programaci\u00f3 lum\u00ednica.<\/span><\/p>\n<p><span style=\"font-weight: 400;\">Volem donar les gr\u00e0cies a totes les persones implicades en el projecte. Sense vosaltres, res d&#8217;aix\u00f2 seria possible.<\/span><\/p>\n<p><span style=\"font-weight: 400;\">La participaci\u00f3 dels vuit espais que han obert les seves portes per a acollir les 11 instal\u00b7lacions: Razzmatazz, Bridge 48, FX Barcelona Film School, Indissoluble, BAU, The Folio Club, The Hoxton Poblenou i Rauric.<\/span><\/p>\n<p><span style=\"font-weight: 400;\">Les innovadores propostes dels 17 artistes: DarkLight Studio, Inzist, Cerebralwwaves, Agustina Palazzo, Mario Garc\u00eda, Margalef, Joaquin Ferronato, Clementina de Miranda, Gonzalo Cortez, Fabricio Atahualpa, Nicol\u00e1s V\u00e1squez, Rub\u00e9n S\u00e1nchez, Max Mil\u00e0 Serra, BeatMe Lab, J\u00falia Rossinyol, Kevin Sake i Merc\u00e8 Lled\u00f3s.<\/span><\/p>\n<p><span style=\"font-weight: 400;\">L&#8217;ajuda de les set empreses col\u00b7laboradores que han contribu\u00eft a la materialitzaci\u00f3 de les instal\u00b7lacions: Carlight, Fluge, Lluria, Luz Negra, Mapping World Lab, Sono i Sugar Sound Rental.<\/span><\/p>\n<p><span style=\"font-weight: 400;\">I, per descomptat, gr\u00e0cies a El \u00c1guila per acompanyar-nos en tots els nostres projectes com a patrocinador oficial i a l&#8217;Ajuntament de Barcelona per donar-nos suport. <\/span><\/p>\n<p><span style=\"font-weight: 400;\">En aquesta ocasi\u00f3, volem agrair molt especialment a tot l&#8217;equip del Llum BCN per deixar-nos formar part d&#8217;aquest meravell\u00f3s projecte que ja s&#8217;ha convertit en un referent de les arts lum\u00edniques a la ciutat.<\/span><\/p>\n<p><span style=\"font-weight: 400;\">Ens veiem l&#8217;any vinent amb m\u00e9s creativitat, m\u00e9s instal\u00b7lacions i sobretot, m\u00e9s llum!<\/span><\/p>","protected":false},"excerpt":{"rendered":"<p>El cap de setmana del 2, 3 i 4 de febrer, el Llum BCN i l\u2019Off Llum Bcn van transformar&#8230; <a href=\"https:\/\/poblenouurbandistrict.com\/ca\/poblenou-urban-district-celebra-la-5a-edicio-de-loff-llum-bcn\/\">M\u00e9s  \u2192<\/a><\/p>\n","protected":false},"author":5,"featured_media":44435,"comment_status":"closed","ping_status":"closed","sticky":false,"template":"","format":"standard","meta":{"_acf_changed":false,"footnotes":""},"categories":[3548],"tags":[],"class_list":["post-44383","post","type-post","status-publish","format-standard","has-post-thumbnail","hentry","category-off-llum-bcn"],"acf":[],"yoast_head":"<!-- This site is optimized with the Yoast SEO plugin v27.5 - https:\/\/yoast.com\/product\/yoast-seo-wordpress\/ -->\n<title>Poblenou Urban District celebra amb \u00e8xit la 5a edici\u00f3 de l\u2019Off Llum Bcn &#8211; Poblenou Urban District<\/title>\n<meta name=\"robots\" content=\"index, follow, max-snippet:-1, max-image-preview:large, max-video-preview:-1\" \/>\n<link rel=\"canonical\" href=\"https:\/\/poblenouurbandistrict.com\/ca\/poblenou-urban-district-celebra-la-5a-edicio-de-loff-llum-bcn\/\" \/>\n<meta property=\"og:locale\" content=\"ca_ES\" \/>\n<meta property=\"og:type\" content=\"article\" \/>\n<meta property=\"og:title\" content=\"Poblenou Urban District celebra amb \u00e8xit la 5a edici\u00f3 de l\u2019Off Llum Bcn &#8211; Poblenou Urban District\" \/>\n<meta property=\"og:description\" content=\"El cap de setmana del 2, 3 i 4 de febrer, el Llum BCN i l\u2019Off Llum Bcn van transformar... M\u00e9s \u2192\" \/>\n<meta property=\"og:url\" content=\"https:\/\/poblenouurbandistrict.com\/ca\/poblenou-urban-district-celebra-la-5a-edicio-de-loff-llum-bcn\/\" \/>\n<meta property=\"og:site_name\" content=\"Poblenou Urban District\" \/>\n<meta property=\"article:published_time\" content=\"2024-02-08T17:33:30+00:00\" \/>\n<meta property=\"article:modified_time\" content=\"2024-02-09T17:25:01+00:00\" \/>\n<meta property=\"og:image\" content=\"https:\/\/poblenouurbandistrict.com\/wp-content\/uploads\/2024\/02\/offllum-190-scaled.jpg\" \/>\n\t<meta property=\"og:image:width\" content=\"2560\" \/>\n\t<meta property=\"og:image:height\" content=\"1703\" \/>\n\t<meta property=\"og:image:type\" content=\"image\/jpeg\" \/>\n<meta name=\"author\" content=\"pnud\" \/>\n<meta name=\"twitter:card\" content=\"summary_large_image\" \/>\n<meta name=\"twitter:label1\" content=\"Escrit per\" \/>\n\t<meta name=\"twitter:data1\" content=\"pnud\" \/>\n\t<meta name=\"twitter:label2\" content=\"Temps estimat de lectura\" \/>\n\t<meta name=\"twitter:data2\" content=\"2 minuts\" \/>\n<script type=\"application\/ld+json\" class=\"yoast-schema-graph\">{\"@context\":\"https:\\\/\\\/schema.org\",\"@graph\":[{\"@type\":\"Article\",\"@id\":\"https:\\\/\\\/poblenouurbandistrict.com\\\/poblenou-urban-district-celebra-la-5a-edicio-de-loff-llum-bcn\\\/#article\",\"isPartOf\":{\"@id\":\"https:\\\/\\\/poblenouurbandistrict.com\\\/poblenou-urban-district-celebra-la-5a-edicio-de-loff-llum-bcn\\\/\"},\"author\":{\"name\":\"pnud\",\"@id\":\"https:\\\/\\\/poblenouurbandistrict.com\\\/#\\\/schema\\\/person\\\/980a2cf34b399d5218205730acd54a7e\"},\"headline\":\"Poblenou Urban District celebra amb \u00e8xit la 5a edici\u00f3 de l\u2019Off Llum Bcn\",\"datePublished\":\"2024-02-08T17:33:30+00:00\",\"dateModified\":\"2024-02-09T17:25:01+00:00\",\"mainEntityOfPage\":{\"@id\":\"https:\\\/\\\/poblenouurbandistrict.com\\\/poblenou-urban-district-celebra-la-5a-edicio-de-loff-llum-bcn\\\/\"},\"wordCount\":699,\"image\":{\"@id\":\"https:\\\/\\\/poblenouurbandistrict.com\\\/poblenou-urban-district-celebra-la-5a-edicio-de-loff-llum-bcn\\\/#primaryimage\"},\"thumbnailUrl\":\"https:\\\/\\\/media.poblenouurbandistrict.com\\\/2024\\\/02\\\/25071418\\\/offllum-190-scaled.jpg\",\"articleSection\":[\"Off Llum Bcn\"],\"inLanguage\":\"ca\"},{\"@type\":\"WebPage\",\"@id\":\"https:\\\/\\\/poblenouurbandistrict.com\\\/ca\\\/poblenou-urban-district-celebra-la-5a-edicio-de-loff-llum-bcn\\\/\",\"url\":\"https:\\\/\\\/poblenouurbandistrict.com\\\/ca\\\/poblenou-urban-district-celebra-la-5a-edicio-de-loff-llum-bcn\\\/\",\"name\":\"Poblenou Urban District celebra amb \u00e8xit la 5a edici\u00f3 de l\u2019Off Llum Bcn &#8211; Poblenou Urban District\",\"isPartOf\":{\"@id\":\"https:\\\/\\\/poblenouurbandistrict.com\\\/ca\\\/#website\"},\"primaryImageOfPage\":{\"@id\":\"https:\\\/\\\/poblenouurbandistrict.com\\\/ca\\\/poblenou-urban-district-celebra-la-5a-edicio-de-loff-llum-bcn\\\/#primaryimage\"},\"image\":{\"@id\":\"https:\\\/\\\/poblenouurbandistrict.com\\\/poblenou-urban-district-celebra-la-5a-edicio-de-loff-llum-bcn\\\/#primaryimage\"},\"thumbnailUrl\":\"https:\\\/\\\/media.poblenouurbandistrict.com\\\/2024\\\/02\\\/25071418\\\/offllum-190-scaled.jpg\",\"datePublished\":\"2024-02-08T17:33:30+00:00\",\"dateModified\":\"2024-02-09T17:25:01+00:00\",\"author\":{\"@id\":\"https:\\\/\\\/poblenouurbandistrict.com\\\/#\\\/schema\\\/person\\\/980a2cf34b399d5218205730acd54a7e\"},\"breadcrumb\":{\"@id\":\"https:\\\/\\\/poblenouurbandistrict.com\\\/ca\\\/poblenou-urban-district-celebra-la-5a-edicio-de-loff-llum-bcn\\\/#breadcrumb\"},\"inLanguage\":\"ca\",\"potentialAction\":[{\"@type\":\"ReadAction\",\"target\":[[\"https:\\\/\\\/poblenouurbandistrict.com\\\/ca\\\/poblenou-urban-district-celebra-la-5a-edicio-de-loff-llum-bcn\\\/\"]]}]},{\"@type\":\"ImageObject\",\"inLanguage\":\"ca\",\"@id\":\"https:\\\/\\\/poblenouurbandistrict.com\\\/ca\\\/poblenou-urban-district-celebra-la-5a-edicio-de-loff-llum-bcn\\\/#primaryimage\",\"url\":\"https:\\\/\\\/media.poblenouurbandistrict.com\\\/2024\\\/02\\\/25071418\\\/offllum-190-scaled.jpg\",\"contentUrl\":\"https:\\\/\\\/media.poblenouurbandistrict.com\\\/2024\\\/02\\\/25071418\\\/offllum-190-scaled.jpg\",\"width\":2560,\"height\":1703},{\"@type\":\"BreadcrumbList\",\"@id\":\"https:\\\/\\\/poblenouurbandistrict.com\\\/ca\\\/poblenou-urban-district-celebra-la-5a-edicio-de-loff-llum-bcn\\\/#breadcrumb\",\"itemListElement\":[{\"@type\":\"ListItem\",\"position\":1,\"name\":\"Home\",\"item\":\"https:\\\/\\\/poblenouurbandistrict.com\\\/ca\\\/\"},{\"@type\":\"ListItem\",\"position\":2,\"name\":\"Poblenou Urban District celebra amb \u00e8xit la 5a edici\u00f3 de l\u2019Off Llum Bcn\"}]},{\"@type\":\"WebSite\",\"@id\":\"https:\\\/\\\/poblenouurbandistrict.com\\\/ca\\\/#website\",\"url\":\"https:\\\/\\\/poblenouurbandistrict.com\\\/ca\\\/\",\"name\":\"Poblenou Urban District\",\"description\":\"Comunitat Creativa\",\"potentialAction\":[{\"@type\":\"SearchAction\",\"target\":{\"@type\":\"EntryPoint\",\"urlTemplate\":\"https:\\\/\\\/poblenouurbandistrict.com\\\/ca\\\/?s={search_term_string}\"},\"query-input\":{\"@type\":\"PropertyValueSpecification\",\"valueRequired\":true,\"valueName\":\"search_term_string\"}}],\"inLanguage\":\"ca\"},{\"@type\":\"Person\",\"@id\":\"https:\\\/\\\/poblenouurbandistrict.com\\\/#\\\/schema\\\/person\\\/980a2cf34b399d5218205730acd54a7e\",\"name\":\"pnud\",\"image\":{\"@type\":\"ImageObject\",\"inLanguage\":\"ca\",\"@id\":\"https:\\\/\\\/secure.gravatar.com\\\/avatar\\\/67146597b405ee077a24e519f75c3e2031736596d6ce35af3a34c122c93d0d7b?s=96&d=retro&r=g\",\"url\":\"https:\\\/\\\/secure.gravatar.com\\\/avatar\\\/67146597b405ee077a24e519f75c3e2031736596d6ce35af3a34c122c93d0d7b?s=96&d=retro&r=g\",\"contentUrl\":\"https:\\\/\\\/secure.gravatar.com\\\/avatar\\\/67146597b405ee077a24e519f75c3e2031736596d6ce35af3a34c122c93d0d7b?s=96&d=retro&r=g\",\"caption\":\"pnud\"}}]}<\/script>\n<!-- \/ Yoast SEO plugin. -->","yoast_head_json":{"title":"Poblenou Urban District celebra amb \u00e8xit la 5a edici\u00f3 de l\u2019Off Llum Bcn &#8211; Poblenou Urban District","robots":{"index":"index","follow":"follow","max-snippet":"max-snippet:-1","max-image-preview":"max-image-preview:large","max-video-preview":"max-video-preview:-1"},"canonical":"https:\/\/poblenouurbandistrict.com\/ca\/poblenou-urban-district-celebra-la-5a-edicio-de-loff-llum-bcn\/","og_locale":"ca_ES","og_type":"article","og_title":"Poblenou Urban District celebra amb \u00e8xit la 5a edici\u00f3 de l\u2019Off Llum Bcn &#8211; Poblenou Urban District","og_description":"El cap de setmana del 2, 3 i 4 de febrer, el Llum BCN i l\u2019Off Llum Bcn van transformar... M\u00e9s \u2192","og_url":"https:\/\/poblenouurbandistrict.com\/ca\/poblenou-urban-district-celebra-la-5a-edicio-de-loff-llum-bcn\/","og_site_name":"Poblenou Urban District","article_published_time":"2024-02-08T17:33:30+00:00","article_modified_time":"2024-02-09T17:25:01+00:00","og_image":[{"width":2560,"height":1703,"url":"https:\/\/poblenouurbandistrict.com\/wp-content\/uploads\/2024\/02\/offllum-190-scaled.jpg","type":"image\/jpeg"}],"author":"pnud","twitter_card":"summary_large_image","twitter_misc":{"Escrit per":"pnud","Temps estimat de lectura":"2 minuts"},"schema":{"@context":"https:\/\/schema.org","@graph":[{"@type":"Article","@id":"https:\/\/poblenouurbandistrict.com\/poblenou-urban-district-celebra-la-5a-edicio-de-loff-llum-bcn\/#article","isPartOf":{"@id":"https:\/\/poblenouurbandistrict.com\/poblenou-urban-district-celebra-la-5a-edicio-de-loff-llum-bcn\/"},"author":{"name":"pnud","@id":"https:\/\/poblenouurbandistrict.com\/#\/schema\/person\/980a2cf34b399d5218205730acd54a7e"},"headline":"Poblenou Urban District celebra amb \u00e8xit la 5a edici\u00f3 de l\u2019Off Llum Bcn","datePublished":"2024-02-08T17:33:30+00:00","dateModified":"2024-02-09T17:25:01+00:00","mainEntityOfPage":{"@id":"https:\/\/poblenouurbandistrict.com\/poblenou-urban-district-celebra-la-5a-edicio-de-loff-llum-bcn\/"},"wordCount":699,"image":{"@id":"https:\/\/poblenouurbandistrict.com\/poblenou-urban-district-celebra-la-5a-edicio-de-loff-llum-bcn\/#primaryimage"},"thumbnailUrl":"https:\/\/media.poblenouurbandistrict.com\/2024\/02\/25071418\/offllum-190-scaled.jpg","articleSection":["Off Llum Bcn"],"inLanguage":"ca"},{"@type":"WebPage","@id":"https:\/\/poblenouurbandistrict.com\/ca\/poblenou-urban-district-celebra-la-5a-edicio-de-loff-llum-bcn\/","url":"https:\/\/poblenouurbandistrict.com\/ca\/poblenou-urban-district-celebra-la-5a-edicio-de-loff-llum-bcn\/","name":"Poblenou Urban District celebra amb \u00e8xit la 5a edici\u00f3 de l\u2019Off Llum Bcn &#8211; Poblenou Urban District","isPartOf":{"@id":"https:\/\/poblenouurbandistrict.com\/ca\/#website"},"primaryImageOfPage":{"@id":"https:\/\/poblenouurbandistrict.com\/ca\/poblenou-urban-district-celebra-la-5a-edicio-de-loff-llum-bcn\/#primaryimage"},"image":{"@id":"https:\/\/poblenouurbandistrict.com\/poblenou-urban-district-celebra-la-5a-edicio-de-loff-llum-bcn\/#primaryimage"},"thumbnailUrl":"https:\/\/media.poblenouurbandistrict.com\/2024\/02\/25071418\/offllum-190-scaled.jpg","datePublished":"2024-02-08T17:33:30+00:00","dateModified":"2024-02-09T17:25:01+00:00","author":{"@id":"https:\/\/poblenouurbandistrict.com\/#\/schema\/person\/980a2cf34b399d5218205730acd54a7e"},"breadcrumb":{"@id":"https:\/\/poblenouurbandistrict.com\/ca\/poblenou-urban-district-celebra-la-5a-edicio-de-loff-llum-bcn\/#breadcrumb"},"inLanguage":"ca","potentialAction":[{"@type":"ReadAction","target":[["https:\/\/poblenouurbandistrict.com\/ca\/poblenou-urban-district-celebra-la-5a-edicio-de-loff-llum-bcn\/"]]}]},{"@type":"ImageObject","inLanguage":"ca","@id":"https:\/\/poblenouurbandistrict.com\/ca\/poblenou-urban-district-celebra-la-5a-edicio-de-loff-llum-bcn\/#primaryimage","url":"https:\/\/media.poblenouurbandistrict.com\/2024\/02\/25071418\/offllum-190-scaled.jpg","contentUrl":"https:\/\/media.poblenouurbandistrict.com\/2024\/02\/25071418\/offllum-190-scaled.jpg","width":2560,"height":1703},{"@type":"BreadcrumbList","@id":"https:\/\/poblenouurbandistrict.com\/ca\/poblenou-urban-district-celebra-la-5a-edicio-de-loff-llum-bcn\/#breadcrumb","itemListElement":[{"@type":"ListItem","position":1,"name":"Home","item":"https:\/\/poblenouurbandistrict.com\/ca\/"},{"@type":"ListItem","position":2,"name":"Poblenou Urban District celebra amb \u00e8xit la 5a edici\u00f3 de l\u2019Off Llum Bcn"}]},{"@type":"WebSite","@id":"https:\/\/poblenouurbandistrict.com\/ca\/#website","url":"https:\/\/poblenouurbandistrict.com\/ca\/","name":"Poblenou Urban District","description":"Comunitat Creativa","potentialAction":[{"@type":"SearchAction","target":{"@type":"EntryPoint","urlTemplate":"https:\/\/poblenouurbandistrict.com\/ca\/?s={search_term_string}"},"query-input":{"@type":"PropertyValueSpecification","valueRequired":true,"valueName":"search_term_string"}}],"inLanguage":"ca"},{"@type":"Person","@id":"https:\/\/poblenouurbandistrict.com\/#\/schema\/person\/980a2cf34b399d5218205730acd54a7e","name":"pnud","image":{"@type":"ImageObject","inLanguage":"ca","@id":"https:\/\/secure.gravatar.com\/avatar\/67146597b405ee077a24e519f75c3e2031736596d6ce35af3a34c122c93d0d7b?s=96&d=retro&r=g","url":"https:\/\/secure.gravatar.com\/avatar\/67146597b405ee077a24e519f75c3e2031736596d6ce35af3a34c122c93d0d7b?s=96&d=retro&r=g","contentUrl":"https:\/\/secure.gravatar.com\/avatar\/67146597b405ee077a24e519f75c3e2031736596d6ce35af3a34c122c93d0d7b?s=96&d=retro&r=g","caption":"pnud"}}]}},"_links":{"self":[{"href":"https:\/\/poblenouurbandistrict.com\/ca\/wp-json\/wp\/v2\/posts\/44383","targetHints":{"allow":["GET"]}}],"collection":[{"href":"https:\/\/poblenouurbandistrict.com\/ca\/wp-json\/wp\/v2\/posts"}],"about":[{"href":"https:\/\/poblenouurbandistrict.com\/ca\/wp-json\/wp\/v2\/types\/post"}],"author":[{"embeddable":true,"href":"https:\/\/poblenouurbandistrict.com\/ca\/wp-json\/wp\/v2\/users\/5"}],"replies":[{"embeddable":true,"href":"https:\/\/poblenouurbandistrict.com\/ca\/wp-json\/wp\/v2\/comments?post=44383"}],"version-history":[{"count":19,"href":"https:\/\/poblenouurbandistrict.com\/ca\/wp-json\/wp\/v2\/posts\/44383\/revisions"}],"predecessor-version":[{"id":44497,"href":"https:\/\/poblenouurbandistrict.com\/ca\/wp-json\/wp\/v2\/posts\/44383\/revisions\/44497"}],"wp:featuredmedia":[{"embeddable":true,"href":"https:\/\/poblenouurbandistrict.com\/ca\/wp-json\/wp\/v2\/media\/44435"}],"wp:attachment":[{"href":"https:\/\/poblenouurbandistrict.com\/ca\/wp-json\/wp\/v2\/media?parent=44383"}],"wp:term":[{"taxonomy":"category","embeddable":true,"href":"https:\/\/poblenouurbandistrict.com\/ca\/wp-json\/wp\/v2\/categories?post=44383"},{"taxonomy":"post_tag","embeddable":true,"href":"https:\/\/poblenouurbandistrict.com\/ca\/wp-json\/wp\/v2\/tags?post=44383"}],"curies":[{"name":"wp","href":"https:\/\/api.w.org\/{rel}","templated":true}]}}