{"id":44874,"date":"2024-03-07T16:21:56","date_gmt":"2024-03-07T15:21:56","guid":{"rendered":"https:\/\/poblenouurbandistrict.com\/?p=44874"},"modified":"2024-03-21T18:17:23","modified_gmt":"2024-03-21T17:17:23","slug":"participa-en-la-9a-edicio-del-windows-art-circuit-oberta-la-convocatoria","status":"publish","type":"post","link":"https:\/\/poblenouurbandistrict.com\/ca\/participa-en-la-9a-edicio-del-windows-art-circuit-oberta-la-convocatoria\/","title":{"rendered":"Participa en la 9a edici\u00f3 del Windows Art Circuit | Oberta la convocat\u00f2ria!"},"content":{"rendered":"<p>S&#8217;obre la convocat\u00f2ria de la novena edici\u00f3 del <strong><a href=\"https:\/\/poblenouurbandistrict.com\/ca\/windows-art-circuit\/\">Windows Art Circuit<\/a>\u00a0\/ WAC\u00a0<\/strong>que se celebrar\u00e0 aquest mes de maig. Si ets artista, muralista, pintor\/a, fot\u00f2graf\/a, escultor\/a o il\u00b7lustrador\/a aquesta \u00e9s la teva oportunitat de presentar un projecte a la convocat\u00f2ria del WAC, un circuit que ofereix l&#8217;oportunitat a artistes d&#8217;impulsar i reivindicar la seva feina.<\/p>\n<p>El WAC \u00e9s un circuit que es desenvolupa dins d&#8217;una selecci\u00f3 d\u2019espais de Poblenou on artistes podran exposar i\/o intervenir en directe. L&#8217;organitzaci\u00f3 facilitar\u00e0 les condicions t\u00e8cniques necess\u00e0ries per dur a terme les exposicions i intervencions en els espais participants.<\/p>\n<p>L&#8217;objectiu \u00e9s donar a con\u00e8ixer el treball d&#8217;artistes emergents que treballen en diferents mitjans i apropar aix\u00ed el proc\u00e9s creatiu al p\u00fablic. Les propostes seleccionades s&#8217;exhibiran durant l&#8217;Open Day, una jornada per descobrir l&#8217;oferta cultural del Districte Creatiu, que aquest any se celebra el 4 de maig.<\/p>\n<p><strong>La data l\u00edmit per presentar les candidatures finalitza el 30 de mar\u00e7 a les 23.59h<\/strong>.\u00a0Podeu inscriure-us en <a href=\"https:\/\/forms.gle\/XKsqcZRBxMuYBrbk6\">aquest formulari<\/a> i descobrir m\u00e9s <a href=\"https:\/\/poblenouurbandistrict.com\/wp-content\/uploads\/2024\/03\/CONVOCATORIA-WAC-2024.pdf\">informaci\u00f3 en les bases legals<\/a>.<\/p>","protected":false},"excerpt":{"rendered":"<p>S&#8217;obre la convocat\u00f2ria de la novena edici\u00f3 del Windows Art Circuit\u00a0\/ WAC\u00a0que se celebrar\u00e0 aquest mes de maig. Si ets&#8230; <a href=\"https:\/\/poblenouurbandistrict.com\/ca\/participa-en-la-9a-edicio-del-windows-art-circuit-oberta-la-convocatoria\/\">M\u00e9s  \u2192<\/a><\/p>\n","protected":false},"author":5,"featured_media":37527,"comment_status":"closed","ping_status":"closed","sticky":false,"template":"","format":"standard","meta":{"_acf_changed":false,"footnotes":""},"categories":[3558],"tags":[],"class_list":["post-44874","post","type-post","status-publish","format-standard","has-post-thumbnail","hentry","category-wac"],"acf":[],"yoast_head":"<!-- This site is optimized with the Yoast SEO plugin v27.4 - https:\/\/yoast.com\/product\/yoast-seo-wordpress\/ -->\n<title>Participa en la 9a edici\u00f3 del Windows Art Circuit | Oberta la convocat\u00f2ria! &#8211; Poblenou Urban District<\/title>\n<meta name=\"robots\" content=\"index, follow, max-snippet:-1, max-image-preview:large, max-video-preview:-1\" \/>\n<link rel=\"canonical\" href=\"https:\/\/poblenouurbandistrict.com\/ca\/participa-en-la-9a-edicio-del-windows-art-circuit-oberta-la-convocatoria\/\" \/>\n<meta property=\"og:locale\" content=\"ca_ES\" \/>\n<meta property=\"og:type\" content=\"article\" \/>\n<meta property=\"og:title\" content=\"Participa en la 9a edici\u00f3 del Windows Art Circuit | Oberta la convocat\u00f2ria! &#8211; Poblenou Urban District\" \/>\n<meta property=\"og:description\" content=\"S&#8217;obre la convocat\u00f2ria de la novena edici\u00f3 del Windows Art Circuit\u00a0\/ WAC\u00a0que se celebrar\u00e0 aquest mes de maig. Si ets... M\u00e9s \u2192\" \/>\n<meta property=\"og:url\" content=\"https:\/\/poblenouurbandistrict.com\/ca\/participa-en-la-9a-edicio-del-windows-art-circuit-oberta-la-convocatoria\/\" \/>\n<meta property=\"og:site_name\" content=\"Poblenou Urban District\" \/>\n<meta property=\"article:published_time\" content=\"2024-03-07T15:21:56+00:00\" \/>\n<meta property=\"article:modified_time\" content=\"2024-03-21T17:17:23+00:00\" \/>\n<meta property=\"og:image\" content=\"https:\/\/poblenouurbandistrict.com\/wp-content\/uploads\/2023\/03\/wac-1500x1000-01-scaled.jpg\" \/>\n\t<meta property=\"og:image:width\" content=\"2560\" \/>\n\t<meta property=\"og:image:height\" content=\"1707\" \/>\n\t<meta property=\"og:image:type\" content=\"image\/jpeg\" \/>\n<meta name=\"author\" content=\"pnud\" \/>\n<meta name=\"twitter:card\" content=\"summary_large_image\" \/>\n<meta name=\"twitter:label1\" content=\"Escrit per\" \/>\n\t<meta name=\"twitter:data1\" content=\"pnud\" \/>\n\t<meta name=\"twitter:label2\" content=\"Temps estimat de lectura\" \/>\n\t<meta name=\"twitter:data2\" content=\"2 minuts\" \/>\n<script type=\"application\/ld+json\" class=\"yoast-schema-graph\">{\"@context\":\"https:\\\/\\\/schema.org\",\"@graph\":[{\"@type\":\"Article\",\"@id\":\"https:\\\/\\\/poblenouurbandistrict.com\\\/participa-en-la-9a-edicio-del-windows-art-circuit-oberta-la-convocatoria\\\/#article\",\"isPartOf\":{\"@id\":\"https:\\\/\\\/poblenouurbandistrict.com\\\/participa-en-la-9a-edicio-del-windows-art-circuit-oberta-la-convocatoria\\\/\"},\"author\":{\"name\":\"pnud\",\"@id\":\"https:\\\/\\\/poblenouurbandistrict.com\\\/#\\\/schema\\\/person\\\/980a2cf34b399d5218205730acd54a7e\"},\"headline\":\"Participa en la 9a edici\u00f3 del Windows Art Circuit | Oberta la convocat\u00f2ria!\",\"datePublished\":\"2024-03-07T15:21:56+00:00\",\"dateModified\":\"2024-03-21T17:17:23+00:00\",\"mainEntityOfPage\":{\"@id\":\"https:\\\/\\\/poblenouurbandistrict.com\\\/participa-en-la-9a-edicio-del-windows-art-circuit-oberta-la-convocatoria\\\/\"},\"wordCount\":441,\"image\":{\"@id\":\"https:\\\/\\\/poblenouurbandistrict.com\\\/participa-en-la-9a-edicio-del-windows-art-circuit-oberta-la-convocatoria\\\/#primaryimage\"},\"thumbnailUrl\":\"https:\\\/\\\/media.poblenouurbandistrict.com\\\/2023\\\/03\\\/25060859\\\/wac-1500x1000-01-scaled.jpg\",\"articleSection\":[\"WAC\"],\"inLanguage\":\"ca\"},{\"@type\":\"WebPage\",\"@id\":\"https:\\\/\\\/poblenouurbandistrict.com\\\/ca\\\/participa-en-la-9a-edicio-del-windows-art-circuit-oberta-la-convocatoria\\\/\",\"url\":\"https:\\\/\\\/poblenouurbandistrict.com\\\/ca\\\/participa-en-la-9a-edicio-del-windows-art-circuit-oberta-la-convocatoria\\\/\",\"name\":\"Participa en la 9a edici\u00f3 del Windows Art Circuit | Oberta la convocat\u00f2ria! &#8211; Poblenou Urban District\",\"isPartOf\":{\"@id\":\"https:\\\/\\\/poblenouurbandistrict.com\\\/ca\\\/#website\"},\"primaryImageOfPage\":{\"@id\":\"https:\\\/\\\/poblenouurbandistrict.com\\\/ca\\\/participa-en-la-9a-edicio-del-windows-art-circuit-oberta-la-convocatoria\\\/#primaryimage\"},\"image\":{\"@id\":\"https:\\\/\\\/poblenouurbandistrict.com\\\/participa-en-la-9a-edicio-del-windows-art-circuit-oberta-la-convocatoria\\\/#primaryimage\"},\"thumbnailUrl\":\"https:\\\/\\\/media.poblenouurbandistrict.com\\\/2023\\\/03\\\/25060859\\\/wac-1500x1000-01-scaled.jpg\",\"datePublished\":\"2024-03-07T15:21:56+00:00\",\"dateModified\":\"2024-03-21T17:17:23+00:00\",\"author\":{\"@id\":\"https:\\\/\\\/poblenouurbandistrict.com\\\/#\\\/schema\\\/person\\\/980a2cf34b399d5218205730acd54a7e\"},\"breadcrumb\":{\"@id\":\"https:\\\/\\\/poblenouurbandistrict.com\\\/ca\\\/participa-en-la-9a-edicio-del-windows-art-circuit-oberta-la-convocatoria\\\/#breadcrumb\"},\"inLanguage\":\"ca\",\"potentialAction\":[{\"@type\":\"ReadAction\",\"target\":[[\"https:\\\/\\\/poblenouurbandistrict.com\\\/ca\\\/participa-en-la-9a-edicio-del-windows-art-circuit-oberta-la-convocatoria\\\/\"]]}]},{\"@type\":\"ImageObject\",\"inLanguage\":\"ca\",\"@id\":\"https:\\\/\\\/poblenouurbandistrict.com\\\/ca\\\/participa-en-la-9a-edicio-del-windows-art-circuit-oberta-la-convocatoria\\\/#primaryimage\",\"url\":\"https:\\\/\\\/media.poblenouurbandistrict.com\\\/2023\\\/03\\\/25060859\\\/wac-1500x1000-01-scaled.jpg\",\"contentUrl\":\"https:\\\/\\\/media.poblenouurbandistrict.com\\\/2023\\\/03\\\/25060859\\\/wac-1500x1000-01-scaled.jpg\",\"width\":2560,\"height\":1707},{\"@type\":\"BreadcrumbList\",\"@id\":\"https:\\\/\\\/poblenouurbandistrict.com\\\/ca\\\/participa-en-la-9a-edicio-del-windows-art-circuit-oberta-la-convocatoria\\\/#breadcrumb\",\"itemListElement\":[{\"@type\":\"ListItem\",\"position\":1,\"name\":\"Home\",\"item\":\"https:\\\/\\\/poblenouurbandistrict.com\\\/ca\\\/\"},{\"@type\":\"ListItem\",\"position\":2,\"name\":\"Participa en la 9a edici\u00f3 del Windows Art Circuit | Oberta la convocat\u00f2ria!\"}]},{\"@type\":\"WebSite\",\"@id\":\"https:\\\/\\\/poblenouurbandistrict.com\\\/ca\\\/#website\",\"url\":\"https:\\\/\\\/poblenouurbandistrict.com\\\/ca\\\/\",\"name\":\"Poblenou Urban District\",\"description\":\"Comunitat Creativa\",\"potentialAction\":[{\"@type\":\"SearchAction\",\"target\":{\"@type\":\"EntryPoint\",\"urlTemplate\":\"https:\\\/\\\/poblenouurbandistrict.com\\\/ca\\\/?s={search_term_string}\"},\"query-input\":{\"@type\":\"PropertyValueSpecification\",\"valueRequired\":true,\"valueName\":\"search_term_string\"}}],\"inLanguage\":\"ca\"},{\"@type\":\"Person\",\"@id\":\"https:\\\/\\\/poblenouurbandistrict.com\\\/#\\\/schema\\\/person\\\/980a2cf34b399d5218205730acd54a7e\",\"name\":\"pnud\",\"image\":{\"@type\":\"ImageObject\",\"inLanguage\":\"ca\",\"@id\":\"https:\\\/\\\/secure.gravatar.com\\\/avatar\\\/67146597b405ee077a24e519f75c3e2031736596d6ce35af3a34c122c93d0d7b?s=96&d=retro&r=g\",\"url\":\"https:\\\/\\\/secure.gravatar.com\\\/avatar\\\/67146597b405ee077a24e519f75c3e2031736596d6ce35af3a34c122c93d0d7b?s=96&d=retro&r=g\",\"contentUrl\":\"https:\\\/\\\/secure.gravatar.com\\\/avatar\\\/67146597b405ee077a24e519f75c3e2031736596d6ce35af3a34c122c93d0d7b?s=96&d=retro&r=g\",\"caption\":\"pnud\"}}]}<\/script>\n<!-- \/ Yoast SEO plugin. -->","yoast_head_json":{"title":"Participa en la 9a edici\u00f3 del Windows Art Circuit | Oberta la convocat\u00f2ria! &#8211; Poblenou Urban District","robots":{"index":"index","follow":"follow","max-snippet":"max-snippet:-1","max-image-preview":"max-image-preview:large","max-video-preview":"max-video-preview:-1"},"canonical":"https:\/\/poblenouurbandistrict.com\/ca\/participa-en-la-9a-edicio-del-windows-art-circuit-oberta-la-convocatoria\/","og_locale":"ca_ES","og_type":"article","og_title":"Participa en la 9a edici\u00f3 del Windows Art Circuit | Oberta la convocat\u00f2ria! &#8211; Poblenou Urban District","og_description":"S&#8217;obre la convocat\u00f2ria de la novena edici\u00f3 del Windows Art Circuit\u00a0\/ WAC\u00a0que se celebrar\u00e0 aquest mes de maig. Si ets... M\u00e9s \u2192","og_url":"https:\/\/poblenouurbandistrict.com\/ca\/participa-en-la-9a-edicio-del-windows-art-circuit-oberta-la-convocatoria\/","og_site_name":"Poblenou Urban District","article_published_time":"2024-03-07T15:21:56+00:00","article_modified_time":"2024-03-21T17:17:23+00:00","og_image":[{"width":2560,"height":1707,"url":"https:\/\/poblenouurbandistrict.com\/wp-content\/uploads\/2023\/03\/wac-1500x1000-01-scaled.jpg","type":"image\/jpeg"}],"author":"pnud","twitter_card":"summary_large_image","twitter_misc":{"Escrit per":"pnud","Temps estimat de lectura":"2 minuts"},"schema":{"@context":"https:\/\/schema.org","@graph":[{"@type":"Article","@id":"https:\/\/poblenouurbandistrict.com\/participa-en-la-9a-edicio-del-windows-art-circuit-oberta-la-convocatoria\/#article","isPartOf":{"@id":"https:\/\/poblenouurbandistrict.com\/participa-en-la-9a-edicio-del-windows-art-circuit-oberta-la-convocatoria\/"},"author":{"name":"pnud","@id":"https:\/\/poblenouurbandistrict.com\/#\/schema\/person\/980a2cf34b399d5218205730acd54a7e"},"headline":"Participa en la 9a edici\u00f3 del Windows Art Circuit | Oberta la convocat\u00f2ria!","datePublished":"2024-03-07T15:21:56+00:00","dateModified":"2024-03-21T17:17:23+00:00","mainEntityOfPage":{"@id":"https:\/\/poblenouurbandistrict.com\/participa-en-la-9a-edicio-del-windows-art-circuit-oberta-la-convocatoria\/"},"wordCount":441,"image":{"@id":"https:\/\/poblenouurbandistrict.com\/participa-en-la-9a-edicio-del-windows-art-circuit-oberta-la-convocatoria\/#primaryimage"},"thumbnailUrl":"https:\/\/media.poblenouurbandistrict.com\/2023\/03\/25060859\/wac-1500x1000-01-scaled.jpg","articleSection":["WAC"],"inLanguage":"ca"},{"@type":"WebPage","@id":"https:\/\/poblenouurbandistrict.com\/ca\/participa-en-la-9a-edicio-del-windows-art-circuit-oberta-la-convocatoria\/","url":"https:\/\/poblenouurbandistrict.com\/ca\/participa-en-la-9a-edicio-del-windows-art-circuit-oberta-la-convocatoria\/","name":"Participa en la 9a edici\u00f3 del Windows Art Circuit | Oberta la convocat\u00f2ria! &#8211; Poblenou Urban District","isPartOf":{"@id":"https:\/\/poblenouurbandistrict.com\/ca\/#website"},"primaryImageOfPage":{"@id":"https:\/\/poblenouurbandistrict.com\/ca\/participa-en-la-9a-edicio-del-windows-art-circuit-oberta-la-convocatoria\/#primaryimage"},"image":{"@id":"https:\/\/poblenouurbandistrict.com\/participa-en-la-9a-edicio-del-windows-art-circuit-oberta-la-convocatoria\/#primaryimage"},"thumbnailUrl":"https:\/\/media.poblenouurbandistrict.com\/2023\/03\/25060859\/wac-1500x1000-01-scaled.jpg","datePublished":"2024-03-07T15:21:56+00:00","dateModified":"2024-03-21T17:17:23+00:00","author":{"@id":"https:\/\/poblenouurbandistrict.com\/#\/schema\/person\/980a2cf34b399d5218205730acd54a7e"},"breadcrumb":{"@id":"https:\/\/poblenouurbandistrict.com\/ca\/participa-en-la-9a-edicio-del-windows-art-circuit-oberta-la-convocatoria\/#breadcrumb"},"inLanguage":"ca","potentialAction":[{"@type":"ReadAction","target":[["https:\/\/poblenouurbandistrict.com\/ca\/participa-en-la-9a-edicio-del-windows-art-circuit-oberta-la-convocatoria\/"]]}]},{"@type":"ImageObject","inLanguage":"ca","@id":"https:\/\/poblenouurbandistrict.com\/ca\/participa-en-la-9a-edicio-del-windows-art-circuit-oberta-la-convocatoria\/#primaryimage","url":"https:\/\/media.poblenouurbandistrict.com\/2023\/03\/25060859\/wac-1500x1000-01-scaled.jpg","contentUrl":"https:\/\/media.poblenouurbandistrict.com\/2023\/03\/25060859\/wac-1500x1000-01-scaled.jpg","width":2560,"height":1707},{"@type":"BreadcrumbList","@id":"https:\/\/poblenouurbandistrict.com\/ca\/participa-en-la-9a-edicio-del-windows-art-circuit-oberta-la-convocatoria\/#breadcrumb","itemListElement":[{"@type":"ListItem","position":1,"name":"Home","item":"https:\/\/poblenouurbandistrict.com\/ca\/"},{"@type":"ListItem","position":2,"name":"Participa en la 9a edici\u00f3 del Windows Art Circuit | Oberta la convocat\u00f2ria!"}]},{"@type":"WebSite","@id":"https:\/\/poblenouurbandistrict.com\/ca\/#website","url":"https:\/\/poblenouurbandistrict.com\/ca\/","name":"Poblenou Urban District","description":"Comunitat Creativa","potentialAction":[{"@type":"SearchAction","target":{"@type":"EntryPoint","urlTemplate":"https:\/\/poblenouurbandistrict.com\/ca\/?s={search_term_string}"},"query-input":{"@type":"PropertyValueSpecification","valueRequired":true,"valueName":"search_term_string"}}],"inLanguage":"ca"},{"@type":"Person","@id":"https:\/\/poblenouurbandistrict.com\/#\/schema\/person\/980a2cf34b399d5218205730acd54a7e","name":"pnud","image":{"@type":"ImageObject","inLanguage":"ca","@id":"https:\/\/secure.gravatar.com\/avatar\/67146597b405ee077a24e519f75c3e2031736596d6ce35af3a34c122c93d0d7b?s=96&d=retro&r=g","url":"https:\/\/secure.gravatar.com\/avatar\/67146597b405ee077a24e519f75c3e2031736596d6ce35af3a34c122c93d0d7b?s=96&d=retro&r=g","contentUrl":"https:\/\/secure.gravatar.com\/avatar\/67146597b405ee077a24e519f75c3e2031736596d6ce35af3a34c122c93d0d7b?s=96&d=retro&r=g","caption":"pnud"}}]}},"_links":{"self":[{"href":"https:\/\/poblenouurbandistrict.com\/ca\/wp-json\/wp\/v2\/posts\/44874","targetHints":{"allow":["GET"]}}],"collection":[{"href":"https:\/\/poblenouurbandistrict.com\/ca\/wp-json\/wp\/v2\/posts"}],"about":[{"href":"https:\/\/poblenouurbandistrict.com\/ca\/wp-json\/wp\/v2\/types\/post"}],"author":[{"embeddable":true,"href":"https:\/\/poblenouurbandistrict.com\/ca\/wp-json\/wp\/v2\/users\/5"}],"replies":[{"embeddable":true,"href":"https:\/\/poblenouurbandistrict.com\/ca\/wp-json\/wp\/v2\/comments?post=44874"}],"version-history":[{"count":11,"href":"https:\/\/poblenouurbandistrict.com\/ca\/wp-json\/wp\/v2\/posts\/44874\/revisions"}],"predecessor-version":[{"id":44957,"href":"https:\/\/poblenouurbandistrict.com\/ca\/wp-json\/wp\/v2\/posts\/44874\/revisions\/44957"}],"wp:featuredmedia":[{"embeddable":true,"href":"https:\/\/poblenouurbandistrict.com\/ca\/wp-json\/wp\/v2\/media\/37527"}],"wp:attachment":[{"href":"https:\/\/poblenouurbandistrict.com\/ca\/wp-json\/wp\/v2\/media?parent=44874"}],"wp:term":[{"taxonomy":"category","embeddable":true,"href":"https:\/\/poblenouurbandistrict.com\/ca\/wp-json\/wp\/v2\/categories?post=44874"},{"taxonomy":"post_tag","embeddable":true,"href":"https:\/\/poblenouurbandistrict.com\/ca\/wp-json\/wp\/v2\/tags?post=44874"}],"curies":[{"name":"wp","href":"https:\/\/api.w.org\/{rel}","templated":true}]}}