{"id":45124,"date":"2024-03-27T10:32:49","date_gmt":"2024-03-27T09:32:49","guid":{"rendered":"https:\/\/poblenouurbandistrict.com\/?p=45124"},"modified":"2024-03-27T10:32:49","modified_gmt":"2024-03-27T09:32:49","slug":"la-fundacio-vila-casas-guanya-el-premi-acca-2023-a-espais","status":"publish","type":"post","link":"https:\/\/poblenouurbandistrict.com\/ca\/la-fundacio-vila-casas-guanya-el-premi-acca-2023-a-espais\/","title":{"rendered":"La Fundaci\u00f3 Vila Casas guanya el Premi ACCA 2023 a Espais"},"content":{"rendered":"<p>El passat 20 de mar\u00e7, a l\u2019auditori Meier del MACBA, es van donar a con\u00e8ixer els guanyadors de la <a href=\"https:\/\/acca.cat\/aquestes-son-les-candidatures-guanyadores-dels-premis-acca-40\/\">40a edici\u00f3 dels Premis ACCA<\/a>,\u00a0 el certamen de l\u2019Associaci\u00f3 Catalana de Cr\u00edtica d\u2019Art (ACCA) que reconeix el treball fet en el m\u00f3n de l\u2019art a Catalunya durant el passat 2023.<\/p>\n<p>De les m\u00e9s de trenta candidatures repartides en sis categories, la Fundaci\u00f3 Vila Casas va endur-se el <strong>Premi ACCA 2023 als espais<\/strong>. La Fundaci\u00f3 Vila Casas t\u00e9 seu al Districte Creatiu de Barcelona al el Museu Can Framis, que reuneix prop de 300 peces d\u2019artistes contemporanis catalans, que daten des de la d\u00e8cada dels 60 fins a l&#8217;actualitat, com Antoni T\u00e0pies, Josep Guinovart, R\u00e0fols Casamada, Am\u00e8lia Riera, Lita Cabellut, Jaume Plensa, Jo Milne o Assumpci\u00f3 Mateu, entre d\u2019altres.<\/p>\n<p>Segons els Premis ACCA, se li ortiga el guard\u00f3 a la Fundaci\u00f3 Vila Casas &#8220;<strong><em>pel seu ferm comprom\u00eds en la defensa, recuperaci\u00f3, promoci\u00f3 i difusi\u00f3 de l\u2019art i els artistes hist\u00f2rics i contemporanis de Catalunya, que fins i tot depassa els espais de la pr\u00f2pia fundaci\u00f3.<\/em><\/strong>&#8220;<\/p>","protected":false},"excerpt":{"rendered":"<p>El passat 20 de mar\u00e7, a l\u2019auditori Meier del MACBA, es van donar a con\u00e8ixer els guanyadors de la 40a&#8230; <a href=\"https:\/\/poblenouurbandistrict.com\/ca\/la-fundacio-vila-casas-guanya-el-premi-acca-2023-a-espais\/\">M\u00e9s  \u2192<\/a><\/p>\n","protected":false},"author":5,"featured_media":45155,"comment_status":"closed","ping_status":"closed","sticky":false,"template":"","format":"standard","meta":{"_acf_changed":false,"footnotes":""},"categories":[3363],"tags":[],"class_list":["post-45124","post","type-post","status-publish","format-standard","has-post-thumbnail","hentry","category-places"],"acf":[],"yoast_head":"<!-- This site is optimized with the Yoast SEO plugin v27.5 - https:\/\/yoast.com\/product\/yoast-seo-wordpress\/ -->\n<title>La Fundaci\u00f3 Vila Casas guanya el Premi ACCA 2023 a Espais &#8211; Poblenou Urban District<\/title>\n<meta name=\"robots\" content=\"index, follow, max-snippet:-1, max-image-preview:large, max-video-preview:-1\" \/>\n<link rel=\"canonical\" href=\"https:\/\/poblenouurbandistrict.com\/ca\/la-fundacio-vila-casas-guanya-el-premi-acca-2023-a-espais\/\" \/>\n<meta property=\"og:locale\" content=\"ca_ES\" \/>\n<meta property=\"og:type\" content=\"article\" \/>\n<meta property=\"og:title\" content=\"La Fundaci\u00f3 Vila Casas guanya el Premi ACCA 2023 a Espais &#8211; Poblenou Urban District\" \/>\n<meta property=\"og:description\" content=\"El passat 20 de mar\u00e7, a l\u2019auditori Meier del MACBA, es van donar a con\u00e8ixer els guanyadors de la 40a... M\u00e9s \u2192\" \/>\n<meta property=\"og:url\" content=\"https:\/\/poblenouurbandistrict.com\/ca\/la-fundacio-vila-casas-guanya-el-premi-acca-2023-a-espais\/\" \/>\n<meta property=\"og:site_name\" content=\"Poblenou Urban District\" \/>\n<meta property=\"article:published_time\" content=\"2024-03-27T09:32:49+00:00\" \/>\n<meta property=\"og:image\" content=\"https:\/\/poblenouurbandistrict.com\/wp-content\/uploads\/2024\/03\/img-7741.jpg\" \/>\n\t<meta property=\"og:image:width\" content=\"1283\" \/>\n\t<meta property=\"og:image:height\" content=\"904\" \/>\n\t<meta property=\"og:image:type\" content=\"image\/jpeg\" \/>\n<meta name=\"author\" content=\"pnud\" \/>\n<meta name=\"twitter:card\" content=\"summary_large_image\" \/>\n<meta name=\"twitter:label1\" content=\"Escrit per\" \/>\n\t<meta name=\"twitter:data1\" content=\"pnud\" \/>\n\t<meta name=\"twitter:label2\" content=\"Temps estimat de lectura\" \/>\n\t<meta name=\"twitter:data2\" content=\"2 minuts\" \/>\n<script type=\"application\/ld+json\" class=\"yoast-schema-graph\">{\"@context\":\"https:\\\/\\\/schema.org\",\"@graph\":[{\"@type\":\"Article\",\"@id\":\"https:\\\/\\\/poblenouurbandistrict.com\\\/la-fundacio-vila-casas-guanya-el-premi-acca-2023-a-espais\\\/#article\",\"isPartOf\":{\"@id\":\"https:\\\/\\\/poblenouurbandistrict.com\\\/la-fundacio-vila-casas-guanya-el-premi-acca-2023-a-espais\\\/\"},\"author\":{\"name\":\"pnud\",\"@id\":\"https:\\\/\\\/poblenouurbandistrict.com\\\/#\\\/schema\\\/person\\\/980a2cf34b399d5218205730acd54a7e\"},\"headline\":\"La Fundaci\u00f3 Vila Casas guanya el Premi ACCA 2023 a Espais\",\"datePublished\":\"2024-03-27T09:32:49+00:00\",\"mainEntityOfPage\":{\"@id\":\"https:\\\/\\\/poblenouurbandistrict.com\\\/la-fundacio-vila-casas-guanya-el-premi-acca-2023-a-espais\\\/\"},\"wordCount\":402,\"image\":{\"@id\":\"https:\\\/\\\/poblenouurbandistrict.com\\\/la-fundacio-vila-casas-guanya-el-premi-acca-2023-a-espais\\\/#primaryimage\"},\"thumbnailUrl\":\"https:\\\/\\\/media.poblenouurbandistrict.com\\\/2024\\\/03\\\/25072257\\\/img-7741.jpg\",\"articleSection\":[\"Espais\"],\"inLanguage\":\"ca\"},{\"@type\":\"WebPage\",\"@id\":\"https:\\\/\\\/poblenouurbandistrict.com\\\/ca\\\/la-fundacio-vila-casas-guanya-el-premi-acca-2023-a-espais\\\/\",\"url\":\"https:\\\/\\\/poblenouurbandistrict.com\\\/ca\\\/la-fundacio-vila-casas-guanya-el-premi-acca-2023-a-espais\\\/\",\"name\":\"La Fundaci\u00f3 Vila Casas guanya el Premi ACCA 2023 a Espais &#8211; Poblenou Urban District\",\"isPartOf\":{\"@id\":\"https:\\\/\\\/poblenouurbandistrict.com\\\/ca\\\/#website\"},\"primaryImageOfPage\":{\"@id\":\"https:\\\/\\\/poblenouurbandistrict.com\\\/ca\\\/la-fundacio-vila-casas-guanya-el-premi-acca-2023-a-espais\\\/#primaryimage\"},\"image\":{\"@id\":\"https:\\\/\\\/poblenouurbandistrict.com\\\/la-fundacio-vila-casas-guanya-el-premi-acca-2023-a-espais\\\/#primaryimage\"},\"thumbnailUrl\":\"https:\\\/\\\/media.poblenouurbandistrict.com\\\/2024\\\/03\\\/25072257\\\/img-7741.jpg\",\"datePublished\":\"2024-03-27T09:32:49+00:00\",\"author\":{\"@id\":\"https:\\\/\\\/poblenouurbandistrict.com\\\/#\\\/schema\\\/person\\\/980a2cf34b399d5218205730acd54a7e\"},\"breadcrumb\":{\"@id\":\"https:\\\/\\\/poblenouurbandistrict.com\\\/ca\\\/la-fundacio-vila-casas-guanya-el-premi-acca-2023-a-espais\\\/#breadcrumb\"},\"inLanguage\":\"ca\",\"potentialAction\":[{\"@type\":\"ReadAction\",\"target\":[[\"https:\\\/\\\/poblenouurbandistrict.com\\\/ca\\\/la-fundacio-vila-casas-guanya-el-premi-acca-2023-a-espais\\\/\"]]}]},{\"@type\":\"ImageObject\",\"inLanguage\":\"ca\",\"@id\":\"https:\\\/\\\/poblenouurbandistrict.com\\\/ca\\\/la-fundacio-vila-casas-guanya-el-premi-acca-2023-a-espais\\\/#primaryimage\",\"url\":\"https:\\\/\\\/media.poblenouurbandistrict.com\\\/2024\\\/03\\\/25072257\\\/img-7741.jpg\",\"contentUrl\":\"https:\\\/\\\/media.poblenouurbandistrict.com\\\/2024\\\/03\\\/25072257\\\/img-7741.jpg\",\"width\":1283,\"height\":904},{\"@type\":\"BreadcrumbList\",\"@id\":\"https:\\\/\\\/poblenouurbandistrict.com\\\/ca\\\/la-fundacio-vila-casas-guanya-el-premi-acca-2023-a-espais\\\/#breadcrumb\",\"itemListElement\":[{\"@type\":\"ListItem\",\"position\":1,\"name\":\"Home\",\"item\":\"https:\\\/\\\/poblenouurbandistrict.com\\\/ca\\\/\"},{\"@type\":\"ListItem\",\"position\":2,\"name\":\"La Fundaci\u00f3 Vila Casas guanya el Premi ACCA 2023 a Espais\"}]},{\"@type\":\"WebSite\",\"@id\":\"https:\\\/\\\/poblenouurbandistrict.com\\\/ca\\\/#website\",\"url\":\"https:\\\/\\\/poblenouurbandistrict.com\\\/ca\\\/\",\"name\":\"Poblenou Urban District\",\"description\":\"Comunitat Creativa\",\"potentialAction\":[{\"@type\":\"SearchAction\",\"target\":{\"@type\":\"EntryPoint\",\"urlTemplate\":\"https:\\\/\\\/poblenouurbandistrict.com\\\/ca\\\/?s={search_term_string}\"},\"query-input\":{\"@type\":\"PropertyValueSpecification\",\"valueRequired\":true,\"valueName\":\"search_term_string\"}}],\"inLanguage\":\"ca\"},{\"@type\":\"Person\",\"@id\":\"https:\\\/\\\/poblenouurbandistrict.com\\\/#\\\/schema\\\/person\\\/980a2cf34b399d5218205730acd54a7e\",\"name\":\"pnud\",\"image\":{\"@type\":\"ImageObject\",\"inLanguage\":\"ca\",\"@id\":\"https:\\\/\\\/secure.gravatar.com\\\/avatar\\\/67146597b405ee077a24e519f75c3e2031736596d6ce35af3a34c122c93d0d7b?s=96&d=retro&r=g\",\"url\":\"https:\\\/\\\/secure.gravatar.com\\\/avatar\\\/67146597b405ee077a24e519f75c3e2031736596d6ce35af3a34c122c93d0d7b?s=96&d=retro&r=g\",\"contentUrl\":\"https:\\\/\\\/secure.gravatar.com\\\/avatar\\\/67146597b405ee077a24e519f75c3e2031736596d6ce35af3a34c122c93d0d7b?s=96&d=retro&r=g\",\"caption\":\"pnud\"}}]}<\/script>\n<!-- \/ Yoast SEO plugin. -->","yoast_head_json":{"title":"La Fundaci\u00f3 Vila Casas guanya el Premi ACCA 2023 a Espais &#8211; Poblenou Urban District","robots":{"index":"index","follow":"follow","max-snippet":"max-snippet:-1","max-image-preview":"max-image-preview:large","max-video-preview":"max-video-preview:-1"},"canonical":"https:\/\/poblenouurbandistrict.com\/ca\/la-fundacio-vila-casas-guanya-el-premi-acca-2023-a-espais\/","og_locale":"ca_ES","og_type":"article","og_title":"La Fundaci\u00f3 Vila Casas guanya el Premi ACCA 2023 a Espais &#8211; Poblenou Urban District","og_description":"El passat 20 de mar\u00e7, a l\u2019auditori Meier del MACBA, es van donar a con\u00e8ixer els guanyadors de la 40a... M\u00e9s \u2192","og_url":"https:\/\/poblenouurbandistrict.com\/ca\/la-fundacio-vila-casas-guanya-el-premi-acca-2023-a-espais\/","og_site_name":"Poblenou Urban District","article_published_time":"2024-03-27T09:32:49+00:00","og_image":[{"width":1283,"height":904,"url":"https:\/\/poblenouurbandistrict.com\/wp-content\/uploads\/2024\/03\/img-7741.jpg","type":"image\/jpeg"}],"author":"pnud","twitter_card":"summary_large_image","twitter_misc":{"Escrit per":"pnud","Temps estimat de lectura":"2 minuts"},"schema":{"@context":"https:\/\/schema.org","@graph":[{"@type":"Article","@id":"https:\/\/poblenouurbandistrict.com\/la-fundacio-vila-casas-guanya-el-premi-acca-2023-a-espais\/#article","isPartOf":{"@id":"https:\/\/poblenouurbandistrict.com\/la-fundacio-vila-casas-guanya-el-premi-acca-2023-a-espais\/"},"author":{"name":"pnud","@id":"https:\/\/poblenouurbandistrict.com\/#\/schema\/person\/980a2cf34b399d5218205730acd54a7e"},"headline":"La Fundaci\u00f3 Vila Casas guanya el Premi ACCA 2023 a Espais","datePublished":"2024-03-27T09:32:49+00:00","mainEntityOfPage":{"@id":"https:\/\/poblenouurbandistrict.com\/la-fundacio-vila-casas-guanya-el-premi-acca-2023-a-espais\/"},"wordCount":402,"image":{"@id":"https:\/\/poblenouurbandistrict.com\/la-fundacio-vila-casas-guanya-el-premi-acca-2023-a-espais\/#primaryimage"},"thumbnailUrl":"https:\/\/media.poblenouurbandistrict.com\/2024\/03\/25072257\/img-7741.jpg","articleSection":["Espais"],"inLanguage":"ca"},{"@type":"WebPage","@id":"https:\/\/poblenouurbandistrict.com\/ca\/la-fundacio-vila-casas-guanya-el-premi-acca-2023-a-espais\/","url":"https:\/\/poblenouurbandistrict.com\/ca\/la-fundacio-vila-casas-guanya-el-premi-acca-2023-a-espais\/","name":"La Fundaci\u00f3 Vila Casas guanya el Premi ACCA 2023 a Espais &#8211; Poblenou Urban District","isPartOf":{"@id":"https:\/\/poblenouurbandistrict.com\/ca\/#website"},"primaryImageOfPage":{"@id":"https:\/\/poblenouurbandistrict.com\/ca\/la-fundacio-vila-casas-guanya-el-premi-acca-2023-a-espais\/#primaryimage"},"image":{"@id":"https:\/\/poblenouurbandistrict.com\/la-fundacio-vila-casas-guanya-el-premi-acca-2023-a-espais\/#primaryimage"},"thumbnailUrl":"https:\/\/media.poblenouurbandistrict.com\/2024\/03\/25072257\/img-7741.jpg","datePublished":"2024-03-27T09:32:49+00:00","author":{"@id":"https:\/\/poblenouurbandistrict.com\/#\/schema\/person\/980a2cf34b399d5218205730acd54a7e"},"breadcrumb":{"@id":"https:\/\/poblenouurbandistrict.com\/ca\/la-fundacio-vila-casas-guanya-el-premi-acca-2023-a-espais\/#breadcrumb"},"inLanguage":"ca","potentialAction":[{"@type":"ReadAction","target":[["https:\/\/poblenouurbandistrict.com\/ca\/la-fundacio-vila-casas-guanya-el-premi-acca-2023-a-espais\/"]]}]},{"@type":"ImageObject","inLanguage":"ca","@id":"https:\/\/poblenouurbandistrict.com\/ca\/la-fundacio-vila-casas-guanya-el-premi-acca-2023-a-espais\/#primaryimage","url":"https:\/\/media.poblenouurbandistrict.com\/2024\/03\/25072257\/img-7741.jpg","contentUrl":"https:\/\/media.poblenouurbandistrict.com\/2024\/03\/25072257\/img-7741.jpg","width":1283,"height":904},{"@type":"BreadcrumbList","@id":"https:\/\/poblenouurbandistrict.com\/ca\/la-fundacio-vila-casas-guanya-el-premi-acca-2023-a-espais\/#breadcrumb","itemListElement":[{"@type":"ListItem","position":1,"name":"Home","item":"https:\/\/poblenouurbandistrict.com\/ca\/"},{"@type":"ListItem","position":2,"name":"La Fundaci\u00f3 Vila Casas guanya el Premi ACCA 2023 a Espais"}]},{"@type":"WebSite","@id":"https:\/\/poblenouurbandistrict.com\/ca\/#website","url":"https:\/\/poblenouurbandistrict.com\/ca\/","name":"Poblenou Urban District","description":"Comunitat Creativa","potentialAction":[{"@type":"SearchAction","target":{"@type":"EntryPoint","urlTemplate":"https:\/\/poblenouurbandistrict.com\/ca\/?s={search_term_string}"},"query-input":{"@type":"PropertyValueSpecification","valueRequired":true,"valueName":"search_term_string"}}],"inLanguage":"ca"},{"@type":"Person","@id":"https:\/\/poblenouurbandistrict.com\/#\/schema\/person\/980a2cf34b399d5218205730acd54a7e","name":"pnud","image":{"@type":"ImageObject","inLanguage":"ca","@id":"https:\/\/secure.gravatar.com\/avatar\/67146597b405ee077a24e519f75c3e2031736596d6ce35af3a34c122c93d0d7b?s=96&d=retro&r=g","url":"https:\/\/secure.gravatar.com\/avatar\/67146597b405ee077a24e519f75c3e2031736596d6ce35af3a34c122c93d0d7b?s=96&d=retro&r=g","contentUrl":"https:\/\/secure.gravatar.com\/avatar\/67146597b405ee077a24e519f75c3e2031736596d6ce35af3a34c122c93d0d7b?s=96&d=retro&r=g","caption":"pnud"}}]}},"_links":{"self":[{"href":"https:\/\/poblenouurbandistrict.com\/ca\/wp-json\/wp\/v2\/posts\/45124","targetHints":{"allow":["GET"]}}],"collection":[{"href":"https:\/\/poblenouurbandistrict.com\/ca\/wp-json\/wp\/v2\/posts"}],"about":[{"href":"https:\/\/poblenouurbandistrict.com\/ca\/wp-json\/wp\/v2\/types\/post"}],"author":[{"embeddable":true,"href":"https:\/\/poblenouurbandistrict.com\/ca\/wp-json\/wp\/v2\/users\/5"}],"replies":[{"embeddable":true,"href":"https:\/\/poblenouurbandistrict.com\/ca\/wp-json\/wp\/v2\/comments?post=45124"}],"version-history":[{"count":8,"href":"https:\/\/poblenouurbandistrict.com\/ca\/wp-json\/wp\/v2\/posts\/45124\/revisions"}],"predecessor-version":[{"id":45156,"href":"https:\/\/poblenouurbandistrict.com\/ca\/wp-json\/wp\/v2\/posts\/45124\/revisions\/45156"}],"wp:featuredmedia":[{"embeddable":true,"href":"https:\/\/poblenouurbandistrict.com\/ca\/wp-json\/wp\/v2\/media\/45155"}],"wp:attachment":[{"href":"https:\/\/poblenouurbandistrict.com\/ca\/wp-json\/wp\/v2\/media?parent=45124"}],"wp:term":[{"taxonomy":"category","embeddable":true,"href":"https:\/\/poblenouurbandistrict.com\/ca\/wp-json\/wp\/v2\/categories?post=45124"},{"taxonomy":"post_tag","embeddable":true,"href":"https:\/\/poblenouurbandistrict.com\/ca\/wp-json\/wp\/v2\/tags?post=45124"}],"curies":[{"name":"wp","href":"https:\/\/api.w.org\/{rel}","templated":true}]}}