{"id":45313,"date":"2024-04-11T17:03:01","date_gmt":"2024-04-11T15:03:01","guid":{"rendered":"https:\/\/poblenouurbandistrict.com\/?p=45313"},"modified":"2024-04-11T18:36:27","modified_gmt":"2024-04-11T16:36:27","slug":"descobreix-la-programacio-dabril-de-the-social-hub-barcelona","status":"publish","type":"post","link":"https:\/\/poblenouurbandistrict.com\/ca\/descobreix-la-programacio-dabril-de-the-social-hub-barcelona\/","title":{"rendered":"Descobreix la programaci\u00f3 d&#8217;abril de The Social Hub Barcelona"},"content":{"rendered":"<p><a href=\"https:\/\/www.thesocialhub.co\/es\/\">The Social Hub Barcelona<\/a> \u00e9s un espai h\u00edbrid que combina l\u2019eleg\u00e0ncia d\u2019un hotel, la comoditat d\u2019una resid\u00e8ncia per a estudiants, un espai coliving i la funcionalitat d\u2019un coworking que programa cada mes un ventall d\u2019activitats, tant per a la seva comunitat com per a la resta de la ciutadania, amb lobjectiu de connectar, aprendre i gaudir.<\/p>\n<p>Per aquest mes d&#8217;abril, et recomanem:<\/p>\n<p><strong>TSH Goes Circular con Nik Lee<\/strong><br \/>\nDel dilu\u00eds 15 al dijous 18 @ Meeting Room 0.7<\/p>\n<p>Al llarg d&#8217;abril el dissenyador industrial Nik Lee transformar\u00e0 els nostres residus alimentaris en dispositius 3D\u00a0impresos que es poden descriure amb paraules que tamb\u00e9 pots usar en parlar\u00a0sobre els nostres espais: atrevits, poc convencionals i divertits.\u00a0Passa&#8217;t pel nostre Hubper a veure-ho treballar des de la nostra Sala de Reunions 0.7 entre el 15 i el\u00a018 d&#8217;abril.<\/p>\n<p><strong>The Body Awakening Workshop<\/strong><br \/>\nDiumenge 21 de 11h a 12.30h @ Auditorium<\/p>\n<p>Est\u00e0s buscant una connexi\u00f3 m\u00e9s profunda amb tu mateix i amb el teu cos? Uneixi&#8217;s a nosaltres en un viatge de meditaci\u00f3 guiada i introspectiva amb @ariannapiroddi, on establirem intencions i alliberarem el que ja no ens serveix.<\/p>\n<p><strong>Make Recycled Paper<\/strong><br \/>\nDilluns 22 de 18h a 19.30h @ Coworking Groundfloor<\/p>\n<p>Uneix-te a @ainna_art per a un taller d&#8217;art sustentable, transformant deixalles de paper en obres mestres ecol\u00f2giques. Descobreix el plaer de fer manualitats mentre redueix el desaprofitament i marxa amb una sensaci\u00f3 d&#8217;assoliment.<\/p>\n<p><strong>La Nonna&#8217;s Secret Pizza Recipe<\/strong><br \/>\nDijous 25 de 19h a 22h @ Communal Kitchen<\/p>\n<p>Uneix-te a nosaltres en un aut\u00e8ntic taller de pizza italiana, descobrint els secrets de Nonna i elaborant plats cl\u00e0ssics favorits com a Pizza Margherita i Prosciutto e Funghi. Et proporcionaran tots materials!<\/p>\n<p><strong>Vegan Natural Soap<\/strong><br \/>\nDivendres 26 de 18.30h a 20.30h @ Play Area<\/p>\n<p>Apr\u00e8n a elaborar sabons naturals i \u00e8tics amb @theverdecosmetics, utilitzant sol ingredients biodegradables. Descobreix l&#8217;art de fer sabons vegans en un taller respectu\u00f3s amb el medi ambient.<\/p>\n<p><strong>YUR &#8211; Your Urban Retreat<\/strong><br \/>\nDiumenge 28 de 9h a 15h @ 3rd Floor Terrace<\/p>\n<p>Uneix-te al retir urb\u00e0 de Mo &amp; Mace, que impacta la vida i la realitzaci\u00f3 laboral. Experimenti\u00a0respiraci\u00f3, tallers sobre mentalitat, sessions de ioga i oportunitats per a establir contactes amb\u00a0entrenadors dedicats, inclosos Lena, Fran i Erik.<\/p>","protected":false},"excerpt":{"rendered":"<p>The Social Hub Barcelona \u00e9s un espai h\u00edbrid que combina l\u2019eleg\u00e0ncia d\u2019un hotel, la comoditat d\u2019una resid\u00e8ncia per a estudiants,&#8230; <a href=\"https:\/\/poblenouurbandistrict.com\/ca\/descobreix-la-programacio-dabril-de-the-social-hub-barcelona\/\">M\u00e9s  \u2192<\/a><\/p>\n","protected":false},"author":5,"featured_media":37323,"comment_status":"closed","ping_status":"closed","sticky":false,"template":"","format":"standard","meta":{"_acf_changed":false,"footnotes":""},"categories":[3363],"tags":[],"class_list":["post-45313","post","type-post","status-publish","format-standard","has-post-thumbnail","hentry","category-places"],"acf":[],"yoast_head":"<!-- This site is optimized with the Yoast SEO plugin v27.5 - https:\/\/yoast.com\/product\/yoast-seo-wordpress\/ -->\n<title>Descobreix la programaci\u00f3 d&#039;abril de The Social Hub Barcelona &#8211; Poblenou Urban District<\/title>\n<meta name=\"robots\" content=\"index, follow, max-snippet:-1, max-image-preview:large, max-video-preview:-1\" \/>\n<link rel=\"canonical\" href=\"https:\/\/poblenouurbandistrict.com\/ca\/descobreix-la-programacio-dabril-de-the-social-hub-barcelona\/\" \/>\n<meta property=\"og:locale\" content=\"ca_ES\" \/>\n<meta property=\"og:type\" content=\"article\" \/>\n<meta property=\"og:title\" content=\"Descobreix la programaci\u00f3 d&#039;abril de The Social Hub Barcelona &#8211; Poblenou Urban District\" \/>\n<meta property=\"og:description\" content=\"The Social Hub Barcelona \u00e9s un espai h\u00edbrid que combina l\u2019eleg\u00e0ncia d\u2019un hotel, la comoditat d\u2019una resid\u00e8ncia per a estudiants,... M\u00e9s \u2192\" \/>\n<meta property=\"og:url\" content=\"https:\/\/poblenouurbandistrict.com\/ca\/descobreix-la-programacio-dabril-de-the-social-hub-barcelona\/\" \/>\n<meta property=\"og:site_name\" content=\"Poblenou Urban District\" \/>\n<meta property=\"article:published_time\" content=\"2024-04-11T15:03:01+00:00\" \/>\n<meta property=\"article:modified_time\" content=\"2024-04-11T16:36:27+00:00\" \/>\n<meta property=\"og:image\" content=\"https:\/\/poblenouurbandistrict.com\/wp-content\/uploads\/2023\/03\/thesocialhub-barcelona-workcafe-day-2-scaled.jpg\" \/>\n\t<meta property=\"og:image:width\" content=\"2560\" \/>\n\t<meta property=\"og:image:height\" content=\"1707\" \/>\n\t<meta property=\"og:image:type\" content=\"image\/jpeg\" \/>\n<meta name=\"author\" content=\"pnud\" \/>\n<meta name=\"twitter:card\" content=\"summary_large_image\" \/>\n<meta name=\"twitter:label1\" content=\"Escrit per\" \/>\n\t<meta name=\"twitter:data1\" content=\"pnud\" \/>\n\t<meta name=\"twitter:label2\" content=\"Temps estimat de lectura\" \/>\n\t<meta name=\"twitter:data2\" content=\"3 minuts\" \/>\n<script type=\"application\/ld+json\" class=\"yoast-schema-graph\">{\"@context\":\"https:\\\/\\\/schema.org\",\"@graph\":[{\"@type\":\"Article\",\"@id\":\"https:\\\/\\\/poblenouurbandistrict.com\\\/descobreix-la-programacio-dabril-de-the-social-hub-barcelona\\\/#article\",\"isPartOf\":{\"@id\":\"https:\\\/\\\/poblenouurbandistrict.com\\\/descobreix-la-programacio-dabril-de-the-social-hub-barcelona\\\/\"},\"author\":{\"name\":\"pnud\",\"@id\":\"https:\\\/\\\/poblenouurbandistrict.com\\\/#\\\/schema\\\/person\\\/980a2cf34b399d5218205730acd54a7e\"},\"headline\":\"Descobreix la programaci\u00f3 d&#8217;abril de The Social Hub Barcelona\",\"datePublished\":\"2024-04-11T15:03:01+00:00\",\"dateModified\":\"2024-04-11T16:36:27+00:00\",\"mainEntityOfPage\":{\"@id\":\"https:\\\/\\\/poblenouurbandistrict.com\\\/descobreix-la-programacio-dabril-de-the-social-hub-barcelona\\\/\"},\"wordCount\":790,\"image\":{\"@id\":\"https:\\\/\\\/poblenouurbandistrict.com\\\/descobreix-la-programacio-dabril-de-the-social-hub-barcelona\\\/#primaryimage\"},\"thumbnailUrl\":\"https:\\\/\\\/poblenouurbandistrict.com\\\/wp-content\\\/uploads\\\/2023\\\/03\\\/thesocialhub-barcelona-workcafe-day-2-scaled.jpg\",\"articleSection\":[\"Espais\"],\"inLanguage\":\"ca\"},{\"@type\":\"WebPage\",\"@id\":\"https:\\\/\\\/poblenouurbandistrict.com\\\/ca\\\/descobreix-la-programacio-dabril-de-the-social-hub-barcelona\\\/\",\"url\":\"https:\\\/\\\/poblenouurbandistrict.com\\\/ca\\\/descobreix-la-programacio-dabril-de-the-social-hub-barcelona\\\/\",\"name\":\"Descobreix la programaci\u00f3 d'abril de The Social Hub Barcelona &#8211; Poblenou Urban District\",\"isPartOf\":{\"@id\":\"https:\\\/\\\/poblenouurbandistrict.com\\\/ca\\\/#website\"},\"primaryImageOfPage\":{\"@id\":\"https:\\\/\\\/poblenouurbandistrict.com\\\/ca\\\/descobreix-la-programacio-dabril-de-the-social-hub-barcelona\\\/#primaryimage\"},\"image\":{\"@id\":\"https:\\\/\\\/poblenouurbandistrict.com\\\/descobreix-la-programacio-dabril-de-the-social-hub-barcelona\\\/#primaryimage\"},\"thumbnailUrl\":\"https:\\\/\\\/poblenouurbandistrict.com\\\/wp-content\\\/uploads\\\/2023\\\/03\\\/thesocialhub-barcelona-workcafe-day-2-scaled.jpg\",\"datePublished\":\"2024-04-11T15:03:01+00:00\",\"dateModified\":\"2024-04-11T16:36:27+00:00\",\"author\":{\"@id\":\"https:\\\/\\\/poblenouurbandistrict.com\\\/#\\\/schema\\\/person\\\/980a2cf34b399d5218205730acd54a7e\"},\"breadcrumb\":{\"@id\":\"https:\\\/\\\/poblenouurbandistrict.com\\\/ca\\\/descobreix-la-programacio-dabril-de-the-social-hub-barcelona\\\/#breadcrumb\"},\"inLanguage\":\"ca\",\"potentialAction\":[{\"@type\":\"ReadAction\",\"target\":[[\"https:\\\/\\\/poblenouurbandistrict.com\\\/ca\\\/descobreix-la-programacio-dabril-de-the-social-hub-barcelona\\\/\"]]}]},{\"@type\":\"ImageObject\",\"inLanguage\":\"ca\",\"@id\":\"https:\\\/\\\/poblenouurbandistrict.com\\\/ca\\\/descobreix-la-programacio-dabril-de-the-social-hub-barcelona\\\/#primaryimage\",\"url\":\"https:\\\/\\\/poblenouurbandistrict.com\\\/wp-content\\\/uploads\\\/2023\\\/03\\\/thesocialhub-barcelona-workcafe-day-2-scaled.jpg\",\"contentUrl\":\"https:\\\/\\\/poblenouurbandistrict.com\\\/wp-content\\\/uploads\\\/2023\\\/03\\\/thesocialhub-barcelona-workcafe-day-2-scaled.jpg\",\"width\":2560,\"height\":1707},{\"@type\":\"BreadcrumbList\",\"@id\":\"https:\\\/\\\/poblenouurbandistrict.com\\\/ca\\\/descobreix-la-programacio-dabril-de-the-social-hub-barcelona\\\/#breadcrumb\",\"itemListElement\":[{\"@type\":\"ListItem\",\"position\":1,\"name\":\"Home\",\"item\":\"https:\\\/\\\/poblenouurbandistrict.com\\\/ca\\\/\"},{\"@type\":\"ListItem\",\"position\":2,\"name\":\"Descobreix la programaci\u00f3 d&#8217;abril de The Social Hub Barcelona\"}]},{\"@type\":\"WebSite\",\"@id\":\"https:\\\/\\\/poblenouurbandistrict.com\\\/ca\\\/#website\",\"url\":\"https:\\\/\\\/poblenouurbandistrict.com\\\/ca\\\/\",\"name\":\"Poblenou Urban District\",\"description\":\"Comunitat Creativa\",\"potentialAction\":[{\"@type\":\"SearchAction\",\"target\":{\"@type\":\"EntryPoint\",\"urlTemplate\":\"https:\\\/\\\/poblenouurbandistrict.com\\\/ca\\\/?s={search_term_string}\"},\"query-input\":{\"@type\":\"PropertyValueSpecification\",\"valueRequired\":true,\"valueName\":\"search_term_string\"}}],\"inLanguage\":\"ca\"},{\"@type\":\"Person\",\"@id\":\"https:\\\/\\\/poblenouurbandistrict.com\\\/#\\\/schema\\\/person\\\/980a2cf34b399d5218205730acd54a7e\",\"name\":\"pnud\",\"image\":{\"@type\":\"ImageObject\",\"inLanguage\":\"ca\",\"@id\":\"https:\\\/\\\/secure.gravatar.com\\\/avatar\\\/67146597b405ee077a24e519f75c3e2031736596d6ce35af3a34c122c93d0d7b?s=96&d=retro&r=g\",\"url\":\"https:\\\/\\\/secure.gravatar.com\\\/avatar\\\/67146597b405ee077a24e519f75c3e2031736596d6ce35af3a34c122c93d0d7b?s=96&d=retro&r=g\",\"contentUrl\":\"https:\\\/\\\/secure.gravatar.com\\\/avatar\\\/67146597b405ee077a24e519f75c3e2031736596d6ce35af3a34c122c93d0d7b?s=96&d=retro&r=g\",\"caption\":\"pnud\"}}]}<\/script>\n<!-- \/ Yoast SEO plugin. -->","yoast_head_json":{"title":"Descobreix la programaci\u00f3 d'abril de The Social Hub Barcelona &#8211; Poblenou Urban District","robots":{"index":"index","follow":"follow","max-snippet":"max-snippet:-1","max-image-preview":"max-image-preview:large","max-video-preview":"max-video-preview:-1"},"canonical":"https:\/\/poblenouurbandistrict.com\/ca\/descobreix-la-programacio-dabril-de-the-social-hub-barcelona\/","og_locale":"ca_ES","og_type":"article","og_title":"Descobreix la programaci\u00f3 d'abril de The Social Hub Barcelona &#8211; Poblenou Urban District","og_description":"The Social Hub Barcelona \u00e9s un espai h\u00edbrid que combina l\u2019eleg\u00e0ncia d\u2019un hotel, la comoditat d\u2019una resid\u00e8ncia per a estudiants,... M\u00e9s \u2192","og_url":"https:\/\/poblenouurbandistrict.com\/ca\/descobreix-la-programacio-dabril-de-the-social-hub-barcelona\/","og_site_name":"Poblenou Urban District","article_published_time":"2024-04-11T15:03:01+00:00","article_modified_time":"2024-04-11T16:36:27+00:00","og_image":[{"width":2560,"height":1707,"url":"https:\/\/poblenouurbandistrict.com\/wp-content\/uploads\/2023\/03\/thesocialhub-barcelona-workcafe-day-2-scaled.jpg","type":"image\/jpeg"}],"author":"pnud","twitter_card":"summary_large_image","twitter_misc":{"Escrit per":"pnud","Temps estimat de lectura":"3 minuts"},"schema":{"@context":"https:\/\/schema.org","@graph":[{"@type":"Article","@id":"https:\/\/poblenouurbandistrict.com\/descobreix-la-programacio-dabril-de-the-social-hub-barcelona\/#article","isPartOf":{"@id":"https:\/\/poblenouurbandistrict.com\/descobreix-la-programacio-dabril-de-the-social-hub-barcelona\/"},"author":{"name":"pnud","@id":"https:\/\/poblenouurbandistrict.com\/#\/schema\/person\/980a2cf34b399d5218205730acd54a7e"},"headline":"Descobreix la programaci\u00f3 d&#8217;abril de The Social Hub Barcelona","datePublished":"2024-04-11T15:03:01+00:00","dateModified":"2024-04-11T16:36:27+00:00","mainEntityOfPage":{"@id":"https:\/\/poblenouurbandistrict.com\/descobreix-la-programacio-dabril-de-the-social-hub-barcelona\/"},"wordCount":790,"image":{"@id":"https:\/\/poblenouurbandistrict.com\/descobreix-la-programacio-dabril-de-the-social-hub-barcelona\/#primaryimage"},"thumbnailUrl":"https:\/\/poblenouurbandistrict.com\/wp-content\/uploads\/2023\/03\/thesocialhub-barcelona-workcafe-day-2-scaled.jpg","articleSection":["Espais"],"inLanguage":"ca"},{"@type":"WebPage","@id":"https:\/\/poblenouurbandistrict.com\/ca\/descobreix-la-programacio-dabril-de-the-social-hub-barcelona\/","url":"https:\/\/poblenouurbandistrict.com\/ca\/descobreix-la-programacio-dabril-de-the-social-hub-barcelona\/","name":"Descobreix la programaci\u00f3 d'abril de The Social Hub Barcelona &#8211; Poblenou Urban District","isPartOf":{"@id":"https:\/\/poblenouurbandistrict.com\/ca\/#website"},"primaryImageOfPage":{"@id":"https:\/\/poblenouurbandistrict.com\/ca\/descobreix-la-programacio-dabril-de-the-social-hub-barcelona\/#primaryimage"},"image":{"@id":"https:\/\/poblenouurbandistrict.com\/descobreix-la-programacio-dabril-de-the-social-hub-barcelona\/#primaryimage"},"thumbnailUrl":"https:\/\/poblenouurbandistrict.com\/wp-content\/uploads\/2023\/03\/thesocialhub-barcelona-workcafe-day-2-scaled.jpg","datePublished":"2024-04-11T15:03:01+00:00","dateModified":"2024-04-11T16:36:27+00:00","author":{"@id":"https:\/\/poblenouurbandistrict.com\/#\/schema\/person\/980a2cf34b399d5218205730acd54a7e"},"breadcrumb":{"@id":"https:\/\/poblenouurbandistrict.com\/ca\/descobreix-la-programacio-dabril-de-the-social-hub-barcelona\/#breadcrumb"},"inLanguage":"ca","potentialAction":[{"@type":"ReadAction","target":[["https:\/\/poblenouurbandistrict.com\/ca\/descobreix-la-programacio-dabril-de-the-social-hub-barcelona\/"]]}]},{"@type":"ImageObject","inLanguage":"ca","@id":"https:\/\/poblenouurbandistrict.com\/ca\/descobreix-la-programacio-dabril-de-the-social-hub-barcelona\/#primaryimage","url":"https:\/\/poblenouurbandistrict.com\/wp-content\/uploads\/2023\/03\/thesocialhub-barcelona-workcafe-day-2-scaled.jpg","contentUrl":"https:\/\/poblenouurbandistrict.com\/wp-content\/uploads\/2023\/03\/thesocialhub-barcelona-workcafe-day-2-scaled.jpg","width":2560,"height":1707},{"@type":"BreadcrumbList","@id":"https:\/\/poblenouurbandistrict.com\/ca\/descobreix-la-programacio-dabril-de-the-social-hub-barcelona\/#breadcrumb","itemListElement":[{"@type":"ListItem","position":1,"name":"Home","item":"https:\/\/poblenouurbandistrict.com\/ca\/"},{"@type":"ListItem","position":2,"name":"Descobreix la programaci\u00f3 d&#8217;abril de The Social Hub Barcelona"}]},{"@type":"WebSite","@id":"https:\/\/poblenouurbandistrict.com\/ca\/#website","url":"https:\/\/poblenouurbandistrict.com\/ca\/","name":"Poblenou Urban District","description":"Comunitat Creativa","potentialAction":[{"@type":"SearchAction","target":{"@type":"EntryPoint","urlTemplate":"https:\/\/poblenouurbandistrict.com\/ca\/?s={search_term_string}"},"query-input":{"@type":"PropertyValueSpecification","valueRequired":true,"valueName":"search_term_string"}}],"inLanguage":"ca"},{"@type":"Person","@id":"https:\/\/poblenouurbandistrict.com\/#\/schema\/person\/980a2cf34b399d5218205730acd54a7e","name":"pnud","image":{"@type":"ImageObject","inLanguage":"ca","@id":"https:\/\/secure.gravatar.com\/avatar\/67146597b405ee077a24e519f75c3e2031736596d6ce35af3a34c122c93d0d7b?s=96&d=retro&r=g","url":"https:\/\/secure.gravatar.com\/avatar\/67146597b405ee077a24e519f75c3e2031736596d6ce35af3a34c122c93d0d7b?s=96&d=retro&r=g","contentUrl":"https:\/\/secure.gravatar.com\/avatar\/67146597b405ee077a24e519f75c3e2031736596d6ce35af3a34c122c93d0d7b?s=96&d=retro&r=g","caption":"pnud"}}]}},"_links":{"self":[{"href":"https:\/\/poblenouurbandistrict.com\/ca\/wp-json\/wp\/v2\/posts\/45313","targetHints":{"allow":["GET"]}}],"collection":[{"href":"https:\/\/poblenouurbandistrict.com\/ca\/wp-json\/wp\/v2\/posts"}],"about":[{"href":"https:\/\/poblenouurbandistrict.com\/ca\/wp-json\/wp\/v2\/types\/post"}],"author":[{"embeddable":true,"href":"https:\/\/poblenouurbandistrict.com\/ca\/wp-json\/wp\/v2\/users\/5"}],"replies":[{"embeddable":true,"href":"https:\/\/poblenouurbandistrict.com\/ca\/wp-json\/wp\/v2\/comments?post=45313"}],"version-history":[{"count":6,"href":"https:\/\/poblenouurbandistrict.com\/ca\/wp-json\/wp\/v2\/posts\/45313\/revisions"}],"predecessor-version":[{"id":45343,"href":"https:\/\/poblenouurbandistrict.com\/ca\/wp-json\/wp\/v2\/posts\/45313\/revisions\/45343"}],"wp:featuredmedia":[{"embeddable":true,"href":"https:\/\/poblenouurbandistrict.com\/ca\/wp-json\/wp\/v2\/media\/37323"}],"wp:attachment":[{"href":"https:\/\/poblenouurbandistrict.com\/ca\/wp-json\/wp\/v2\/media?parent=45313"}],"wp:term":[{"taxonomy":"category","embeddable":true,"href":"https:\/\/poblenouurbandistrict.com\/ca\/wp-json\/wp\/v2\/categories?post=45313"},{"taxonomy":"post_tag","embeddable":true,"href":"https:\/\/poblenouurbandistrict.com\/ca\/wp-json\/wp\/v2\/tags?post=45313"}],"curies":[{"name":"wp","href":"https:\/\/api.w.org\/{rel}","templated":true}]}}